{"id":312955,"date":"2023-09-15T00:00:41","date_gmt":"2023-09-15T03:00:41","guid":{"rendered":"https:\/\/www.notibras.com\/site\/?p=312955"},"modified":"2023-09-15T05:41:19","modified_gmt":"2023-09-15T08:41:19","slug":"justica-do-trabalho-manda-uber-registrar-motoristas","status":"publish","type":"post","link":"https:\/\/www.notibras.com\/site\/justica-do-trabalho-manda-uber-registrar-motoristas\/","title":{"rendered":"Justi\u00e7a do Trabalho manda Uber registrar motoristas"},"content":{"rendered":"<p style=\"text-align: left;\">A Justi\u00e7a do Trabalho decidiu que a Uber dever\u00e1 registrar em carteira todos os seus motoristas ativos, assim como aqueles que vierem a trabalhar na plataforma a partir de agora. A decis\u00e3o, da 4\u00aa Vara do Trabalho de S\u00e3o Paulo, foi assinada pelo juiz Mauricio Pereira Sim\u00f5es, tem abrang\u00eancia nacional.<\/p>\n<p>Na senten\u00e7a, resultante de a\u00e7\u00e3o civil p\u00fablica ajuizada pelo Minist\u00e9rio P\u00fablico do Trabalho em S\u00e3o Paulo (MPT-SP), a plataforma digital foi condenada ainda a pagar R$ 1 bilh\u00e3o por danos morais coletivos.<\/p>\n<p>\u201cCondeno a R\u00e9 [Uber] a obriga\u00e7\u00e3o de fazer, qual seja, observar a legisla\u00e7\u00e3o aplic\u00e1vel aos contratos firmados com seus motoristas, devendo efetivar os registros em CTPS digital na condi\u00e7\u00e3o de empregados de todos os motoristas ativos, bem como daqueles que vierem a ser contratados a partir da decis\u00e3o, sob pena de multa di\u00e1ria de R$ 10.000,00 para cada motorista n\u00e3o registrado\u201d, diz o texto da decis\u00e3o.<\/p>\n<p>A Uber poder\u00e1 recorrer da decis\u00e3o. Segundo a senten\u00e7a, a plataforma digital dever\u00e1 registrar os motoristas apenas ap\u00f3s o tr\u00e2nsito em julgado da a\u00e7\u00e3o, ou seja, ap\u00f3s o julgamento de todos os recursos. \u201cA obriga\u00e7\u00e3o de fazer dever\u00e1 ser cumprida no prazo de 6 meses, a contar do tr\u00e2nsito em julgado e intima\u00e7\u00e3o para in\u00edcio de prazo\u201d, diz a senten\u00e7a.<\/p>\n<p>O MPT-SP ajuizou a\u00e7\u00e3o civil p\u00fablica em novembro de 2021 solicitando \u00e0 Justi\u00e7a o reconhecimento do v\u00ednculo empregat\u00edcio entre a empresa de transporte e seus motoristas. O Minist\u00e9rio P\u00fablico do Trabalho afirmou que teve acesso a dados da Uber que demonstrariam o controle da plataforma digital sobre a forma como as atividades dos profissionais deveriam ser exercidas, o que configuraria rela\u00e7\u00e3o de emprego.<\/p>\n<p>O juiz do Trabalho acatou, na decis\u00e3o, o argumento do MPT. \u201cO poder de organiza\u00e7\u00e3o produtiva da R\u00e9 [Uber] sobre os motoristas \u00e9 muito maior do que qualquer o<\/p>\n<p>Segundo o coordenador nacional de Combate \u00e0s Fraudes nas Relautro j\u00e1 conhecido pelas rela\u00e7\u00f5es de trabalho at\u00e9 o momento. N\u00e3o se trata do mesmo n\u00edvel de controle, trata-se de um n\u00edvel muito maior, mais efetivo, alguns trabalhando com o inconsciente coletivo dos motoristas, indicando recompensas e perdas por atendimentos ou recusas, estar conectado para a viagem ou n\u00e3o\u201d.\u00e7\u00f5es de Trabalho (Conafret) do MPT, Renan Kalil Bernardi, o processo que resultou na decis\u00e3o \u00e9 de grande import\u00e2ncia para o debate sobre o tema no Brasil, em raz\u00e3o de revelar a din\u00e2mica do trabalho via plataformas digitais. \u201cA a\u00e7\u00e3o demandou an\u00e1lise jur\u00eddica densa e, sem sombra de d\u00favidas, o maior cruzamento de dados da hist\u00f3ria do MPT e da Justi\u00e7a do Trabalho\u201d, destacou.<\/p>\n<p><strong>Recurso<\/strong><br \/>\nEm nota, a Uber disse que ir\u00e1 recorrer da decis\u00e3o e que n\u00e3o ir\u00e1 adotar nenhuma das medidas exigidas pela senten\u00e7a antes que todos os recursos sejam esgotados.<\/p>\n<p>&#8220;A Uber esclarece que vai recorrer da decis\u00e3o proferida pela 4\u00aa Vara do Trabalho de S\u00e3o Paulo e n\u00e3o vai adotar nenhuma das medidas elencadas na senten\u00e7a antes que todos os recursos cab\u00edveis sejam esgotados\u201d.<\/p>\n<p>A empresa disse tamb\u00e9m que a decis\u00e3o causa \u201cevidente inseguran\u00e7a jur\u00eddica\u201d. \u201cA decis\u00e3o representa um entendimento isolado e contr\u00e1rio \u00e0 jurisprud\u00eancia que vem sendo estabelecida pela segunda inst\u00e2ncia do pr\u00f3prio Tribunal Regional de S\u00e3o Paulo em julgamentos realizados desde 2017, al\u00e9m de outros Tribunais Regionais e o Tribunal Superior do Trabalho\u201d.<\/p>\n<p>A Uber afirmou ainda ter convic\u00e7\u00e3o de que a senten\u00e7a n\u00e3o considerou adequadamente o \u201crobusto conjunto de provas produzido no processo\u201d e que a decis\u00e3o se baseou em posi\u00e7\u00f5es doutrin\u00e1rias \u201cj\u00e1 superadas, inclusive pelo Supremo Tribunal Federal\u201d.<\/p>\n","protected":false},"excerpt":{"rendered":"<p>A Justi\u00e7a do Trabalho decidiu que a Uber dever\u00e1 registrar em carteira todos os seus motoristas ativos, assim como aqueles que vierem a trabalhar na plataforma a partir de agora. A decis\u00e3o, da 4\u00aa Vara do Trabalho de S\u00e3o Paulo, foi assinada pelo juiz Mauricio Pereira Sim\u00f5es, tem abrang\u00eancia nacional. Na senten\u00e7a, resultante de a\u00e7\u00e3o [&hellip;]<\/p>\n","protected":false},"author":2,"featured_media":312956,"comment_status":"closed","ping_status":"closed","sticky":false,"template":"","format":"standard","meta":{"_acf_changed":false,"footnotes":""},"categories":[161],"tags":[],"class_list":["post-312955","post","type-post","status-publish","format-standard","has-post-thumbnail","hentry","category-quadradinho-em-foco"],"acf":[],"yoast_head":"<!-- This site is optimized with the Yoast SEO plugin v27.2 - https:\/\/yoast.com\/product\/yoast-seo-wordpress\/ -->\n<title>Justi\u00e7a do Trabalho manda Uber registrar motoristas - Notibras<\/title>\n<meta name=\"robots\" content=\"index, follow, max-snippet:-1, max-image-preview:large, max-video-preview:-1\" \/>\n<link rel=\"canonical\" href=\"https:\/\/www.notibras.com\/site\/justica-do-trabalho-manda-uber-registrar-motoristas\/\" \/>\n<meta property=\"og:locale\" content=\"pt_BR\" \/>\n<meta property=\"og:type\" content=\"article\" \/>\n<meta property=\"og:title\" content=\"Justi\u00e7a do Trabalho manda Uber registrar motoristas - Notibras\" \/>\n<meta property=\"og:description\" content=\"A Justi\u00e7a do Trabalho decidiu que a Uber dever\u00e1 registrar em carteira todos os seus motoristas ativos, assim como aqueles que vierem a trabalhar na plataforma a partir de agora. A decis\u00e3o, da 4\u00aa Vara do Trabalho de S\u00e3o Paulo, foi assinada pelo juiz Mauricio Pereira Sim\u00f5es, tem abrang\u00eancia nacional. Na senten\u00e7a, resultante de a\u00e7\u00e3o [&hellip;]\" \/>\n<meta property=\"og:url\" content=\"https:\/\/www.notibras.com\/site\/justica-do-trabalho-manda-uber-registrar-motoristas\/\" \/>\n<meta property=\"og:site_name\" content=\"Notibras\" \/>\n<meta property=\"article:publisher\" content=\"https:\/\/www.facebook.com\/notibras\/\" \/>\n<meta property=\"article:published_time\" content=\"2023-09-15T03:00:41+00:00\" \/>\n<meta property=\"article:modified_time\" content=\"2023-09-15T08:41:19+00:00\" \/>\n<meta property=\"og:image\" content=\"https:\/\/www.notibras.com\/site\/wp-content\/uploads\/2023\/09\/uber1.jpg\" \/>\n\t<meta property=\"og:image:width\" content=\"1170\" \/>\n\t<meta property=\"og:image:height\" content=\"700\" \/>\n\t<meta property=\"og:image:type\" content=\"image\/jpeg\" \/>\n<meta name=\"author\" content=\"Reda\u00e7\u00e3o\" \/>\n<meta name=\"twitter:card\" content=\"summary_large_image\" \/>\n<meta name=\"twitter:creator\" content=\"@Notibras\" \/>\n<meta name=\"twitter:site\" content=\"@Notibras\" \/>\n<meta name=\"twitter:label1\" content=\"Escrito por\" \/>\n\t<meta name=\"twitter:data1\" content=\"Reda\u00e7\u00e3o\" \/>\n\t<meta name=\"twitter:label2\" content=\"Est. tempo de leitura\" \/>\n\t<meta name=\"twitter:data2\" content=\"4 minutos\" \/>\n<script type=\"application\/ld+json\" class=\"yoast-schema-graph\">{\"@context\":\"https:\/\/schema.org\",\"@graph\":[{\"@type\":\"Article\",\"@id\":\"https:\/\/www.notibras.com\/site\/justica-do-trabalho-manda-uber-registrar-motoristas\/#article\",\"isPartOf\":{\"@id\":\"https:\/\/www.notibras.com\/site\/justica-do-trabalho-manda-uber-registrar-motoristas\/\"},\"author\":{\"name\":\"Reda\u00e7\u00e3o\",\"@id\":\"https:\/\/www.notibras.com\/site\/#\/schema\/person\/36ab0979449956132d3e5b517ea76ac8\"},\"headline\":\"Justi\u00e7a do Trabalho manda Uber registrar motoristas\",\"datePublished\":\"2023-09-15T03:00:41+00:00\",\"dateModified\":\"2023-09-15T08:41:19+00:00\",\"mainEntityOfPage\":{\"@id\":\"https:\/\/www.notibras.com\/site\/justica-do-trabalho-manda-uber-registrar-motoristas\/\"},\"wordCount\":652,\"publisher\":{\"@id\":\"https:\/\/www.notibras.com\/site\/#organization\"},\"image\":{\"@id\":\"https:\/\/www.notibras.com\/site\/justica-do-trabalho-manda-uber-registrar-motoristas\/#primaryimage\"},\"thumbnailUrl\":\"https:\/\/www.notibras.com\/site\/wp-content\/uploads\/2023\/09\/uber1.jpg\",\"articleSection\":[\"Quadradinho em Foco\"],\"inLanguage\":\"pt-BR\"},{\"@type\":\"WebPage\",\"@id\":\"https:\/\/www.notibras.com\/site\/justica-do-trabalho-manda-uber-registrar-motoristas\/\",\"url\":\"https:\/\/www.notibras.com\/site\/justica-do-trabalho-manda-uber-registrar-motoristas\/\",\"name\":\"Justi\u00e7a do Trabalho manda Uber registrar motoristas - Notibras\",\"isPartOf\":{\"@id\":\"https:\/\/www.notibras.com\/site\/#website\"},\"primaryImageOfPage\":{\"@id\":\"https:\/\/www.notibras.com\/site\/justica-do-trabalho-manda-uber-registrar-motoristas\/#primaryimage\"},\"image\":{\"@id\":\"https:\/\/www.notibras.com\/site\/justica-do-trabalho-manda-uber-registrar-motoristas\/#primaryimage\"},\"thumbnailUrl\":\"https:\/\/www.notibras.com\/site\/wp-content\/uploads\/2023\/09\/uber1.jpg\",\"datePublished\":\"2023-09-15T03:00:41+00:00\",\"dateModified\":\"2023-09-15T08:41:19+00:00\",\"breadcrumb\":{\"@id\":\"https:\/\/www.notibras.com\/site\/justica-do-trabalho-manda-uber-registrar-motoristas\/#breadcrumb\"},\"inLanguage\":\"pt-BR\",\"potentialAction\":[{\"@type\":\"ReadAction\",\"target\":[\"https:\/\/www.notibras.com\/site\/justica-do-trabalho-manda-uber-registrar-motoristas\/\"]}]},{\"@type\":\"ImageObject\",\"inLanguage\":\"pt-BR\",\"@id\":\"https:\/\/www.notibras.com\/site\/justica-do-trabalho-manda-uber-registrar-motoristas\/#primaryimage\",\"url\":\"https:\/\/www.notibras.com\/site\/wp-content\/uploads\/2023\/09\/uber1.jpg\",\"contentUrl\":\"https:\/\/www.notibras.com\/site\/wp-content\/uploads\/2023\/09\/uber1.jpg\",\"width\":1170,\"height\":700},{\"@type\":\"BreadcrumbList\",\"@id\":\"https:\/\/www.notibras.com\/site\/justica-do-trabalho-manda-uber-registrar-motoristas\/#breadcrumb\",\"itemListElement\":[{\"@type\":\"ListItem\",\"position\":1,\"name\":\"In\u00edcio\",\"item\":\"https:\/\/www.notibras.com\/site\/\"},{\"@type\":\"ListItem\",\"position\":2,\"name\":\"Justi\u00e7a do Trabalho manda Uber registrar motoristas\"}]},{\"@type\":\"WebSite\",\"@id\":\"https:\/\/www.notibras.com\/site\/#website\",\"url\":\"https:\/\/www.notibras.com\/site\/\",\"name\":\"Notibras\",\"description\":\"Not\u00edcias de Bras\u00edlia, do Brasil e do Mundo\",\"publisher\":{\"@id\":\"https:\/\/www.notibras.com\/site\/#organization\"},\"potentialAction\":[{\"@type\":\"SearchAction\",\"target\":{\"@type\":\"EntryPoint\",\"urlTemplate\":\"https:\/\/www.notibras.com\/site\/?s={search_term_string}\"},\"query-input\":{\"@type\":\"PropertyValueSpecification\",\"valueRequired\":true,\"valueName\":\"search_term_string\"}}],\"inLanguage\":\"pt-BR\"},{\"@type\":\"Organization\",\"@id\":\"https:\/\/www.notibras.com\/site\/#organization\",\"name\":\"Grupo Notibras de Comunica\u00e7\u00e3o\",\"url\":\"https:\/\/www.notibras.com\/site\/\",\"logo\":{\"@type\":\"ImageObject\",\"inLanguage\":\"pt-BR\",\"@id\":\"https:\/\/www.notibras.com\/site\/#\/schema\/logo\/image\/\",\"url\":\"https:\/\/www.notibras.com\/site\/wp-content\/uploads\/2023\/01\/notibras23.png\",\"contentUrl\":\"https:\/\/www.notibras.com\/site\/wp-content\/uploads\/2023\/01\/notibras23.png\",\"width\":350,\"height\":87,\"caption\":\"Grupo Notibras de Comunica\u00e7\u00e3o\"},\"image\":{\"@id\":\"https:\/\/www.notibras.com\/site\/#\/schema\/logo\/image\/\"},\"sameAs\":[\"https:\/\/www.facebook.com\/notibras\/\",\"https:\/\/x.com\/Notibras\",\"https:\/\/www.instagram.com\/notibras\/\"]},{\"@type\":\"Person\",\"@id\":\"https:\/\/www.notibras.com\/site\/#\/schema\/person\/36ab0979449956132d3e5b517ea76ac8\",\"name\":\"Reda\u00e7\u00e3o\",\"image\":{\"@type\":\"ImageObject\",\"inLanguage\":\"pt-BR\",\"@id\":\"https:\/\/secure.gravatar.com\/avatar\/e0a867bdedb85fd243eadf09663511f96fc81e0720a4a42581f334ad4303aa6b?s=96&d=mm&r=g\",\"url\":\"https:\/\/secure.gravatar.com\/avatar\/e0a867bdedb85fd243eadf09663511f96fc81e0720a4a42581f334ad4303aa6b?s=96&d=mm&r=g\",\"contentUrl\":\"https:\/\/secure.gravatar.com\/avatar\/e0a867bdedb85fd243eadf09663511f96fc81e0720a4a42581f334ad4303aa6b?s=96&d=mm&r=g\",\"caption\":\"Reda\u00e7\u00e3o\"}}]}<\/script>\n<!-- \/ Yoast SEO plugin. -->","yoast_head_json":{"title":"Justi\u00e7a do Trabalho manda Uber registrar motoristas - Notibras","robots":{"index":"index","follow":"follow","max-snippet":"max-snippet:-1","max-image-preview":"max-image-preview:large","max-video-preview":"max-video-preview:-1"},"canonical":"https:\/\/www.notibras.com\/site\/justica-do-trabalho-manda-uber-registrar-motoristas\/","og_locale":"pt_BR","og_type":"article","og_title":"Justi\u00e7a do Trabalho manda Uber registrar motoristas - Notibras","og_description":"A Justi\u00e7a do Trabalho decidiu que a Uber dever\u00e1 registrar em carteira todos os seus motoristas ativos, assim como aqueles que vierem a trabalhar na plataforma a partir de agora. A decis\u00e3o, da 4\u00aa Vara do Trabalho de S\u00e3o Paulo, foi assinada pelo juiz Mauricio Pereira Sim\u00f5es, tem abrang\u00eancia nacional. Na senten\u00e7a, resultante de a\u00e7\u00e3o [&hellip;]","og_url":"https:\/\/www.notibras.com\/site\/justica-do-trabalho-manda-uber-registrar-motoristas\/","og_site_name":"Notibras","article_publisher":"https:\/\/www.facebook.com\/notibras\/","article_published_time":"2023-09-15T03:00:41+00:00","article_modified_time":"2023-09-15T08:41:19+00:00","og_image":[{"width":1170,"height":700,"url":"https:\/\/www.notibras.com\/site\/wp-content\/uploads\/2023\/09\/uber1.jpg","type":"image\/jpeg"}],"author":"Reda\u00e7\u00e3o","twitter_card":"summary_large_image","twitter_creator":"@Notibras","twitter_site":"@Notibras","twitter_misc":{"Escrito por":"Reda\u00e7\u00e3o","Est. tempo de leitura":"4 minutos"},"schema":{"@context":"https:\/\/schema.org","@graph":[{"@type":"Article","@id":"https:\/\/www.notibras.com\/site\/justica-do-trabalho-manda-uber-registrar-motoristas\/#article","isPartOf":{"@id":"https:\/\/www.notibras.com\/site\/justica-do-trabalho-manda-uber-registrar-motoristas\/"},"author":{"name":"Reda\u00e7\u00e3o","@id":"https:\/\/www.notibras.com\/site\/#\/schema\/person\/36ab0979449956132d3e5b517ea76ac8"},"headline":"Justi\u00e7a do Trabalho manda Uber registrar motoristas","datePublished":"2023-09-15T03:00:41+00:00","dateModified":"2023-09-15T08:41:19+00:00","mainEntityOfPage":{"@id":"https:\/\/www.notibras.com\/site\/justica-do-trabalho-manda-uber-registrar-motoristas\/"},"wordCount":652,"publisher":{"@id":"https:\/\/www.notibras.com\/site\/#organization"},"image":{"@id":"https:\/\/www.notibras.com\/site\/justica-do-trabalho-manda-uber-registrar-motoristas\/#primaryimage"},"thumbnailUrl":"https:\/\/www.notibras.com\/site\/wp-content\/uploads\/2023\/09\/uber1.jpg","articleSection":["Quadradinho em Foco"],"inLanguage":"pt-BR"},{"@type":"WebPage","@id":"https:\/\/www.notibras.com\/site\/justica-do-trabalho-manda-uber-registrar-motoristas\/","url":"https:\/\/www.notibras.com\/site\/justica-do-trabalho-manda-uber-registrar-motoristas\/","name":"Justi\u00e7a do Trabalho manda Uber registrar motoristas - Notibras","isPartOf":{"@id":"https:\/\/www.notibras.com\/site\/#website"},"primaryImageOfPage":{"@id":"https:\/\/www.notibras.com\/site\/justica-do-trabalho-manda-uber-registrar-motoristas\/#primaryimage"},"image":{"@id":"https:\/\/www.notibras.com\/site\/justica-do-trabalho-manda-uber-registrar-motoristas\/#primaryimage"},"thumbnailUrl":"https:\/\/www.notibras.com\/site\/wp-content\/uploads\/2023\/09\/uber1.jpg","datePublished":"2023-09-15T03:00:41+00:00","dateModified":"2023-09-15T08:41:19+00:00","breadcrumb":{"@id":"https:\/\/www.notibras.com\/site\/justica-do-trabalho-manda-uber-registrar-motoristas\/#breadcrumb"},"inLanguage":"pt-BR","potentialAction":[{"@type":"ReadAction","target":["https:\/\/www.notibras.com\/site\/justica-do-trabalho-manda-uber-registrar-motoristas\/"]}]},{"@type":"ImageObject","inLanguage":"pt-BR","@id":"https:\/\/www.notibras.com\/site\/justica-do-trabalho-manda-uber-registrar-motoristas\/#primaryimage","url":"https:\/\/www.notibras.com\/site\/wp-content\/uploads\/2023\/09\/uber1.jpg","contentUrl":"https:\/\/www.notibras.com\/site\/wp-content\/uploads\/2023\/09\/uber1.jpg","width":1170,"height":700},{"@type":"BreadcrumbList","@id":"https:\/\/www.notibras.com\/site\/justica-do-trabalho-manda-uber-registrar-motoristas\/#breadcrumb","itemListElement":[{"@type":"ListItem","position":1,"name":"In\u00edcio","item":"https:\/\/www.notibras.com\/site\/"},{"@type":"ListItem","position":2,"name":"Justi\u00e7a do Trabalho manda Uber registrar motoristas"}]},{"@type":"WebSite","@id":"https:\/\/www.notibras.com\/site\/#website","url":"https:\/\/www.notibras.com\/site\/","name":"Notibras","description":"Not\u00edcias de Bras\u00edlia, do Brasil e do Mundo","publisher":{"@id":"https:\/\/www.notibras.com\/site\/#organization"},"potentialAction":[{"@type":"SearchAction","target":{"@type":"EntryPoint","urlTemplate":"https:\/\/www.notibras.com\/site\/?s={search_term_string}"},"query-input":{"@type":"PropertyValueSpecification","valueRequired":true,"valueName":"search_term_string"}}],"inLanguage":"pt-BR"},{"@type":"Organization","@id":"https:\/\/www.notibras.com\/site\/#organization","name":"Grupo Notibras de Comunica\u00e7\u00e3o","url":"https:\/\/www.notibras.com\/site\/","logo":{"@type":"ImageObject","inLanguage":"pt-BR","@id":"https:\/\/www.notibras.com\/site\/#\/schema\/logo\/image\/","url":"https:\/\/www.notibras.com\/site\/wp-content\/uploads\/2023\/01\/notibras23.png","contentUrl":"https:\/\/www.notibras.com\/site\/wp-content\/uploads\/2023\/01\/notibras23.png","width":350,"height":87,"caption":"Grupo Notibras de Comunica\u00e7\u00e3o"},"image":{"@id":"https:\/\/www.notibras.com\/site\/#\/schema\/logo\/image\/"},"sameAs":["https:\/\/www.facebook.com\/notibras\/","https:\/\/x.com\/Notibras","https:\/\/www.instagram.com\/notibras\/"]},{"@type":"Person","@id":"https:\/\/www.notibras.com\/site\/#\/schema\/person\/36ab0979449956132d3e5b517ea76ac8","name":"Reda\u00e7\u00e3o","image":{"@type":"ImageObject","inLanguage":"pt-BR","@id":"https:\/\/secure.gravatar.com\/avatar\/e0a867bdedb85fd243eadf09663511f96fc81e0720a4a42581f334ad4303aa6b?s=96&d=mm&r=g","url":"https:\/\/secure.gravatar.com\/avatar\/e0a867bdedb85fd243eadf09663511f96fc81e0720a4a42581f334ad4303aa6b?s=96&d=mm&r=g","contentUrl":"https:\/\/secure.gravatar.com\/avatar\/e0a867bdedb85fd243eadf09663511f96fc81e0720a4a42581f334ad4303aa6b?s=96&d=mm&r=g","caption":"Reda\u00e7\u00e3o"}}]}},"amp_enabled":true,"_links":{"self":[{"href":"https:\/\/www.notibras.com\/site\/wp-json\/wp\/v2\/posts\/312955","targetHints":{"allow":["GET"]}}],"collection":[{"href":"https:\/\/www.notibras.com\/site\/wp-json\/wp\/v2\/posts"}],"about":[{"href":"https:\/\/www.notibras.com\/site\/wp-json\/wp\/v2\/types\/post"}],"author":[{"embeddable":true,"href":"https:\/\/www.notibras.com\/site\/wp-json\/wp\/v2\/users\/2"}],"replies":[{"embeddable":true,"href":"https:\/\/www.notibras.com\/site\/wp-json\/wp\/v2\/comments?post=312955"}],"version-history":[{"count":3,"href":"https:\/\/www.notibras.com\/site\/wp-json\/wp\/v2\/posts\/312955\/revisions"}],"predecessor-version":[{"id":312959,"href":"https:\/\/www.notibras.com\/site\/wp-json\/wp\/v2\/posts\/312955\/revisions\/312959"}],"wp:featuredmedia":[{"embeddable":true,"href":"https:\/\/www.notibras.com\/site\/wp-json\/wp\/v2\/media\/312956"}],"wp:attachment":[{"href":"https:\/\/www.notibras.com\/site\/wp-json\/wp\/v2\/media?parent=312955"}],"wp:term":[{"taxonomy":"category","embeddable":true,"href":"https:\/\/www.notibras.com\/site\/wp-json\/wp\/v2\/categories?post=312955"},{"taxonomy":"post_tag","embeddable":true,"href":"https:\/\/www.notibras.com\/site\/wp-json\/wp\/v2\/tags?post=312955"}],"curies":[{"name":"wp","href":"https:\/\/api.w.org\/{rel}","templated":true}]}}