{"id":312970,"date":"2023-09-15T00:30:58","date_gmt":"2023-09-15T03:30:58","guid":{"rendered":"https:\/\/www.notibras.com\/site\/?p=312970"},"modified":"2023-09-15T06:33:59","modified_gmt":"2023-09-15T09:33:59","slug":"mulher-vitima-de-violencia-tera-auxilio-aluguel","status":"publish","type":"post","link":"https:\/\/www.notibras.com\/site\/mulher-vitima-de-violencia-tera-auxilio-aluguel\/","title":{"rendered":"Mulher v\u00edtima de viol\u00eancia ter\u00e1 aux\u00edlio-aluguel"},"content":{"rendered":"<p>Mulheres v\u00edtimas de viol\u00eancia dom\u00e9stica e em situa\u00e7\u00e3o de vulnerabilidade socioecon\u00f4mica poder\u00e3o receber um aux\u00edlio-aluguel para se protegerem do relacionamento abusivo. A medida consta em lei sancionada nesta quinta-feira (14) pelo presidente Luiz In\u00e1cio Lula da Silva. O texto, que altera a Lei Maria da Penha, havia sido aprovado no m\u00eas passado pelo Congresso Nacional.<\/p>\n<p>O aux\u00edlio-aluguel n\u00e3o poder\u00e1 ter dura\u00e7\u00e3o superior a seis meses, e ser\u00e1 pago por estados, munic\u00edpios ou Distrito Federal, utilizando os recursos destinados \u00e0 assist\u00eancia social. J\u00e1 a decis\u00e3o de pagar o aluguel deve partir do juiz respons\u00e1vel pelo caso de viol\u00eancia dom\u00e9stica.<\/p>\n<p>Segundo o governo federal, a proposta contou com parecer favor\u00e1vel do Minist\u00e9rio das Mulheres levando em conta que apenas 134 munic\u00edpios brasileiros contam com casas-abrigo para mulheres v\u00edtimas de viol\u00eancia, al\u00e9m de outras 43 unidades mantidas por governos estaduais em todo o pa\u00eds.<\/p>\n<p>O F\u00f3rum Brasileiro de Seguran\u00e7a P\u00fablica estimou que cerca de 18,6 milh\u00f5es de mulheres foram v\u00edtimas de viol\u00eancia no Brasil em 2022. Em m\u00e9dia, as v\u00edtimas foram agredidas quatro vezes ao longo do ano passado. Entre as divorciadas, a m\u00e9dia foi de nove agress\u00f5es em 2022.<\/p>\n","protected":false},"excerpt":{"rendered":"<p>Mulheres v\u00edtimas de viol\u00eancia dom\u00e9stica e em situa\u00e7\u00e3o de vulnerabilidade socioecon\u00f4mica poder\u00e3o receber um aux\u00edlio-aluguel para se protegerem do relacionamento abusivo. A medida consta em lei sancionada nesta quinta-feira (14) pelo presidente Luiz In\u00e1cio Lula da Silva. O texto, que altera a Lei Maria da Penha, havia sido aprovado no m\u00eas passado pelo Congresso Nacional. [&hellip;]<\/p>\n","protected":false},"author":2,"featured_media":312971,"comment_status":"closed","ping_status":"closed","sticky":false,"template":"","format":"standard","meta":{"_acf_changed":false,"footnotes":""},"categories":[161],"tags":[95],"class_list":["post-312970","post","type-post","status-publish","format-standard","has-post-thumbnail","hentry","category-quadradinho-em-foco","tag-capa"],"acf":[],"yoast_head":"<!-- This site is optimized with the Yoast SEO plugin v27.2 - https:\/\/yoast.com\/product\/yoast-seo-wordpress\/ -->\n<title>Mulher v\u00edtima de viol\u00eancia ter\u00e1 aux\u00edlio-aluguel - Notibras<\/title>\n<meta name=\"robots\" content=\"index, follow, max-snippet:-1, max-image-preview:large, max-video-preview:-1\" \/>\n<link rel=\"canonical\" href=\"https:\/\/www.notibras.com\/site\/mulher-vitima-de-violencia-tera-auxilio-aluguel\/\" \/>\n<meta property=\"og:locale\" content=\"pt_BR\" \/>\n<meta property=\"og:type\" content=\"article\" \/>\n<meta property=\"og:title\" content=\"Mulher v\u00edtima de viol\u00eancia ter\u00e1 aux\u00edlio-aluguel - Notibras\" \/>\n<meta property=\"og:description\" content=\"Mulheres v\u00edtimas de viol\u00eancia dom\u00e9stica e em situa\u00e7\u00e3o de vulnerabilidade socioecon\u00f4mica poder\u00e3o receber um aux\u00edlio-aluguel para se protegerem do relacionamento abusivo. A medida consta em lei sancionada nesta quinta-feira (14) pelo presidente Luiz In\u00e1cio Lula da Silva. O texto, que altera a Lei Maria da Penha, havia sido aprovado no m\u00eas passado pelo Congresso Nacional. [&hellip;]\" \/>\n<meta property=\"og:url\" content=\"https:\/\/www.notibras.com\/site\/mulher-vitima-de-violencia-tera-auxilio-aluguel\/\" \/>\n<meta property=\"og:site_name\" content=\"Notibras\" \/>\n<meta property=\"article:publisher\" content=\"https:\/\/www.facebook.com\/notibras\/\" \/>\n<meta property=\"article:published_time\" content=\"2023-09-15T03:30:58+00:00\" \/>\n<meta property=\"article:modified_time\" content=\"2023-09-15T09:33:59+00:00\" \/>\n<meta property=\"og:image\" content=\"https:\/\/www.notibras.com\/site\/wp-content\/uploads\/2023\/09\/53186849912_c28fd4e34c_o.jpg\" \/>\n\t<meta property=\"og:image:width\" content=\"1170\" \/>\n\t<meta property=\"og:image:height\" content=\"700\" \/>\n\t<meta property=\"og:image:type\" content=\"image\/jpeg\" \/>\n<meta name=\"author\" content=\"Reda\u00e7\u00e3o\" \/>\n<meta name=\"twitter:card\" content=\"summary_large_image\" \/>\n<meta name=\"twitter:creator\" content=\"@Notibras\" \/>\n<meta name=\"twitter:site\" content=\"@Notibras\" \/>\n<meta name=\"twitter:label1\" content=\"Escrito por\" \/>\n\t<meta name=\"twitter:data1\" content=\"Reda\u00e7\u00e3o\" \/>\n\t<meta name=\"twitter:label2\" content=\"Est. tempo de leitura\" \/>\n\t<meta name=\"twitter:data2\" content=\"2 minutos\" \/>\n<script type=\"application\/ld+json\" class=\"yoast-schema-graph\">{\"@context\":\"https:\/\/schema.org\",\"@graph\":[{\"@type\":\"Article\",\"@id\":\"https:\/\/www.notibras.com\/site\/mulher-vitima-de-violencia-tera-auxilio-aluguel\/#article\",\"isPartOf\":{\"@id\":\"https:\/\/www.notibras.com\/site\/mulher-vitima-de-violencia-tera-auxilio-aluguel\/\"},\"author\":{\"name\":\"Reda\u00e7\u00e3o\",\"@id\":\"https:\/\/www.notibras.com\/site\/#\/schema\/person\/36ab0979449956132d3e5b517ea76ac8\"},\"headline\":\"Mulher v\u00edtima de viol\u00eancia ter\u00e1 aux\u00edlio-aluguel\",\"datePublished\":\"2023-09-15T03:30:58+00:00\",\"dateModified\":\"2023-09-15T09:33:59+00:00\",\"mainEntityOfPage\":{\"@id\":\"https:\/\/www.notibras.com\/site\/mulher-vitima-de-violencia-tera-auxilio-aluguel\/\"},\"wordCount\":224,\"publisher\":{\"@id\":\"https:\/\/www.notibras.com\/site\/#organization\"},\"image\":{\"@id\":\"https:\/\/www.notibras.com\/site\/mulher-vitima-de-violencia-tera-auxilio-aluguel\/#primaryimage\"},\"thumbnailUrl\":\"https:\/\/www.notibras.com\/site\/wp-content\/uploads\/2023\/09\/53186849912_c28fd4e34c_o.jpg\",\"keywords\":[\"capa\"],\"articleSection\":[\"Quadradinho em Foco\"],\"inLanguage\":\"pt-BR\"},{\"@type\":\"WebPage\",\"@id\":\"https:\/\/www.notibras.com\/site\/mulher-vitima-de-violencia-tera-auxilio-aluguel\/\",\"url\":\"https:\/\/www.notibras.com\/site\/mulher-vitima-de-violencia-tera-auxilio-aluguel\/\",\"name\":\"Mulher v\u00edtima de viol\u00eancia ter\u00e1 aux\u00edlio-aluguel - Notibras\",\"isPartOf\":{\"@id\":\"https:\/\/www.notibras.com\/site\/#website\"},\"primaryImageOfPage\":{\"@id\":\"https:\/\/www.notibras.com\/site\/mulher-vitima-de-violencia-tera-auxilio-aluguel\/#primaryimage\"},\"image\":{\"@id\":\"https:\/\/www.notibras.com\/site\/mulher-vitima-de-violencia-tera-auxilio-aluguel\/#primaryimage\"},\"thumbnailUrl\":\"https:\/\/www.notibras.com\/site\/wp-content\/uploads\/2023\/09\/53186849912_c28fd4e34c_o.jpg\",\"datePublished\":\"2023-09-15T03:30:58+00:00\",\"dateModified\":\"2023-09-15T09:33:59+00:00\",\"breadcrumb\":{\"@id\":\"https:\/\/www.notibras.com\/site\/mulher-vitima-de-violencia-tera-auxilio-aluguel\/#breadcrumb\"},\"inLanguage\":\"pt-BR\",\"potentialAction\":[{\"@type\":\"ReadAction\",\"target\":[\"https:\/\/www.notibras.com\/site\/mulher-vitima-de-violencia-tera-auxilio-aluguel\/\"]}]},{\"@type\":\"ImageObject\",\"inLanguage\":\"pt-BR\",\"@id\":\"https:\/\/www.notibras.com\/site\/mulher-vitima-de-violencia-tera-auxilio-aluguel\/#primaryimage\",\"url\":\"https:\/\/www.notibras.com\/site\/wp-content\/uploads\/2023\/09\/53186849912_c28fd4e34c_o.jpg\",\"contentUrl\":\"https:\/\/www.notibras.com\/site\/wp-content\/uploads\/2023\/09\/53186849912_c28fd4e34c_o.jpg\",\"width\":1170,\"height\":700,\"caption\":\"14.09.2023 - Presidente da Rep\u00fablica, Luiz In\u00e1cio Lula da Silva, durante a Assinatura de San\u00e7\u00e3o do Projeto de Lei no 4.875\/2020, que disp\u00f5e sobre a concess\u00e3o de aux\u00edlio-aluguel para mulheres v\u00edtimas de viol\u00eancia dom\u00e9stica, no Pal\u00e1cio do Planalto. Bras\u00edlia - DF. Foto: Ricardo Stuckert \/ PR\"},{\"@type\":\"BreadcrumbList\",\"@id\":\"https:\/\/www.notibras.com\/site\/mulher-vitima-de-violencia-tera-auxilio-aluguel\/#breadcrumb\",\"itemListElement\":[{\"@type\":\"ListItem\",\"position\":1,\"name\":\"In\u00edcio\",\"item\":\"https:\/\/www.notibras.com\/site\/\"},{\"@type\":\"ListItem\",\"position\":2,\"name\":\"Mulher v\u00edtima de viol\u00eancia ter\u00e1 aux\u00edlio-aluguel\"}]},{\"@type\":\"WebSite\",\"@id\":\"https:\/\/www.notibras.com\/site\/#website\",\"url\":\"https:\/\/www.notibras.com\/site\/\",\"name\":\"Notibras\",\"description\":\"Not\u00edcias de Bras\u00edlia, do Brasil e do Mundo\",\"publisher\":{\"@id\":\"https:\/\/www.notibras.com\/site\/#organization\"},\"potentialAction\":[{\"@type\":\"SearchAction\",\"target\":{\"@type\":\"EntryPoint\",\"urlTemplate\":\"https:\/\/www.notibras.com\/site\/?s={search_term_string}\"},\"query-input\":{\"@type\":\"PropertyValueSpecification\",\"valueRequired\":true,\"valueName\":\"search_term_string\"}}],\"inLanguage\":\"pt-BR\"},{\"@type\":\"Organization\",\"@id\":\"https:\/\/www.notibras.com\/site\/#organization\",\"name\":\"Grupo Notibras de Comunica\u00e7\u00e3o\",\"url\":\"https:\/\/www.notibras.com\/site\/\",\"logo\":{\"@type\":\"ImageObject\",\"inLanguage\":\"pt-BR\",\"@id\":\"https:\/\/www.notibras.com\/site\/#\/schema\/logo\/image\/\",\"url\":\"https:\/\/www.notibras.com\/site\/wp-content\/uploads\/2023\/01\/notibras23.png\",\"contentUrl\":\"https:\/\/www.notibras.com\/site\/wp-content\/uploads\/2023\/01\/notibras23.png\",\"width\":350,\"height\":87,\"caption\":\"Grupo Notibras de Comunica\u00e7\u00e3o\"},\"image\":{\"@id\":\"https:\/\/www.notibras.com\/site\/#\/schema\/logo\/image\/\"},\"sameAs\":[\"https:\/\/www.facebook.com\/notibras\/\",\"https:\/\/x.com\/Notibras\",\"https:\/\/www.instagram.com\/notibras\/\"]},{\"@type\":\"Person\",\"@id\":\"https:\/\/www.notibras.com\/site\/#\/schema\/person\/36ab0979449956132d3e5b517ea76ac8\",\"name\":\"Reda\u00e7\u00e3o\",\"image\":{\"@type\":\"ImageObject\",\"inLanguage\":\"pt-BR\",\"@id\":\"https:\/\/secure.gravatar.com\/avatar\/e0a867bdedb85fd243eadf09663511f96fc81e0720a4a42581f334ad4303aa6b?s=96&d=mm&r=g\",\"url\":\"https:\/\/secure.gravatar.com\/avatar\/e0a867bdedb85fd243eadf09663511f96fc81e0720a4a42581f334ad4303aa6b?s=96&d=mm&r=g\",\"contentUrl\":\"https:\/\/secure.gravatar.com\/avatar\/e0a867bdedb85fd243eadf09663511f96fc81e0720a4a42581f334ad4303aa6b?s=96&d=mm&r=g\",\"caption\":\"Reda\u00e7\u00e3o\"}}]}<\/script>\n<!-- \/ Yoast SEO plugin. -->","yoast_head_json":{"title":"Mulher v\u00edtima de viol\u00eancia ter\u00e1 aux\u00edlio-aluguel - Notibras","robots":{"index":"index","follow":"follow","max-snippet":"max-snippet:-1","max-image-preview":"max-image-preview:large","max-video-preview":"max-video-preview:-1"},"canonical":"https:\/\/www.notibras.com\/site\/mulher-vitima-de-violencia-tera-auxilio-aluguel\/","og_locale":"pt_BR","og_type":"article","og_title":"Mulher v\u00edtima de viol\u00eancia ter\u00e1 aux\u00edlio-aluguel - Notibras","og_description":"Mulheres v\u00edtimas de viol\u00eancia dom\u00e9stica e em situa\u00e7\u00e3o de vulnerabilidade socioecon\u00f4mica poder\u00e3o receber um aux\u00edlio-aluguel para se protegerem do relacionamento abusivo. A medida consta em lei sancionada nesta quinta-feira (14) pelo presidente Luiz In\u00e1cio Lula da Silva. O texto, que altera a Lei Maria da Penha, havia sido aprovado no m\u00eas passado pelo Congresso Nacional. [&hellip;]","og_url":"https:\/\/www.notibras.com\/site\/mulher-vitima-de-violencia-tera-auxilio-aluguel\/","og_site_name":"Notibras","article_publisher":"https:\/\/www.facebook.com\/notibras\/","article_published_time":"2023-09-15T03:30:58+00:00","article_modified_time":"2023-09-15T09:33:59+00:00","og_image":[{"width":1170,"height":700,"url":"https:\/\/www.notibras.com\/site\/wp-content\/uploads\/2023\/09\/53186849912_c28fd4e34c_o.jpg","type":"image\/jpeg"}],"author":"Reda\u00e7\u00e3o","twitter_card":"summary_large_image","twitter_creator":"@Notibras","twitter_site":"@Notibras","twitter_misc":{"Escrito por":"Reda\u00e7\u00e3o","Est. tempo de leitura":"2 minutos"},"schema":{"@context":"https:\/\/schema.org","@graph":[{"@type":"Article","@id":"https:\/\/www.notibras.com\/site\/mulher-vitima-de-violencia-tera-auxilio-aluguel\/#article","isPartOf":{"@id":"https:\/\/www.notibras.com\/site\/mulher-vitima-de-violencia-tera-auxilio-aluguel\/"},"author":{"name":"Reda\u00e7\u00e3o","@id":"https:\/\/www.notibras.com\/site\/#\/schema\/person\/36ab0979449956132d3e5b517ea76ac8"},"headline":"Mulher v\u00edtima de viol\u00eancia ter\u00e1 aux\u00edlio-aluguel","datePublished":"2023-09-15T03:30:58+00:00","dateModified":"2023-09-15T09:33:59+00:00","mainEntityOfPage":{"@id":"https:\/\/www.notibras.com\/site\/mulher-vitima-de-violencia-tera-auxilio-aluguel\/"},"wordCount":224,"publisher":{"@id":"https:\/\/www.notibras.com\/site\/#organization"},"image":{"@id":"https:\/\/www.notibras.com\/site\/mulher-vitima-de-violencia-tera-auxilio-aluguel\/#primaryimage"},"thumbnailUrl":"https:\/\/www.notibras.com\/site\/wp-content\/uploads\/2023\/09\/53186849912_c28fd4e34c_o.jpg","keywords":["capa"],"articleSection":["Quadradinho em Foco"],"inLanguage":"pt-BR"},{"@type":"WebPage","@id":"https:\/\/www.notibras.com\/site\/mulher-vitima-de-violencia-tera-auxilio-aluguel\/","url":"https:\/\/www.notibras.com\/site\/mulher-vitima-de-violencia-tera-auxilio-aluguel\/","name":"Mulher v\u00edtima de viol\u00eancia ter\u00e1 aux\u00edlio-aluguel - Notibras","isPartOf":{"@id":"https:\/\/www.notibras.com\/site\/#website"},"primaryImageOfPage":{"@id":"https:\/\/www.notibras.com\/site\/mulher-vitima-de-violencia-tera-auxilio-aluguel\/#primaryimage"},"image":{"@id":"https:\/\/www.notibras.com\/site\/mulher-vitima-de-violencia-tera-auxilio-aluguel\/#primaryimage"},"thumbnailUrl":"https:\/\/www.notibras.com\/site\/wp-content\/uploads\/2023\/09\/53186849912_c28fd4e34c_o.jpg","datePublished":"2023-09-15T03:30:58+00:00","dateModified":"2023-09-15T09:33:59+00:00","breadcrumb":{"@id":"https:\/\/www.notibras.com\/site\/mulher-vitima-de-violencia-tera-auxilio-aluguel\/#breadcrumb"},"inLanguage":"pt-BR","potentialAction":[{"@type":"ReadAction","target":["https:\/\/www.notibras.com\/site\/mulher-vitima-de-violencia-tera-auxilio-aluguel\/"]}]},{"@type":"ImageObject","inLanguage":"pt-BR","@id":"https:\/\/www.notibras.com\/site\/mulher-vitima-de-violencia-tera-auxilio-aluguel\/#primaryimage","url":"https:\/\/www.notibras.com\/site\/wp-content\/uploads\/2023\/09\/53186849912_c28fd4e34c_o.jpg","contentUrl":"https:\/\/www.notibras.com\/site\/wp-content\/uploads\/2023\/09\/53186849912_c28fd4e34c_o.jpg","width":1170,"height":700,"caption":"14.09.2023 - Presidente da Rep\u00fablica, Luiz In\u00e1cio Lula da Silva, durante a Assinatura de San\u00e7\u00e3o do Projeto de Lei no 4.875\/2020, que disp\u00f5e sobre a concess\u00e3o de aux\u00edlio-aluguel para mulheres v\u00edtimas de viol\u00eancia dom\u00e9stica, no Pal\u00e1cio do Planalto. Bras\u00edlia - DF. Foto: Ricardo Stuckert \/ PR"},{"@type":"BreadcrumbList","@id":"https:\/\/www.notibras.com\/site\/mulher-vitima-de-violencia-tera-auxilio-aluguel\/#breadcrumb","itemListElement":[{"@type":"ListItem","position":1,"name":"In\u00edcio","item":"https:\/\/www.notibras.com\/site\/"},{"@type":"ListItem","position":2,"name":"Mulher v\u00edtima de viol\u00eancia ter\u00e1 aux\u00edlio-aluguel"}]},{"@type":"WebSite","@id":"https:\/\/www.notibras.com\/site\/#website","url":"https:\/\/www.notibras.com\/site\/","name":"Notibras","description":"Not\u00edcias de Bras\u00edlia, do Brasil e do Mundo","publisher":{"@id":"https:\/\/www.notibras.com\/site\/#organization"},"potentialAction":[{"@type":"SearchAction","target":{"@type":"EntryPoint","urlTemplate":"https:\/\/www.notibras.com\/site\/?s={search_term_string}"},"query-input":{"@type":"PropertyValueSpecification","valueRequired":true,"valueName":"search_term_string"}}],"inLanguage":"pt-BR"},{"@type":"Organization","@id":"https:\/\/www.notibras.com\/site\/#organization","name":"Grupo Notibras de Comunica\u00e7\u00e3o","url":"https:\/\/www.notibras.com\/site\/","logo":{"@type":"ImageObject","inLanguage":"pt-BR","@id":"https:\/\/www.notibras.com\/site\/#\/schema\/logo\/image\/","url":"https:\/\/www.notibras.com\/site\/wp-content\/uploads\/2023\/01\/notibras23.png","contentUrl":"https:\/\/www.notibras.com\/site\/wp-content\/uploads\/2023\/01\/notibras23.png","width":350,"height":87,"caption":"Grupo Notibras de Comunica\u00e7\u00e3o"},"image":{"@id":"https:\/\/www.notibras.com\/site\/#\/schema\/logo\/image\/"},"sameAs":["https:\/\/www.facebook.com\/notibras\/","https:\/\/x.com\/Notibras","https:\/\/www.instagram.com\/notibras\/"]},{"@type":"Person","@id":"https:\/\/www.notibras.com\/site\/#\/schema\/person\/36ab0979449956132d3e5b517ea76ac8","name":"Reda\u00e7\u00e3o","image":{"@type":"ImageObject","inLanguage":"pt-BR","@id":"https:\/\/secure.gravatar.com\/avatar\/e0a867bdedb85fd243eadf09663511f96fc81e0720a4a42581f334ad4303aa6b?s=96&d=mm&r=g","url":"https:\/\/secure.gravatar.com\/avatar\/e0a867bdedb85fd243eadf09663511f96fc81e0720a4a42581f334ad4303aa6b?s=96&d=mm&r=g","contentUrl":"https:\/\/secure.gravatar.com\/avatar\/e0a867bdedb85fd243eadf09663511f96fc81e0720a4a42581f334ad4303aa6b?s=96&d=mm&r=g","caption":"Reda\u00e7\u00e3o"}}]}},"amp_enabled":true,"_links":{"self":[{"href":"https:\/\/www.notibras.com\/site\/wp-json\/wp\/v2\/posts\/312970","targetHints":{"allow":["GET"]}}],"collection":[{"href":"https:\/\/www.notibras.com\/site\/wp-json\/wp\/v2\/posts"}],"about":[{"href":"https:\/\/www.notibras.com\/site\/wp-json\/wp\/v2\/types\/post"}],"author":[{"embeddable":true,"href":"https:\/\/www.notibras.com\/site\/wp-json\/wp\/v2\/users\/2"}],"replies":[{"embeddable":true,"href":"https:\/\/www.notibras.com\/site\/wp-json\/wp\/v2\/comments?post=312970"}],"version-history":[{"count":1,"href":"https:\/\/www.notibras.com\/site\/wp-json\/wp\/v2\/posts\/312970\/revisions"}],"predecessor-version":[{"id":312972,"href":"https:\/\/www.notibras.com\/site\/wp-json\/wp\/v2\/posts\/312970\/revisions\/312972"}],"wp:featuredmedia":[{"embeddable":true,"href":"https:\/\/www.notibras.com\/site\/wp-json\/wp\/v2\/media\/312971"}],"wp:attachment":[{"href":"https:\/\/www.notibras.com\/site\/wp-json\/wp\/v2\/media?parent=312970"}],"wp:term":[{"taxonomy":"category","embeddable":true,"href":"https:\/\/www.notibras.com\/site\/wp-json\/wp\/v2\/categories?post=312970"},{"taxonomy":"post_tag","embeddable":true,"href":"https:\/\/www.notibras.com\/site\/wp-json\/wp\/v2\/tags?post=312970"}],"curies":[{"name":"wp","href":"https:\/\/api.w.org\/{rel}","templated":true}]}}