{"id":312973,"date":"2023-09-15T00:00:25","date_gmt":"2023-09-15T03:00:25","guid":{"rendered":"https:\/\/www.notibras.com\/site\/?p=312973"},"modified":"2023-09-15T06:42:42","modified_gmt":"2023-09-15T09:42:42","slug":"marina-insiste-com-desmatamento-zero-no-cerrado","status":"publish","type":"post","link":"https:\/\/www.notibras.com\/site\/marina-insiste-com-desmatamento-zero-no-cerrado\/","title":{"rendered":"Marina insiste com desmatamento zero no Cerrado"},"content":{"rendered":"<p>Ao participar nesta quinta-feira (14), da abertura oficial do 10\u00ba Encontro e Feira dos Povos do Cerrado, a ministra do Meio Ambiente e da Mudan\u00e7a do Clima, Marina Silva, voltou a defender a busca por desmatamento zero do bioma.<\/p>\n<p>Apelidado de \u201cber\u00e7o das \u00e1guas\u201d, por abrigar as nascentes de tr\u00eas bacias hidrogr\u00e1ficas do continente, o Cerrado sofreu com desmatamento acelerado nas \u00faltimas d\u00e9cadas, principalmente com a expans\u00e3o agropecu\u00e1ria na regi\u00e3o.<\/p>\n<p>Um estudo da Universidade de Bras\u00edlia (UnB) aponta que o bioma perde a vegeta\u00e7\u00e3o nativa cinco vezes mais r\u00e1pido que a Amaz\u00f4nia.<\/p>\n<p>A legisla\u00e7\u00e3o atual determina que as propriedades privadas preservem 20% do territ\u00f3rio com a cobertura original.<\/p>\n<p>\u201cA natureza n\u00e3o faz diferen\u00e7a entre legal e ilegal. Quem faz essa diferen\u00e7a somos n\u00f3s e os interesses\u201d, disse a ministra.<\/p>\n<p>Nesta semana, o Minist\u00e9rio do Meio Ambiente e Mudan\u00e7a do Clima (MMA) lan\u00e7ou a consulta p\u00fablica do Plano de A\u00e7\u00e3o para Preven\u00e7\u00e3o e Controle do Desmatamento e das Queimadas no Bioma Cerrado (PP Cerrado). Os interessados podem participar at\u00e9 12 de outubro.<\/p>\n<p>O plano prev\u00ea programas para impulsionar a bioeconomia, ampliar a fiscaliza\u00e7\u00e3o e a destina\u00e7\u00e3o de terras p\u00fablicas para prote\u00e7\u00e3o e uso sustent\u00e1vel de recursos naturais.<\/p>\n<p>Participaram do evento os ministros Paulo Teixeira, do Desenvolvimento Agr\u00e1rio e Agricultura Familiar, e S\u00f4nia Guajajara, dos Povos Ind\u00edgenas.<\/p>\n","protected":false},"excerpt":{"rendered":"<p>Ao participar nesta quinta-feira (14), da abertura oficial do 10\u00ba Encontro e Feira dos Povos do Cerrado, a ministra do Meio Ambiente e da Mudan\u00e7a do Clima, Marina Silva, voltou a defender a busca por desmatamento zero do bioma. Apelidado de \u201cber\u00e7o das \u00e1guas\u201d, por abrigar as nascentes de tr\u00eas bacias hidrogr\u00e1ficas do continente, o [&hellip;]<\/p>\n","protected":false},"author":2,"featured_media":312974,"comment_status":"closed","ping_status":"closed","sticky":false,"template":"","format":"standard","meta":{"_acf_changed":false,"footnotes":""},"categories":[161],"tags":[],"class_list":["post-312973","post","type-post","status-publish","format-standard","has-post-thumbnail","hentry","category-quadradinho-em-foco"],"acf":[],"yoast_head":"<!-- This site is optimized with the Yoast SEO plugin v27.2 - https:\/\/yoast.com\/product\/yoast-seo-wordpress\/ -->\n<title>Marina insiste com desmatamento zero no Cerrado - Notibras<\/title>\n<meta name=\"robots\" content=\"index, follow, max-snippet:-1, max-image-preview:large, max-video-preview:-1\" \/>\n<link rel=\"canonical\" href=\"https:\/\/www.notibras.com\/site\/marina-insiste-com-desmatamento-zero-no-cerrado\/\" \/>\n<meta property=\"og:locale\" content=\"pt_BR\" \/>\n<meta property=\"og:type\" content=\"article\" \/>\n<meta property=\"og:title\" content=\"Marina insiste com desmatamento zero no Cerrado - Notibras\" \/>\n<meta property=\"og:description\" content=\"Ao participar nesta quinta-feira (14), da abertura oficial do 10\u00ba Encontro e Feira dos Povos do Cerrado, a ministra do Meio Ambiente e da Mudan\u00e7a do Clima, Marina Silva, voltou a defender a busca por desmatamento zero do bioma. Apelidado de \u201cber\u00e7o das \u00e1guas\u201d, por abrigar as nascentes de tr\u00eas bacias hidrogr\u00e1ficas do continente, o [&hellip;]\" \/>\n<meta property=\"og:url\" content=\"https:\/\/www.notibras.com\/site\/marina-insiste-com-desmatamento-zero-no-cerrado\/\" \/>\n<meta property=\"og:site_name\" content=\"Notibras\" \/>\n<meta property=\"article:publisher\" content=\"https:\/\/www.facebook.com\/notibras\/\" \/>\n<meta property=\"article:published_time\" content=\"2023-09-15T03:00:25+00:00\" \/>\n<meta property=\"article:modified_time\" content=\"2023-09-15T09:42:42+00:00\" \/>\n<meta property=\"og:image\" content=\"https:\/\/www.notibras.com\/site\/wp-content\/uploads\/2023\/09\/raf03706.jpg\" \/>\n\t<meta property=\"og:image:width\" content=\"1170\" \/>\n\t<meta property=\"og:image:height\" content=\"700\" \/>\n\t<meta property=\"og:image:type\" content=\"image\/jpeg\" \/>\n<meta name=\"author\" content=\"Reda\u00e7\u00e3o\" \/>\n<meta name=\"twitter:card\" content=\"summary_large_image\" \/>\n<meta name=\"twitter:creator\" content=\"@Notibras\" \/>\n<meta name=\"twitter:site\" content=\"@Notibras\" \/>\n<meta name=\"twitter:label1\" content=\"Escrito por\" \/>\n\t<meta name=\"twitter:data1\" content=\"Reda\u00e7\u00e3o\" \/>\n\t<meta name=\"twitter:label2\" content=\"Est. tempo de leitura\" \/>\n\t<meta name=\"twitter:data2\" content=\"2 minutos\" \/>\n<script type=\"application\/ld+json\" class=\"yoast-schema-graph\">{\"@context\":\"https:\/\/schema.org\",\"@graph\":[{\"@type\":\"Article\",\"@id\":\"https:\/\/www.notibras.com\/site\/marina-insiste-com-desmatamento-zero-no-cerrado\/#article\",\"isPartOf\":{\"@id\":\"https:\/\/www.notibras.com\/site\/marina-insiste-com-desmatamento-zero-no-cerrado\/\"},\"author\":{\"name\":\"Reda\u00e7\u00e3o\",\"@id\":\"https:\/\/www.notibras.com\/site\/#\/schema\/person\/36ab0979449956132d3e5b517ea76ac8\"},\"headline\":\"Marina insiste com desmatamento zero no Cerrado\",\"datePublished\":\"2023-09-15T03:00:25+00:00\",\"dateModified\":\"2023-09-15T09:42:42+00:00\",\"mainEntityOfPage\":{\"@id\":\"https:\/\/www.notibras.com\/site\/marina-insiste-com-desmatamento-zero-no-cerrado\/\"},\"wordCount\":250,\"publisher\":{\"@id\":\"https:\/\/www.notibras.com\/site\/#organization\"},\"image\":{\"@id\":\"https:\/\/www.notibras.com\/site\/marina-insiste-com-desmatamento-zero-no-cerrado\/#primaryimage\"},\"thumbnailUrl\":\"https:\/\/www.notibras.com\/site\/wp-content\/uploads\/2023\/09\/raf03706.jpg\",\"articleSection\":[\"Quadradinho em Foco\"],\"inLanguage\":\"pt-BR\"},{\"@type\":\"WebPage\",\"@id\":\"https:\/\/www.notibras.com\/site\/marina-insiste-com-desmatamento-zero-no-cerrado\/\",\"url\":\"https:\/\/www.notibras.com\/site\/marina-insiste-com-desmatamento-zero-no-cerrado\/\",\"name\":\"Marina insiste com desmatamento zero no Cerrado - Notibras\",\"isPartOf\":{\"@id\":\"https:\/\/www.notibras.com\/site\/#website\"},\"primaryImageOfPage\":{\"@id\":\"https:\/\/www.notibras.com\/site\/marina-insiste-com-desmatamento-zero-no-cerrado\/#primaryimage\"},\"image\":{\"@id\":\"https:\/\/www.notibras.com\/site\/marina-insiste-com-desmatamento-zero-no-cerrado\/#primaryimage\"},\"thumbnailUrl\":\"https:\/\/www.notibras.com\/site\/wp-content\/uploads\/2023\/09\/raf03706.jpg\",\"datePublished\":\"2023-09-15T03:00:25+00:00\",\"dateModified\":\"2023-09-15T09:42:42+00:00\",\"breadcrumb\":{\"@id\":\"https:\/\/www.notibras.com\/site\/marina-insiste-com-desmatamento-zero-no-cerrado\/#breadcrumb\"},\"inLanguage\":\"pt-BR\",\"potentialAction\":[{\"@type\":\"ReadAction\",\"target\":[\"https:\/\/www.notibras.com\/site\/marina-insiste-com-desmatamento-zero-no-cerrado\/\"]}]},{\"@type\":\"ImageObject\",\"inLanguage\":\"pt-BR\",\"@id\":\"https:\/\/www.notibras.com\/site\/marina-insiste-com-desmatamento-zero-no-cerrado\/#primaryimage\",\"url\":\"https:\/\/www.notibras.com\/site\/wp-content\/uploads\/2023\/09\/raf03706.jpg\",\"contentUrl\":\"https:\/\/www.notibras.com\/site\/wp-content\/uploads\/2023\/09\/raf03706.jpg\",\"width\":1170,\"height\":700,\"caption\":\"Bras\u00edlia (DF), 14\/09\/2023, A ministra do Meio Ambiente e Mudan\u00e7a do Clima, Marina Silva, durante abertura do 10\u00ba Encontro e Feira dos Povos do Cerrado, na Torre de TV, em Bras\u00edlia. Foto: Rafa Neddermeyer\/Ag\u00eancia Brasil\"},{\"@type\":\"BreadcrumbList\",\"@id\":\"https:\/\/www.notibras.com\/site\/marina-insiste-com-desmatamento-zero-no-cerrado\/#breadcrumb\",\"itemListElement\":[{\"@type\":\"ListItem\",\"position\":1,\"name\":\"In\u00edcio\",\"item\":\"https:\/\/www.notibras.com\/site\/\"},{\"@type\":\"ListItem\",\"position\":2,\"name\":\"Marina insiste com desmatamento zero no Cerrado\"}]},{\"@type\":\"WebSite\",\"@id\":\"https:\/\/www.notibras.com\/site\/#website\",\"url\":\"https:\/\/www.notibras.com\/site\/\",\"name\":\"Notibras\",\"description\":\"Not\u00edcias de Bras\u00edlia, do Brasil e do Mundo\",\"publisher\":{\"@id\":\"https:\/\/www.notibras.com\/site\/#organization\"},\"potentialAction\":[{\"@type\":\"SearchAction\",\"target\":{\"@type\":\"EntryPoint\",\"urlTemplate\":\"https:\/\/www.notibras.com\/site\/?s={search_term_string}\"},\"query-input\":{\"@type\":\"PropertyValueSpecification\",\"valueRequired\":true,\"valueName\":\"search_term_string\"}}],\"inLanguage\":\"pt-BR\"},{\"@type\":\"Organization\",\"@id\":\"https:\/\/www.notibras.com\/site\/#organization\",\"name\":\"Grupo Notibras de Comunica\u00e7\u00e3o\",\"url\":\"https:\/\/www.notibras.com\/site\/\",\"logo\":{\"@type\":\"ImageObject\",\"inLanguage\":\"pt-BR\",\"@id\":\"https:\/\/www.notibras.com\/site\/#\/schema\/logo\/image\/\",\"url\":\"https:\/\/www.notibras.com\/site\/wp-content\/uploads\/2023\/01\/notibras23.png\",\"contentUrl\":\"https:\/\/www.notibras.com\/site\/wp-content\/uploads\/2023\/01\/notibras23.png\",\"width\":350,\"height\":87,\"caption\":\"Grupo Notibras de Comunica\u00e7\u00e3o\"},\"image\":{\"@id\":\"https:\/\/www.notibras.com\/site\/#\/schema\/logo\/image\/\"},\"sameAs\":[\"https:\/\/www.facebook.com\/notibras\/\",\"https:\/\/x.com\/Notibras\",\"https:\/\/www.instagram.com\/notibras\/\"]},{\"@type\":\"Person\",\"@id\":\"https:\/\/www.notibras.com\/site\/#\/schema\/person\/36ab0979449956132d3e5b517ea76ac8\",\"name\":\"Reda\u00e7\u00e3o\",\"image\":{\"@type\":\"ImageObject\",\"inLanguage\":\"pt-BR\",\"@id\":\"https:\/\/secure.gravatar.com\/avatar\/e0a867bdedb85fd243eadf09663511f96fc81e0720a4a42581f334ad4303aa6b?s=96&d=mm&r=g\",\"url\":\"https:\/\/secure.gravatar.com\/avatar\/e0a867bdedb85fd243eadf09663511f96fc81e0720a4a42581f334ad4303aa6b?s=96&d=mm&r=g\",\"contentUrl\":\"https:\/\/secure.gravatar.com\/avatar\/e0a867bdedb85fd243eadf09663511f96fc81e0720a4a42581f334ad4303aa6b?s=96&d=mm&r=g\",\"caption\":\"Reda\u00e7\u00e3o\"}}]}<\/script>\n<!-- \/ Yoast SEO plugin. -->","yoast_head_json":{"title":"Marina insiste com desmatamento zero no Cerrado - Notibras","robots":{"index":"index","follow":"follow","max-snippet":"max-snippet:-1","max-image-preview":"max-image-preview:large","max-video-preview":"max-video-preview:-1"},"canonical":"https:\/\/www.notibras.com\/site\/marina-insiste-com-desmatamento-zero-no-cerrado\/","og_locale":"pt_BR","og_type":"article","og_title":"Marina insiste com desmatamento zero no Cerrado - Notibras","og_description":"Ao participar nesta quinta-feira (14), da abertura oficial do 10\u00ba Encontro e Feira dos Povos do Cerrado, a ministra do Meio Ambiente e da Mudan\u00e7a do Clima, Marina Silva, voltou a defender a busca por desmatamento zero do bioma. Apelidado de \u201cber\u00e7o das \u00e1guas\u201d, por abrigar as nascentes de tr\u00eas bacias hidrogr\u00e1ficas do continente, o [&hellip;]","og_url":"https:\/\/www.notibras.com\/site\/marina-insiste-com-desmatamento-zero-no-cerrado\/","og_site_name":"Notibras","article_publisher":"https:\/\/www.facebook.com\/notibras\/","article_published_time":"2023-09-15T03:00:25+00:00","article_modified_time":"2023-09-15T09:42:42+00:00","og_image":[{"width":1170,"height":700,"url":"https:\/\/www.notibras.com\/site\/wp-content\/uploads\/2023\/09\/raf03706.jpg","type":"image\/jpeg"}],"author":"Reda\u00e7\u00e3o","twitter_card":"summary_large_image","twitter_creator":"@Notibras","twitter_site":"@Notibras","twitter_misc":{"Escrito por":"Reda\u00e7\u00e3o","Est. tempo de leitura":"2 minutos"},"schema":{"@context":"https:\/\/schema.org","@graph":[{"@type":"Article","@id":"https:\/\/www.notibras.com\/site\/marina-insiste-com-desmatamento-zero-no-cerrado\/#article","isPartOf":{"@id":"https:\/\/www.notibras.com\/site\/marina-insiste-com-desmatamento-zero-no-cerrado\/"},"author":{"name":"Reda\u00e7\u00e3o","@id":"https:\/\/www.notibras.com\/site\/#\/schema\/person\/36ab0979449956132d3e5b517ea76ac8"},"headline":"Marina insiste com desmatamento zero no Cerrado","datePublished":"2023-09-15T03:00:25+00:00","dateModified":"2023-09-15T09:42:42+00:00","mainEntityOfPage":{"@id":"https:\/\/www.notibras.com\/site\/marina-insiste-com-desmatamento-zero-no-cerrado\/"},"wordCount":250,"publisher":{"@id":"https:\/\/www.notibras.com\/site\/#organization"},"image":{"@id":"https:\/\/www.notibras.com\/site\/marina-insiste-com-desmatamento-zero-no-cerrado\/#primaryimage"},"thumbnailUrl":"https:\/\/www.notibras.com\/site\/wp-content\/uploads\/2023\/09\/raf03706.jpg","articleSection":["Quadradinho em Foco"],"inLanguage":"pt-BR"},{"@type":"WebPage","@id":"https:\/\/www.notibras.com\/site\/marina-insiste-com-desmatamento-zero-no-cerrado\/","url":"https:\/\/www.notibras.com\/site\/marina-insiste-com-desmatamento-zero-no-cerrado\/","name":"Marina insiste com desmatamento zero no Cerrado - Notibras","isPartOf":{"@id":"https:\/\/www.notibras.com\/site\/#website"},"primaryImageOfPage":{"@id":"https:\/\/www.notibras.com\/site\/marina-insiste-com-desmatamento-zero-no-cerrado\/#primaryimage"},"image":{"@id":"https:\/\/www.notibras.com\/site\/marina-insiste-com-desmatamento-zero-no-cerrado\/#primaryimage"},"thumbnailUrl":"https:\/\/www.notibras.com\/site\/wp-content\/uploads\/2023\/09\/raf03706.jpg","datePublished":"2023-09-15T03:00:25+00:00","dateModified":"2023-09-15T09:42:42+00:00","breadcrumb":{"@id":"https:\/\/www.notibras.com\/site\/marina-insiste-com-desmatamento-zero-no-cerrado\/#breadcrumb"},"inLanguage":"pt-BR","potentialAction":[{"@type":"ReadAction","target":["https:\/\/www.notibras.com\/site\/marina-insiste-com-desmatamento-zero-no-cerrado\/"]}]},{"@type":"ImageObject","inLanguage":"pt-BR","@id":"https:\/\/www.notibras.com\/site\/marina-insiste-com-desmatamento-zero-no-cerrado\/#primaryimage","url":"https:\/\/www.notibras.com\/site\/wp-content\/uploads\/2023\/09\/raf03706.jpg","contentUrl":"https:\/\/www.notibras.com\/site\/wp-content\/uploads\/2023\/09\/raf03706.jpg","width":1170,"height":700,"caption":"Bras\u00edlia (DF), 14\/09\/2023, A ministra do Meio Ambiente e Mudan\u00e7a do Clima, Marina Silva, durante abertura do 10\u00ba Encontro e Feira dos Povos do Cerrado, na Torre de TV, em Bras\u00edlia. Foto: Rafa Neddermeyer\/Ag\u00eancia Brasil"},{"@type":"BreadcrumbList","@id":"https:\/\/www.notibras.com\/site\/marina-insiste-com-desmatamento-zero-no-cerrado\/#breadcrumb","itemListElement":[{"@type":"ListItem","position":1,"name":"In\u00edcio","item":"https:\/\/www.notibras.com\/site\/"},{"@type":"ListItem","position":2,"name":"Marina insiste com desmatamento zero no Cerrado"}]},{"@type":"WebSite","@id":"https:\/\/www.notibras.com\/site\/#website","url":"https:\/\/www.notibras.com\/site\/","name":"Notibras","description":"Not\u00edcias de Bras\u00edlia, do Brasil e do Mundo","publisher":{"@id":"https:\/\/www.notibras.com\/site\/#organization"},"potentialAction":[{"@type":"SearchAction","target":{"@type":"EntryPoint","urlTemplate":"https:\/\/www.notibras.com\/site\/?s={search_term_string}"},"query-input":{"@type":"PropertyValueSpecification","valueRequired":true,"valueName":"search_term_string"}}],"inLanguage":"pt-BR"},{"@type":"Organization","@id":"https:\/\/www.notibras.com\/site\/#organization","name":"Grupo Notibras de Comunica\u00e7\u00e3o","url":"https:\/\/www.notibras.com\/site\/","logo":{"@type":"ImageObject","inLanguage":"pt-BR","@id":"https:\/\/www.notibras.com\/site\/#\/schema\/logo\/image\/","url":"https:\/\/www.notibras.com\/site\/wp-content\/uploads\/2023\/01\/notibras23.png","contentUrl":"https:\/\/www.notibras.com\/site\/wp-content\/uploads\/2023\/01\/notibras23.png","width":350,"height":87,"caption":"Grupo Notibras de Comunica\u00e7\u00e3o"},"image":{"@id":"https:\/\/www.notibras.com\/site\/#\/schema\/logo\/image\/"},"sameAs":["https:\/\/www.facebook.com\/notibras\/","https:\/\/x.com\/Notibras","https:\/\/www.instagram.com\/notibras\/"]},{"@type":"Person","@id":"https:\/\/www.notibras.com\/site\/#\/schema\/person\/36ab0979449956132d3e5b517ea76ac8","name":"Reda\u00e7\u00e3o","image":{"@type":"ImageObject","inLanguage":"pt-BR","@id":"https:\/\/secure.gravatar.com\/avatar\/e0a867bdedb85fd243eadf09663511f96fc81e0720a4a42581f334ad4303aa6b?s=96&d=mm&r=g","url":"https:\/\/secure.gravatar.com\/avatar\/e0a867bdedb85fd243eadf09663511f96fc81e0720a4a42581f334ad4303aa6b?s=96&d=mm&r=g","contentUrl":"https:\/\/secure.gravatar.com\/avatar\/e0a867bdedb85fd243eadf09663511f96fc81e0720a4a42581f334ad4303aa6b?s=96&d=mm&r=g","caption":"Reda\u00e7\u00e3o"}}]}},"amp_enabled":true,"_links":{"self":[{"href":"https:\/\/www.notibras.com\/site\/wp-json\/wp\/v2\/posts\/312973","targetHints":{"allow":["GET"]}}],"collection":[{"href":"https:\/\/www.notibras.com\/site\/wp-json\/wp\/v2\/posts"}],"about":[{"href":"https:\/\/www.notibras.com\/site\/wp-json\/wp\/v2\/types\/post"}],"author":[{"embeddable":true,"href":"https:\/\/www.notibras.com\/site\/wp-json\/wp\/v2\/users\/2"}],"replies":[{"embeddable":true,"href":"https:\/\/www.notibras.com\/site\/wp-json\/wp\/v2\/comments?post=312973"}],"version-history":[{"count":1,"href":"https:\/\/www.notibras.com\/site\/wp-json\/wp\/v2\/posts\/312973\/revisions"}],"predecessor-version":[{"id":312975,"href":"https:\/\/www.notibras.com\/site\/wp-json\/wp\/v2\/posts\/312973\/revisions\/312975"}],"wp:featuredmedia":[{"embeddable":true,"href":"https:\/\/www.notibras.com\/site\/wp-json\/wp\/v2\/media\/312974"}],"wp:attachment":[{"href":"https:\/\/www.notibras.com\/site\/wp-json\/wp\/v2\/media?parent=312973"}],"wp:term":[{"taxonomy":"category","embeddable":true,"href":"https:\/\/www.notibras.com\/site\/wp-json\/wp\/v2\/categories?post=312973"},{"taxonomy":"post_tag","embeddable":true,"href":"https:\/\/www.notibras.com\/site\/wp-json\/wp\/v2\/tags?post=312973"}],"curies":[{"name":"wp","href":"https:\/\/api.w.org\/{rel}","templated":true}]}}