{"id":312986,"date":"2023-09-16T07:00:08","date_gmt":"2023-09-16T10:00:08","guid":{"rendered":"https:\/\/www.notibras.com\/site\/?p=312986"},"modified":"2023-09-16T08:48:37","modified_gmt":"2023-09-16T11:48:37","slug":"entorno-vota-e-quem-perde-eleicao-nao-sente-vento-na-porta","status":"publish","type":"post","link":"https:\/\/www.notibras.com\/site\/entorno-vota-e-quem-perde-eleicao-nao-sente-vento-na-porta\/","title":{"rendered":"Entorno vota; e quem perde elei\u00e7\u00e3o n\u00e3o sente vento na porta"},"content":{"rendered":"<p>Existem e existir\u00e3o pol\u00edticos que s\u00f3 aparecem em per\u00edodo eleitoral. Esse comportamento sempre foi assim. Mesmo que ainda seja muito cedo para se pensar em elei\u00e7\u00e3o no Distrito Federal, 2024 est\u00e1 apontando ali no horizonte, para al\u00e9m do bem e do mal, nos munic\u00edpios brasileiros.<\/p>\n<p>Em Bras\u00edlia s\u00f3 teremos elei\u00e7\u00f5es em 2026, mas, nos munic\u00edpios, teremos as elei\u00e7\u00f5es de 2024 para pensar\u2026 e o povo deseja (e precisa) de sa\u00fade gr\u00e1tis, garantida, mesmo que n\u00e3o cumprida satisfatoriamente, pela Constitui\u00e7\u00e3o. O pol\u00edtico promete sa\u00fade gr\u00e1tis se chegar ao cargo, e o eleitor vota no pol\u00edtico pela promessa da sa\u00fade que j\u00e1 \u00e9 gr\u00e1tis, embora, repito, aos trancos e barrancos.<\/p>\n<p>Na vida tudo tem as suas entrelinhas. E o pol\u00edtico vira um suposto elo entre o povo e suas demandas, mas nada \u00e9 t\u00e3o simples assim.<\/p>\n<p>No Distrito Federal \u2013 nem sequer esquecemos as elei\u00e7\u00f5es de 2022. Mas Ibaneis Rocha (MDB), trabalha para garantir sua vaga no Senado, j\u00e1 que n\u00e3o pode mais ser reconduzido ao cargo de governador em 2026. Por aqui esse cen\u00e1rio j\u00e1 est\u00e1 desenhado e a trilha come\u00e7a a ser tra\u00e7ada num jogo para que o ocupante do Pal\u00e1cio do Buriti v\u00e1 mexendo suas pe\u00e7as para marcar bem o espa\u00e7o pol\u00edtico que vem ocupando desde 2018 \u2013 e sem oposi\u00e7\u00e3o nenhuma, porque a C\u00e2mara Legislativa \u2013 e seus deputados distritais \u2013 tem comportamento (aqui e acol\u00e1) de puxadinho do Executivo.<\/p>\n<p>Mas, a pol\u00edtica \u00e9 como uma nuvem, j\u00e1 dizia, ressoando Tancredo Neves, o ilustre Ulysses Guimar\u00e3es \u2013 saudoso deputado das fileiras do MDB de Ibaneis que, decidido, j\u00e1 tem sua vice-governadora, Celina Le\u00e3o (PP), como a sucessora do seu legado no Pal\u00e1cio do Buriti.<\/p>\n<p>Por\u00e9m, algumas coisas transportam \u00e0 famosa capacidade do baiano Gilberto Gil, conhecido como o rei dos jogos de palavras. Aqui, particularmente, as palavras comp\u00f5em o discurso pol\u00edtico para ganhar o eleitor, naquela velha teoria de quem prometer mais, estar\u00e1 eleito.<\/p>\n<p>Estrat\u00e9gias modernas e atualizadas para uma campanha eleitoral, principalmente a municipal de 2024, precisam mostrar e trabalhar os diferentes fatores que influenciam a decis\u00e3o do voto &#8211; pol\u00edticos, igualmente a eleitores, gostam de aten\u00e7\u00e3o e carinho. Sem isso, viram pedra de trope\u00e7o.<\/p>\n<p>Quem est\u00e1 no topo da pol\u00edtica precisa tomar cuidado. Na atualidade acontece muito o \u201cestamos juntos e misturados\u201d. As palavras voam com o vento. E no apagar das luzes, o sorriso acaba, a reuni\u00e3o s\u00f3rdida e cheia de planos de tomada de poder acontece sem que ningu\u00e9m desconfie.<\/p>\n<p>Contudo, fica claro que para se manter no poder, n\u00e3o basta esfriar a cabe\u00e7a e tocar o barco. Os bastidores nesses pr\u00f3ximos meses ser\u00e3o fundamentais, principalmente porque no Entorno da capital da Rep\u00fablica, mais de 700 mil eleitores, em 22 munic\u00edpios goianos e mineiros que rodeiam o Distrito Federal devem voltar \u00e0s urnas no pr\u00f3ximo ano.<\/p>\n<p>A Regi\u00e3o Integrada de Desenvolvimento Econ\u00f4mico (RIDE), e isso ningu\u00e9m desconhece, tem necessidade de sa\u00fade, educa\u00e7\u00e3o, seguran\u00e7a e transporte p\u00fablico de qualidade. Mas o eleitor-cidad\u00e3o que ali reside, em cidades-dormit\u00f3rios, e que deposita seus votos nas urnas de Bras\u00edlia, n\u00e3o anda satisfeito com o que lhes \u00e9 prometido e n\u00e3o cumprido.<\/p>\n<p>\u00c9 preciso mudar a realidade da regi\u00e3o, geralmente associada \u00e0 viol\u00eancia e a car\u00eancias de infraestrutura de educa\u00e7\u00e3o, sa\u00fade e transporte. Os eleitores do Entorno dever\u00e3o eleger 22 novos prefeitos e 266 novos vereadores em 2024. E isso ter\u00e1 um peso dois anos depois.<\/p>\n<p>Com quase 1 milh\u00e3o de eleitores, a\u00ed inclu\u00eddas Luzi\u00e2nia, com mais de 100 mil eleitores, \u00c1guas Lindas, segundo maior col\u00e9gio eleitoral da regi\u00e3o e Valpara\u00edso de Goi\u00e1s, as cidades do Entorno ser\u00e3o decisivas para qualquer projeto pol\u00edtico-eleitoral, seja de governador, senador ou deputado federal. O trampolim est\u00e1 nesse conglomerado de gente que almo\u00e7a em Bras\u00edlia e janta entre 80 e 100 quil\u00f4metros de dist\u00e2ncia.<\/p>\n<p>Supostos candidatos a cargos majorit\u00e1rios e proporcionais em 2026 precisam ver seus aliados aprovados nas urnas do pr\u00f3ximo ano. At\u00e9 agora, por\u00e9m, patinam como crian\u00e7as quando o inverno chega forte l\u00e1 no Velho Continente. Pedir voto apenas em \u00e9poca de elei\u00e7\u00e3o, \u00e9 f\u00e1cil, independente do pensamento ideol\u00f3gico. O X da quest\u00e3o est\u00e1 no velho ditado popular, de que quando se perde um mandato, nem o vento bate mais \u00e0 porta.<\/p>\n<p><strong>*Um pensador errante que \u00e0s vezes, acerta&#8230; outras vezes&#8230; observa.<\/strong><\/p>\n","protected":false},"excerpt":{"rendered":"<p>Existem e existir\u00e3o pol\u00edticos que s\u00f3 aparecem em per\u00edodo eleitoral. Esse comportamento sempre foi assim. Mesmo que ainda seja muito cedo para se pensar em elei\u00e7\u00e3o no Distrito Federal, 2024 est\u00e1 apontando ali no horizonte, para al\u00e9m do bem e do mal, nos munic\u00edpios brasileiros. Em Bras\u00edlia s\u00f3 teremos elei\u00e7\u00f5es em 2026, mas, nos munic\u00edpios, [&hellip;]<\/p>\n","protected":false},"author":2,"featured_media":290092,"comment_status":"closed","ping_status":"closed","sticky":false,"template":"","format":"standard","meta":{"_acf_changed":false,"footnotes":""},"categories":[161],"tags":[],"class_list":["post-312986","post","type-post","status-publish","format-standard","has-post-thumbnail","hentry","category-quadradinho-em-foco"],"acf":[],"yoast_head":"<!-- This site is optimized with the Yoast SEO plugin v27.2 - https:\/\/yoast.com\/product\/yoast-seo-wordpress\/ -->\n<title>Entorno vota; e quem perde elei\u00e7\u00e3o n\u00e3o sente vento na porta - Notibras<\/title>\n<meta name=\"robots\" content=\"index, follow, max-snippet:-1, max-image-preview:large, max-video-preview:-1\" \/>\n<link rel=\"canonical\" href=\"https:\/\/www.notibras.com\/site\/entorno-vota-e-quem-perde-eleicao-nao-sente-vento-na-porta\/\" \/>\n<meta property=\"og:locale\" content=\"pt_BR\" \/>\n<meta property=\"og:type\" content=\"article\" \/>\n<meta property=\"og:title\" content=\"Entorno vota; e quem perde elei\u00e7\u00e3o n\u00e3o sente vento na porta - Notibras\" \/>\n<meta property=\"og:description\" content=\"Existem e existir\u00e3o pol\u00edticos que s\u00f3 aparecem em per\u00edodo eleitoral. Esse comportamento sempre foi assim. Mesmo que ainda seja muito cedo para se pensar em elei\u00e7\u00e3o no Distrito Federal, 2024 est\u00e1 apontando ali no horizonte, para al\u00e9m do bem e do mal, nos munic\u00edpios brasileiros. Em Bras\u00edlia s\u00f3 teremos elei\u00e7\u00f5es em 2026, mas, nos munic\u00edpios, [&hellip;]\" \/>\n<meta property=\"og:url\" content=\"https:\/\/www.notibras.com\/site\/entorno-vota-e-quem-perde-eleicao-nao-sente-vento-na-porta\/\" \/>\n<meta property=\"og:site_name\" content=\"Notibras\" \/>\n<meta property=\"article:publisher\" content=\"https:\/\/www.facebook.com\/notibras\/\" \/>\n<meta property=\"article:published_time\" content=\"2023-09-16T10:00:08+00:00\" \/>\n<meta property=\"article:modified_time\" content=\"2023-09-16T11:48:37+00:00\" \/>\n<meta property=\"og:image\" content=\"https:\/\/www.notibras.com\/site\/wp-content\/uploads\/2022\/08\/50429036346_a9271a4327_o-2.jpg\" \/>\n\t<meta property=\"og:image:width\" content=\"1170\" \/>\n\t<meta property=\"og:image:height\" content=\"700\" \/>\n\t<meta property=\"og:image:type\" content=\"image\/jpeg\" \/>\n<meta name=\"author\" content=\"Reda\u00e7\u00e3o\" \/>\n<meta name=\"twitter:card\" content=\"summary_large_image\" \/>\n<meta name=\"twitter:creator\" content=\"@Notibras\" \/>\n<meta name=\"twitter:site\" content=\"@Notibras\" \/>\n<meta name=\"twitter:label1\" content=\"Escrito por\" \/>\n\t<meta name=\"twitter:data1\" content=\"Reda\u00e7\u00e3o\" \/>\n\t<meta name=\"twitter:label2\" content=\"Est. tempo de leitura\" \/>\n\t<meta name=\"twitter:data2\" content=\"4 minutos\" \/>\n<script type=\"application\/ld+json\" class=\"yoast-schema-graph\">{\"@context\":\"https:\/\/schema.org\",\"@graph\":[{\"@type\":\"Article\",\"@id\":\"https:\/\/www.notibras.com\/site\/entorno-vota-e-quem-perde-eleicao-nao-sente-vento-na-porta\/#article\",\"isPartOf\":{\"@id\":\"https:\/\/www.notibras.com\/site\/entorno-vota-e-quem-perde-eleicao-nao-sente-vento-na-porta\/\"},\"author\":{\"name\":\"Reda\u00e7\u00e3o\",\"@id\":\"https:\/\/www.notibras.com\/site\/#\/schema\/person\/36ab0979449956132d3e5b517ea76ac8\"},\"headline\":\"Entorno vota; e quem perde elei\u00e7\u00e3o n\u00e3o sente vento na porta\",\"datePublished\":\"2023-09-16T10:00:08+00:00\",\"dateModified\":\"2023-09-16T11:48:37+00:00\",\"mainEntityOfPage\":{\"@id\":\"https:\/\/www.notibras.com\/site\/entorno-vota-e-quem-perde-eleicao-nao-sente-vento-na-porta\/\"},\"wordCount\":778,\"publisher\":{\"@id\":\"https:\/\/www.notibras.com\/site\/#organization\"},\"image\":{\"@id\":\"https:\/\/www.notibras.com\/site\/entorno-vota-e-quem-perde-eleicao-nao-sente-vento-na-porta\/#primaryimage\"},\"thumbnailUrl\":\"https:\/\/www.notibras.com\/site\/wp-content\/uploads\/2022\/08\/50429036346_a9271a4327_o-2.jpg\",\"articleSection\":[\"Quadradinho em Foco\"],\"inLanguage\":\"pt-BR\"},{\"@type\":\"WebPage\",\"@id\":\"https:\/\/www.notibras.com\/site\/entorno-vota-e-quem-perde-eleicao-nao-sente-vento-na-porta\/\",\"url\":\"https:\/\/www.notibras.com\/site\/entorno-vota-e-quem-perde-eleicao-nao-sente-vento-na-porta\/\",\"name\":\"Entorno vota; e quem perde elei\u00e7\u00e3o n\u00e3o sente vento na porta - Notibras\",\"isPartOf\":{\"@id\":\"https:\/\/www.notibras.com\/site\/#website\"},\"primaryImageOfPage\":{\"@id\":\"https:\/\/www.notibras.com\/site\/entorno-vota-e-quem-perde-eleicao-nao-sente-vento-na-porta\/#primaryimage\"},\"image\":{\"@id\":\"https:\/\/www.notibras.com\/site\/entorno-vota-e-quem-perde-eleicao-nao-sente-vento-na-porta\/#primaryimage\"},\"thumbnailUrl\":\"https:\/\/www.notibras.com\/site\/wp-content\/uploads\/2022\/08\/50429036346_a9271a4327_o-2.jpg\",\"datePublished\":\"2023-09-16T10:00:08+00:00\",\"dateModified\":\"2023-09-16T11:48:37+00:00\",\"breadcrumb\":{\"@id\":\"https:\/\/www.notibras.com\/site\/entorno-vota-e-quem-perde-eleicao-nao-sente-vento-na-porta\/#breadcrumb\"},\"inLanguage\":\"pt-BR\",\"potentialAction\":[{\"@type\":\"ReadAction\",\"target\":[\"https:\/\/www.notibras.com\/site\/entorno-vota-e-quem-perde-eleicao-nao-sente-vento-na-porta\/\"]}]},{\"@type\":\"ImageObject\",\"inLanguage\":\"pt-BR\",\"@id\":\"https:\/\/www.notibras.com\/site\/entorno-vota-e-quem-perde-eleicao-nao-sente-vento-na-porta\/#primaryimage\",\"url\":\"https:\/\/www.notibras.com\/site\/wp-content\/uploads\/2022\/08\/50429036346_a9271a4327_o-2.jpg\",\"contentUrl\":\"https:\/\/www.notibras.com\/site\/wp-content\/uploads\/2022\/08\/50429036346_a9271a4327_o-2.jpg\",\"width\":1170,\"height\":700,\"caption\":\"TSE - Tribunal Superior Eleitoral Urna eletr\u00f4nica\"},{\"@type\":\"BreadcrumbList\",\"@id\":\"https:\/\/www.notibras.com\/site\/entorno-vota-e-quem-perde-eleicao-nao-sente-vento-na-porta\/#breadcrumb\",\"itemListElement\":[{\"@type\":\"ListItem\",\"position\":1,\"name\":\"In\u00edcio\",\"item\":\"https:\/\/www.notibras.com\/site\/\"},{\"@type\":\"ListItem\",\"position\":2,\"name\":\"Entorno vota; e quem perde elei\u00e7\u00e3o n\u00e3o sente vento na porta\"}]},{\"@type\":\"WebSite\",\"@id\":\"https:\/\/www.notibras.com\/site\/#website\",\"url\":\"https:\/\/www.notibras.com\/site\/\",\"name\":\"Notibras\",\"description\":\"Not\u00edcias de Bras\u00edlia, do Brasil e do Mundo\",\"publisher\":{\"@id\":\"https:\/\/www.notibras.com\/site\/#organization\"},\"potentialAction\":[{\"@type\":\"SearchAction\",\"target\":{\"@type\":\"EntryPoint\",\"urlTemplate\":\"https:\/\/www.notibras.com\/site\/?s={search_term_string}\"},\"query-input\":{\"@type\":\"PropertyValueSpecification\",\"valueRequired\":true,\"valueName\":\"search_term_string\"}}],\"inLanguage\":\"pt-BR\"},{\"@type\":\"Organization\",\"@id\":\"https:\/\/www.notibras.com\/site\/#organization\",\"name\":\"Grupo Notibras de Comunica\u00e7\u00e3o\",\"url\":\"https:\/\/www.notibras.com\/site\/\",\"logo\":{\"@type\":\"ImageObject\",\"inLanguage\":\"pt-BR\",\"@id\":\"https:\/\/www.notibras.com\/site\/#\/schema\/logo\/image\/\",\"url\":\"https:\/\/www.notibras.com\/site\/wp-content\/uploads\/2023\/01\/notibras23.png\",\"contentUrl\":\"https:\/\/www.notibras.com\/site\/wp-content\/uploads\/2023\/01\/notibras23.png\",\"width\":350,\"height\":87,\"caption\":\"Grupo Notibras de Comunica\u00e7\u00e3o\"},\"image\":{\"@id\":\"https:\/\/www.notibras.com\/site\/#\/schema\/logo\/image\/\"},\"sameAs\":[\"https:\/\/www.facebook.com\/notibras\/\",\"https:\/\/x.com\/Notibras\",\"https:\/\/www.instagram.com\/notibras\/\"]},{\"@type\":\"Person\",\"@id\":\"https:\/\/www.notibras.com\/site\/#\/schema\/person\/36ab0979449956132d3e5b517ea76ac8\",\"name\":\"Reda\u00e7\u00e3o\",\"image\":{\"@type\":\"ImageObject\",\"inLanguage\":\"pt-BR\",\"@id\":\"https:\/\/secure.gravatar.com\/avatar\/e0a867bdedb85fd243eadf09663511f96fc81e0720a4a42581f334ad4303aa6b?s=96&d=mm&r=g\",\"url\":\"https:\/\/secure.gravatar.com\/avatar\/e0a867bdedb85fd243eadf09663511f96fc81e0720a4a42581f334ad4303aa6b?s=96&d=mm&r=g\",\"contentUrl\":\"https:\/\/secure.gravatar.com\/avatar\/e0a867bdedb85fd243eadf09663511f96fc81e0720a4a42581f334ad4303aa6b?s=96&d=mm&r=g\",\"caption\":\"Reda\u00e7\u00e3o\"}}]}<\/script>\n<!-- \/ Yoast SEO plugin. -->","yoast_head_json":{"title":"Entorno vota; e quem perde elei\u00e7\u00e3o n\u00e3o sente vento na porta - Notibras","robots":{"index":"index","follow":"follow","max-snippet":"max-snippet:-1","max-image-preview":"max-image-preview:large","max-video-preview":"max-video-preview:-1"},"canonical":"https:\/\/www.notibras.com\/site\/entorno-vota-e-quem-perde-eleicao-nao-sente-vento-na-porta\/","og_locale":"pt_BR","og_type":"article","og_title":"Entorno vota; e quem perde elei\u00e7\u00e3o n\u00e3o sente vento na porta - Notibras","og_description":"Existem e existir\u00e3o pol\u00edticos que s\u00f3 aparecem em per\u00edodo eleitoral. Esse comportamento sempre foi assim. Mesmo que ainda seja muito cedo para se pensar em elei\u00e7\u00e3o no Distrito Federal, 2024 est\u00e1 apontando ali no horizonte, para al\u00e9m do bem e do mal, nos munic\u00edpios brasileiros. Em Bras\u00edlia s\u00f3 teremos elei\u00e7\u00f5es em 2026, mas, nos munic\u00edpios, [&hellip;]","og_url":"https:\/\/www.notibras.com\/site\/entorno-vota-e-quem-perde-eleicao-nao-sente-vento-na-porta\/","og_site_name":"Notibras","article_publisher":"https:\/\/www.facebook.com\/notibras\/","article_published_time":"2023-09-16T10:00:08+00:00","article_modified_time":"2023-09-16T11:48:37+00:00","og_image":[{"width":1170,"height":700,"url":"https:\/\/www.notibras.com\/site\/wp-content\/uploads\/2022\/08\/50429036346_a9271a4327_o-2.jpg","type":"image\/jpeg"}],"author":"Reda\u00e7\u00e3o","twitter_card":"summary_large_image","twitter_creator":"@Notibras","twitter_site":"@Notibras","twitter_misc":{"Escrito por":"Reda\u00e7\u00e3o","Est. tempo de leitura":"4 minutos"},"schema":{"@context":"https:\/\/schema.org","@graph":[{"@type":"Article","@id":"https:\/\/www.notibras.com\/site\/entorno-vota-e-quem-perde-eleicao-nao-sente-vento-na-porta\/#article","isPartOf":{"@id":"https:\/\/www.notibras.com\/site\/entorno-vota-e-quem-perde-eleicao-nao-sente-vento-na-porta\/"},"author":{"name":"Reda\u00e7\u00e3o","@id":"https:\/\/www.notibras.com\/site\/#\/schema\/person\/36ab0979449956132d3e5b517ea76ac8"},"headline":"Entorno vota; e quem perde elei\u00e7\u00e3o n\u00e3o sente vento na porta","datePublished":"2023-09-16T10:00:08+00:00","dateModified":"2023-09-16T11:48:37+00:00","mainEntityOfPage":{"@id":"https:\/\/www.notibras.com\/site\/entorno-vota-e-quem-perde-eleicao-nao-sente-vento-na-porta\/"},"wordCount":778,"publisher":{"@id":"https:\/\/www.notibras.com\/site\/#organization"},"image":{"@id":"https:\/\/www.notibras.com\/site\/entorno-vota-e-quem-perde-eleicao-nao-sente-vento-na-porta\/#primaryimage"},"thumbnailUrl":"https:\/\/www.notibras.com\/site\/wp-content\/uploads\/2022\/08\/50429036346_a9271a4327_o-2.jpg","articleSection":["Quadradinho em Foco"],"inLanguage":"pt-BR"},{"@type":"WebPage","@id":"https:\/\/www.notibras.com\/site\/entorno-vota-e-quem-perde-eleicao-nao-sente-vento-na-porta\/","url":"https:\/\/www.notibras.com\/site\/entorno-vota-e-quem-perde-eleicao-nao-sente-vento-na-porta\/","name":"Entorno vota; e quem perde elei\u00e7\u00e3o n\u00e3o sente vento na porta - Notibras","isPartOf":{"@id":"https:\/\/www.notibras.com\/site\/#website"},"primaryImageOfPage":{"@id":"https:\/\/www.notibras.com\/site\/entorno-vota-e-quem-perde-eleicao-nao-sente-vento-na-porta\/#primaryimage"},"image":{"@id":"https:\/\/www.notibras.com\/site\/entorno-vota-e-quem-perde-eleicao-nao-sente-vento-na-porta\/#primaryimage"},"thumbnailUrl":"https:\/\/www.notibras.com\/site\/wp-content\/uploads\/2022\/08\/50429036346_a9271a4327_o-2.jpg","datePublished":"2023-09-16T10:00:08+00:00","dateModified":"2023-09-16T11:48:37+00:00","breadcrumb":{"@id":"https:\/\/www.notibras.com\/site\/entorno-vota-e-quem-perde-eleicao-nao-sente-vento-na-porta\/#breadcrumb"},"inLanguage":"pt-BR","potentialAction":[{"@type":"ReadAction","target":["https:\/\/www.notibras.com\/site\/entorno-vota-e-quem-perde-eleicao-nao-sente-vento-na-porta\/"]}]},{"@type":"ImageObject","inLanguage":"pt-BR","@id":"https:\/\/www.notibras.com\/site\/entorno-vota-e-quem-perde-eleicao-nao-sente-vento-na-porta\/#primaryimage","url":"https:\/\/www.notibras.com\/site\/wp-content\/uploads\/2022\/08\/50429036346_a9271a4327_o-2.jpg","contentUrl":"https:\/\/www.notibras.com\/site\/wp-content\/uploads\/2022\/08\/50429036346_a9271a4327_o-2.jpg","width":1170,"height":700,"caption":"TSE - Tribunal Superior Eleitoral Urna eletr\u00f4nica"},{"@type":"BreadcrumbList","@id":"https:\/\/www.notibras.com\/site\/entorno-vota-e-quem-perde-eleicao-nao-sente-vento-na-porta\/#breadcrumb","itemListElement":[{"@type":"ListItem","position":1,"name":"In\u00edcio","item":"https:\/\/www.notibras.com\/site\/"},{"@type":"ListItem","position":2,"name":"Entorno vota; e quem perde elei\u00e7\u00e3o n\u00e3o sente vento na porta"}]},{"@type":"WebSite","@id":"https:\/\/www.notibras.com\/site\/#website","url":"https:\/\/www.notibras.com\/site\/","name":"Notibras","description":"Not\u00edcias de Bras\u00edlia, do Brasil e do Mundo","publisher":{"@id":"https:\/\/www.notibras.com\/site\/#organization"},"potentialAction":[{"@type":"SearchAction","target":{"@type":"EntryPoint","urlTemplate":"https:\/\/www.notibras.com\/site\/?s={search_term_string}"},"query-input":{"@type":"PropertyValueSpecification","valueRequired":true,"valueName":"search_term_string"}}],"inLanguage":"pt-BR"},{"@type":"Organization","@id":"https:\/\/www.notibras.com\/site\/#organization","name":"Grupo Notibras de Comunica\u00e7\u00e3o","url":"https:\/\/www.notibras.com\/site\/","logo":{"@type":"ImageObject","inLanguage":"pt-BR","@id":"https:\/\/www.notibras.com\/site\/#\/schema\/logo\/image\/","url":"https:\/\/www.notibras.com\/site\/wp-content\/uploads\/2023\/01\/notibras23.png","contentUrl":"https:\/\/www.notibras.com\/site\/wp-content\/uploads\/2023\/01\/notibras23.png","width":350,"height":87,"caption":"Grupo Notibras de Comunica\u00e7\u00e3o"},"image":{"@id":"https:\/\/www.notibras.com\/site\/#\/schema\/logo\/image\/"},"sameAs":["https:\/\/www.facebook.com\/notibras\/","https:\/\/x.com\/Notibras","https:\/\/www.instagram.com\/notibras\/"]},{"@type":"Person","@id":"https:\/\/www.notibras.com\/site\/#\/schema\/person\/36ab0979449956132d3e5b517ea76ac8","name":"Reda\u00e7\u00e3o","image":{"@type":"ImageObject","inLanguage":"pt-BR","@id":"https:\/\/secure.gravatar.com\/avatar\/e0a867bdedb85fd243eadf09663511f96fc81e0720a4a42581f334ad4303aa6b?s=96&d=mm&r=g","url":"https:\/\/secure.gravatar.com\/avatar\/e0a867bdedb85fd243eadf09663511f96fc81e0720a4a42581f334ad4303aa6b?s=96&d=mm&r=g","contentUrl":"https:\/\/secure.gravatar.com\/avatar\/e0a867bdedb85fd243eadf09663511f96fc81e0720a4a42581f334ad4303aa6b?s=96&d=mm&r=g","caption":"Reda\u00e7\u00e3o"}}]}},"amp_enabled":true,"_links":{"self":[{"href":"https:\/\/www.notibras.com\/site\/wp-json\/wp\/v2\/posts\/312986","targetHints":{"allow":["GET"]}}],"collection":[{"href":"https:\/\/www.notibras.com\/site\/wp-json\/wp\/v2\/posts"}],"about":[{"href":"https:\/\/www.notibras.com\/site\/wp-json\/wp\/v2\/types\/post"}],"author":[{"embeddable":true,"href":"https:\/\/www.notibras.com\/site\/wp-json\/wp\/v2\/users\/2"}],"replies":[{"embeddable":true,"href":"https:\/\/www.notibras.com\/site\/wp-json\/wp\/v2\/comments?post=312986"}],"version-history":[{"count":1,"href":"https:\/\/www.notibras.com\/site\/wp-json\/wp\/v2\/posts\/312986\/revisions"}],"predecessor-version":[{"id":312987,"href":"https:\/\/www.notibras.com\/site\/wp-json\/wp\/v2\/posts\/312986\/revisions\/312987"}],"wp:featuredmedia":[{"embeddable":true,"href":"https:\/\/www.notibras.com\/site\/wp-json\/wp\/v2\/media\/290092"}],"wp:attachment":[{"href":"https:\/\/www.notibras.com\/site\/wp-json\/wp\/v2\/media?parent=312986"}],"wp:term":[{"taxonomy":"category","embeddable":true,"href":"https:\/\/www.notibras.com\/site\/wp-json\/wp\/v2\/categories?post=312986"},{"taxonomy":"post_tag","embeddable":true,"href":"https:\/\/www.notibras.com\/site\/wp-json\/wp\/v2\/tags?post=312986"}],"curies":[{"name":"wp","href":"https:\/\/api.w.org\/{rel}","templated":true}]}}