{"id":313017,"date":"2023-09-17T06:03:01","date_gmt":"2023-09-17T09:03:01","guid":{"rendered":"https:\/\/www.notibras.com\/site\/?p=313017"},"modified":"2023-09-17T06:12:50","modified_gmt":"2023-09-17T09:12:50","slug":"quilombolas-lideram-combate-ao-fogo-na-chapada-dos-veadeiros","status":"publish","type":"post","link":"https:\/\/www.notibras.com\/site\/quilombolas-lideram-combate-ao-fogo-na-chapada-dos-veadeiros\/","title":{"rendered":"Quilombolas lideram combate ao fogo na Chapada dos Veadeiros"},"content":{"rendered":"<p>A brigada formada por moradores do Quilombo Kalunga da Chapada dos Veadeiros (GO) \u00e9 uma das pioneiras no uso consciente do fogo no Cerrado. O chamado Manejo Integrado do Fogo (MIF) \u00e9 o conjunto de t\u00e9cnicas que usam o fogo como ferramenta para prevenir os inc\u00eandios florestais. O MIF \u00e9 usado para queimar o excesso de vegeta\u00e7\u00e3o seca que \u00e9 prop\u00edcia a se tornar combust\u00edvel de inc\u00eandios de grandes propor\u00e7\u00f5es.<\/p>\n<p>Criada em 2011, o grupo \u00e9 formado por 75 brigadistas, que combatem o fogo nos munic\u00edpios goianos de Cavalcante e Teresina de Goi\u00e1s, juntando o conhecimento tradicional sobre o fogo dos kalungas com as t\u00e9cnicas de pesquisadores do Cerrado que atuam no quilombo.<\/p>\n<p>A brigada do Prevfogo \u00e9 unidade do Instituto Brasileiro do Meio Ambiente e dos Recursos H\u00eddricos (Ibama) que atua no combate e preven\u00e7\u00e3o de inc\u00eandios florestais. J\u00e1 o Quilombo Kalunga \u00e9 s\u00e9timo quilombo mais populoso do Brasil com cerca de 3.600 pessoas vivendo espalhadas em 39 comunidades por cerca de 261 mil hectares.<\/p>\n<p>A quilombola Alenir Jos\u00e9 Alves, de 36 anos, conta, orgulhosa, como \u00e9 trabalhar na preven\u00e7\u00e3o aos inc\u00eandios na regi\u00e3o com o uso consciente do fogo. \u201cSempre digo: a gente trabalha para gente mesmo. N\u00f3s estamos preservando o meio ambiente do nosso pr\u00f3prio territ\u00f3rio\u201d, disse.<\/p>\n<p>Al\u00e9m de reduzir os inc\u00eandios florestais no Territ\u00f3rio Kalunga, a atua\u00e7\u00e3o da brigada facilitou o trabalho dos agricultores locais. Jos\u00e9 dos Santos Rosa, de 69 anos, trabalha na ro\u00e7a desde os 10 anos de idade. Segundo ele, antes da chegada da brigada, o manejo do fogo era feito com folhas de buritis, uma palmeira caracter\u00edstica do Cerrado.<\/p>\n<p>\u201cQuando voc\u00ea fazia uma ro\u00e7a voc\u00ea sofria para fazer o aceiro [faixa do Cerrado que \u00e9 limpa para evitar que o fogo ultrapasse certa \u00e1rea] ao redor dela. N\u00f3s reun\u00edamos a companheirada pra ir botando fogo e ir apagando com folha de buriti\u201d, relatou.<\/p>\n<p><strong>Canad\u00e1<\/strong><br \/>\nReconhecida como refer\u00eancia entre os mais de 2 mil brigadistas do Brasil, parte da brigada acabou selecionada para representar o Brasil em a\u00e7\u00e3o humanit\u00e1ria no Canad\u00e1 para combater os inc\u00eandios que atingiram o pa\u00eds da Am\u00e9rica do Norte neste ano.<\/p>\n<p>A brigada liderada pelos kalungas cedeu dez dos 42 brigadistas ligados ao Ibama que foram ao Canad\u00e1 nos meses de julho e agosto.<\/p>\n<p>\u201cAs autoridades canadenses ficaram impressionadas com o trabalho dos brigadistas do Brasil. Ficaram encantados com os meninos. Deram dois dias para eles fazerem uma vala, uma trincheira, e eles fizeram em duas horas\u201d, contou C\u00e1ssio Tavares, respons\u00e1vel pelo Prevfogo em Goi\u00e1s.<\/p>\n<p>\u201cAcho que \u00e9 porque nossos brigadistas s\u00e3o tudo homem do campo. Acostumados a viver na mata, j\u00e1 sabem ligar com situa\u00e7\u00f5es mais adversas\u201d, avaliou o supervisor da brigada local, o kalunga Jos\u00e9 Gabriel dos Santos Rocha.<\/p>\n<p>A viagem ao Canad\u00e1 revelou aos brigadistas brasileiros a enorme diferen\u00e7a entre as condi\u00e7\u00f5es de trabalho do Brasil e do pa\u00eds da Am\u00e9rica do Norte. Os equipamentos de comunica\u00e7\u00e3o, as ferramentas e os ve\u00edculos usados no combate ao fogo no Canad\u00e1 chamaram aten\u00e7\u00e3o.<\/p>\n<p>\u201cL\u00e1 a gente viu que os brigadistas no Brasil n\u00e3o s\u00e3o t\u00e3o valorizados. Aqui faltam transporte, EPIs [Equipamentos de Prote\u00e7\u00e3o Individual] e r\u00e1dios comunicadores. Faltam condi\u00e7\u00f5es de trabalho\u201d, afirmou Charles Pereira Pinto.<\/p>\n<p>O respons\u00e1vel pelo Prevfogo no estado, C\u00e1ssio Tavares, reconheceu a escassez de recursos. \u201cPrecisamos de mais recursos, mais ve\u00edculos. Se v\u00e1rios focos iniciarem ao mesmo tempo, temos que ter ve\u00edculos para levar os brigadistas\u201d, explicou o servidor do Ibama, que informou atuar para melhorar as condi\u00e7\u00f5es de trabalho do Prevfogo em Goi\u00e1s.<\/p>\n<p>Os brigadistas do Prevfogo s\u00e3o contratados pelo Ibama para trabalhar por seis meses no ano, durante o per\u00edodo da seca, por uma remunera\u00e7\u00e3o no valor de um sal\u00e1rio m\u00ednimo.<\/p>\n<p><strong>Mulheres<\/strong><br \/>\nPassar horas combatendo o fogo em meio \u00e0s altas temperaturas \u00e9 um trabalho que exige muito esfor\u00e7o f\u00edsico e \u00e9 dominado por homens. Atualmente, quatro dos 75 brigadistas da unidade de Cavalcante s\u00e3o mulheres.<\/p>\n<p>A brigadista Alenir Jos\u00e9 Alves estuda Ci\u00eancias da Natureza e trabalhava como guia na regi\u00e3o. Quando a pandemia reduziu o turismo no Quilombo, ela decidiu tentar entrar na brigada.<\/p>\n<p>\u201cEu at\u00e9 pensava que era servi\u00e7o de homem mesmo, mas quando entrei na brigada vi que podemos fazer a diferen\u00e7a. N\u00f3s mulheres somos capazes de fazer esse trabalho e tenho chamado as meninas para vir tamb\u00e9m\u201d, disse Alenir. Ela disse que \u201cviciou\u201d no trabalho da brigada. \u201c\u00c9 a adrenalina. Voc\u00ea quer ver o resultado final\u201d, completou.<\/p>\n","protected":false},"excerpt":{"rendered":"<p>A brigada formada por moradores do Quilombo Kalunga da Chapada dos Veadeiros (GO) \u00e9 uma das pioneiras no uso consciente do fogo no Cerrado. O chamado Manejo Integrado do Fogo (MIF) \u00e9 o conjunto de t\u00e9cnicas que usam o fogo como ferramenta para prevenir os inc\u00eandios florestais. O MIF \u00e9 usado para queimar o excesso [&hellip;]<\/p>\n","protected":false},"author":2,"featured_media":313018,"comment_status":"closed","ping_status":"closed","sticky":false,"template":"","format":"standard","meta":{"_acf_changed":false,"footnotes":""},"categories":[161],"tags":[95],"class_list":["post-313017","post","type-post","status-publish","format-standard","has-post-thumbnail","hentry","category-quadradinho-em-foco","tag-capa"],"acf":[],"yoast_head":"<!-- This site is optimized with the Yoast SEO plugin v27.2 - https:\/\/yoast.com\/product\/yoast-seo-wordpress\/ -->\n<title>Quilombolas lideram combate ao fogo na Chapada dos Veadeiros - Notibras<\/title>\n<meta name=\"robots\" content=\"index, follow, max-snippet:-1, max-image-preview:large, max-video-preview:-1\" \/>\n<link rel=\"canonical\" href=\"https:\/\/www.notibras.com\/site\/quilombolas-lideram-combate-ao-fogo-na-chapada-dos-veadeiros\/\" \/>\n<meta property=\"og:locale\" content=\"pt_BR\" \/>\n<meta property=\"og:type\" content=\"article\" \/>\n<meta property=\"og:title\" content=\"Quilombolas lideram combate ao fogo na Chapada dos Veadeiros - Notibras\" \/>\n<meta property=\"og:description\" content=\"A brigada formada por moradores do Quilombo Kalunga da Chapada dos Veadeiros (GO) \u00e9 uma das pioneiras no uso consciente do fogo no Cerrado. O chamado Manejo Integrado do Fogo (MIF) \u00e9 o conjunto de t\u00e9cnicas que usam o fogo como ferramenta para prevenir os inc\u00eandios florestais. O MIF \u00e9 usado para queimar o excesso [&hellip;]\" \/>\n<meta property=\"og:url\" content=\"https:\/\/www.notibras.com\/site\/quilombolas-lideram-combate-ao-fogo-na-chapada-dos-veadeiros\/\" \/>\n<meta property=\"og:site_name\" content=\"Notibras\" \/>\n<meta property=\"article:publisher\" content=\"https:\/\/www.facebook.com\/notibras\/\" \/>\n<meta property=\"article:published_time\" content=\"2023-09-17T09:03:01+00:00\" \/>\n<meta property=\"article:modified_time\" content=\"2023-09-17T09:12:50+00:00\" \/>\n<meta property=\"og:image\" content=\"https:\/\/www.notibras.com\/site\/wp-content\/uploads\/2023\/09\/ja_3966.jpg\" \/>\n\t<meta property=\"og:image:width\" content=\"1170\" \/>\n\t<meta property=\"og:image:height\" content=\"700\" \/>\n\t<meta property=\"og:image:type\" content=\"image\/jpeg\" \/>\n<meta name=\"author\" content=\"Reda\u00e7\u00e3o\" \/>\n<meta name=\"twitter:card\" content=\"summary_large_image\" \/>\n<meta name=\"twitter:creator\" content=\"@Notibras\" \/>\n<meta name=\"twitter:site\" content=\"@Notibras\" \/>\n<meta name=\"twitter:label1\" content=\"Escrito por\" \/>\n\t<meta name=\"twitter:data1\" content=\"Reda\u00e7\u00e3o\" \/>\n\t<meta name=\"twitter:label2\" content=\"Est. tempo de leitura\" \/>\n\t<meta name=\"twitter:data2\" content=\"5 minutos\" \/>\n<script type=\"application\/ld+json\" class=\"yoast-schema-graph\">{\"@context\":\"https:\/\/schema.org\",\"@graph\":[{\"@type\":\"Article\",\"@id\":\"https:\/\/www.notibras.com\/site\/quilombolas-lideram-combate-ao-fogo-na-chapada-dos-veadeiros\/#article\",\"isPartOf\":{\"@id\":\"https:\/\/www.notibras.com\/site\/quilombolas-lideram-combate-ao-fogo-na-chapada-dos-veadeiros\/\"},\"author\":{\"name\":\"Reda\u00e7\u00e3o\",\"@id\":\"https:\/\/www.notibras.com\/site\/#\/schema\/person\/36ab0979449956132d3e5b517ea76ac8\"},\"headline\":\"Quilombolas lideram combate ao fogo na Chapada dos Veadeiros\",\"datePublished\":\"2023-09-17T09:03:01+00:00\",\"dateModified\":\"2023-09-17T09:12:50+00:00\",\"mainEntityOfPage\":{\"@id\":\"https:\/\/www.notibras.com\/site\/quilombolas-lideram-combate-ao-fogo-na-chapada-dos-veadeiros\/\"},\"wordCount\":787,\"publisher\":{\"@id\":\"https:\/\/www.notibras.com\/site\/#organization\"},\"image\":{\"@id\":\"https:\/\/www.notibras.com\/site\/quilombolas-lideram-combate-ao-fogo-na-chapada-dos-veadeiros\/#primaryimage\"},\"thumbnailUrl\":\"https:\/\/www.notibras.com\/site\/wp-content\/uploads\/2023\/09\/ja_3966.jpg\",\"keywords\":[\"capa\"],\"articleSection\":[\"Quadradinho em Foco\"],\"inLanguage\":\"pt-BR\"},{\"@type\":\"WebPage\",\"@id\":\"https:\/\/www.notibras.com\/site\/quilombolas-lideram-combate-ao-fogo-na-chapada-dos-veadeiros\/\",\"url\":\"https:\/\/www.notibras.com\/site\/quilombolas-lideram-combate-ao-fogo-na-chapada-dos-veadeiros\/\",\"name\":\"Quilombolas lideram combate ao fogo na Chapada dos Veadeiros - Notibras\",\"isPartOf\":{\"@id\":\"https:\/\/www.notibras.com\/site\/#website\"},\"primaryImageOfPage\":{\"@id\":\"https:\/\/www.notibras.com\/site\/quilombolas-lideram-combate-ao-fogo-na-chapada-dos-veadeiros\/#primaryimage\"},\"image\":{\"@id\":\"https:\/\/www.notibras.com\/site\/quilombolas-lideram-combate-ao-fogo-na-chapada-dos-veadeiros\/#primaryimage\"},\"thumbnailUrl\":\"https:\/\/www.notibras.com\/site\/wp-content\/uploads\/2023\/09\/ja_3966.jpg\",\"datePublished\":\"2023-09-17T09:03:01+00:00\",\"dateModified\":\"2023-09-17T09:12:50+00:00\",\"breadcrumb\":{\"@id\":\"https:\/\/www.notibras.com\/site\/quilombolas-lideram-combate-ao-fogo-na-chapada-dos-veadeiros\/#breadcrumb\"},\"inLanguage\":\"pt-BR\",\"potentialAction\":[{\"@type\":\"ReadAction\",\"target\":[\"https:\/\/www.notibras.com\/site\/quilombolas-lideram-combate-ao-fogo-na-chapada-dos-veadeiros\/\"]}]},{\"@type\":\"ImageObject\",\"inLanguage\":\"pt-BR\",\"@id\":\"https:\/\/www.notibras.com\/site\/quilombolas-lideram-combate-ao-fogo-na-chapada-dos-veadeiros\/#primaryimage\",\"url\":\"https:\/\/www.notibras.com\/site\/wp-content\/uploads\/2023\/09\/ja_3966.jpg\",\"contentUrl\":\"https:\/\/www.notibras.com\/site\/wp-content\/uploads\/2023\/09\/ja_3966.jpg\",\"width\":1170,\"height\":700,\"caption\":\"Cavalcante (GO) 15\/09\/2023 \u2013 A brigada de inc\u00eandio da Prevfogo composta com membros da comunidade quilombola Kalunga, durante simula\u00e7\u00e3o de combate ao fogo no cerrado no Engenho II Foto: Jo\u00e9dson Alves\/Ag\u00eancia Brasil\"},{\"@type\":\"BreadcrumbList\",\"@id\":\"https:\/\/www.notibras.com\/site\/quilombolas-lideram-combate-ao-fogo-na-chapada-dos-veadeiros\/#breadcrumb\",\"itemListElement\":[{\"@type\":\"ListItem\",\"position\":1,\"name\":\"In\u00edcio\",\"item\":\"https:\/\/www.notibras.com\/site\/\"},{\"@type\":\"ListItem\",\"position\":2,\"name\":\"Quilombolas lideram combate ao fogo na Chapada dos Veadeiros\"}]},{\"@type\":\"WebSite\",\"@id\":\"https:\/\/www.notibras.com\/site\/#website\",\"url\":\"https:\/\/www.notibras.com\/site\/\",\"name\":\"Notibras\",\"description\":\"Not\u00edcias de Bras\u00edlia, do Brasil e do Mundo\",\"publisher\":{\"@id\":\"https:\/\/www.notibras.com\/site\/#organization\"},\"potentialAction\":[{\"@type\":\"SearchAction\",\"target\":{\"@type\":\"EntryPoint\",\"urlTemplate\":\"https:\/\/www.notibras.com\/site\/?s={search_term_string}\"},\"query-input\":{\"@type\":\"PropertyValueSpecification\",\"valueRequired\":true,\"valueName\":\"search_term_string\"}}],\"inLanguage\":\"pt-BR\"},{\"@type\":\"Organization\",\"@id\":\"https:\/\/www.notibras.com\/site\/#organization\",\"name\":\"Grupo Notibras de Comunica\u00e7\u00e3o\",\"url\":\"https:\/\/www.notibras.com\/site\/\",\"logo\":{\"@type\":\"ImageObject\",\"inLanguage\":\"pt-BR\",\"@id\":\"https:\/\/www.notibras.com\/site\/#\/schema\/logo\/image\/\",\"url\":\"https:\/\/www.notibras.com\/site\/wp-content\/uploads\/2023\/01\/notibras23.png\",\"contentUrl\":\"https:\/\/www.notibras.com\/site\/wp-content\/uploads\/2023\/01\/notibras23.png\",\"width\":350,\"height\":87,\"caption\":\"Grupo Notibras de Comunica\u00e7\u00e3o\"},\"image\":{\"@id\":\"https:\/\/www.notibras.com\/site\/#\/schema\/logo\/image\/\"},\"sameAs\":[\"https:\/\/www.facebook.com\/notibras\/\",\"https:\/\/x.com\/Notibras\",\"https:\/\/www.instagram.com\/notibras\/\"]},{\"@type\":\"Person\",\"@id\":\"https:\/\/www.notibras.com\/site\/#\/schema\/person\/36ab0979449956132d3e5b517ea76ac8\",\"name\":\"Reda\u00e7\u00e3o\",\"image\":{\"@type\":\"ImageObject\",\"inLanguage\":\"pt-BR\",\"@id\":\"https:\/\/secure.gravatar.com\/avatar\/e0a867bdedb85fd243eadf09663511f96fc81e0720a4a42581f334ad4303aa6b?s=96&d=mm&r=g\",\"url\":\"https:\/\/secure.gravatar.com\/avatar\/e0a867bdedb85fd243eadf09663511f96fc81e0720a4a42581f334ad4303aa6b?s=96&d=mm&r=g\",\"contentUrl\":\"https:\/\/secure.gravatar.com\/avatar\/e0a867bdedb85fd243eadf09663511f96fc81e0720a4a42581f334ad4303aa6b?s=96&d=mm&r=g\",\"caption\":\"Reda\u00e7\u00e3o\"}}]}<\/script>\n<!-- \/ Yoast SEO plugin. -->","yoast_head_json":{"title":"Quilombolas lideram combate ao fogo na Chapada dos Veadeiros - Notibras","robots":{"index":"index","follow":"follow","max-snippet":"max-snippet:-1","max-image-preview":"max-image-preview:large","max-video-preview":"max-video-preview:-1"},"canonical":"https:\/\/www.notibras.com\/site\/quilombolas-lideram-combate-ao-fogo-na-chapada-dos-veadeiros\/","og_locale":"pt_BR","og_type":"article","og_title":"Quilombolas lideram combate ao fogo na Chapada dos Veadeiros - Notibras","og_description":"A brigada formada por moradores do Quilombo Kalunga da Chapada dos Veadeiros (GO) \u00e9 uma das pioneiras no uso consciente do fogo no Cerrado. O chamado Manejo Integrado do Fogo (MIF) \u00e9 o conjunto de t\u00e9cnicas que usam o fogo como ferramenta para prevenir os inc\u00eandios florestais. O MIF \u00e9 usado para queimar o excesso [&hellip;]","og_url":"https:\/\/www.notibras.com\/site\/quilombolas-lideram-combate-ao-fogo-na-chapada-dos-veadeiros\/","og_site_name":"Notibras","article_publisher":"https:\/\/www.facebook.com\/notibras\/","article_published_time":"2023-09-17T09:03:01+00:00","article_modified_time":"2023-09-17T09:12:50+00:00","og_image":[{"width":1170,"height":700,"url":"https:\/\/www.notibras.com\/site\/wp-content\/uploads\/2023\/09\/ja_3966.jpg","type":"image\/jpeg"}],"author":"Reda\u00e7\u00e3o","twitter_card":"summary_large_image","twitter_creator":"@Notibras","twitter_site":"@Notibras","twitter_misc":{"Escrito por":"Reda\u00e7\u00e3o","Est. tempo de leitura":"5 minutos"},"schema":{"@context":"https:\/\/schema.org","@graph":[{"@type":"Article","@id":"https:\/\/www.notibras.com\/site\/quilombolas-lideram-combate-ao-fogo-na-chapada-dos-veadeiros\/#article","isPartOf":{"@id":"https:\/\/www.notibras.com\/site\/quilombolas-lideram-combate-ao-fogo-na-chapada-dos-veadeiros\/"},"author":{"name":"Reda\u00e7\u00e3o","@id":"https:\/\/www.notibras.com\/site\/#\/schema\/person\/36ab0979449956132d3e5b517ea76ac8"},"headline":"Quilombolas lideram combate ao fogo na Chapada dos Veadeiros","datePublished":"2023-09-17T09:03:01+00:00","dateModified":"2023-09-17T09:12:50+00:00","mainEntityOfPage":{"@id":"https:\/\/www.notibras.com\/site\/quilombolas-lideram-combate-ao-fogo-na-chapada-dos-veadeiros\/"},"wordCount":787,"publisher":{"@id":"https:\/\/www.notibras.com\/site\/#organization"},"image":{"@id":"https:\/\/www.notibras.com\/site\/quilombolas-lideram-combate-ao-fogo-na-chapada-dos-veadeiros\/#primaryimage"},"thumbnailUrl":"https:\/\/www.notibras.com\/site\/wp-content\/uploads\/2023\/09\/ja_3966.jpg","keywords":["capa"],"articleSection":["Quadradinho em Foco"],"inLanguage":"pt-BR"},{"@type":"WebPage","@id":"https:\/\/www.notibras.com\/site\/quilombolas-lideram-combate-ao-fogo-na-chapada-dos-veadeiros\/","url":"https:\/\/www.notibras.com\/site\/quilombolas-lideram-combate-ao-fogo-na-chapada-dos-veadeiros\/","name":"Quilombolas lideram combate ao fogo na Chapada dos Veadeiros - Notibras","isPartOf":{"@id":"https:\/\/www.notibras.com\/site\/#website"},"primaryImageOfPage":{"@id":"https:\/\/www.notibras.com\/site\/quilombolas-lideram-combate-ao-fogo-na-chapada-dos-veadeiros\/#primaryimage"},"image":{"@id":"https:\/\/www.notibras.com\/site\/quilombolas-lideram-combate-ao-fogo-na-chapada-dos-veadeiros\/#primaryimage"},"thumbnailUrl":"https:\/\/www.notibras.com\/site\/wp-content\/uploads\/2023\/09\/ja_3966.jpg","datePublished":"2023-09-17T09:03:01+00:00","dateModified":"2023-09-17T09:12:50+00:00","breadcrumb":{"@id":"https:\/\/www.notibras.com\/site\/quilombolas-lideram-combate-ao-fogo-na-chapada-dos-veadeiros\/#breadcrumb"},"inLanguage":"pt-BR","potentialAction":[{"@type":"ReadAction","target":["https:\/\/www.notibras.com\/site\/quilombolas-lideram-combate-ao-fogo-na-chapada-dos-veadeiros\/"]}]},{"@type":"ImageObject","inLanguage":"pt-BR","@id":"https:\/\/www.notibras.com\/site\/quilombolas-lideram-combate-ao-fogo-na-chapada-dos-veadeiros\/#primaryimage","url":"https:\/\/www.notibras.com\/site\/wp-content\/uploads\/2023\/09\/ja_3966.jpg","contentUrl":"https:\/\/www.notibras.com\/site\/wp-content\/uploads\/2023\/09\/ja_3966.jpg","width":1170,"height":700,"caption":"Cavalcante (GO) 15\/09\/2023 \u2013 A brigada de inc\u00eandio da Prevfogo composta com membros da comunidade quilombola Kalunga, durante simula\u00e7\u00e3o de combate ao fogo no cerrado no Engenho II Foto: Jo\u00e9dson Alves\/Ag\u00eancia Brasil"},{"@type":"BreadcrumbList","@id":"https:\/\/www.notibras.com\/site\/quilombolas-lideram-combate-ao-fogo-na-chapada-dos-veadeiros\/#breadcrumb","itemListElement":[{"@type":"ListItem","position":1,"name":"In\u00edcio","item":"https:\/\/www.notibras.com\/site\/"},{"@type":"ListItem","position":2,"name":"Quilombolas lideram combate ao fogo na Chapada dos Veadeiros"}]},{"@type":"WebSite","@id":"https:\/\/www.notibras.com\/site\/#website","url":"https:\/\/www.notibras.com\/site\/","name":"Notibras","description":"Not\u00edcias de Bras\u00edlia, do Brasil e do Mundo","publisher":{"@id":"https:\/\/www.notibras.com\/site\/#organization"},"potentialAction":[{"@type":"SearchAction","target":{"@type":"EntryPoint","urlTemplate":"https:\/\/www.notibras.com\/site\/?s={search_term_string}"},"query-input":{"@type":"PropertyValueSpecification","valueRequired":true,"valueName":"search_term_string"}}],"inLanguage":"pt-BR"},{"@type":"Organization","@id":"https:\/\/www.notibras.com\/site\/#organization","name":"Grupo Notibras de Comunica\u00e7\u00e3o","url":"https:\/\/www.notibras.com\/site\/","logo":{"@type":"ImageObject","inLanguage":"pt-BR","@id":"https:\/\/www.notibras.com\/site\/#\/schema\/logo\/image\/","url":"https:\/\/www.notibras.com\/site\/wp-content\/uploads\/2023\/01\/notibras23.png","contentUrl":"https:\/\/www.notibras.com\/site\/wp-content\/uploads\/2023\/01\/notibras23.png","width":350,"height":87,"caption":"Grupo Notibras de Comunica\u00e7\u00e3o"},"image":{"@id":"https:\/\/www.notibras.com\/site\/#\/schema\/logo\/image\/"},"sameAs":["https:\/\/www.facebook.com\/notibras\/","https:\/\/x.com\/Notibras","https:\/\/www.instagram.com\/notibras\/"]},{"@type":"Person","@id":"https:\/\/www.notibras.com\/site\/#\/schema\/person\/36ab0979449956132d3e5b517ea76ac8","name":"Reda\u00e7\u00e3o","image":{"@type":"ImageObject","inLanguage":"pt-BR","@id":"https:\/\/secure.gravatar.com\/avatar\/e0a867bdedb85fd243eadf09663511f96fc81e0720a4a42581f334ad4303aa6b?s=96&d=mm&r=g","url":"https:\/\/secure.gravatar.com\/avatar\/e0a867bdedb85fd243eadf09663511f96fc81e0720a4a42581f334ad4303aa6b?s=96&d=mm&r=g","contentUrl":"https:\/\/secure.gravatar.com\/avatar\/e0a867bdedb85fd243eadf09663511f96fc81e0720a4a42581f334ad4303aa6b?s=96&d=mm&r=g","caption":"Reda\u00e7\u00e3o"}}]}},"amp_enabled":true,"_links":{"self":[{"href":"https:\/\/www.notibras.com\/site\/wp-json\/wp\/v2\/posts\/313017","targetHints":{"allow":["GET"]}}],"collection":[{"href":"https:\/\/www.notibras.com\/site\/wp-json\/wp\/v2\/posts"}],"about":[{"href":"https:\/\/www.notibras.com\/site\/wp-json\/wp\/v2\/types\/post"}],"author":[{"embeddable":true,"href":"https:\/\/www.notibras.com\/site\/wp-json\/wp\/v2\/users\/2"}],"replies":[{"embeddable":true,"href":"https:\/\/www.notibras.com\/site\/wp-json\/wp\/v2\/comments?post=313017"}],"version-history":[{"count":1,"href":"https:\/\/www.notibras.com\/site\/wp-json\/wp\/v2\/posts\/313017\/revisions"}],"predecessor-version":[{"id":313019,"href":"https:\/\/www.notibras.com\/site\/wp-json\/wp\/v2\/posts\/313017\/revisions\/313019"}],"wp:featuredmedia":[{"embeddable":true,"href":"https:\/\/www.notibras.com\/site\/wp-json\/wp\/v2\/media\/313018"}],"wp:attachment":[{"href":"https:\/\/www.notibras.com\/site\/wp-json\/wp\/v2\/media?parent=313017"}],"wp:term":[{"taxonomy":"category","embeddable":true,"href":"https:\/\/www.notibras.com\/site\/wp-json\/wp\/v2\/categories?post=313017"},{"taxonomy":"post_tag","embeddable":true,"href":"https:\/\/www.notibras.com\/site\/wp-json\/wp\/v2\/tags?post=313017"}],"curies":[{"name":"wp","href":"https:\/\/api.w.org\/{rel}","templated":true}]}}