{"id":313020,"date":"2023-09-17T06:01:27","date_gmt":"2023-09-17T09:01:27","guid":{"rendered":"https:\/\/www.notibras.com\/site\/?p=313020"},"modified":"2023-09-17T06:37:49","modified_gmt":"2023-09-17T09:37:49","slug":"uso-consciente-do-fogo-reduz-incendios-no-cerrado","status":"publish","type":"post","link":"https:\/\/www.notibras.com\/site\/uso-consciente-do-fogo-reduz-incendios-no-cerrado\/","title":{"rendered":"Uso consciente do fogo reduz inc\u00eandios no Cerrado"},"content":{"rendered":"<p>Brigadistas e pesquisadores do Cerrado apontam que o uso consciente do fogo vem ajudando a reduzir os inc\u00eandios florestais na Chapada dos Veadeiros (GO) nos \u00faltimos anos. Pr\u00e1tica adotada por parte dos brigadistas da regi\u00e3o desde o ano de 2014, ela se expandiu, principalmente, depois dos grandes inc\u00eandios de 2017 e 2020 que consumiram, respectivamente, 22% e 31% do Parque Nacional da Chapada dos Veadeiros.<\/p>\n<p>O chamado Manejo Integrado do Fogo (MIF) \u00e9 o conjunto de t\u00e9cnicas que usam o fogo como ferramenta para prevenir os inc\u00eandios florestais, como a queima do excesso de vegeta\u00e7\u00e3o seca que \u00e9 prop\u00edcia a se tornar combust\u00edvel de inc\u00eandios de grandes propor\u00e7\u00f5es.<\/p>\n<p>Na cachoeira de Santa B\u00e1rbara, por exemplo, localizada no Quilombo Kalunga (GO), a brigada formada por quilombolas p\u00f5e fogo no espa\u00e7o em torno das nascentes e das veredas que protegem o curso do rio para evitar que, no per\u00edodo da seca, inc\u00eandios alcancem a mata que protege as \u00e1guas.<\/p>\n<p>Entre abril e julho de 2023, os brigadistas do Prevfogo realizaram queimas conscientes em mais de 2 mil hectares dentro do quilombo. O Prevfogo \u00e9 a unidade do Instituto Brasileiro do Meio Ambiente e dos Recursos H\u00eddricos (Ibama) que atua no combate e preven\u00e7\u00e3o de inc\u00eandios florestais.<\/p>\n<p><strong>Conhecimento tradicional<\/strong><br \/>\nApesar de adotado pelos brigadistas h\u00e1 quase dez anos, o uso consciente do fogo \u00e9 parte do conhecimento ancestral do Territ\u00f3rio Kalunga, s\u00e9timo quilombo mais populoso do Brasil com cerca de 3.600 pessoas espalhadas em 39 comunidades por cerca de 261 mil hectares.<\/p>\n<p>O supervisor da brigada local, o kalunga Jos\u00e9 Gabriel dos Santos Rocha, contou que a queima do terreno sempre foi uma pr\u00e1tica na comunidade.<\/p>\n<p>\u201cNossos antepassados j\u00e1 faziam essas queimas nos pontos estrat\u00e9gicos. Queimavam uma \u00e1rea, dois anos depois queimavam outra \u00e1rea e iam remanejando o combust\u00edvel. Isso sempre foi feito\u201d, explicou.<\/p>\n<p>Por causa desse h\u00e1bito, a antiga pol\u00edtica de \u201cfogo zero\u201d sofreu resist\u00eancia por parte dos moradores kalungas. A proibi\u00e7\u00e3o total do uso do fogo foi adotada como regra pelos brigadistas desde a cria\u00e7\u00e3o do Prevfogo em Cavalcante, em 2011.<\/p>\n<p>Com a pol\u00edtica de fogo zero, Gabriel disse que a vegeta\u00e7\u00e3o acumulava excesso de material que acabava virando combust\u00edvel dos inc\u00eandios florestais. Com isso, no per\u00edodo da seca, temperatura alta e umidade baixa, \u201cos inc\u00eandios florestais ficavam dif\u00edceis de combater\u201d.<\/p>\n<p>Enquanto a reportagem conhecia a comunidade Engenho II no quilombo, presenciou o agricultor Elias Francisco Maia, de 46 anos, colocando fogo e, ao mesmo tempo, apagando as chamas em torno da sua ro\u00e7a.<\/p>\n<p>\u201cS\u00f3 queimo onde quero, tenho total controle. Aqui no quilombo sempre teve fogo. No Parque [Nacional da Chapada dos Veadeiros] sempre foi pol\u00edtica fogo zero, mas quando saiu um fogo ningu\u00e9m conseguia controlar porque eles n\u00e3o faziam o manejo [do fogo]\u201d, explicou.<\/p>\n<p><strong>Fogo e Cerrado<\/strong><br \/>\nNo Cerrado, o fogo faz parte da evolu\u00e7\u00e3o biol\u00f3gica do bioma, destacou a diretora de Ci\u00eancia do Instituto de Pesquisa Ambiental da Amaz\u00f4nia (Ipam) e coordenadora do MapBiomas Cerrado, Ane Alencar. Segundo a pesquisadora, existiu por muito tempo a ideia de que as chamas eram sempre ruins.<\/p>\n<p>\u201cIsso vem de uma vis\u00e3o da Amaz\u00f4nia onde o fogo sempre foi visto como algo necessariamente ruim. Recentemente temos aprendido muito com a import\u00e2ncia de se manejar o fogo de uma forma correta em ambientes adaptados ou dependentes do fogo. Isso \u00e9 fundamental para o Cerrado e para reduzir o risco de cat\u00e1strofes\u201d, explicou.<\/p>\n<p>O respons\u00e1vel pelo Prevfogo em Goi\u00e1s, C\u00e1ssio Tavares, destacou que, no in\u00edcio, a pr\u00e1tica do manejo do fogo n\u00e3o foi bem recebida por parte de \u00f3rg\u00e3os ambientais do Estado, da sociedade e da academia. \u201cMuitos foram taxados de loucos\u201d por defender o m\u00e9todo, contou o servidor do Ibama.<\/p>\n<p>O Instituto Chico Mendes de Conserva\u00e7\u00e3o da Biodiversidade (ICMBio), que faz a gest\u00e3o do Parque Nacional da Chapada dos Veadeiros, informou, em nota, que o uso consciente do fogo pelo \u00f3rg\u00e3o come\u00e7ou, de forma experimental, entre 2012 e 2014.<\/p>\n<p>De acordo com o ICMBio, o manejo do fogo para preven\u00e7\u00e3o de inc\u00eandios florestais no Brasil foi motivado pela \u201ctroca de experi\u00eancia com outros pa\u00edses que apresentaram resultados positivos na realiza\u00e7\u00e3o de a\u00e7\u00f5es de manejo\u201d, em especial, com a Austr\u00e1lia.<\/p>\n<p>Como exemplo de sucesso, o Instituto citou o caso da Esta\u00e7\u00e3o Ecol\u00f3gica da Serra Geral do Tocantins, que viu os inc\u00eandios florestais despencarem ap\u00f3s o manejo do fogo pelo ICMBio.<\/p>\n","protected":false},"excerpt":{"rendered":"<p>Brigadistas e pesquisadores do Cerrado apontam que o uso consciente do fogo vem ajudando a reduzir os inc\u00eandios florestais na Chapada dos Veadeiros (GO) nos \u00faltimos anos. Pr\u00e1tica adotada por parte dos brigadistas da regi\u00e3o desde o ano de 2014, ela se expandiu, principalmente, depois dos grandes inc\u00eandios de 2017 e 2020 que consumiram, respectivamente, [&hellip;]<\/p>\n","protected":false},"author":2,"featured_media":313021,"comment_status":"closed","ping_status":"closed","sticky":false,"template":"","format":"standard","meta":{"_acf_changed":false,"footnotes":""},"categories":[161],"tags":[95],"class_list":["post-313020","post","type-post","status-publish","format-standard","has-post-thumbnail","hentry","category-quadradinho-em-foco","tag-capa"],"acf":[],"yoast_head":"<!-- This site is optimized with the Yoast SEO plugin v27.2 - https:\/\/yoast.com\/product\/yoast-seo-wordpress\/ -->\n<title>Uso consciente do fogo reduz inc\u00eandios no Cerrado - Notibras<\/title>\n<meta name=\"robots\" content=\"index, follow, max-snippet:-1, max-image-preview:large, max-video-preview:-1\" \/>\n<link rel=\"canonical\" href=\"https:\/\/www.notibras.com\/site\/uso-consciente-do-fogo-reduz-incendios-no-cerrado\/\" \/>\n<meta property=\"og:locale\" content=\"pt_BR\" \/>\n<meta property=\"og:type\" content=\"article\" \/>\n<meta property=\"og:title\" content=\"Uso consciente do fogo reduz inc\u00eandios no Cerrado - Notibras\" \/>\n<meta property=\"og:description\" content=\"Brigadistas e pesquisadores do Cerrado apontam que o uso consciente do fogo vem ajudando a reduzir os inc\u00eandios florestais na Chapada dos Veadeiros (GO) nos \u00faltimos anos. Pr\u00e1tica adotada por parte dos brigadistas da regi\u00e3o desde o ano de 2014, ela se expandiu, principalmente, depois dos grandes inc\u00eandios de 2017 e 2020 que consumiram, respectivamente, [&hellip;]\" \/>\n<meta property=\"og:url\" content=\"https:\/\/www.notibras.com\/site\/uso-consciente-do-fogo-reduz-incendios-no-cerrado\/\" \/>\n<meta property=\"og:site_name\" content=\"Notibras\" \/>\n<meta property=\"article:publisher\" content=\"https:\/\/www.facebook.com\/notibras\/\" \/>\n<meta property=\"article:published_time\" content=\"2023-09-17T09:01:27+00:00\" \/>\n<meta property=\"article:modified_time\" content=\"2023-09-17T09:37:49+00:00\" \/>\n<meta property=\"og:image\" content=\"https:\/\/www.notibras.com\/site\/wp-content\/uploads\/2023\/09\/ja00579.jpg\" \/>\n\t<meta property=\"og:image:width\" content=\"1170\" \/>\n\t<meta property=\"og:image:height\" content=\"700\" \/>\n\t<meta property=\"og:image:type\" content=\"image\/jpeg\" \/>\n<meta name=\"author\" content=\"Reda\u00e7\u00e3o\" \/>\n<meta name=\"twitter:card\" content=\"summary_large_image\" \/>\n<meta name=\"twitter:creator\" content=\"@Notibras\" \/>\n<meta name=\"twitter:site\" content=\"@Notibras\" \/>\n<meta name=\"twitter:label1\" content=\"Escrito por\" \/>\n\t<meta name=\"twitter:data1\" content=\"Reda\u00e7\u00e3o\" \/>\n\t<meta name=\"twitter:label2\" content=\"Est. tempo de leitura\" \/>\n\t<meta name=\"twitter:data2\" content=\"4 minutos\" \/>\n<script type=\"application\/ld+json\" class=\"yoast-schema-graph\">{\"@context\":\"https:\/\/schema.org\",\"@graph\":[{\"@type\":\"Article\",\"@id\":\"https:\/\/www.notibras.com\/site\/uso-consciente-do-fogo-reduz-incendios-no-cerrado\/#article\",\"isPartOf\":{\"@id\":\"https:\/\/www.notibras.com\/site\/uso-consciente-do-fogo-reduz-incendios-no-cerrado\/\"},\"author\":{\"name\":\"Reda\u00e7\u00e3o\",\"@id\":\"https:\/\/www.notibras.com\/site\/#\/schema\/person\/36ab0979449956132d3e5b517ea76ac8\"},\"headline\":\"Uso consciente do fogo reduz inc\u00eandios no Cerrado\",\"datePublished\":\"2023-09-17T09:01:27+00:00\",\"dateModified\":\"2023-09-17T09:37:49+00:00\",\"mainEntityOfPage\":{\"@id\":\"https:\/\/www.notibras.com\/site\/uso-consciente-do-fogo-reduz-incendios-no-cerrado\/\"},\"wordCount\":777,\"publisher\":{\"@id\":\"https:\/\/www.notibras.com\/site\/#organization\"},\"image\":{\"@id\":\"https:\/\/www.notibras.com\/site\/uso-consciente-do-fogo-reduz-incendios-no-cerrado\/#primaryimage\"},\"thumbnailUrl\":\"https:\/\/www.notibras.com\/site\/wp-content\/uploads\/2023\/09\/ja00579.jpg\",\"keywords\":[\"capa\"],\"articleSection\":[\"Quadradinho em Foco\"],\"inLanguage\":\"pt-BR\"},{\"@type\":\"WebPage\",\"@id\":\"https:\/\/www.notibras.com\/site\/uso-consciente-do-fogo-reduz-incendios-no-cerrado\/\",\"url\":\"https:\/\/www.notibras.com\/site\/uso-consciente-do-fogo-reduz-incendios-no-cerrado\/\",\"name\":\"Uso consciente do fogo reduz inc\u00eandios no Cerrado - Notibras\",\"isPartOf\":{\"@id\":\"https:\/\/www.notibras.com\/site\/#website\"},\"primaryImageOfPage\":{\"@id\":\"https:\/\/www.notibras.com\/site\/uso-consciente-do-fogo-reduz-incendios-no-cerrado\/#primaryimage\"},\"image\":{\"@id\":\"https:\/\/www.notibras.com\/site\/uso-consciente-do-fogo-reduz-incendios-no-cerrado\/#primaryimage\"},\"thumbnailUrl\":\"https:\/\/www.notibras.com\/site\/wp-content\/uploads\/2023\/09\/ja00579.jpg\",\"datePublished\":\"2023-09-17T09:01:27+00:00\",\"dateModified\":\"2023-09-17T09:37:49+00:00\",\"breadcrumb\":{\"@id\":\"https:\/\/www.notibras.com\/site\/uso-consciente-do-fogo-reduz-incendios-no-cerrado\/#breadcrumb\"},\"inLanguage\":\"pt-BR\",\"potentialAction\":[{\"@type\":\"ReadAction\",\"target\":[\"https:\/\/www.notibras.com\/site\/uso-consciente-do-fogo-reduz-incendios-no-cerrado\/\"]}]},{\"@type\":\"ImageObject\",\"inLanguage\":\"pt-BR\",\"@id\":\"https:\/\/www.notibras.com\/site\/uso-consciente-do-fogo-reduz-incendios-no-cerrado\/#primaryimage\",\"url\":\"https:\/\/www.notibras.com\/site\/wp-content\/uploads\/2023\/09\/ja00579.jpg\",\"contentUrl\":\"https:\/\/www.notibras.com\/site\/wp-content\/uploads\/2023\/09\/ja00579.jpg\",\"width\":1170,\"height\":700,\"caption\":\"Cavalcante (GO) 15\/09\/2023 \u2013 A brigada de inc\u00eandio da Prevfogo composta com membros da comunidade quilombola Kalunga, durante simula\u00e7\u00e3o de combate ao fogo no cerrado no Engenho II Foto: Jo\u00e9dson Alves\/Ag\u00eancia Brasil\"},{\"@type\":\"BreadcrumbList\",\"@id\":\"https:\/\/www.notibras.com\/site\/uso-consciente-do-fogo-reduz-incendios-no-cerrado\/#breadcrumb\",\"itemListElement\":[{\"@type\":\"ListItem\",\"position\":1,\"name\":\"In\u00edcio\",\"item\":\"https:\/\/www.notibras.com\/site\/\"},{\"@type\":\"ListItem\",\"position\":2,\"name\":\"Uso consciente do fogo reduz inc\u00eandios no Cerrado\"}]},{\"@type\":\"WebSite\",\"@id\":\"https:\/\/www.notibras.com\/site\/#website\",\"url\":\"https:\/\/www.notibras.com\/site\/\",\"name\":\"Notibras\",\"description\":\"Not\u00edcias de Bras\u00edlia, do Brasil e do Mundo\",\"publisher\":{\"@id\":\"https:\/\/www.notibras.com\/site\/#organization\"},\"potentialAction\":[{\"@type\":\"SearchAction\",\"target\":{\"@type\":\"EntryPoint\",\"urlTemplate\":\"https:\/\/www.notibras.com\/site\/?s={search_term_string}\"},\"query-input\":{\"@type\":\"PropertyValueSpecification\",\"valueRequired\":true,\"valueName\":\"search_term_string\"}}],\"inLanguage\":\"pt-BR\"},{\"@type\":\"Organization\",\"@id\":\"https:\/\/www.notibras.com\/site\/#organization\",\"name\":\"Grupo Notibras de Comunica\u00e7\u00e3o\",\"url\":\"https:\/\/www.notibras.com\/site\/\",\"logo\":{\"@type\":\"ImageObject\",\"inLanguage\":\"pt-BR\",\"@id\":\"https:\/\/www.notibras.com\/site\/#\/schema\/logo\/image\/\",\"url\":\"https:\/\/www.notibras.com\/site\/wp-content\/uploads\/2023\/01\/notibras23.png\",\"contentUrl\":\"https:\/\/www.notibras.com\/site\/wp-content\/uploads\/2023\/01\/notibras23.png\",\"width\":350,\"height\":87,\"caption\":\"Grupo Notibras de Comunica\u00e7\u00e3o\"},\"image\":{\"@id\":\"https:\/\/www.notibras.com\/site\/#\/schema\/logo\/image\/\"},\"sameAs\":[\"https:\/\/www.facebook.com\/notibras\/\",\"https:\/\/x.com\/Notibras\",\"https:\/\/www.instagram.com\/notibras\/\"]},{\"@type\":\"Person\",\"@id\":\"https:\/\/www.notibras.com\/site\/#\/schema\/person\/36ab0979449956132d3e5b517ea76ac8\",\"name\":\"Reda\u00e7\u00e3o\",\"image\":{\"@type\":\"ImageObject\",\"inLanguage\":\"pt-BR\",\"@id\":\"https:\/\/secure.gravatar.com\/avatar\/e0a867bdedb85fd243eadf09663511f96fc81e0720a4a42581f334ad4303aa6b?s=96&d=mm&r=g\",\"url\":\"https:\/\/secure.gravatar.com\/avatar\/e0a867bdedb85fd243eadf09663511f96fc81e0720a4a42581f334ad4303aa6b?s=96&d=mm&r=g\",\"contentUrl\":\"https:\/\/secure.gravatar.com\/avatar\/e0a867bdedb85fd243eadf09663511f96fc81e0720a4a42581f334ad4303aa6b?s=96&d=mm&r=g\",\"caption\":\"Reda\u00e7\u00e3o\"}}]}<\/script>\n<!-- \/ Yoast SEO plugin. -->","yoast_head_json":{"title":"Uso consciente do fogo reduz inc\u00eandios no Cerrado - Notibras","robots":{"index":"index","follow":"follow","max-snippet":"max-snippet:-1","max-image-preview":"max-image-preview:large","max-video-preview":"max-video-preview:-1"},"canonical":"https:\/\/www.notibras.com\/site\/uso-consciente-do-fogo-reduz-incendios-no-cerrado\/","og_locale":"pt_BR","og_type":"article","og_title":"Uso consciente do fogo reduz inc\u00eandios no Cerrado - Notibras","og_description":"Brigadistas e pesquisadores do Cerrado apontam que o uso consciente do fogo vem ajudando a reduzir os inc\u00eandios florestais na Chapada dos Veadeiros (GO) nos \u00faltimos anos. Pr\u00e1tica adotada por parte dos brigadistas da regi\u00e3o desde o ano de 2014, ela se expandiu, principalmente, depois dos grandes inc\u00eandios de 2017 e 2020 que consumiram, respectivamente, [&hellip;]","og_url":"https:\/\/www.notibras.com\/site\/uso-consciente-do-fogo-reduz-incendios-no-cerrado\/","og_site_name":"Notibras","article_publisher":"https:\/\/www.facebook.com\/notibras\/","article_published_time":"2023-09-17T09:01:27+00:00","article_modified_time":"2023-09-17T09:37:49+00:00","og_image":[{"width":1170,"height":700,"url":"https:\/\/www.notibras.com\/site\/wp-content\/uploads\/2023\/09\/ja00579.jpg","type":"image\/jpeg"}],"author":"Reda\u00e7\u00e3o","twitter_card":"summary_large_image","twitter_creator":"@Notibras","twitter_site":"@Notibras","twitter_misc":{"Escrito por":"Reda\u00e7\u00e3o","Est. tempo de leitura":"4 minutos"},"schema":{"@context":"https:\/\/schema.org","@graph":[{"@type":"Article","@id":"https:\/\/www.notibras.com\/site\/uso-consciente-do-fogo-reduz-incendios-no-cerrado\/#article","isPartOf":{"@id":"https:\/\/www.notibras.com\/site\/uso-consciente-do-fogo-reduz-incendios-no-cerrado\/"},"author":{"name":"Reda\u00e7\u00e3o","@id":"https:\/\/www.notibras.com\/site\/#\/schema\/person\/36ab0979449956132d3e5b517ea76ac8"},"headline":"Uso consciente do fogo reduz inc\u00eandios no Cerrado","datePublished":"2023-09-17T09:01:27+00:00","dateModified":"2023-09-17T09:37:49+00:00","mainEntityOfPage":{"@id":"https:\/\/www.notibras.com\/site\/uso-consciente-do-fogo-reduz-incendios-no-cerrado\/"},"wordCount":777,"publisher":{"@id":"https:\/\/www.notibras.com\/site\/#organization"},"image":{"@id":"https:\/\/www.notibras.com\/site\/uso-consciente-do-fogo-reduz-incendios-no-cerrado\/#primaryimage"},"thumbnailUrl":"https:\/\/www.notibras.com\/site\/wp-content\/uploads\/2023\/09\/ja00579.jpg","keywords":["capa"],"articleSection":["Quadradinho em Foco"],"inLanguage":"pt-BR"},{"@type":"WebPage","@id":"https:\/\/www.notibras.com\/site\/uso-consciente-do-fogo-reduz-incendios-no-cerrado\/","url":"https:\/\/www.notibras.com\/site\/uso-consciente-do-fogo-reduz-incendios-no-cerrado\/","name":"Uso consciente do fogo reduz inc\u00eandios no Cerrado - Notibras","isPartOf":{"@id":"https:\/\/www.notibras.com\/site\/#website"},"primaryImageOfPage":{"@id":"https:\/\/www.notibras.com\/site\/uso-consciente-do-fogo-reduz-incendios-no-cerrado\/#primaryimage"},"image":{"@id":"https:\/\/www.notibras.com\/site\/uso-consciente-do-fogo-reduz-incendios-no-cerrado\/#primaryimage"},"thumbnailUrl":"https:\/\/www.notibras.com\/site\/wp-content\/uploads\/2023\/09\/ja00579.jpg","datePublished":"2023-09-17T09:01:27+00:00","dateModified":"2023-09-17T09:37:49+00:00","breadcrumb":{"@id":"https:\/\/www.notibras.com\/site\/uso-consciente-do-fogo-reduz-incendios-no-cerrado\/#breadcrumb"},"inLanguage":"pt-BR","potentialAction":[{"@type":"ReadAction","target":["https:\/\/www.notibras.com\/site\/uso-consciente-do-fogo-reduz-incendios-no-cerrado\/"]}]},{"@type":"ImageObject","inLanguage":"pt-BR","@id":"https:\/\/www.notibras.com\/site\/uso-consciente-do-fogo-reduz-incendios-no-cerrado\/#primaryimage","url":"https:\/\/www.notibras.com\/site\/wp-content\/uploads\/2023\/09\/ja00579.jpg","contentUrl":"https:\/\/www.notibras.com\/site\/wp-content\/uploads\/2023\/09\/ja00579.jpg","width":1170,"height":700,"caption":"Cavalcante (GO) 15\/09\/2023 \u2013 A brigada de inc\u00eandio da Prevfogo composta com membros da comunidade quilombola Kalunga, durante simula\u00e7\u00e3o de combate ao fogo no cerrado no Engenho II Foto: Jo\u00e9dson Alves\/Ag\u00eancia Brasil"},{"@type":"BreadcrumbList","@id":"https:\/\/www.notibras.com\/site\/uso-consciente-do-fogo-reduz-incendios-no-cerrado\/#breadcrumb","itemListElement":[{"@type":"ListItem","position":1,"name":"In\u00edcio","item":"https:\/\/www.notibras.com\/site\/"},{"@type":"ListItem","position":2,"name":"Uso consciente do fogo reduz inc\u00eandios no Cerrado"}]},{"@type":"WebSite","@id":"https:\/\/www.notibras.com\/site\/#website","url":"https:\/\/www.notibras.com\/site\/","name":"Notibras","description":"Not\u00edcias de Bras\u00edlia, do Brasil e do Mundo","publisher":{"@id":"https:\/\/www.notibras.com\/site\/#organization"},"potentialAction":[{"@type":"SearchAction","target":{"@type":"EntryPoint","urlTemplate":"https:\/\/www.notibras.com\/site\/?s={search_term_string}"},"query-input":{"@type":"PropertyValueSpecification","valueRequired":true,"valueName":"search_term_string"}}],"inLanguage":"pt-BR"},{"@type":"Organization","@id":"https:\/\/www.notibras.com\/site\/#organization","name":"Grupo Notibras de Comunica\u00e7\u00e3o","url":"https:\/\/www.notibras.com\/site\/","logo":{"@type":"ImageObject","inLanguage":"pt-BR","@id":"https:\/\/www.notibras.com\/site\/#\/schema\/logo\/image\/","url":"https:\/\/www.notibras.com\/site\/wp-content\/uploads\/2023\/01\/notibras23.png","contentUrl":"https:\/\/www.notibras.com\/site\/wp-content\/uploads\/2023\/01\/notibras23.png","width":350,"height":87,"caption":"Grupo Notibras de Comunica\u00e7\u00e3o"},"image":{"@id":"https:\/\/www.notibras.com\/site\/#\/schema\/logo\/image\/"},"sameAs":["https:\/\/www.facebook.com\/notibras\/","https:\/\/x.com\/Notibras","https:\/\/www.instagram.com\/notibras\/"]},{"@type":"Person","@id":"https:\/\/www.notibras.com\/site\/#\/schema\/person\/36ab0979449956132d3e5b517ea76ac8","name":"Reda\u00e7\u00e3o","image":{"@type":"ImageObject","inLanguage":"pt-BR","@id":"https:\/\/secure.gravatar.com\/avatar\/e0a867bdedb85fd243eadf09663511f96fc81e0720a4a42581f334ad4303aa6b?s=96&d=mm&r=g","url":"https:\/\/secure.gravatar.com\/avatar\/e0a867bdedb85fd243eadf09663511f96fc81e0720a4a42581f334ad4303aa6b?s=96&d=mm&r=g","contentUrl":"https:\/\/secure.gravatar.com\/avatar\/e0a867bdedb85fd243eadf09663511f96fc81e0720a4a42581f334ad4303aa6b?s=96&d=mm&r=g","caption":"Reda\u00e7\u00e3o"}}]}},"amp_enabled":true,"_links":{"self":[{"href":"https:\/\/www.notibras.com\/site\/wp-json\/wp\/v2\/posts\/313020","targetHints":{"allow":["GET"]}}],"collection":[{"href":"https:\/\/www.notibras.com\/site\/wp-json\/wp\/v2\/posts"}],"about":[{"href":"https:\/\/www.notibras.com\/site\/wp-json\/wp\/v2\/types\/post"}],"author":[{"embeddable":true,"href":"https:\/\/www.notibras.com\/site\/wp-json\/wp\/v2\/users\/2"}],"replies":[{"embeddable":true,"href":"https:\/\/www.notibras.com\/site\/wp-json\/wp\/v2\/comments?post=313020"}],"version-history":[{"count":1,"href":"https:\/\/www.notibras.com\/site\/wp-json\/wp\/v2\/posts\/313020\/revisions"}],"predecessor-version":[{"id":313022,"href":"https:\/\/www.notibras.com\/site\/wp-json\/wp\/v2\/posts\/313020\/revisions\/313022"}],"wp:featuredmedia":[{"embeddable":true,"href":"https:\/\/www.notibras.com\/site\/wp-json\/wp\/v2\/media\/313021"}],"wp:attachment":[{"href":"https:\/\/www.notibras.com\/site\/wp-json\/wp\/v2\/media?parent=313020"}],"wp:term":[{"taxonomy":"category","embeddable":true,"href":"https:\/\/www.notibras.com\/site\/wp-json\/wp\/v2\/categories?post=313020"},{"taxonomy":"post_tag","embeddable":true,"href":"https:\/\/www.notibras.com\/site\/wp-json\/wp\/v2\/tags?post=313020"}],"curies":[{"name":"wp","href":"https:\/\/api.w.org\/{rel}","templated":true}]}}