{"id":313029,"date":"2023-09-17T00:43:08","date_gmt":"2023-09-17T03:43:08","guid":{"rendered":"https:\/\/www.notibras.com\/site\/?p=313029"},"modified":"2023-09-17T06:45:06","modified_gmt":"2023-09-17T09:45:06","slug":"terraco-collections24-apresenta-as-tendencias-de-moda","status":"publish","type":"post","link":"https:\/\/www.notibras.com\/site\/terraco-collections24-apresenta-as-tendencias-de-moda\/","title":{"rendered":"Terra\u00e7o Collections\u201924 apresenta as tend\u00eancias de moda"},"content":{"rendered":"<p>As cores e os estilos mais quentes da temporada Primavera|Ver\u00e3o&#8217;24 iluminar\u00e3o a passarela da Pra\u00e7a Central do Terra\u00e7o Shopping, em um desfile que marcar\u00e1 a entrada daquela que \u00e9 a esta\u00e7\u00e3o mais amada pelos brasilienses. Agendado para o dia 21 de setembro, uma quinta-feira \u00e0 noite, o aguardado Terra\u00e7o Collections estar\u00e1 dividido em duas sess\u00f5es. \u00c0s 19h, acontecer\u00e1 o desfile de moda infantil e teen e, \u00e0s 20h, ser\u00e1 a vez do desfile de moda adulto, tudo aberto ao p\u00fablico.<\/p>\n<p>Mais de 40 lojas do Terra\u00e7o Shopping, abrangendo roupas, acess\u00f3rios e cal\u00e7ados, estar\u00e3o presentes, apresentando as tend\u00eancias que a moda reserva para as pr\u00f3ximas esta\u00e7\u00f5es.<\/p>\n<p>\u201cO Terra\u00e7o \u00e9 completo. Al\u00e9m de um shopping com uma forte \u00eanfase na gastronomia, somos uma excelente op\u00e7\u00e3o para o consumo de moda. Nosso mix \u00e9 extremamente variado, contando com as principais marcas do varejo nacional, oferecendo o que h\u00e1 de melhor em estilo e tend\u00eancias. Aqui, celebramos a moda, o bem-estar, a gastronomia e tudo o que \u00e9 prazeroso para se experimentar e consumir em um local extremamente agrad\u00e1vel, que n\u00e3o canso de mencionar: a c\u00e9u aberto&#8221;, ressalta Ricardo Vieira, superintendente do shopping.<\/p>\n<p>Al\u00e9m de ser uma vitrine, o desfile tem como objetivo estabelecer uma conex\u00e3o entre o p\u00fablico e as tend\u00eancias, refor\u00e7ando que a moda pode ser democr\u00e1tica e sustent\u00e1vel, e que, com boas refer\u00eancias, \u00e9 poss\u00edvel montar looks incr\u00edveis. A ideia \u00e9 oferecer um espet\u00e1culo de estilo, estimulando o p\u00fablico a descobrir como a moda pode ser uma for\u00e7a inspiradora e inclusiva.<\/p>\n<p>Para garantir que este desfile seja uma experi\u00eancia inesquec\u00edvel, o Terra\u00e7o Collections &#8217;24 contar\u00e1 com a expertise de Fernando Lackman, renomado editor de moda do @Lackman.com.br e autor do livro &#8220;Bras\u00edlia Capital dos Criadores&#8221;, que narra a hist\u00f3ria da moda no Distrito Federal. Lackman tem um curr\u00edculo impressionante, que inclui idealiza\u00e7\u00e3o e dire\u00e7\u00e3o criativa de desfiles em eventos como Summer Collections e Desfile Beleza Negra (DBN), dentre outros.<\/p>\n<p><strong>Servi\u00e7o<\/strong><br \/>\nTerra\u00e7o Collections\u201924<br \/>\nData: 21 de setembro (quinta-feira)<br \/>\nHor\u00e1rios:<br \/>\n19h \u2013 desfile infantil e teen<br \/>\n20h \u2013 desfile adulto<br \/>\nLocal: Pra\u00e7a Central<br \/>\nEntrada gratuita (sujeita \u00e0 lota\u00e7\u00e3o)<\/p>\n","protected":false},"excerpt":{"rendered":"<p>As cores e os estilos mais quentes da temporada Primavera|Ver\u00e3o&#8217;24 iluminar\u00e3o a passarela da Pra\u00e7a Central do Terra\u00e7o Shopping, em um desfile que marcar\u00e1 a entrada daquela que \u00e9 a esta\u00e7\u00e3o mais amada pelos brasilienses. Agendado para o dia 21 de setembro, uma quinta-feira \u00e0 noite, o aguardado Terra\u00e7o Collections estar\u00e1 dividido em duas sess\u00f5es. [&hellip;]<\/p>\n","protected":false},"author":2,"featured_media":313030,"comment_status":"closed","ping_status":"closed","sticky":false,"template":"","format":"standard","meta":{"_acf_changed":false,"footnotes":""},"categories":[161],"tags":[],"class_list":["post-313029","post","type-post","status-publish","format-standard","has-post-thumbnail","hentry","category-quadradinho-em-foco"],"acf":[],"yoast_head":"<!-- This site is optimized with the Yoast SEO plugin v27.2 - https:\/\/yoast.com\/product\/yoast-seo-wordpress\/ -->\n<title>Terra\u00e7o Collections\u201924 apresenta as tend\u00eancias de moda - Notibras<\/title>\n<meta name=\"robots\" content=\"index, follow, max-snippet:-1, max-image-preview:large, max-video-preview:-1\" \/>\n<link rel=\"canonical\" href=\"https:\/\/www.notibras.com\/site\/terraco-collections24-apresenta-as-tendencias-de-moda\/\" \/>\n<meta property=\"og:locale\" content=\"pt_BR\" \/>\n<meta property=\"og:type\" content=\"article\" \/>\n<meta property=\"og:title\" content=\"Terra\u00e7o Collections\u201924 apresenta as tend\u00eancias de moda - Notibras\" \/>\n<meta property=\"og:description\" content=\"As cores e os estilos mais quentes da temporada Primavera|Ver\u00e3o&#8217;24 iluminar\u00e3o a passarela da Pra\u00e7a Central do Terra\u00e7o Shopping, em um desfile que marcar\u00e1 a entrada daquela que \u00e9 a esta\u00e7\u00e3o mais amada pelos brasilienses. Agendado para o dia 21 de setembro, uma quinta-feira \u00e0 noite, o aguardado Terra\u00e7o Collections estar\u00e1 dividido em duas sess\u00f5es. [&hellip;]\" \/>\n<meta property=\"og:url\" content=\"https:\/\/www.notibras.com\/site\/terraco-collections24-apresenta-as-tendencias-de-moda\/\" \/>\n<meta property=\"og:site_name\" content=\"Notibras\" \/>\n<meta property=\"article:publisher\" content=\"https:\/\/www.facebook.com\/notibras\/\" \/>\n<meta property=\"article:published_time\" content=\"2023-09-17T03:43:08+00:00\" \/>\n<meta property=\"article:modified_time\" content=\"2023-09-17T09:45:06+00:00\" \/>\n<meta property=\"og:image\" content=\"https:\/\/www.notibras.com\/site\/wp-content\/uploads\/2023\/09\/unnamed-92.jpg\" \/>\n\t<meta property=\"og:image:width\" content=\"1600\" \/>\n\t<meta property=\"og:image:height\" content=\"1068\" \/>\n\t<meta property=\"og:image:type\" content=\"image\/jpeg\" \/>\n<meta name=\"author\" content=\"Reda\u00e7\u00e3o\" \/>\n<meta name=\"twitter:card\" content=\"summary_large_image\" \/>\n<meta name=\"twitter:creator\" content=\"@Notibras\" \/>\n<meta name=\"twitter:site\" content=\"@Notibras\" \/>\n<meta name=\"twitter:label1\" content=\"Escrito por\" \/>\n\t<meta name=\"twitter:data1\" content=\"Reda\u00e7\u00e3o\" \/>\n\t<meta name=\"twitter:label2\" content=\"Est. tempo de leitura\" \/>\n\t<meta name=\"twitter:data2\" content=\"2 minutos\" \/>\n<script type=\"application\/ld+json\" class=\"yoast-schema-graph\">{\"@context\":\"https:\/\/schema.org\",\"@graph\":[{\"@type\":\"Article\",\"@id\":\"https:\/\/www.notibras.com\/site\/terraco-collections24-apresenta-as-tendencias-de-moda\/#article\",\"isPartOf\":{\"@id\":\"https:\/\/www.notibras.com\/site\/terraco-collections24-apresenta-as-tendencias-de-moda\/\"},\"author\":{\"name\":\"Reda\u00e7\u00e3o\",\"@id\":\"https:\/\/www.notibras.com\/site\/#\/schema\/person\/36ab0979449956132d3e5b517ea76ac8\"},\"headline\":\"Terra\u00e7o Collections\u201924 apresenta as tend\u00eancias de moda\",\"datePublished\":\"2023-09-17T03:43:08+00:00\",\"dateModified\":\"2023-09-17T09:45:06+00:00\",\"mainEntityOfPage\":{\"@id\":\"https:\/\/www.notibras.com\/site\/terraco-collections24-apresenta-as-tendencias-de-moda\/\"},\"wordCount\":392,\"publisher\":{\"@id\":\"https:\/\/www.notibras.com\/site\/#organization\"},\"image\":{\"@id\":\"https:\/\/www.notibras.com\/site\/terraco-collections24-apresenta-as-tendencias-de-moda\/#primaryimage\"},\"thumbnailUrl\":\"https:\/\/www.notibras.com\/site\/wp-content\/uploads\/2023\/09\/unnamed-92.jpg\",\"articleSection\":[\"Quadradinho em Foco\"],\"inLanguage\":\"pt-BR\"},{\"@type\":\"WebPage\",\"@id\":\"https:\/\/www.notibras.com\/site\/terraco-collections24-apresenta-as-tendencias-de-moda\/\",\"url\":\"https:\/\/www.notibras.com\/site\/terraco-collections24-apresenta-as-tendencias-de-moda\/\",\"name\":\"Terra\u00e7o Collections\u201924 apresenta as tend\u00eancias de moda - Notibras\",\"isPartOf\":{\"@id\":\"https:\/\/www.notibras.com\/site\/#website\"},\"primaryImageOfPage\":{\"@id\":\"https:\/\/www.notibras.com\/site\/terraco-collections24-apresenta-as-tendencias-de-moda\/#primaryimage\"},\"image\":{\"@id\":\"https:\/\/www.notibras.com\/site\/terraco-collections24-apresenta-as-tendencias-de-moda\/#primaryimage\"},\"thumbnailUrl\":\"https:\/\/www.notibras.com\/site\/wp-content\/uploads\/2023\/09\/unnamed-92.jpg\",\"datePublished\":\"2023-09-17T03:43:08+00:00\",\"dateModified\":\"2023-09-17T09:45:06+00:00\",\"breadcrumb\":{\"@id\":\"https:\/\/www.notibras.com\/site\/terraco-collections24-apresenta-as-tendencias-de-moda\/#breadcrumb\"},\"inLanguage\":\"pt-BR\",\"potentialAction\":[{\"@type\":\"ReadAction\",\"target\":[\"https:\/\/www.notibras.com\/site\/terraco-collections24-apresenta-as-tendencias-de-moda\/\"]}]},{\"@type\":\"ImageObject\",\"inLanguage\":\"pt-BR\",\"@id\":\"https:\/\/www.notibras.com\/site\/terraco-collections24-apresenta-as-tendencias-de-moda\/#primaryimage\",\"url\":\"https:\/\/www.notibras.com\/site\/wp-content\/uploads\/2023\/09\/unnamed-92.jpg\",\"contentUrl\":\"https:\/\/www.notibras.com\/site\/wp-content\/uploads\/2023\/09\/unnamed-92.jpg\",\"width\":1600,\"height\":1068},{\"@type\":\"BreadcrumbList\",\"@id\":\"https:\/\/www.notibras.com\/site\/terraco-collections24-apresenta-as-tendencias-de-moda\/#breadcrumb\",\"itemListElement\":[{\"@type\":\"ListItem\",\"position\":1,\"name\":\"In\u00edcio\",\"item\":\"https:\/\/www.notibras.com\/site\/\"},{\"@type\":\"ListItem\",\"position\":2,\"name\":\"Terra\u00e7o Collections\u201924 apresenta as tend\u00eancias de moda\"}]},{\"@type\":\"WebSite\",\"@id\":\"https:\/\/www.notibras.com\/site\/#website\",\"url\":\"https:\/\/www.notibras.com\/site\/\",\"name\":\"Notibras\",\"description\":\"Not\u00edcias de Bras\u00edlia, do Brasil e do Mundo\",\"publisher\":{\"@id\":\"https:\/\/www.notibras.com\/site\/#organization\"},\"potentialAction\":[{\"@type\":\"SearchAction\",\"target\":{\"@type\":\"EntryPoint\",\"urlTemplate\":\"https:\/\/www.notibras.com\/site\/?s={search_term_string}\"},\"query-input\":{\"@type\":\"PropertyValueSpecification\",\"valueRequired\":true,\"valueName\":\"search_term_string\"}}],\"inLanguage\":\"pt-BR\"},{\"@type\":\"Organization\",\"@id\":\"https:\/\/www.notibras.com\/site\/#organization\",\"name\":\"Grupo Notibras de Comunica\u00e7\u00e3o\",\"url\":\"https:\/\/www.notibras.com\/site\/\",\"logo\":{\"@type\":\"ImageObject\",\"inLanguage\":\"pt-BR\",\"@id\":\"https:\/\/www.notibras.com\/site\/#\/schema\/logo\/image\/\",\"url\":\"https:\/\/www.notibras.com\/site\/wp-content\/uploads\/2023\/01\/notibras23.png\",\"contentUrl\":\"https:\/\/www.notibras.com\/site\/wp-content\/uploads\/2023\/01\/notibras23.png\",\"width\":350,\"height\":87,\"caption\":\"Grupo Notibras de Comunica\u00e7\u00e3o\"},\"image\":{\"@id\":\"https:\/\/www.notibras.com\/site\/#\/schema\/logo\/image\/\"},\"sameAs\":[\"https:\/\/www.facebook.com\/notibras\/\",\"https:\/\/x.com\/Notibras\",\"https:\/\/www.instagram.com\/notibras\/\"]},{\"@type\":\"Person\",\"@id\":\"https:\/\/www.notibras.com\/site\/#\/schema\/person\/36ab0979449956132d3e5b517ea76ac8\",\"name\":\"Reda\u00e7\u00e3o\",\"image\":{\"@type\":\"ImageObject\",\"inLanguage\":\"pt-BR\",\"@id\":\"https:\/\/secure.gravatar.com\/avatar\/e0a867bdedb85fd243eadf09663511f96fc81e0720a4a42581f334ad4303aa6b?s=96&d=mm&r=g\",\"url\":\"https:\/\/secure.gravatar.com\/avatar\/e0a867bdedb85fd243eadf09663511f96fc81e0720a4a42581f334ad4303aa6b?s=96&d=mm&r=g\",\"contentUrl\":\"https:\/\/secure.gravatar.com\/avatar\/e0a867bdedb85fd243eadf09663511f96fc81e0720a4a42581f334ad4303aa6b?s=96&d=mm&r=g\",\"caption\":\"Reda\u00e7\u00e3o\"}}]}<\/script>\n<!-- \/ Yoast SEO plugin. -->","yoast_head_json":{"title":"Terra\u00e7o Collections\u201924 apresenta as tend\u00eancias de moda - Notibras","robots":{"index":"index","follow":"follow","max-snippet":"max-snippet:-1","max-image-preview":"max-image-preview:large","max-video-preview":"max-video-preview:-1"},"canonical":"https:\/\/www.notibras.com\/site\/terraco-collections24-apresenta-as-tendencias-de-moda\/","og_locale":"pt_BR","og_type":"article","og_title":"Terra\u00e7o Collections\u201924 apresenta as tend\u00eancias de moda - Notibras","og_description":"As cores e os estilos mais quentes da temporada Primavera|Ver\u00e3o&#8217;24 iluminar\u00e3o a passarela da Pra\u00e7a Central do Terra\u00e7o Shopping, em um desfile que marcar\u00e1 a entrada daquela que \u00e9 a esta\u00e7\u00e3o mais amada pelos brasilienses. Agendado para o dia 21 de setembro, uma quinta-feira \u00e0 noite, o aguardado Terra\u00e7o Collections estar\u00e1 dividido em duas sess\u00f5es. [&hellip;]","og_url":"https:\/\/www.notibras.com\/site\/terraco-collections24-apresenta-as-tendencias-de-moda\/","og_site_name":"Notibras","article_publisher":"https:\/\/www.facebook.com\/notibras\/","article_published_time":"2023-09-17T03:43:08+00:00","article_modified_time":"2023-09-17T09:45:06+00:00","og_image":[{"width":1600,"height":1068,"url":"https:\/\/www.notibras.com\/site\/wp-content\/uploads\/2023\/09\/unnamed-92.jpg","type":"image\/jpeg"}],"author":"Reda\u00e7\u00e3o","twitter_card":"summary_large_image","twitter_creator":"@Notibras","twitter_site":"@Notibras","twitter_misc":{"Escrito por":"Reda\u00e7\u00e3o","Est. tempo de leitura":"2 minutos"},"schema":{"@context":"https:\/\/schema.org","@graph":[{"@type":"Article","@id":"https:\/\/www.notibras.com\/site\/terraco-collections24-apresenta-as-tendencias-de-moda\/#article","isPartOf":{"@id":"https:\/\/www.notibras.com\/site\/terraco-collections24-apresenta-as-tendencias-de-moda\/"},"author":{"name":"Reda\u00e7\u00e3o","@id":"https:\/\/www.notibras.com\/site\/#\/schema\/person\/36ab0979449956132d3e5b517ea76ac8"},"headline":"Terra\u00e7o Collections\u201924 apresenta as tend\u00eancias de moda","datePublished":"2023-09-17T03:43:08+00:00","dateModified":"2023-09-17T09:45:06+00:00","mainEntityOfPage":{"@id":"https:\/\/www.notibras.com\/site\/terraco-collections24-apresenta-as-tendencias-de-moda\/"},"wordCount":392,"publisher":{"@id":"https:\/\/www.notibras.com\/site\/#organization"},"image":{"@id":"https:\/\/www.notibras.com\/site\/terraco-collections24-apresenta-as-tendencias-de-moda\/#primaryimage"},"thumbnailUrl":"https:\/\/www.notibras.com\/site\/wp-content\/uploads\/2023\/09\/unnamed-92.jpg","articleSection":["Quadradinho em Foco"],"inLanguage":"pt-BR"},{"@type":"WebPage","@id":"https:\/\/www.notibras.com\/site\/terraco-collections24-apresenta-as-tendencias-de-moda\/","url":"https:\/\/www.notibras.com\/site\/terraco-collections24-apresenta-as-tendencias-de-moda\/","name":"Terra\u00e7o Collections\u201924 apresenta as tend\u00eancias de moda - Notibras","isPartOf":{"@id":"https:\/\/www.notibras.com\/site\/#website"},"primaryImageOfPage":{"@id":"https:\/\/www.notibras.com\/site\/terraco-collections24-apresenta-as-tendencias-de-moda\/#primaryimage"},"image":{"@id":"https:\/\/www.notibras.com\/site\/terraco-collections24-apresenta-as-tendencias-de-moda\/#primaryimage"},"thumbnailUrl":"https:\/\/www.notibras.com\/site\/wp-content\/uploads\/2023\/09\/unnamed-92.jpg","datePublished":"2023-09-17T03:43:08+00:00","dateModified":"2023-09-17T09:45:06+00:00","breadcrumb":{"@id":"https:\/\/www.notibras.com\/site\/terraco-collections24-apresenta-as-tendencias-de-moda\/#breadcrumb"},"inLanguage":"pt-BR","potentialAction":[{"@type":"ReadAction","target":["https:\/\/www.notibras.com\/site\/terraco-collections24-apresenta-as-tendencias-de-moda\/"]}]},{"@type":"ImageObject","inLanguage":"pt-BR","@id":"https:\/\/www.notibras.com\/site\/terraco-collections24-apresenta-as-tendencias-de-moda\/#primaryimage","url":"https:\/\/www.notibras.com\/site\/wp-content\/uploads\/2023\/09\/unnamed-92.jpg","contentUrl":"https:\/\/www.notibras.com\/site\/wp-content\/uploads\/2023\/09\/unnamed-92.jpg","width":1600,"height":1068},{"@type":"BreadcrumbList","@id":"https:\/\/www.notibras.com\/site\/terraco-collections24-apresenta-as-tendencias-de-moda\/#breadcrumb","itemListElement":[{"@type":"ListItem","position":1,"name":"In\u00edcio","item":"https:\/\/www.notibras.com\/site\/"},{"@type":"ListItem","position":2,"name":"Terra\u00e7o Collections\u201924 apresenta as tend\u00eancias de moda"}]},{"@type":"WebSite","@id":"https:\/\/www.notibras.com\/site\/#website","url":"https:\/\/www.notibras.com\/site\/","name":"Notibras","description":"Not\u00edcias de Bras\u00edlia, do Brasil e do Mundo","publisher":{"@id":"https:\/\/www.notibras.com\/site\/#organization"},"potentialAction":[{"@type":"SearchAction","target":{"@type":"EntryPoint","urlTemplate":"https:\/\/www.notibras.com\/site\/?s={search_term_string}"},"query-input":{"@type":"PropertyValueSpecification","valueRequired":true,"valueName":"search_term_string"}}],"inLanguage":"pt-BR"},{"@type":"Organization","@id":"https:\/\/www.notibras.com\/site\/#organization","name":"Grupo Notibras de Comunica\u00e7\u00e3o","url":"https:\/\/www.notibras.com\/site\/","logo":{"@type":"ImageObject","inLanguage":"pt-BR","@id":"https:\/\/www.notibras.com\/site\/#\/schema\/logo\/image\/","url":"https:\/\/www.notibras.com\/site\/wp-content\/uploads\/2023\/01\/notibras23.png","contentUrl":"https:\/\/www.notibras.com\/site\/wp-content\/uploads\/2023\/01\/notibras23.png","width":350,"height":87,"caption":"Grupo Notibras de Comunica\u00e7\u00e3o"},"image":{"@id":"https:\/\/www.notibras.com\/site\/#\/schema\/logo\/image\/"},"sameAs":["https:\/\/www.facebook.com\/notibras\/","https:\/\/x.com\/Notibras","https:\/\/www.instagram.com\/notibras\/"]},{"@type":"Person","@id":"https:\/\/www.notibras.com\/site\/#\/schema\/person\/36ab0979449956132d3e5b517ea76ac8","name":"Reda\u00e7\u00e3o","image":{"@type":"ImageObject","inLanguage":"pt-BR","@id":"https:\/\/secure.gravatar.com\/avatar\/e0a867bdedb85fd243eadf09663511f96fc81e0720a4a42581f334ad4303aa6b?s=96&d=mm&r=g","url":"https:\/\/secure.gravatar.com\/avatar\/e0a867bdedb85fd243eadf09663511f96fc81e0720a4a42581f334ad4303aa6b?s=96&d=mm&r=g","contentUrl":"https:\/\/secure.gravatar.com\/avatar\/e0a867bdedb85fd243eadf09663511f96fc81e0720a4a42581f334ad4303aa6b?s=96&d=mm&r=g","caption":"Reda\u00e7\u00e3o"}}]}},"amp_enabled":true,"_links":{"self":[{"href":"https:\/\/www.notibras.com\/site\/wp-json\/wp\/v2\/posts\/313029","targetHints":{"allow":["GET"]}}],"collection":[{"href":"https:\/\/www.notibras.com\/site\/wp-json\/wp\/v2\/posts"}],"about":[{"href":"https:\/\/www.notibras.com\/site\/wp-json\/wp\/v2\/types\/post"}],"author":[{"embeddable":true,"href":"https:\/\/www.notibras.com\/site\/wp-json\/wp\/v2\/users\/2"}],"replies":[{"embeddable":true,"href":"https:\/\/www.notibras.com\/site\/wp-json\/wp\/v2\/comments?post=313029"}],"version-history":[{"count":1,"href":"https:\/\/www.notibras.com\/site\/wp-json\/wp\/v2\/posts\/313029\/revisions"}],"predecessor-version":[{"id":313031,"href":"https:\/\/www.notibras.com\/site\/wp-json\/wp\/v2\/posts\/313029\/revisions\/313031"}],"wp:featuredmedia":[{"embeddable":true,"href":"https:\/\/www.notibras.com\/site\/wp-json\/wp\/v2\/media\/313030"}],"wp:attachment":[{"href":"https:\/\/www.notibras.com\/site\/wp-json\/wp\/v2\/media?parent=313029"}],"wp:term":[{"taxonomy":"category","embeddable":true,"href":"https:\/\/www.notibras.com\/site\/wp-json\/wp\/v2\/categories?post=313029"},{"taxonomy":"post_tag","embeddable":true,"href":"https:\/\/www.notibras.com\/site\/wp-json\/wp\/v2\/tags?post=313029"}],"curies":[{"name":"wp","href":"https:\/\/api.w.org\/{rel}","templated":true}]}}