{"id":313034,"date":"2023-09-17T07:10:24","date_gmt":"2023-09-17T10:10:24","guid":{"rendered":"https:\/\/www.notibras.com\/site\/?p=313034"},"modified":"2023-09-17T07:12:38","modified_gmt":"2023-09-17T10:12:38","slug":"manoel-muda-usa-casaco-de-la-e-economiza-na-luz","status":"publish","type":"post","link":"https:\/\/www.notibras.com\/site\/manoel-muda-usa-casaco-de-la-e-economiza-na-luz\/","title":{"rendered":"Manoel muda, usa casaco de l\u00e3 e economiza na luz"},"content":{"rendered":"<p>Tamanho era o frio, que at\u00e9 o velho term\u00f4metro na parede tremia. No entanto, Orqu\u00eddea, enrolada no seu xale de l\u00e3, era toda sorriso. N\u00e3o que tivesse sido sempre assim, pois, durante a juventude, os ossos tremiam por qualquer brisa. Parte do vi\u00e7o se foi quando chegou aos 80, mas advieram os calores da idade, que a protegiam dos invernos, por mais rigorosos que fossem.<\/p>\n<p>\u00c9 verdade que a mulher penava nos ver\u00f5es, cada vez mais abrasadores. Entretanto, gra\u00e7as \u00e0s economias feitas durante d\u00e9cadas, quase sempre viajava em busca de temperaturas mais amenas. Durante os rigorosos ver\u00f5es, ela evitava o Rio de Janeiro e, n\u00e3o raro, passava algum tempo em Bariloche.<\/p>\n<p>Nessas idas e vindas, Orqu\u00eddea tomou gosto por chimarr\u00e3o. N\u00e3o que precisasse de algo para esquentar, mas apreciava a comunh\u00e3o em volta da cuia. Sorvia seu quinh\u00e3o e, em seguida, passava adiante naquele giro de amizades, muitas feitas ali mesmo.<\/p>\n<p>N\u00e3o se sabe ao certo se foi aos 81 ou 82, talvez tenha sido aos 83, quando Orqu\u00eddea, por um desses acasos da vida, se viu apaixonada por Manoel. Tudo parecia perfeito, haja vista o homem, al\u00e9m de ter uma pequena fortuna, ainda era um tip\u00e3o, o que despertou at\u00e9 certa inveja nas amigas. No entanto, o gal\u00e3 dos bailes da terceira idade possu\u00eda um hobby. Pois \u00e9, apesar do reumatismo, era surfista, mas n\u00e3o um surfista qualquer. Amava os pranch\u00f5es.<\/p>\n<p>Como era primavera, as palpita\u00e7\u00f5es do cora\u00e7\u00e3o de Orqu\u00eddea a impediram de vislumbrar o \u00f3bvio impasse da esta\u00e7\u00e3o seguinte. Coisas mi\u00fadas diante da paix\u00e3o arrebatadora, que chega a qualquer idade sem pedir licen\u00e7a. Amaram-se, at\u00e9 que o calor come\u00e7ou a incomod\u00e1-la.<\/p>\n<p>Aquele ver\u00e3o veio para castigar. A mulher suava em bicas, enquanto o amado parecia o mais adaptado esp\u00e9cime \u00e0quele calor infernal. Ele insistia em cham\u00e1-la para uma ida \u00e0 praia, logo ali adiante. Que nada! Orqu\u00eddea n\u00e3o arredava o p\u00e9 do quarto, quando muito ia at\u00e9 a cozinha pegar um bom copo d&#8217;\u00e1gua abarrotado de gelo.<\/p>\n<p>Manoel logo entendeu que os diferentes podem conviver. Surfava todas as manh\u00e3s ensolaradas, enquanto a namorada ficava trancafiada no aconchego do lar. Dessa forma, passaram pelo ver\u00e3o carioca. Sobreviveram, a despeito da conta de luz, que quase triplicou por conta do ar-condicionado, ligado dia sim, dia tamb\u00e9m. Todavia, parece que o homem j\u00e1 providenciou belos casacos de l\u00e3 para o pr\u00f3ximo inverno.<\/p>\n","protected":false},"excerpt":{"rendered":"<p>Tamanho era o frio, que at\u00e9 o velho term\u00f4metro na parede tremia. No entanto, Orqu\u00eddea, enrolada no seu xale de l\u00e3, era toda sorriso. N\u00e3o que tivesse sido sempre assim, pois, durante a juventude, os ossos tremiam por qualquer brisa. Parte do vi\u00e7o se foi quando chegou aos 80, mas advieram os calores da idade, [&hellip;]<\/p>\n","protected":false},"author":2,"featured_media":313035,"comment_status":"closed","ping_status":"closed","sticky":false,"template":"","format":"standard","meta":{"_acf_changed":false,"footnotes":""},"categories":[161],"tags":[],"class_list":["post-313034","post","type-post","status-publish","format-standard","has-post-thumbnail","hentry","category-quadradinho-em-foco"],"acf":[],"yoast_head":"<!-- This site is optimized with the Yoast SEO plugin v27.2 - https:\/\/yoast.com\/product\/yoast-seo-wordpress\/ -->\n<title>Manoel muda, usa casaco de l\u00e3 e economiza na luz - Notibras<\/title>\n<meta name=\"robots\" content=\"index, follow, max-snippet:-1, max-image-preview:large, max-video-preview:-1\" \/>\n<link rel=\"canonical\" href=\"https:\/\/www.notibras.com\/site\/manoel-muda-usa-casaco-de-la-e-economiza-na-luz\/\" \/>\n<meta property=\"og:locale\" content=\"pt_BR\" \/>\n<meta property=\"og:type\" content=\"article\" \/>\n<meta property=\"og:title\" content=\"Manoel muda, usa casaco de l\u00e3 e economiza na luz - Notibras\" \/>\n<meta property=\"og:description\" content=\"Tamanho era o frio, que at\u00e9 o velho term\u00f4metro na parede tremia. No entanto, Orqu\u00eddea, enrolada no seu xale de l\u00e3, era toda sorriso. N\u00e3o que tivesse sido sempre assim, pois, durante a juventude, os ossos tremiam por qualquer brisa. Parte do vi\u00e7o se foi quando chegou aos 80, mas advieram os calores da idade, [&hellip;]\" \/>\n<meta property=\"og:url\" content=\"https:\/\/www.notibras.com\/site\/manoel-muda-usa-casaco-de-la-e-economiza-na-luz\/\" \/>\n<meta property=\"og:site_name\" content=\"Notibras\" \/>\n<meta property=\"article:publisher\" content=\"https:\/\/www.facebook.com\/notibras\/\" \/>\n<meta property=\"article:published_time\" content=\"2023-09-17T10:10:24+00:00\" \/>\n<meta property=\"article:modified_time\" content=\"2023-09-17T10:12:38+00:00\" \/>\n<meta property=\"og:image\" content=\"https:\/\/www.notibras.com\/site\/wp-content\/uploads\/2023\/09\/duduvelha.jpg\" \/>\n\t<meta property=\"og:image:width\" content=\"1200\" \/>\n\t<meta property=\"og:image:height\" content=\"800\" \/>\n\t<meta property=\"og:image:type\" content=\"image\/jpeg\" \/>\n<meta name=\"author\" content=\"Reda\u00e7\u00e3o\" \/>\n<meta name=\"twitter:card\" content=\"summary_large_image\" \/>\n<meta name=\"twitter:creator\" content=\"@Notibras\" \/>\n<meta name=\"twitter:site\" content=\"@Notibras\" \/>\n<meta name=\"twitter:label1\" content=\"Escrito por\" \/>\n\t<meta name=\"twitter:data1\" content=\"Reda\u00e7\u00e3o\" \/>\n\t<meta name=\"twitter:label2\" content=\"Est. tempo de leitura\" \/>\n\t<meta name=\"twitter:data2\" content=\"3 minutos\" \/>\n<script type=\"application\/ld+json\" class=\"yoast-schema-graph\">{\"@context\":\"https:\/\/schema.org\",\"@graph\":[{\"@type\":\"Article\",\"@id\":\"https:\/\/www.notibras.com\/site\/manoel-muda-usa-casaco-de-la-e-economiza-na-luz\/#article\",\"isPartOf\":{\"@id\":\"https:\/\/www.notibras.com\/site\/manoel-muda-usa-casaco-de-la-e-economiza-na-luz\/\"},\"author\":{\"name\":\"Reda\u00e7\u00e3o\",\"@id\":\"https:\/\/www.notibras.com\/site\/#\/schema\/person\/36ab0979449956132d3e5b517ea76ac8\"},\"headline\":\"Manoel muda, usa casaco de l\u00e3 e economiza na luz\",\"datePublished\":\"2023-09-17T10:10:24+00:00\",\"dateModified\":\"2023-09-17T10:12:38+00:00\",\"mainEntityOfPage\":{\"@id\":\"https:\/\/www.notibras.com\/site\/manoel-muda-usa-casaco-de-la-e-economiza-na-luz\/\"},\"wordCount\":434,\"publisher\":{\"@id\":\"https:\/\/www.notibras.com\/site\/#organization\"},\"image\":{\"@id\":\"https:\/\/www.notibras.com\/site\/manoel-muda-usa-casaco-de-la-e-economiza-na-luz\/#primaryimage\"},\"thumbnailUrl\":\"https:\/\/www.notibras.com\/site\/wp-content\/uploads\/2023\/09\/duduvelha.jpg\",\"articleSection\":[\"Quadradinho em Foco\"],\"inLanguage\":\"pt-BR\"},{\"@type\":\"WebPage\",\"@id\":\"https:\/\/www.notibras.com\/site\/manoel-muda-usa-casaco-de-la-e-economiza-na-luz\/\",\"url\":\"https:\/\/www.notibras.com\/site\/manoel-muda-usa-casaco-de-la-e-economiza-na-luz\/\",\"name\":\"Manoel muda, usa casaco de l\u00e3 e economiza na luz - Notibras\",\"isPartOf\":{\"@id\":\"https:\/\/www.notibras.com\/site\/#website\"},\"primaryImageOfPage\":{\"@id\":\"https:\/\/www.notibras.com\/site\/manoel-muda-usa-casaco-de-la-e-economiza-na-luz\/#primaryimage\"},\"image\":{\"@id\":\"https:\/\/www.notibras.com\/site\/manoel-muda-usa-casaco-de-la-e-economiza-na-luz\/#primaryimage\"},\"thumbnailUrl\":\"https:\/\/www.notibras.com\/site\/wp-content\/uploads\/2023\/09\/duduvelha.jpg\",\"datePublished\":\"2023-09-17T10:10:24+00:00\",\"dateModified\":\"2023-09-17T10:12:38+00:00\",\"breadcrumb\":{\"@id\":\"https:\/\/www.notibras.com\/site\/manoel-muda-usa-casaco-de-la-e-economiza-na-luz\/#breadcrumb\"},\"inLanguage\":\"pt-BR\",\"potentialAction\":[{\"@type\":\"ReadAction\",\"target\":[\"https:\/\/www.notibras.com\/site\/manoel-muda-usa-casaco-de-la-e-economiza-na-luz\/\"]}]},{\"@type\":\"ImageObject\",\"inLanguage\":\"pt-BR\",\"@id\":\"https:\/\/www.notibras.com\/site\/manoel-muda-usa-casaco-de-la-e-economiza-na-luz\/#primaryimage\",\"url\":\"https:\/\/www.notibras.com\/site\/wp-content\/uploads\/2023\/09\/duduvelha.jpg\",\"contentUrl\":\"https:\/\/www.notibras.com\/site\/wp-content\/uploads\/2023\/09\/duduvelha.jpg\",\"width\":1200,\"height\":800},{\"@type\":\"BreadcrumbList\",\"@id\":\"https:\/\/www.notibras.com\/site\/manoel-muda-usa-casaco-de-la-e-economiza-na-luz\/#breadcrumb\",\"itemListElement\":[{\"@type\":\"ListItem\",\"position\":1,\"name\":\"In\u00edcio\",\"item\":\"https:\/\/www.notibras.com\/site\/\"},{\"@type\":\"ListItem\",\"position\":2,\"name\":\"Manoel muda, usa casaco de l\u00e3 e economiza na luz\"}]},{\"@type\":\"WebSite\",\"@id\":\"https:\/\/www.notibras.com\/site\/#website\",\"url\":\"https:\/\/www.notibras.com\/site\/\",\"name\":\"Notibras\",\"description\":\"Not\u00edcias de Bras\u00edlia, do Brasil e do Mundo\",\"publisher\":{\"@id\":\"https:\/\/www.notibras.com\/site\/#organization\"},\"potentialAction\":[{\"@type\":\"SearchAction\",\"target\":{\"@type\":\"EntryPoint\",\"urlTemplate\":\"https:\/\/www.notibras.com\/site\/?s={search_term_string}\"},\"query-input\":{\"@type\":\"PropertyValueSpecification\",\"valueRequired\":true,\"valueName\":\"search_term_string\"}}],\"inLanguage\":\"pt-BR\"},{\"@type\":\"Organization\",\"@id\":\"https:\/\/www.notibras.com\/site\/#organization\",\"name\":\"Grupo Notibras de Comunica\u00e7\u00e3o\",\"url\":\"https:\/\/www.notibras.com\/site\/\",\"logo\":{\"@type\":\"ImageObject\",\"inLanguage\":\"pt-BR\",\"@id\":\"https:\/\/www.notibras.com\/site\/#\/schema\/logo\/image\/\",\"url\":\"https:\/\/www.notibras.com\/site\/wp-content\/uploads\/2023\/01\/notibras23.png\",\"contentUrl\":\"https:\/\/www.notibras.com\/site\/wp-content\/uploads\/2023\/01\/notibras23.png\",\"width\":350,\"height\":87,\"caption\":\"Grupo Notibras de Comunica\u00e7\u00e3o\"},\"image\":{\"@id\":\"https:\/\/www.notibras.com\/site\/#\/schema\/logo\/image\/\"},\"sameAs\":[\"https:\/\/www.facebook.com\/notibras\/\",\"https:\/\/x.com\/Notibras\",\"https:\/\/www.instagram.com\/notibras\/\"]},{\"@type\":\"Person\",\"@id\":\"https:\/\/www.notibras.com\/site\/#\/schema\/person\/36ab0979449956132d3e5b517ea76ac8\",\"name\":\"Reda\u00e7\u00e3o\",\"image\":{\"@type\":\"ImageObject\",\"inLanguage\":\"pt-BR\",\"@id\":\"https:\/\/secure.gravatar.com\/avatar\/e0a867bdedb85fd243eadf09663511f96fc81e0720a4a42581f334ad4303aa6b?s=96&d=mm&r=g\",\"url\":\"https:\/\/secure.gravatar.com\/avatar\/e0a867bdedb85fd243eadf09663511f96fc81e0720a4a42581f334ad4303aa6b?s=96&d=mm&r=g\",\"contentUrl\":\"https:\/\/secure.gravatar.com\/avatar\/e0a867bdedb85fd243eadf09663511f96fc81e0720a4a42581f334ad4303aa6b?s=96&d=mm&r=g\",\"caption\":\"Reda\u00e7\u00e3o\"}}]}<\/script>\n<!-- \/ Yoast SEO plugin. -->","yoast_head_json":{"title":"Manoel muda, usa casaco de l\u00e3 e economiza na luz - Notibras","robots":{"index":"index","follow":"follow","max-snippet":"max-snippet:-1","max-image-preview":"max-image-preview:large","max-video-preview":"max-video-preview:-1"},"canonical":"https:\/\/www.notibras.com\/site\/manoel-muda-usa-casaco-de-la-e-economiza-na-luz\/","og_locale":"pt_BR","og_type":"article","og_title":"Manoel muda, usa casaco de l\u00e3 e economiza na luz - Notibras","og_description":"Tamanho era o frio, que at\u00e9 o velho term\u00f4metro na parede tremia. No entanto, Orqu\u00eddea, enrolada no seu xale de l\u00e3, era toda sorriso. N\u00e3o que tivesse sido sempre assim, pois, durante a juventude, os ossos tremiam por qualquer brisa. Parte do vi\u00e7o se foi quando chegou aos 80, mas advieram os calores da idade, [&hellip;]","og_url":"https:\/\/www.notibras.com\/site\/manoel-muda-usa-casaco-de-la-e-economiza-na-luz\/","og_site_name":"Notibras","article_publisher":"https:\/\/www.facebook.com\/notibras\/","article_published_time":"2023-09-17T10:10:24+00:00","article_modified_time":"2023-09-17T10:12:38+00:00","og_image":[{"width":1200,"height":800,"url":"https:\/\/www.notibras.com\/site\/wp-content\/uploads\/2023\/09\/duduvelha.jpg","type":"image\/jpeg"}],"author":"Reda\u00e7\u00e3o","twitter_card":"summary_large_image","twitter_creator":"@Notibras","twitter_site":"@Notibras","twitter_misc":{"Escrito por":"Reda\u00e7\u00e3o","Est. tempo de leitura":"3 minutos"},"schema":{"@context":"https:\/\/schema.org","@graph":[{"@type":"Article","@id":"https:\/\/www.notibras.com\/site\/manoel-muda-usa-casaco-de-la-e-economiza-na-luz\/#article","isPartOf":{"@id":"https:\/\/www.notibras.com\/site\/manoel-muda-usa-casaco-de-la-e-economiza-na-luz\/"},"author":{"name":"Reda\u00e7\u00e3o","@id":"https:\/\/www.notibras.com\/site\/#\/schema\/person\/36ab0979449956132d3e5b517ea76ac8"},"headline":"Manoel muda, usa casaco de l\u00e3 e economiza na luz","datePublished":"2023-09-17T10:10:24+00:00","dateModified":"2023-09-17T10:12:38+00:00","mainEntityOfPage":{"@id":"https:\/\/www.notibras.com\/site\/manoel-muda-usa-casaco-de-la-e-economiza-na-luz\/"},"wordCount":434,"publisher":{"@id":"https:\/\/www.notibras.com\/site\/#organization"},"image":{"@id":"https:\/\/www.notibras.com\/site\/manoel-muda-usa-casaco-de-la-e-economiza-na-luz\/#primaryimage"},"thumbnailUrl":"https:\/\/www.notibras.com\/site\/wp-content\/uploads\/2023\/09\/duduvelha.jpg","articleSection":["Quadradinho em Foco"],"inLanguage":"pt-BR"},{"@type":"WebPage","@id":"https:\/\/www.notibras.com\/site\/manoel-muda-usa-casaco-de-la-e-economiza-na-luz\/","url":"https:\/\/www.notibras.com\/site\/manoel-muda-usa-casaco-de-la-e-economiza-na-luz\/","name":"Manoel muda, usa casaco de l\u00e3 e economiza na luz - Notibras","isPartOf":{"@id":"https:\/\/www.notibras.com\/site\/#website"},"primaryImageOfPage":{"@id":"https:\/\/www.notibras.com\/site\/manoel-muda-usa-casaco-de-la-e-economiza-na-luz\/#primaryimage"},"image":{"@id":"https:\/\/www.notibras.com\/site\/manoel-muda-usa-casaco-de-la-e-economiza-na-luz\/#primaryimage"},"thumbnailUrl":"https:\/\/www.notibras.com\/site\/wp-content\/uploads\/2023\/09\/duduvelha.jpg","datePublished":"2023-09-17T10:10:24+00:00","dateModified":"2023-09-17T10:12:38+00:00","breadcrumb":{"@id":"https:\/\/www.notibras.com\/site\/manoel-muda-usa-casaco-de-la-e-economiza-na-luz\/#breadcrumb"},"inLanguage":"pt-BR","potentialAction":[{"@type":"ReadAction","target":["https:\/\/www.notibras.com\/site\/manoel-muda-usa-casaco-de-la-e-economiza-na-luz\/"]}]},{"@type":"ImageObject","inLanguage":"pt-BR","@id":"https:\/\/www.notibras.com\/site\/manoel-muda-usa-casaco-de-la-e-economiza-na-luz\/#primaryimage","url":"https:\/\/www.notibras.com\/site\/wp-content\/uploads\/2023\/09\/duduvelha.jpg","contentUrl":"https:\/\/www.notibras.com\/site\/wp-content\/uploads\/2023\/09\/duduvelha.jpg","width":1200,"height":800},{"@type":"BreadcrumbList","@id":"https:\/\/www.notibras.com\/site\/manoel-muda-usa-casaco-de-la-e-economiza-na-luz\/#breadcrumb","itemListElement":[{"@type":"ListItem","position":1,"name":"In\u00edcio","item":"https:\/\/www.notibras.com\/site\/"},{"@type":"ListItem","position":2,"name":"Manoel muda, usa casaco de l\u00e3 e economiza na luz"}]},{"@type":"WebSite","@id":"https:\/\/www.notibras.com\/site\/#website","url":"https:\/\/www.notibras.com\/site\/","name":"Notibras","description":"Not\u00edcias de Bras\u00edlia, do Brasil e do Mundo","publisher":{"@id":"https:\/\/www.notibras.com\/site\/#organization"},"potentialAction":[{"@type":"SearchAction","target":{"@type":"EntryPoint","urlTemplate":"https:\/\/www.notibras.com\/site\/?s={search_term_string}"},"query-input":{"@type":"PropertyValueSpecification","valueRequired":true,"valueName":"search_term_string"}}],"inLanguage":"pt-BR"},{"@type":"Organization","@id":"https:\/\/www.notibras.com\/site\/#organization","name":"Grupo Notibras de Comunica\u00e7\u00e3o","url":"https:\/\/www.notibras.com\/site\/","logo":{"@type":"ImageObject","inLanguage":"pt-BR","@id":"https:\/\/www.notibras.com\/site\/#\/schema\/logo\/image\/","url":"https:\/\/www.notibras.com\/site\/wp-content\/uploads\/2023\/01\/notibras23.png","contentUrl":"https:\/\/www.notibras.com\/site\/wp-content\/uploads\/2023\/01\/notibras23.png","width":350,"height":87,"caption":"Grupo Notibras de Comunica\u00e7\u00e3o"},"image":{"@id":"https:\/\/www.notibras.com\/site\/#\/schema\/logo\/image\/"},"sameAs":["https:\/\/www.facebook.com\/notibras\/","https:\/\/x.com\/Notibras","https:\/\/www.instagram.com\/notibras\/"]},{"@type":"Person","@id":"https:\/\/www.notibras.com\/site\/#\/schema\/person\/36ab0979449956132d3e5b517ea76ac8","name":"Reda\u00e7\u00e3o","image":{"@type":"ImageObject","inLanguage":"pt-BR","@id":"https:\/\/secure.gravatar.com\/avatar\/e0a867bdedb85fd243eadf09663511f96fc81e0720a4a42581f334ad4303aa6b?s=96&d=mm&r=g","url":"https:\/\/secure.gravatar.com\/avatar\/e0a867bdedb85fd243eadf09663511f96fc81e0720a4a42581f334ad4303aa6b?s=96&d=mm&r=g","contentUrl":"https:\/\/secure.gravatar.com\/avatar\/e0a867bdedb85fd243eadf09663511f96fc81e0720a4a42581f334ad4303aa6b?s=96&d=mm&r=g","caption":"Reda\u00e7\u00e3o"}}]}},"amp_enabled":true,"_links":{"self":[{"href":"https:\/\/www.notibras.com\/site\/wp-json\/wp\/v2\/posts\/313034","targetHints":{"allow":["GET"]}}],"collection":[{"href":"https:\/\/www.notibras.com\/site\/wp-json\/wp\/v2\/posts"}],"about":[{"href":"https:\/\/www.notibras.com\/site\/wp-json\/wp\/v2\/types\/post"}],"author":[{"embeddable":true,"href":"https:\/\/www.notibras.com\/site\/wp-json\/wp\/v2\/users\/2"}],"replies":[{"embeddable":true,"href":"https:\/\/www.notibras.com\/site\/wp-json\/wp\/v2\/comments?post=313034"}],"version-history":[{"count":3,"href":"https:\/\/www.notibras.com\/site\/wp-json\/wp\/v2\/posts\/313034\/revisions"}],"predecessor-version":[{"id":313038,"href":"https:\/\/www.notibras.com\/site\/wp-json\/wp\/v2\/posts\/313034\/revisions\/313038"}],"wp:featuredmedia":[{"embeddable":true,"href":"https:\/\/www.notibras.com\/site\/wp-json\/wp\/v2\/media\/313035"}],"wp:attachment":[{"href":"https:\/\/www.notibras.com\/site\/wp-json\/wp\/v2\/media?parent=313034"}],"wp:term":[{"taxonomy":"category","embeddable":true,"href":"https:\/\/www.notibras.com\/site\/wp-json\/wp\/v2\/categories?post=313034"},{"taxonomy":"post_tag","embeddable":true,"href":"https:\/\/www.notibras.com\/site\/wp-json\/wp\/v2\/tags?post=313034"}],"curies":[{"name":"wp","href":"https:\/\/api.w.org\/{rel}","templated":true}]}}