{"id":313039,"date":"2023-09-17T00:00:36","date_gmt":"2023-09-17T03:00:36","guid":{"rendered":"https:\/\/www.notibras.com\/site\/?p=313039"},"modified":"2023-09-17T07:43:10","modified_gmt":"2023-09-17T10:43:10","slug":"mandante-de-chacina-se-entrega-19-anos-apos-crime","status":"publish","type":"post","link":"https:\/\/www.notibras.com\/site\/mandante-de-chacina-se-entrega-19-anos-apos-crime\/","title":{"rendered":"Mandante de chacina se entrega 19 anos ap\u00f3s crime"},"content":{"rendered":"<p>Condenado como mandante da Chacina de Una\u00ed, em Minas Gerais, em que auditores fiscais do trabalho foram assassinados em 2004, o fazendeiro Ant\u00e9rio M\u00e2nica, prefeito da cidade mineira de 2007 a 2012, entregou-se nestee s\u00e1bado (16) \u00e0 Pol\u00edcia Federal em Bras\u00edlia. O irm\u00e3o dele, Norberto M\u00e2nica, \u00e9 considerado foragido.<\/p>\n<p>Na \u00faltima quarta-feira (13), o Tribunal Regional Federal da 6\u00aa Regi\u00e3o (TRF-6), em Belo Horizonte, determinou a pris\u00e3o imediata dos irm\u00e3os M\u00e2nica e de dois condenados por intermediarem a chacina. Na quinta-feira (14), Jos\u00e9 Alberto de Castro, condenado por contratar os pistoleiros para o crime, havia sido preso em Minas Gerais, mas o quarto condenado, Hugo Alves Pimenta, tamb\u00e9m est\u00e1 foragido.<\/p>\n<p>O TRF-6 atendeu a pedido do Minist\u00e9rio P\u00fablico Federal de pris\u00e3o imediata dos dois mandantes da chacina por poderem usar o poder pol\u00edtico e econ\u00f4mico para atrapalhar o processo. Na ter\u00e7a-feira (12), a 5\u00aa Turma do Superior Tribunal de Justi\u00e7a (STJ) tinha autorizado a pris\u00e3o de tr\u00eas condenados pelo crime, Norberto M\u00e2nica, Castro e Pimenta.<\/p>\n<p>O Sindicato Nacional dos Auditores Fiscais do Trabalho (Sinait) emitiu nota ap\u00f3s a pris\u00e3o de Ant\u00e9rio M\u00e2nica. \u201cToda a luta do Sinait e dos familiares das v\u00edtimas ao longo dos \u00faltimos quase 20 anos n\u00e3o foi em v\u00e3o, e certamente, sem esse trabalho, n\u00e3o ter\u00edamos chegado a esse desfecho, pois os envolvidos s\u00e3o pessoas de alto poder econ\u00f4mico, com os melhores advogados de defesa\u201d, destacou o comunicado.<\/p>\n<p>Em 28 de janeiro de 2004, os auditores fiscais do Trabalho Erast\u00f3stenes de Almeida Gon\u00e7alves, Jo\u00e3o Batista Soares e Nelson Jos\u00e9 da Silva e o motorista Ailton Pereira de Oliveira foram mortos \u00e0 queima-roupa em uma emboscada na zona rural de Una\u00ed. Eles investigavam den\u00fancias de trabalho an\u00e1logo \u00e0 escravid\u00e3o. As investiga\u00e7\u00f5es apontaram os irm\u00e3os M\u00e2nica como mandantes do crime.<\/p>\n<p>Em 2015, Ant\u00e9rio e Norberto foram condenados a 100 anos de pris\u00e3o, mas recorreram em liberdade por serem r\u00e9us prim\u00e1rios. O ex-prefeito teve a condena\u00e7\u00e3o anulada ap\u00f3s o irm\u00e3o confessar ser o \u00fanico mandante, mas, em maio do ano passado, Ant\u00e9rio foi novamente julgado pela Justi\u00e7a Federal e condenado a 64 anos de pris\u00e3o. Os dois irm\u00e3os recorreram da condena\u00e7\u00e3o e aguardavam o julgamento dos recursos em liberdade.<\/p>\n<p>Condenados por terem contratados os atiradores, Jos\u00e9 Alberto de Castro e Hugo Pimenta tamb\u00e9m aguardavam o resultado dos recursos em liberdade. Os \u00fanicos que cumpriam pena at\u00e9 agora eram os tr\u00eas pistoleiros, Erinaldo Vasconcelos, Rog\u00e9rio Allan e William Miranda. Presos desde 2004, eles foram condenados em 2013.<\/p>\n","protected":false},"excerpt":{"rendered":"<p>Condenado como mandante da Chacina de Una\u00ed, em Minas Gerais, em que auditores fiscais do trabalho foram assassinados em 2004, o fazendeiro Ant\u00e9rio M\u00e2nica, prefeito da cidade mineira de 2007 a 2012, entregou-se nestee s\u00e1bado (16) \u00e0 Pol\u00edcia Federal em Bras\u00edlia. O irm\u00e3o dele, Norberto M\u00e2nica, \u00e9 considerado foragido. Na \u00faltima quarta-feira (13), o Tribunal [&hellip;]<\/p>\n","protected":false},"author":2,"featured_media":313040,"comment_status":"closed","ping_status":"closed","sticky":false,"template":"","format":"standard","meta":{"_acf_changed":false,"footnotes":""},"categories":[161],"tags":[],"class_list":["post-313039","post","type-post","status-publish","format-standard","has-post-thumbnail","hentry","category-quadradinho-em-foco"],"acf":[],"yoast_head":"<!-- This site is optimized with the Yoast SEO plugin v27.2 - https:\/\/yoast.com\/product\/yoast-seo-wordpress\/ -->\n<title>Mandante de chacina se entrega 19 anos ap\u00f3s crime - Notibras<\/title>\n<meta name=\"robots\" content=\"index, follow, max-snippet:-1, max-image-preview:large, max-video-preview:-1\" \/>\n<link rel=\"canonical\" href=\"https:\/\/www.notibras.com\/site\/mandante-de-chacina-se-entrega-19-anos-apos-crime\/\" \/>\n<meta property=\"og:locale\" content=\"pt_BR\" \/>\n<meta property=\"og:type\" content=\"article\" \/>\n<meta property=\"og:title\" content=\"Mandante de chacina se entrega 19 anos ap\u00f3s crime - Notibras\" \/>\n<meta property=\"og:description\" content=\"Condenado como mandante da Chacina de Una\u00ed, em Minas Gerais, em que auditores fiscais do trabalho foram assassinados em 2004, o fazendeiro Ant\u00e9rio M\u00e2nica, prefeito da cidade mineira de 2007 a 2012, entregou-se nestee s\u00e1bado (16) \u00e0 Pol\u00edcia Federal em Bras\u00edlia. O irm\u00e3o dele, Norberto M\u00e2nica, \u00e9 considerado foragido. Na \u00faltima quarta-feira (13), o Tribunal [&hellip;]\" \/>\n<meta property=\"og:url\" content=\"https:\/\/www.notibras.com\/site\/mandante-de-chacina-se-entrega-19-anos-apos-crime\/\" \/>\n<meta property=\"og:site_name\" content=\"Notibras\" \/>\n<meta property=\"article:publisher\" content=\"https:\/\/www.facebook.com\/notibras\/\" \/>\n<meta property=\"article:published_time\" content=\"2023-09-17T03:00:36+00:00\" \/>\n<meta property=\"article:modified_time\" content=\"2023-09-17T10:43:10+00:00\" \/>\n<meta property=\"og:image\" content=\"https:\/\/www.notibras.com\/site\/wp-content\/uploads\/2023\/09\/1105646-df_auditores-fiscaisa81t9455.jpg\" \/>\n\t<meta property=\"og:image:width\" content=\"1170\" \/>\n\t<meta property=\"og:image:height\" content=\"700\" \/>\n\t<meta property=\"og:image:type\" content=\"image\/jpeg\" \/>\n<meta name=\"author\" content=\"Reda\u00e7\u00e3o\" \/>\n<meta name=\"twitter:card\" content=\"summary_large_image\" \/>\n<meta name=\"twitter:creator\" content=\"@Notibras\" \/>\n<meta name=\"twitter:site\" content=\"@Notibras\" \/>\n<meta name=\"twitter:label1\" content=\"Escrito por\" \/>\n\t<meta name=\"twitter:data1\" content=\"Reda\u00e7\u00e3o\" \/>\n\t<meta name=\"twitter:label2\" content=\"Est. tempo de leitura\" \/>\n\t<meta name=\"twitter:data2\" content=\"3 minutos\" \/>\n<script type=\"application\/ld+json\" class=\"yoast-schema-graph\">{\"@context\":\"https:\/\/schema.org\",\"@graph\":[{\"@type\":\"Article\",\"@id\":\"https:\/\/www.notibras.com\/site\/mandante-de-chacina-se-entrega-19-anos-apos-crime\/#article\",\"isPartOf\":{\"@id\":\"https:\/\/www.notibras.com\/site\/mandante-de-chacina-se-entrega-19-anos-apos-crime\/\"},\"author\":{\"name\":\"Reda\u00e7\u00e3o\",\"@id\":\"https:\/\/www.notibras.com\/site\/#\/schema\/person\/36ab0979449956132d3e5b517ea76ac8\"},\"headline\":\"Mandante de chacina se entrega 19 anos ap\u00f3s crime\",\"datePublished\":\"2023-09-17T03:00:36+00:00\",\"dateModified\":\"2023-09-17T10:43:10+00:00\",\"mainEntityOfPage\":{\"@id\":\"https:\/\/www.notibras.com\/site\/mandante-de-chacina-se-entrega-19-anos-apos-crime\/\"},\"wordCount\":452,\"publisher\":{\"@id\":\"https:\/\/www.notibras.com\/site\/#organization\"},\"image\":{\"@id\":\"https:\/\/www.notibras.com\/site\/mandante-de-chacina-se-entrega-19-anos-apos-crime\/#primaryimage\"},\"thumbnailUrl\":\"https:\/\/www.notibras.com\/site\/wp-content\/uploads\/2023\/09\/1105646-df_auditores-fiscaisa81t9455.jpg\",\"articleSection\":[\"Quadradinho em Foco\"],\"inLanguage\":\"pt-BR\"},{\"@type\":\"WebPage\",\"@id\":\"https:\/\/www.notibras.com\/site\/mandante-de-chacina-se-entrega-19-anos-apos-crime\/\",\"url\":\"https:\/\/www.notibras.com\/site\/mandante-de-chacina-se-entrega-19-anos-apos-crime\/\",\"name\":\"Mandante de chacina se entrega 19 anos ap\u00f3s crime - Notibras\",\"isPartOf\":{\"@id\":\"https:\/\/www.notibras.com\/site\/#website\"},\"primaryImageOfPage\":{\"@id\":\"https:\/\/www.notibras.com\/site\/mandante-de-chacina-se-entrega-19-anos-apos-crime\/#primaryimage\"},\"image\":{\"@id\":\"https:\/\/www.notibras.com\/site\/mandante-de-chacina-se-entrega-19-anos-apos-crime\/#primaryimage\"},\"thumbnailUrl\":\"https:\/\/www.notibras.com\/site\/wp-content\/uploads\/2023\/09\/1105646-df_auditores-fiscaisa81t9455.jpg\",\"datePublished\":\"2023-09-17T03:00:36+00:00\",\"dateModified\":\"2023-09-17T10:43:10+00:00\",\"breadcrumb\":{\"@id\":\"https:\/\/www.notibras.com\/site\/mandante-de-chacina-se-entrega-19-anos-apos-crime\/#breadcrumb\"},\"inLanguage\":\"pt-BR\",\"potentialAction\":[{\"@type\":\"ReadAction\",\"target\":[\"https:\/\/www.notibras.com\/site\/mandante-de-chacina-se-entrega-19-anos-apos-crime\/\"]}]},{\"@type\":\"ImageObject\",\"inLanguage\":\"pt-BR\",\"@id\":\"https:\/\/www.notibras.com\/site\/mandante-de-chacina-se-entrega-19-anos-apos-crime\/#primaryimage\",\"url\":\"https:\/\/www.notibras.com\/site\/wp-content\/uploads\/2023\/09\/1105646-df_auditores-fiscaisa81t9455.jpg\",\"contentUrl\":\"https:\/\/www.notibras.com\/site\/wp-content\/uploads\/2023\/09\/1105646-df_auditores-fiscaisa81t9455.jpg\",\"width\":1170,\"height\":700,\"caption\":\"Bras\u00edlia - O Sindicato Nacional dos Auditores Fiscais do Trabalho (Sinait) realiza, como parte da semana nacional de combate ao trabalho escravo, ato de protesto para cobrar o cumprimento da senten\u00e7a dos mandantes da Chacina de Una\u00ed (MG), ocorrida h\u00e1 14 anos.( Jos\u00e9 Cruz\/Ag\u00eancia Brasil)\"},{\"@type\":\"BreadcrumbList\",\"@id\":\"https:\/\/www.notibras.com\/site\/mandante-de-chacina-se-entrega-19-anos-apos-crime\/#breadcrumb\",\"itemListElement\":[{\"@type\":\"ListItem\",\"position\":1,\"name\":\"In\u00edcio\",\"item\":\"https:\/\/www.notibras.com\/site\/\"},{\"@type\":\"ListItem\",\"position\":2,\"name\":\"Mandante de chacina se entrega 19 anos ap\u00f3s crime\"}]},{\"@type\":\"WebSite\",\"@id\":\"https:\/\/www.notibras.com\/site\/#website\",\"url\":\"https:\/\/www.notibras.com\/site\/\",\"name\":\"Notibras\",\"description\":\"Not\u00edcias de Bras\u00edlia, do Brasil e do Mundo\",\"publisher\":{\"@id\":\"https:\/\/www.notibras.com\/site\/#organization\"},\"potentialAction\":[{\"@type\":\"SearchAction\",\"target\":{\"@type\":\"EntryPoint\",\"urlTemplate\":\"https:\/\/www.notibras.com\/site\/?s={search_term_string}\"},\"query-input\":{\"@type\":\"PropertyValueSpecification\",\"valueRequired\":true,\"valueName\":\"search_term_string\"}}],\"inLanguage\":\"pt-BR\"},{\"@type\":\"Organization\",\"@id\":\"https:\/\/www.notibras.com\/site\/#organization\",\"name\":\"Grupo Notibras de Comunica\u00e7\u00e3o\",\"url\":\"https:\/\/www.notibras.com\/site\/\",\"logo\":{\"@type\":\"ImageObject\",\"inLanguage\":\"pt-BR\",\"@id\":\"https:\/\/www.notibras.com\/site\/#\/schema\/logo\/image\/\",\"url\":\"https:\/\/www.notibras.com\/site\/wp-content\/uploads\/2023\/01\/notibras23.png\",\"contentUrl\":\"https:\/\/www.notibras.com\/site\/wp-content\/uploads\/2023\/01\/notibras23.png\",\"width\":350,\"height\":87,\"caption\":\"Grupo Notibras de Comunica\u00e7\u00e3o\"},\"image\":{\"@id\":\"https:\/\/www.notibras.com\/site\/#\/schema\/logo\/image\/\"},\"sameAs\":[\"https:\/\/www.facebook.com\/notibras\/\",\"https:\/\/x.com\/Notibras\",\"https:\/\/www.instagram.com\/notibras\/\"]},{\"@type\":\"Person\",\"@id\":\"https:\/\/www.notibras.com\/site\/#\/schema\/person\/36ab0979449956132d3e5b517ea76ac8\",\"name\":\"Reda\u00e7\u00e3o\",\"image\":{\"@type\":\"ImageObject\",\"inLanguage\":\"pt-BR\",\"@id\":\"https:\/\/secure.gravatar.com\/avatar\/e0a867bdedb85fd243eadf09663511f96fc81e0720a4a42581f334ad4303aa6b?s=96&d=mm&r=g\",\"url\":\"https:\/\/secure.gravatar.com\/avatar\/e0a867bdedb85fd243eadf09663511f96fc81e0720a4a42581f334ad4303aa6b?s=96&d=mm&r=g\",\"contentUrl\":\"https:\/\/secure.gravatar.com\/avatar\/e0a867bdedb85fd243eadf09663511f96fc81e0720a4a42581f334ad4303aa6b?s=96&d=mm&r=g\",\"caption\":\"Reda\u00e7\u00e3o\"}}]}<\/script>\n<!-- \/ Yoast SEO plugin. -->","yoast_head_json":{"title":"Mandante de chacina se entrega 19 anos ap\u00f3s crime - Notibras","robots":{"index":"index","follow":"follow","max-snippet":"max-snippet:-1","max-image-preview":"max-image-preview:large","max-video-preview":"max-video-preview:-1"},"canonical":"https:\/\/www.notibras.com\/site\/mandante-de-chacina-se-entrega-19-anos-apos-crime\/","og_locale":"pt_BR","og_type":"article","og_title":"Mandante de chacina se entrega 19 anos ap\u00f3s crime - Notibras","og_description":"Condenado como mandante da Chacina de Una\u00ed, em Minas Gerais, em que auditores fiscais do trabalho foram assassinados em 2004, o fazendeiro Ant\u00e9rio M\u00e2nica, prefeito da cidade mineira de 2007 a 2012, entregou-se nestee s\u00e1bado (16) \u00e0 Pol\u00edcia Federal em Bras\u00edlia. O irm\u00e3o dele, Norberto M\u00e2nica, \u00e9 considerado foragido. Na \u00faltima quarta-feira (13), o Tribunal [&hellip;]","og_url":"https:\/\/www.notibras.com\/site\/mandante-de-chacina-se-entrega-19-anos-apos-crime\/","og_site_name":"Notibras","article_publisher":"https:\/\/www.facebook.com\/notibras\/","article_published_time":"2023-09-17T03:00:36+00:00","article_modified_time":"2023-09-17T10:43:10+00:00","og_image":[{"width":1170,"height":700,"url":"https:\/\/www.notibras.com\/site\/wp-content\/uploads\/2023\/09\/1105646-df_auditores-fiscaisa81t9455.jpg","type":"image\/jpeg"}],"author":"Reda\u00e7\u00e3o","twitter_card":"summary_large_image","twitter_creator":"@Notibras","twitter_site":"@Notibras","twitter_misc":{"Escrito por":"Reda\u00e7\u00e3o","Est. tempo de leitura":"3 minutos"},"schema":{"@context":"https:\/\/schema.org","@graph":[{"@type":"Article","@id":"https:\/\/www.notibras.com\/site\/mandante-de-chacina-se-entrega-19-anos-apos-crime\/#article","isPartOf":{"@id":"https:\/\/www.notibras.com\/site\/mandante-de-chacina-se-entrega-19-anos-apos-crime\/"},"author":{"name":"Reda\u00e7\u00e3o","@id":"https:\/\/www.notibras.com\/site\/#\/schema\/person\/36ab0979449956132d3e5b517ea76ac8"},"headline":"Mandante de chacina se entrega 19 anos ap\u00f3s crime","datePublished":"2023-09-17T03:00:36+00:00","dateModified":"2023-09-17T10:43:10+00:00","mainEntityOfPage":{"@id":"https:\/\/www.notibras.com\/site\/mandante-de-chacina-se-entrega-19-anos-apos-crime\/"},"wordCount":452,"publisher":{"@id":"https:\/\/www.notibras.com\/site\/#organization"},"image":{"@id":"https:\/\/www.notibras.com\/site\/mandante-de-chacina-se-entrega-19-anos-apos-crime\/#primaryimage"},"thumbnailUrl":"https:\/\/www.notibras.com\/site\/wp-content\/uploads\/2023\/09\/1105646-df_auditores-fiscaisa81t9455.jpg","articleSection":["Quadradinho em Foco"],"inLanguage":"pt-BR"},{"@type":"WebPage","@id":"https:\/\/www.notibras.com\/site\/mandante-de-chacina-se-entrega-19-anos-apos-crime\/","url":"https:\/\/www.notibras.com\/site\/mandante-de-chacina-se-entrega-19-anos-apos-crime\/","name":"Mandante de chacina se entrega 19 anos ap\u00f3s crime - Notibras","isPartOf":{"@id":"https:\/\/www.notibras.com\/site\/#website"},"primaryImageOfPage":{"@id":"https:\/\/www.notibras.com\/site\/mandante-de-chacina-se-entrega-19-anos-apos-crime\/#primaryimage"},"image":{"@id":"https:\/\/www.notibras.com\/site\/mandante-de-chacina-se-entrega-19-anos-apos-crime\/#primaryimage"},"thumbnailUrl":"https:\/\/www.notibras.com\/site\/wp-content\/uploads\/2023\/09\/1105646-df_auditores-fiscaisa81t9455.jpg","datePublished":"2023-09-17T03:00:36+00:00","dateModified":"2023-09-17T10:43:10+00:00","breadcrumb":{"@id":"https:\/\/www.notibras.com\/site\/mandante-de-chacina-se-entrega-19-anos-apos-crime\/#breadcrumb"},"inLanguage":"pt-BR","potentialAction":[{"@type":"ReadAction","target":["https:\/\/www.notibras.com\/site\/mandante-de-chacina-se-entrega-19-anos-apos-crime\/"]}]},{"@type":"ImageObject","inLanguage":"pt-BR","@id":"https:\/\/www.notibras.com\/site\/mandante-de-chacina-se-entrega-19-anos-apos-crime\/#primaryimage","url":"https:\/\/www.notibras.com\/site\/wp-content\/uploads\/2023\/09\/1105646-df_auditores-fiscaisa81t9455.jpg","contentUrl":"https:\/\/www.notibras.com\/site\/wp-content\/uploads\/2023\/09\/1105646-df_auditores-fiscaisa81t9455.jpg","width":1170,"height":700,"caption":"Bras\u00edlia - O Sindicato Nacional dos Auditores Fiscais do Trabalho (Sinait) realiza, como parte da semana nacional de combate ao trabalho escravo, ato de protesto para cobrar o cumprimento da senten\u00e7a dos mandantes da Chacina de Una\u00ed (MG), ocorrida h\u00e1 14 anos.( Jos\u00e9 Cruz\/Ag\u00eancia Brasil)"},{"@type":"BreadcrumbList","@id":"https:\/\/www.notibras.com\/site\/mandante-de-chacina-se-entrega-19-anos-apos-crime\/#breadcrumb","itemListElement":[{"@type":"ListItem","position":1,"name":"In\u00edcio","item":"https:\/\/www.notibras.com\/site\/"},{"@type":"ListItem","position":2,"name":"Mandante de chacina se entrega 19 anos ap\u00f3s crime"}]},{"@type":"WebSite","@id":"https:\/\/www.notibras.com\/site\/#website","url":"https:\/\/www.notibras.com\/site\/","name":"Notibras","description":"Not\u00edcias de Bras\u00edlia, do Brasil e do Mundo","publisher":{"@id":"https:\/\/www.notibras.com\/site\/#organization"},"potentialAction":[{"@type":"SearchAction","target":{"@type":"EntryPoint","urlTemplate":"https:\/\/www.notibras.com\/site\/?s={search_term_string}"},"query-input":{"@type":"PropertyValueSpecification","valueRequired":true,"valueName":"search_term_string"}}],"inLanguage":"pt-BR"},{"@type":"Organization","@id":"https:\/\/www.notibras.com\/site\/#organization","name":"Grupo Notibras de Comunica\u00e7\u00e3o","url":"https:\/\/www.notibras.com\/site\/","logo":{"@type":"ImageObject","inLanguage":"pt-BR","@id":"https:\/\/www.notibras.com\/site\/#\/schema\/logo\/image\/","url":"https:\/\/www.notibras.com\/site\/wp-content\/uploads\/2023\/01\/notibras23.png","contentUrl":"https:\/\/www.notibras.com\/site\/wp-content\/uploads\/2023\/01\/notibras23.png","width":350,"height":87,"caption":"Grupo Notibras de Comunica\u00e7\u00e3o"},"image":{"@id":"https:\/\/www.notibras.com\/site\/#\/schema\/logo\/image\/"},"sameAs":["https:\/\/www.facebook.com\/notibras\/","https:\/\/x.com\/Notibras","https:\/\/www.instagram.com\/notibras\/"]},{"@type":"Person","@id":"https:\/\/www.notibras.com\/site\/#\/schema\/person\/36ab0979449956132d3e5b517ea76ac8","name":"Reda\u00e7\u00e3o","image":{"@type":"ImageObject","inLanguage":"pt-BR","@id":"https:\/\/secure.gravatar.com\/avatar\/e0a867bdedb85fd243eadf09663511f96fc81e0720a4a42581f334ad4303aa6b?s=96&d=mm&r=g","url":"https:\/\/secure.gravatar.com\/avatar\/e0a867bdedb85fd243eadf09663511f96fc81e0720a4a42581f334ad4303aa6b?s=96&d=mm&r=g","contentUrl":"https:\/\/secure.gravatar.com\/avatar\/e0a867bdedb85fd243eadf09663511f96fc81e0720a4a42581f334ad4303aa6b?s=96&d=mm&r=g","caption":"Reda\u00e7\u00e3o"}}]}},"amp_enabled":true,"_links":{"self":[{"href":"https:\/\/www.notibras.com\/site\/wp-json\/wp\/v2\/posts\/313039","targetHints":{"allow":["GET"]}}],"collection":[{"href":"https:\/\/www.notibras.com\/site\/wp-json\/wp\/v2\/posts"}],"about":[{"href":"https:\/\/www.notibras.com\/site\/wp-json\/wp\/v2\/types\/post"}],"author":[{"embeddable":true,"href":"https:\/\/www.notibras.com\/site\/wp-json\/wp\/v2\/users\/2"}],"replies":[{"embeddable":true,"href":"https:\/\/www.notibras.com\/site\/wp-json\/wp\/v2\/comments?post=313039"}],"version-history":[{"count":2,"href":"https:\/\/www.notibras.com\/site\/wp-json\/wp\/v2\/posts\/313039\/revisions"}],"predecessor-version":[{"id":313043,"href":"https:\/\/www.notibras.com\/site\/wp-json\/wp\/v2\/posts\/313039\/revisions\/313043"}],"wp:featuredmedia":[{"embeddable":true,"href":"https:\/\/www.notibras.com\/site\/wp-json\/wp\/v2\/media\/313040"}],"wp:attachment":[{"href":"https:\/\/www.notibras.com\/site\/wp-json\/wp\/v2\/media?parent=313039"}],"wp:term":[{"taxonomy":"category","embeddable":true,"href":"https:\/\/www.notibras.com\/site\/wp-json\/wp\/v2\/categories?post=313039"},{"taxonomy":"post_tag","embeddable":true,"href":"https:\/\/www.notibras.com\/site\/wp-json\/wp\/v2\/tags?post=313039"}],"curies":[{"name":"wp","href":"https:\/\/api.w.org\/{rel}","templated":true}]}}