{"id":313081,"date":"2023-09-19T08:25:48","date_gmt":"2023-09-19T11:25:48","guid":{"rendered":"https:\/\/www.notibras.com\/site\/?p=313081"},"modified":"2023-09-19T14:31:08","modified_gmt":"2023-09-19T17:31:08","slug":"se-liga-jovem-hpv-e-infeccao-mais-associada-ao-cancer","status":"publish","type":"post","link":"https:\/\/www.notibras.com\/site\/se-liga-jovem-hpv-e-infeccao-mais-associada-ao-cancer\/","title":{"rendered":"Se liga, jovem&#8230; HPV \u00e9 infec\u00e7\u00e3o mais associada ao c\u00e2ncer"},"content":{"rendered":"<p>A vacina\u00e7\u00e3o contra o Papilomav\u00edrus Humano (HPV) j\u00e1 est\u00e1 dispon\u00edvel gratuitamente no Brasil desde 2014. No entanto, levar a prote\u00e7\u00e3o contra esse v\u00edrus a crian\u00e7as e adolescentes tem sido um esfor\u00e7o com resultados muito aqu\u00e9m do necess\u00e1rio.<\/p>\n<p>Dados da Organiza\u00e7\u00e3o Pan-Americana da Sa\u00fade (Opas) mostram que em 2021 apenas 37% dos adolescentes do sexo masculino receberam essa vacina no pa\u00eds, enquanto o Programa Nacional de Imuniza\u00e7\u00f5es (PNI) tem como meta imunizar 80% desse p\u00fablico alvo.<\/p>\n<p>A import\u00e2ncia da imuniza\u00e7\u00e3o contra esse v\u00edrus na adolesc\u00eancia se deve ao fato de que parte de seus sorotipos \u00e9 considerada altamente cancer\u00edgena, e a prote\u00e7\u00e3o da vacina \u00e9 maior se realizada antes do in\u00edcio da vida sexual, j\u00e1 que esse v\u00edrus \u00e9 causador de infec\u00e7\u00f5es sexualmente transmiss\u00edveis (IST). A vacina tamb\u00e9m \u00e9 considerada a forma mais eficaz de preven\u00e7\u00e3o, j\u00e1 que o HPV pode ser transmitido em rela\u00e7\u00f5es sexuais mesmo com o uso de preservativo.<\/p>\n<p>A associa\u00e7\u00e3o do HPV ao c\u00e2ncer supera a de outros agentes infecciosos conhecidos, como os v\u00edrus da Hepatite B e C, que podem causar c\u00e2ncer de f\u00edgado e leucemia; a bact\u00e9ria Helicobacter pylori, associada a c\u00e2ncer de est\u00f4mago, es\u00f4fago, f\u00edgado e p\u00e2ncreas; e o v\u00edrus Epstein-Barr (EBV), cuja infec\u00e7\u00e3o pode evoluir para linfomas e carcinoma nasofar\u00edngeo.<\/p>\n<p>A preven\u00e7\u00e3o contra o HPV se torna ainda mais importante pela sua grande circula\u00e7\u00e3o. Segundo o Instituto Nacional de C\u00e2ncer, estudos indicam que 80% das mulheres sexualmente ativas ser\u00e3o infectadas por um ou mais tipos de HPV em algum momento de suas vidas, e essa porcentagem pode ser ainda maior em homens.<\/p>\n<p>Estima-se que entre 25% e 50% da popula\u00e7\u00e3o feminina e 50% da popula\u00e7\u00e3o masculina mundial esteja infectada pelo HPV. A maioria dessas infec\u00e7\u00f5es, por\u00e9m, \u00e9 combatida espontaneamente pelo sistema imune, regredindo entre seis meses a dois anos ap\u00f3s a exposi\u00e7\u00e3o, principalmente entre as mulheres mais jovens.<\/p>\n<p><strong>Infec\u00e7\u00e3o mais cancer\u00edgena<\/strong><br \/>\nA pesquisadora da Divis\u00e3o de Detec\u00e7\u00e3o Precoce e Apoio \u00e0 Organiza\u00e7\u00e3o de Rede (Didepre) do Instituto Nacional de C\u00e2ncer (Inca), Fl\u00e1via de Miranda Corr\u00eaa, conta que o HPV \u00e9 o agente infeccioso que tem mais associa\u00e7\u00f5es ao c\u00e2ncer descritas pela medicina.<\/p>\n<p>Na mulher, esse v\u00edrus \u00e9 o principal causador do c\u00e2ncer de colo de \u00fatero e tamb\u00e9m est\u00e1 relacionado a c\u00e2ncer na vulva e vagina. No homem, cerca de metade das neoplasias no p\u00eanis partem de uma infec\u00e7\u00e3o pelo HPV. Al\u00e9m disso, em ambos, o c\u00e2ncer de \u00e2nus e de garganta (orofaringe), tamb\u00e9m entram na lista.<\/p>\n<p>\u201cO HPV \u00e9 um v\u00edrus sexualmente transmiss\u00edvel. Ent\u00e3o, a transmiss\u00e3o se d\u00e1 no contato da pele com a pele, mucosa com mucosa, pele com mucosa\u201d, explica a pesquisadora, que por isso afirma que a vacina\u00e7\u00e3o \u00e9 a principal forma de prote\u00e7\u00e3o contra o v\u00edrus.<\/p>\n<p>\u201cA camisinha protege s\u00f3 o p\u00eanis. Ela n\u00e3o vai cobrir a bolsa escrotal, n\u00e3o vai cobrir o \u00e2nus, n\u00e3o vai impedir o contato da pele com a pele. E tamb\u00e9m n\u00e3o \u00e9 comum que se use camisinha desde o in\u00edcio da rela\u00e7\u00e3o sexual, em massagens, por exemplo. \u00c9 claro que ela deve ser utilizada porque diminui a possibilidade de cont\u00e1gio, n\u00e3o s\u00f3 pelo HPV, mas por outras infec\u00e7\u00f5es. Mas ela n\u00e3o \u00e9 garantia de que n\u00e3o vai haver infec\u00e7\u00e3o pelo HPV\u201d.<\/p>\n<p>A vacina contra o HPV deve ser aplicada em meninos e meninas de 9 a 14 anos, em um esquema de duas doses. A segunda dose deve ser aplicada seis meses ap\u00f3s a primeira. Essa vacina protege contra os v\u00edrus dos sorogrupos 6, 11, 16 e 18, sendo os dois \u00faltimos os principais causadores de c\u00e2ncer.<\/p>\n<p>\u201cA vacina\u00e7\u00e3o antes da exposi\u00e7\u00e3o ao v\u00edrus \u00e9 a melhor maneira de evitar a infec\u00e7\u00e3o. A vacina \u00e9 altamente eficaz e cont\u00e9m os v\u00edrus mais prevalentes\u201d, afirma ela, que refor\u00e7a a necessidade da vacina\u00e7\u00e3o na idade recomendada pelo PNI:<\/p>\n<p>\u201cA vacina vai ser eficaz se a pessoa ainda n\u00e3o tiver tido contato com aqueles v\u00edrus presentes na vacina. Ela previne, ela n\u00e3o trata. Al\u00e9m disso, a resposta imunol\u00f3gica \u00e9 melhor nos jovens, quanto mais cedo a vacina\u00e7\u00e3o for aplicada, eles desenvolvem uma resposta melhor\u201d.<\/p>\n<p>Pa\u00edses que iniciaram a vacina\u00e7\u00e3o contra o HPV h\u00e1 mais tempo que o Brasil, como a Austr\u00e1lia, j\u00e1 t\u00eam evid\u00eancias de que a imuniza\u00e7\u00e3o reduziu a incid\u00eancia dos casos de verrugas, les\u00f5es precursoras e do pr\u00f3prio c\u00e2ncer. \u201cPara a gente falta um pouco, at\u00e9 porque nossa cobertura n\u00e3o est\u00e1 excelente&#8221;, diz Fl\u00e1via.<\/p>\n<p><strong>Oito em dez casos de c\u00e2ncer<\/strong><br \/>\nO c\u00e2ncer cervical, associado ao HPV em mais de 80% dos casos, \u00e9 uma das principais causas de mortes de mulheres, segundo a Organiza\u00e7\u00e3o Pan-Americana de Sa\u00fade. Sete em cada 10 casos desse tipo de c\u00e2ncer s\u00e3o resultado de infec\u00e7\u00f5es persistentes pelos v\u00edrus HPV-16 e HPV-18, e 15% s\u00e3o causados pelos tipos HPV-31, 33, 45, 52 e 58.<\/p>\n<p>Nas Am\u00e9ricas, a cada ano, cerca de 83 mil mulheres s\u00e3o diagnosticadas com c\u00e2ncer c\u00e9rvico uterino e mais de 35 mil mulheres morrem pela doen\u00e7a &#8211; mais da metade, antes dos 60 anos.<\/p>\n<p>A pesquisadora do INCA explica que a evolu\u00e7\u00e3o desses casos depende muito do qu\u00e3o r\u00e1pido eles s\u00e3o diagnosticados. Quanto mais precoce for a detec\u00e7\u00e3o, maior a chance de cura e menor o sofrimento do paciente. Al\u00e9m de salvar a vida, a rapidez no diagn\u00f3stico tamb\u00e9m reduz a possibilidade de sequelas, como cirurgias mutiladoras nos \u00f3rg\u00e3os afetados.<\/p>\n<p>\u201cNo c\u00e2ncer do colo de \u00fatero e de \u00e2nus, que t\u00eam les\u00f5es precursoras, les\u00f5es malignas, a gente pode tratar essas les\u00f5es precocemente e o c\u00e2ncer nem se desenvolver. Para o c\u00e2ncer de colo do \u00fatero tem o rastreamento, que permite detectar essas les\u00f5es ou o c\u00e2ncer em est\u00e1gio inicial\u201d, explica.<\/p>\n<p>\u201cSe for identificado em est\u00e1gio avan\u00e7ado, v\u00e3o ser necess\u00e1rias cirurgias mutiladoras, pode ocorrer uma sobrevida com pouca qualidade de vida, e um maior risco de mortalidade. Por isso, a gente tem que pensar que a vacina\u00e7\u00e3o tem esse benef\u00edcio enorme, n\u00e3o s\u00f3 para as mulheres\u201d.<\/p>\n<p><strong>Tratamento<\/strong><br \/>\nUma pessoa infectada pelo v\u00edrus HPV deve tratar os sintomas para evitar que eles possam evoluir para um quadro de c\u00e2ncer. A presen\u00e7a do v\u00edrus pode demorar anos para se manifestar e costuma ser detectada pela presen\u00e7a de verrugas ou les\u00f5es na pele das mucosas.<\/p>\n<p>N\u00e3o h\u00e1 tratamento espec\u00edfico para eliminar o v\u00edrus, e o manejo da doen\u00e7a se concentra em combater as verrugas, dependendo da extens\u00e3o, quantidade e localiza\u00e7\u00e3o das les\u00f5es. Podem ser usados laser, eletrocauteriza\u00e7\u00e3o, \u00e1cido tricloroac\u00e9tico (ATA) e medicamentos que melhoram o sistema de defesa do organismo. Em geral, o tratamento \u00e9 feito com ginecologistas, urologistas ou proctologistas, mas outros especialistas tamb\u00e9m podem ser necess\u00e1rios.<\/p>\n","protected":false},"excerpt":{"rendered":"<p>A vacina\u00e7\u00e3o contra o Papilomav\u00edrus Humano (HPV) j\u00e1 est\u00e1 dispon\u00edvel gratuitamente no Brasil desde 2014. No entanto, levar a prote\u00e7\u00e3o contra esse v\u00edrus a crian\u00e7as e adolescentes tem sido um esfor\u00e7o com resultados muito aqu\u00e9m do necess\u00e1rio. Dados da Organiza\u00e7\u00e3o Pan-Americana da Sa\u00fade (Opas) mostram que em 2021 apenas 37% dos adolescentes do sexo masculino [&hellip;]<\/p>\n","protected":false},"author":2,"featured_media":313082,"comment_status":"closed","ping_status":"closed","sticky":false,"template":"","format":"standard","meta":{"_acf_changed":false,"footnotes":""},"categories":[161],"tags":[95],"class_list":["post-313081","post","type-post","status-publish","format-standard","has-post-thumbnail","hentry","category-quadradinho-em-foco","tag-capa"],"acf":[],"yoast_head":"<!-- This site is optimized with the Yoast SEO plugin v27.2 - https:\/\/yoast.com\/product\/yoast-seo-wordpress\/ -->\n<title>Se liga, jovem... HPV \u00e9 infec\u00e7\u00e3o mais associada ao c\u00e2ncer - Notibras<\/title>\n<meta name=\"robots\" content=\"index, follow, max-snippet:-1, max-image-preview:large, max-video-preview:-1\" \/>\n<link rel=\"canonical\" href=\"https:\/\/www.notibras.com\/site\/se-liga-jovem-hpv-e-infeccao-mais-associada-ao-cancer\/\" \/>\n<meta property=\"og:locale\" content=\"pt_BR\" \/>\n<meta property=\"og:type\" content=\"article\" \/>\n<meta property=\"og:title\" content=\"Se liga, jovem... HPV \u00e9 infec\u00e7\u00e3o mais associada ao c\u00e2ncer - Notibras\" \/>\n<meta property=\"og:description\" content=\"A vacina\u00e7\u00e3o contra o Papilomav\u00edrus Humano (HPV) j\u00e1 est\u00e1 dispon\u00edvel gratuitamente no Brasil desde 2014. No entanto, levar a prote\u00e7\u00e3o contra esse v\u00edrus a crian\u00e7as e adolescentes tem sido um esfor\u00e7o com resultados muito aqu\u00e9m do necess\u00e1rio. Dados da Organiza\u00e7\u00e3o Pan-Americana da Sa\u00fade (Opas) mostram que em 2021 apenas 37% dos adolescentes do sexo masculino [&hellip;]\" \/>\n<meta property=\"og:url\" content=\"https:\/\/www.notibras.com\/site\/se-liga-jovem-hpv-e-infeccao-mais-associada-ao-cancer\/\" \/>\n<meta property=\"og:site_name\" content=\"Notibras\" \/>\n<meta property=\"article:publisher\" content=\"https:\/\/www.facebook.com\/notibras\/\" \/>\n<meta property=\"article:published_time\" content=\"2023-09-19T11:25:48+00:00\" \/>\n<meta property=\"article:modified_time\" content=\"2023-09-19T17:31:08+00:00\" \/>\n<meta property=\"og:image\" content=\"https:\/\/www.notibras.com\/site\/wp-content\/uploads\/2023\/09\/906767-hpv_vascina_-2767-2.jpg\" \/>\n\t<meta property=\"og:image:width\" content=\"1170\" \/>\n\t<meta property=\"og:image:height\" content=\"700\" \/>\n\t<meta property=\"og:image:type\" content=\"image\/jpeg\" \/>\n<meta name=\"author\" content=\"Reda\u00e7\u00e3o\" \/>\n<meta name=\"twitter:card\" content=\"summary_large_image\" \/>\n<meta name=\"twitter:creator\" content=\"@Notibras\" \/>\n<meta name=\"twitter:site\" content=\"@Notibras\" \/>\n<meta name=\"twitter:label1\" content=\"Escrito por\" \/>\n\t<meta name=\"twitter:data1\" content=\"Reda\u00e7\u00e3o\" \/>\n\t<meta name=\"twitter:label2\" content=\"Est. tempo de leitura\" \/>\n\t<meta name=\"twitter:data2\" content=\"6 minutos\" \/>\n<script type=\"application\/ld+json\" class=\"yoast-schema-graph\">{\"@context\":\"https:\/\/schema.org\",\"@graph\":[{\"@type\":\"Article\",\"@id\":\"https:\/\/www.notibras.com\/site\/se-liga-jovem-hpv-e-infeccao-mais-associada-ao-cancer\/#article\",\"isPartOf\":{\"@id\":\"https:\/\/www.notibras.com\/site\/se-liga-jovem-hpv-e-infeccao-mais-associada-ao-cancer\/\"},\"author\":{\"name\":\"Reda\u00e7\u00e3o\",\"@id\":\"https:\/\/www.notibras.com\/site\/#\/schema\/person\/36ab0979449956132d3e5b517ea76ac8\"},\"headline\":\"Se liga, jovem&#8230; HPV \u00e9 infec\u00e7\u00e3o mais associada ao c\u00e2ncer\",\"datePublished\":\"2023-09-19T11:25:48+00:00\",\"dateModified\":\"2023-09-19T17:31:08+00:00\",\"mainEntityOfPage\":{\"@id\":\"https:\/\/www.notibras.com\/site\/se-liga-jovem-hpv-e-infeccao-mais-associada-ao-cancer\/\"},\"wordCount\":1224,\"publisher\":{\"@id\":\"https:\/\/www.notibras.com\/site\/#organization\"},\"image\":{\"@id\":\"https:\/\/www.notibras.com\/site\/se-liga-jovem-hpv-e-infeccao-mais-associada-ao-cancer\/#primaryimage\"},\"thumbnailUrl\":\"https:\/\/www.notibras.com\/site\/wp-content\/uploads\/2023\/09\/906767-hpv_vascina_-2767-2.jpg\",\"keywords\":[\"capa\"],\"articleSection\":[\"Quadradinho em Foco\"],\"inLanguage\":\"pt-BR\"},{\"@type\":\"WebPage\",\"@id\":\"https:\/\/www.notibras.com\/site\/se-liga-jovem-hpv-e-infeccao-mais-associada-ao-cancer\/\",\"url\":\"https:\/\/www.notibras.com\/site\/se-liga-jovem-hpv-e-infeccao-mais-associada-ao-cancer\/\",\"name\":\"Se liga, jovem... HPV \u00e9 infec\u00e7\u00e3o mais associada ao c\u00e2ncer - Notibras\",\"isPartOf\":{\"@id\":\"https:\/\/www.notibras.com\/site\/#website\"},\"primaryImageOfPage\":{\"@id\":\"https:\/\/www.notibras.com\/site\/se-liga-jovem-hpv-e-infeccao-mais-associada-ao-cancer\/#primaryimage\"},\"image\":{\"@id\":\"https:\/\/www.notibras.com\/site\/se-liga-jovem-hpv-e-infeccao-mais-associada-ao-cancer\/#primaryimage\"},\"thumbnailUrl\":\"https:\/\/www.notibras.com\/site\/wp-content\/uploads\/2023\/09\/906767-hpv_vascina_-2767-2.jpg\",\"datePublished\":\"2023-09-19T11:25:48+00:00\",\"dateModified\":\"2023-09-19T17:31:08+00:00\",\"breadcrumb\":{\"@id\":\"https:\/\/www.notibras.com\/site\/se-liga-jovem-hpv-e-infeccao-mais-associada-ao-cancer\/#breadcrumb\"},\"inLanguage\":\"pt-BR\",\"potentialAction\":[{\"@type\":\"ReadAction\",\"target\":[\"https:\/\/www.notibras.com\/site\/se-liga-jovem-hpv-e-infeccao-mais-associada-ao-cancer\/\"]}]},{\"@type\":\"ImageObject\",\"inLanguage\":\"pt-BR\",\"@id\":\"https:\/\/www.notibras.com\/site\/se-liga-jovem-hpv-e-infeccao-mais-associada-ao-cancer\/#primaryimage\",\"url\":\"https:\/\/www.notibras.com\/site\/wp-content\/uploads\/2023\/09\/906767-hpv_vascina_-2767-2.jpg\",\"contentUrl\":\"https:\/\/www.notibras.com\/site\/wp-content\/uploads\/2023\/09\/906767-hpv_vascina_-2767-2.jpg\",\"width\":1170,\"height\":700,\"caption\":\"Bras\u00edlia - Alunas do Centro de Ensino Fundamental 25, em Ceil\u00e2ndia, s\u00e3o vacinadas contra o papiloma v\u00edrus humano - HPV (Marcelo Camargo\/Ag\u00eancia Brasil)\"},{\"@type\":\"BreadcrumbList\",\"@id\":\"https:\/\/www.notibras.com\/site\/se-liga-jovem-hpv-e-infeccao-mais-associada-ao-cancer\/#breadcrumb\",\"itemListElement\":[{\"@type\":\"ListItem\",\"position\":1,\"name\":\"In\u00edcio\",\"item\":\"https:\/\/www.notibras.com\/site\/\"},{\"@type\":\"ListItem\",\"position\":2,\"name\":\"Se liga, jovem&#8230; HPV \u00e9 infec\u00e7\u00e3o mais associada ao c\u00e2ncer\"}]},{\"@type\":\"WebSite\",\"@id\":\"https:\/\/www.notibras.com\/site\/#website\",\"url\":\"https:\/\/www.notibras.com\/site\/\",\"name\":\"Notibras\",\"description\":\"Not\u00edcias de Bras\u00edlia, do Brasil e do Mundo\",\"publisher\":{\"@id\":\"https:\/\/www.notibras.com\/site\/#organization\"},\"potentialAction\":[{\"@type\":\"SearchAction\",\"target\":{\"@type\":\"EntryPoint\",\"urlTemplate\":\"https:\/\/www.notibras.com\/site\/?s={search_term_string}\"},\"query-input\":{\"@type\":\"PropertyValueSpecification\",\"valueRequired\":true,\"valueName\":\"search_term_string\"}}],\"inLanguage\":\"pt-BR\"},{\"@type\":\"Organization\",\"@id\":\"https:\/\/www.notibras.com\/site\/#organization\",\"name\":\"Grupo Notibras de Comunica\u00e7\u00e3o\",\"url\":\"https:\/\/www.notibras.com\/site\/\",\"logo\":{\"@type\":\"ImageObject\",\"inLanguage\":\"pt-BR\",\"@id\":\"https:\/\/www.notibras.com\/site\/#\/schema\/logo\/image\/\",\"url\":\"https:\/\/www.notibras.com\/site\/wp-content\/uploads\/2023\/01\/notibras23.png\",\"contentUrl\":\"https:\/\/www.notibras.com\/site\/wp-content\/uploads\/2023\/01\/notibras23.png\",\"width\":350,\"height\":87,\"caption\":\"Grupo Notibras de Comunica\u00e7\u00e3o\"},\"image\":{\"@id\":\"https:\/\/www.notibras.com\/site\/#\/schema\/logo\/image\/\"},\"sameAs\":[\"https:\/\/www.facebook.com\/notibras\/\",\"https:\/\/x.com\/Notibras\",\"https:\/\/www.instagram.com\/notibras\/\"]},{\"@type\":\"Person\",\"@id\":\"https:\/\/www.notibras.com\/site\/#\/schema\/person\/36ab0979449956132d3e5b517ea76ac8\",\"name\":\"Reda\u00e7\u00e3o\",\"image\":{\"@type\":\"ImageObject\",\"inLanguage\":\"pt-BR\",\"@id\":\"https:\/\/secure.gravatar.com\/avatar\/e0a867bdedb85fd243eadf09663511f96fc81e0720a4a42581f334ad4303aa6b?s=96&d=mm&r=g\",\"url\":\"https:\/\/secure.gravatar.com\/avatar\/e0a867bdedb85fd243eadf09663511f96fc81e0720a4a42581f334ad4303aa6b?s=96&d=mm&r=g\",\"contentUrl\":\"https:\/\/secure.gravatar.com\/avatar\/e0a867bdedb85fd243eadf09663511f96fc81e0720a4a42581f334ad4303aa6b?s=96&d=mm&r=g\",\"caption\":\"Reda\u00e7\u00e3o\"}}]}<\/script>\n<!-- \/ Yoast SEO plugin. -->","yoast_head_json":{"title":"Se liga, jovem... HPV \u00e9 infec\u00e7\u00e3o mais associada ao c\u00e2ncer - Notibras","robots":{"index":"index","follow":"follow","max-snippet":"max-snippet:-1","max-image-preview":"max-image-preview:large","max-video-preview":"max-video-preview:-1"},"canonical":"https:\/\/www.notibras.com\/site\/se-liga-jovem-hpv-e-infeccao-mais-associada-ao-cancer\/","og_locale":"pt_BR","og_type":"article","og_title":"Se liga, jovem... HPV \u00e9 infec\u00e7\u00e3o mais associada ao c\u00e2ncer - Notibras","og_description":"A vacina\u00e7\u00e3o contra o Papilomav\u00edrus Humano (HPV) j\u00e1 est\u00e1 dispon\u00edvel gratuitamente no Brasil desde 2014. No entanto, levar a prote\u00e7\u00e3o contra esse v\u00edrus a crian\u00e7as e adolescentes tem sido um esfor\u00e7o com resultados muito aqu\u00e9m do necess\u00e1rio. Dados da Organiza\u00e7\u00e3o Pan-Americana da Sa\u00fade (Opas) mostram que em 2021 apenas 37% dos adolescentes do sexo masculino [&hellip;]","og_url":"https:\/\/www.notibras.com\/site\/se-liga-jovem-hpv-e-infeccao-mais-associada-ao-cancer\/","og_site_name":"Notibras","article_publisher":"https:\/\/www.facebook.com\/notibras\/","article_published_time":"2023-09-19T11:25:48+00:00","article_modified_time":"2023-09-19T17:31:08+00:00","og_image":[{"width":1170,"height":700,"url":"https:\/\/www.notibras.com\/site\/wp-content\/uploads\/2023\/09\/906767-hpv_vascina_-2767-2.jpg","type":"image\/jpeg"}],"author":"Reda\u00e7\u00e3o","twitter_card":"summary_large_image","twitter_creator":"@Notibras","twitter_site":"@Notibras","twitter_misc":{"Escrito por":"Reda\u00e7\u00e3o","Est. tempo de leitura":"6 minutos"},"schema":{"@context":"https:\/\/schema.org","@graph":[{"@type":"Article","@id":"https:\/\/www.notibras.com\/site\/se-liga-jovem-hpv-e-infeccao-mais-associada-ao-cancer\/#article","isPartOf":{"@id":"https:\/\/www.notibras.com\/site\/se-liga-jovem-hpv-e-infeccao-mais-associada-ao-cancer\/"},"author":{"name":"Reda\u00e7\u00e3o","@id":"https:\/\/www.notibras.com\/site\/#\/schema\/person\/36ab0979449956132d3e5b517ea76ac8"},"headline":"Se liga, jovem&#8230; HPV \u00e9 infec\u00e7\u00e3o mais associada ao c\u00e2ncer","datePublished":"2023-09-19T11:25:48+00:00","dateModified":"2023-09-19T17:31:08+00:00","mainEntityOfPage":{"@id":"https:\/\/www.notibras.com\/site\/se-liga-jovem-hpv-e-infeccao-mais-associada-ao-cancer\/"},"wordCount":1224,"publisher":{"@id":"https:\/\/www.notibras.com\/site\/#organization"},"image":{"@id":"https:\/\/www.notibras.com\/site\/se-liga-jovem-hpv-e-infeccao-mais-associada-ao-cancer\/#primaryimage"},"thumbnailUrl":"https:\/\/www.notibras.com\/site\/wp-content\/uploads\/2023\/09\/906767-hpv_vascina_-2767-2.jpg","keywords":["capa"],"articleSection":["Quadradinho em Foco"],"inLanguage":"pt-BR"},{"@type":"WebPage","@id":"https:\/\/www.notibras.com\/site\/se-liga-jovem-hpv-e-infeccao-mais-associada-ao-cancer\/","url":"https:\/\/www.notibras.com\/site\/se-liga-jovem-hpv-e-infeccao-mais-associada-ao-cancer\/","name":"Se liga, jovem... HPV \u00e9 infec\u00e7\u00e3o mais associada ao c\u00e2ncer - Notibras","isPartOf":{"@id":"https:\/\/www.notibras.com\/site\/#website"},"primaryImageOfPage":{"@id":"https:\/\/www.notibras.com\/site\/se-liga-jovem-hpv-e-infeccao-mais-associada-ao-cancer\/#primaryimage"},"image":{"@id":"https:\/\/www.notibras.com\/site\/se-liga-jovem-hpv-e-infeccao-mais-associada-ao-cancer\/#primaryimage"},"thumbnailUrl":"https:\/\/www.notibras.com\/site\/wp-content\/uploads\/2023\/09\/906767-hpv_vascina_-2767-2.jpg","datePublished":"2023-09-19T11:25:48+00:00","dateModified":"2023-09-19T17:31:08+00:00","breadcrumb":{"@id":"https:\/\/www.notibras.com\/site\/se-liga-jovem-hpv-e-infeccao-mais-associada-ao-cancer\/#breadcrumb"},"inLanguage":"pt-BR","potentialAction":[{"@type":"ReadAction","target":["https:\/\/www.notibras.com\/site\/se-liga-jovem-hpv-e-infeccao-mais-associada-ao-cancer\/"]}]},{"@type":"ImageObject","inLanguage":"pt-BR","@id":"https:\/\/www.notibras.com\/site\/se-liga-jovem-hpv-e-infeccao-mais-associada-ao-cancer\/#primaryimage","url":"https:\/\/www.notibras.com\/site\/wp-content\/uploads\/2023\/09\/906767-hpv_vascina_-2767-2.jpg","contentUrl":"https:\/\/www.notibras.com\/site\/wp-content\/uploads\/2023\/09\/906767-hpv_vascina_-2767-2.jpg","width":1170,"height":700,"caption":"Bras\u00edlia - Alunas do Centro de Ensino Fundamental 25, em Ceil\u00e2ndia, s\u00e3o vacinadas contra o papiloma v\u00edrus humano - HPV (Marcelo Camargo\/Ag\u00eancia Brasil)"},{"@type":"BreadcrumbList","@id":"https:\/\/www.notibras.com\/site\/se-liga-jovem-hpv-e-infeccao-mais-associada-ao-cancer\/#breadcrumb","itemListElement":[{"@type":"ListItem","position":1,"name":"In\u00edcio","item":"https:\/\/www.notibras.com\/site\/"},{"@type":"ListItem","position":2,"name":"Se liga, jovem&#8230; HPV \u00e9 infec\u00e7\u00e3o mais associada ao c\u00e2ncer"}]},{"@type":"WebSite","@id":"https:\/\/www.notibras.com\/site\/#website","url":"https:\/\/www.notibras.com\/site\/","name":"Notibras","description":"Not\u00edcias de Bras\u00edlia, do Brasil e do Mundo","publisher":{"@id":"https:\/\/www.notibras.com\/site\/#organization"},"potentialAction":[{"@type":"SearchAction","target":{"@type":"EntryPoint","urlTemplate":"https:\/\/www.notibras.com\/site\/?s={search_term_string}"},"query-input":{"@type":"PropertyValueSpecification","valueRequired":true,"valueName":"search_term_string"}}],"inLanguage":"pt-BR"},{"@type":"Organization","@id":"https:\/\/www.notibras.com\/site\/#organization","name":"Grupo Notibras de Comunica\u00e7\u00e3o","url":"https:\/\/www.notibras.com\/site\/","logo":{"@type":"ImageObject","inLanguage":"pt-BR","@id":"https:\/\/www.notibras.com\/site\/#\/schema\/logo\/image\/","url":"https:\/\/www.notibras.com\/site\/wp-content\/uploads\/2023\/01\/notibras23.png","contentUrl":"https:\/\/www.notibras.com\/site\/wp-content\/uploads\/2023\/01\/notibras23.png","width":350,"height":87,"caption":"Grupo Notibras de Comunica\u00e7\u00e3o"},"image":{"@id":"https:\/\/www.notibras.com\/site\/#\/schema\/logo\/image\/"},"sameAs":["https:\/\/www.facebook.com\/notibras\/","https:\/\/x.com\/Notibras","https:\/\/www.instagram.com\/notibras\/"]},{"@type":"Person","@id":"https:\/\/www.notibras.com\/site\/#\/schema\/person\/36ab0979449956132d3e5b517ea76ac8","name":"Reda\u00e7\u00e3o","image":{"@type":"ImageObject","inLanguage":"pt-BR","@id":"https:\/\/secure.gravatar.com\/avatar\/e0a867bdedb85fd243eadf09663511f96fc81e0720a4a42581f334ad4303aa6b?s=96&d=mm&r=g","url":"https:\/\/secure.gravatar.com\/avatar\/e0a867bdedb85fd243eadf09663511f96fc81e0720a4a42581f334ad4303aa6b?s=96&d=mm&r=g","contentUrl":"https:\/\/secure.gravatar.com\/avatar\/e0a867bdedb85fd243eadf09663511f96fc81e0720a4a42581f334ad4303aa6b?s=96&d=mm&r=g","caption":"Reda\u00e7\u00e3o"}}]}},"amp_enabled":true,"_links":{"self":[{"href":"https:\/\/www.notibras.com\/site\/wp-json\/wp\/v2\/posts\/313081","targetHints":{"allow":["GET"]}}],"collection":[{"href":"https:\/\/www.notibras.com\/site\/wp-json\/wp\/v2\/posts"}],"about":[{"href":"https:\/\/www.notibras.com\/site\/wp-json\/wp\/v2\/types\/post"}],"author":[{"embeddable":true,"href":"https:\/\/www.notibras.com\/site\/wp-json\/wp\/v2\/users\/2"}],"replies":[{"embeddable":true,"href":"https:\/\/www.notibras.com\/site\/wp-json\/wp\/v2\/comments?post=313081"}],"version-history":[{"count":1,"href":"https:\/\/www.notibras.com\/site\/wp-json\/wp\/v2\/posts\/313081\/revisions"}],"predecessor-version":[{"id":313083,"href":"https:\/\/www.notibras.com\/site\/wp-json\/wp\/v2\/posts\/313081\/revisions\/313083"}],"wp:featuredmedia":[{"embeddable":true,"href":"https:\/\/www.notibras.com\/site\/wp-json\/wp\/v2\/media\/313082"}],"wp:attachment":[{"href":"https:\/\/www.notibras.com\/site\/wp-json\/wp\/v2\/media?parent=313081"}],"wp:term":[{"taxonomy":"category","embeddable":true,"href":"https:\/\/www.notibras.com\/site\/wp-json\/wp\/v2\/categories?post=313081"},{"taxonomy":"post_tag","embeddable":true,"href":"https:\/\/www.notibras.com\/site\/wp-json\/wp\/v2\/tags?post=313081"}],"curies":[{"name":"wp","href":"https:\/\/api.w.org\/{rel}","templated":true}]}}