{"id":313087,"date":"2023-09-19T21:45:53","date_gmt":"2023-09-20T00:45:53","guid":{"rendered":"https:\/\/www.notibras.com\/site\/?p=313087"},"modified":"2023-09-19T21:45:53","modified_gmt":"2023-09-20T00:45:53","slug":"duplas-animam-a-programacao-musical-do-fim-de-semana","status":"publish","type":"post","link":"https:\/\/www.notibras.com\/site\/duplas-animam-a-programacao-musical-do-fim-de-semana\/","title":{"rendered":"Duplas animam a programa\u00e7\u00e3o musical do fim de semana"},"content":{"rendered":"<p>Duas duplas prometem encantar o p\u00fablico brasiliense com uma ecl\u00e9tica sele\u00e7\u00e3o de m\u00fasicas brasileiras e m\u00fasicas autorais. Ser\u00e1 neste final de semana, no Terra\u00e7o Shopping, com apresenta\u00e7\u00f5es de Dois Irm\u00e3os e Duo Carvalho.<\/p>\n<p>No S\u00e1bado Cultural, dia 23, a partir das 19h30, o duo Dois Irm\u00e3os, composto por Yasmin Sales e Rodrigo Sales, promete uma noite com m\u00fasicas suaves e agrad\u00e1veis. Em um repert\u00f3rio que abrange g\u00eaneros musicais que v\u00e3o desde MPB, pop rock, xote, reggae at\u00e9 samba, eles levar\u00e3o uma abordagem \u00fanica que transforma cada can\u00e7\u00e3o em uma experi\u00eancia focada na tranquilidade dos sons.<\/p>\n<p>No Almo\u00e7o Musical de domingo (24), o palco ser\u00e1 do Duo Carvalho, formado pelo guitarrista e compositor brasiliense Eudes Carvalho e pelo contrabaixista Eudimar de Carvalho. A partir das 13h, eles levar\u00e3o o p\u00fablico a uma jornada musical com um repert\u00f3rio repleto de standards de jazz e m\u00fasicas brasileiras.<\/p>\n<p>S\u00e1bado Cultural, \u00e0s 19h30<br \/>\n23\/09 (s\u00e1bado) &#8211; Dois Irm\u00e3os<br \/>\nAlmo\u00e7o Musical, \u00e0s 13h<br \/>\n24\/09 (domingo) &#8211; Duo Carvalho<\/p>\n","protected":false},"excerpt":{"rendered":"<p>Duas duplas prometem encantar o p\u00fablico brasiliense com uma ecl\u00e9tica sele\u00e7\u00e3o de m\u00fasicas brasileiras e m\u00fasicas autorais. Ser\u00e1 neste final de semana, no Terra\u00e7o Shopping, com apresenta\u00e7\u00f5es de Dois Irm\u00e3os e Duo Carvalho. No S\u00e1bado Cultural, dia 23, a partir das 19h30, o duo Dois Irm\u00e3os, composto por Yasmin Sales e Rodrigo Sales, promete uma [&hellip;]<\/p>\n","protected":false},"author":2,"featured_media":313088,"comment_status":"closed","ping_status":"closed","sticky":false,"template":"","format":"standard","meta":{"_acf_changed":false,"footnotes":""},"categories":[161],"tags":[],"class_list":["post-313087","post","type-post","status-publish","format-standard","has-post-thumbnail","hentry","category-quadradinho-em-foco"],"acf":[],"yoast_head":"<!-- This site is optimized with the Yoast SEO plugin v27.2 - https:\/\/yoast.com\/product\/yoast-seo-wordpress\/ -->\n<title>Duplas animam a programa\u00e7\u00e3o musical do fim de semana - Notibras<\/title>\n<meta name=\"robots\" content=\"index, follow, max-snippet:-1, max-image-preview:large, max-video-preview:-1\" \/>\n<link rel=\"canonical\" href=\"https:\/\/www.notibras.com\/site\/duplas-animam-a-programacao-musical-do-fim-de-semana\/\" \/>\n<meta property=\"og:locale\" content=\"pt_BR\" \/>\n<meta property=\"og:type\" content=\"article\" \/>\n<meta property=\"og:title\" content=\"Duplas animam a programa\u00e7\u00e3o musical do fim de semana - Notibras\" \/>\n<meta property=\"og:description\" content=\"Duas duplas prometem encantar o p\u00fablico brasiliense com uma ecl\u00e9tica sele\u00e7\u00e3o de m\u00fasicas brasileiras e m\u00fasicas autorais. Ser\u00e1 neste final de semana, no Terra\u00e7o Shopping, com apresenta\u00e7\u00f5es de Dois Irm\u00e3os e Duo Carvalho. No S\u00e1bado Cultural, dia 23, a partir das 19h30, o duo Dois Irm\u00e3os, composto por Yasmin Sales e Rodrigo Sales, promete uma [&hellip;]\" \/>\n<meta property=\"og:url\" content=\"https:\/\/www.notibras.com\/site\/duplas-animam-a-programacao-musical-do-fim-de-semana\/\" \/>\n<meta property=\"og:site_name\" content=\"Notibras\" \/>\n<meta property=\"article:publisher\" content=\"https:\/\/www.facebook.com\/notibras\/\" \/>\n<meta property=\"article:published_time\" content=\"2023-09-20T00:45:53+00:00\" \/>\n<meta property=\"og:image\" content=\"https:\/\/www.notibras.com\/site\/wp-content\/uploads\/2023\/09\/unnamed-93.jpg\" \/>\n\t<meta property=\"og:image:width\" content=\"1024\" \/>\n\t<meta property=\"og:image:height\" content=\"682\" \/>\n\t<meta property=\"og:image:type\" content=\"image\/jpeg\" \/>\n<meta name=\"author\" content=\"Reda\u00e7\u00e3o\" \/>\n<meta name=\"twitter:card\" content=\"summary_large_image\" \/>\n<meta name=\"twitter:creator\" content=\"@Notibras\" \/>\n<meta name=\"twitter:site\" content=\"@Notibras\" \/>\n<meta name=\"twitter:label1\" content=\"Escrito por\" \/>\n\t<meta name=\"twitter:data1\" content=\"Reda\u00e7\u00e3o\" \/>\n\t<meta name=\"twitter:label2\" content=\"Est. tempo de leitura\" \/>\n\t<meta name=\"twitter:data2\" content=\"1 minuto\" \/>\n<script type=\"application\/ld+json\" class=\"yoast-schema-graph\">{\"@context\":\"https:\/\/schema.org\",\"@graph\":[{\"@type\":\"Article\",\"@id\":\"https:\/\/www.notibras.com\/site\/duplas-animam-a-programacao-musical-do-fim-de-semana\/#article\",\"isPartOf\":{\"@id\":\"https:\/\/www.notibras.com\/site\/duplas-animam-a-programacao-musical-do-fim-de-semana\/\"},\"author\":{\"name\":\"Reda\u00e7\u00e3o\",\"@id\":\"https:\/\/www.notibras.com\/site\/#\/schema\/person\/36ab0979449956132d3e5b517ea76ac8\"},\"headline\":\"Duplas animam a programa\u00e7\u00e3o musical do fim de semana\",\"datePublished\":\"2023-09-20T00:45:53+00:00\",\"mainEntityOfPage\":{\"@id\":\"https:\/\/www.notibras.com\/site\/duplas-animam-a-programacao-musical-do-fim-de-semana\/\"},\"wordCount\":195,\"publisher\":{\"@id\":\"https:\/\/www.notibras.com\/site\/#organization\"},\"image\":{\"@id\":\"https:\/\/www.notibras.com\/site\/duplas-animam-a-programacao-musical-do-fim-de-semana\/#primaryimage\"},\"thumbnailUrl\":\"https:\/\/www.notibras.com\/site\/wp-content\/uploads\/2023\/09\/unnamed-93.jpg\",\"articleSection\":[\"Quadradinho em Foco\"],\"inLanguage\":\"pt-BR\"},{\"@type\":\"WebPage\",\"@id\":\"https:\/\/www.notibras.com\/site\/duplas-animam-a-programacao-musical-do-fim-de-semana\/\",\"url\":\"https:\/\/www.notibras.com\/site\/duplas-animam-a-programacao-musical-do-fim-de-semana\/\",\"name\":\"Duplas animam a programa\u00e7\u00e3o musical do fim de semana - Notibras\",\"isPartOf\":{\"@id\":\"https:\/\/www.notibras.com\/site\/#website\"},\"primaryImageOfPage\":{\"@id\":\"https:\/\/www.notibras.com\/site\/duplas-animam-a-programacao-musical-do-fim-de-semana\/#primaryimage\"},\"image\":{\"@id\":\"https:\/\/www.notibras.com\/site\/duplas-animam-a-programacao-musical-do-fim-de-semana\/#primaryimage\"},\"thumbnailUrl\":\"https:\/\/www.notibras.com\/site\/wp-content\/uploads\/2023\/09\/unnamed-93.jpg\",\"datePublished\":\"2023-09-20T00:45:53+00:00\",\"breadcrumb\":{\"@id\":\"https:\/\/www.notibras.com\/site\/duplas-animam-a-programacao-musical-do-fim-de-semana\/#breadcrumb\"},\"inLanguage\":\"pt-BR\",\"potentialAction\":[{\"@type\":\"ReadAction\",\"target\":[\"https:\/\/www.notibras.com\/site\/duplas-animam-a-programacao-musical-do-fim-de-semana\/\"]}]},{\"@type\":\"ImageObject\",\"inLanguage\":\"pt-BR\",\"@id\":\"https:\/\/www.notibras.com\/site\/duplas-animam-a-programacao-musical-do-fim-de-semana\/#primaryimage\",\"url\":\"https:\/\/www.notibras.com\/site\/wp-content\/uploads\/2023\/09\/unnamed-93.jpg\",\"contentUrl\":\"https:\/\/www.notibras.com\/site\/wp-content\/uploads\/2023\/09\/unnamed-93.jpg\",\"width\":1024,\"height\":682},{\"@type\":\"BreadcrumbList\",\"@id\":\"https:\/\/www.notibras.com\/site\/duplas-animam-a-programacao-musical-do-fim-de-semana\/#breadcrumb\",\"itemListElement\":[{\"@type\":\"ListItem\",\"position\":1,\"name\":\"In\u00edcio\",\"item\":\"https:\/\/www.notibras.com\/site\/\"},{\"@type\":\"ListItem\",\"position\":2,\"name\":\"Duplas animam a programa\u00e7\u00e3o musical do fim de semana\"}]},{\"@type\":\"WebSite\",\"@id\":\"https:\/\/www.notibras.com\/site\/#website\",\"url\":\"https:\/\/www.notibras.com\/site\/\",\"name\":\"Notibras\",\"description\":\"Not\u00edcias de Bras\u00edlia, do Brasil e do Mundo\",\"publisher\":{\"@id\":\"https:\/\/www.notibras.com\/site\/#organization\"},\"potentialAction\":[{\"@type\":\"SearchAction\",\"target\":{\"@type\":\"EntryPoint\",\"urlTemplate\":\"https:\/\/www.notibras.com\/site\/?s={search_term_string}\"},\"query-input\":{\"@type\":\"PropertyValueSpecification\",\"valueRequired\":true,\"valueName\":\"search_term_string\"}}],\"inLanguage\":\"pt-BR\"},{\"@type\":\"Organization\",\"@id\":\"https:\/\/www.notibras.com\/site\/#organization\",\"name\":\"Grupo Notibras de Comunica\u00e7\u00e3o\",\"url\":\"https:\/\/www.notibras.com\/site\/\",\"logo\":{\"@type\":\"ImageObject\",\"inLanguage\":\"pt-BR\",\"@id\":\"https:\/\/www.notibras.com\/site\/#\/schema\/logo\/image\/\",\"url\":\"https:\/\/www.notibras.com\/site\/wp-content\/uploads\/2023\/01\/notibras23.png\",\"contentUrl\":\"https:\/\/www.notibras.com\/site\/wp-content\/uploads\/2023\/01\/notibras23.png\",\"width\":350,\"height\":87,\"caption\":\"Grupo Notibras de Comunica\u00e7\u00e3o\"},\"image\":{\"@id\":\"https:\/\/www.notibras.com\/site\/#\/schema\/logo\/image\/\"},\"sameAs\":[\"https:\/\/www.facebook.com\/notibras\/\",\"https:\/\/x.com\/Notibras\",\"https:\/\/www.instagram.com\/notibras\/\"]},{\"@type\":\"Person\",\"@id\":\"https:\/\/www.notibras.com\/site\/#\/schema\/person\/36ab0979449956132d3e5b517ea76ac8\",\"name\":\"Reda\u00e7\u00e3o\",\"image\":{\"@type\":\"ImageObject\",\"inLanguage\":\"pt-BR\",\"@id\":\"https:\/\/secure.gravatar.com\/avatar\/e0a867bdedb85fd243eadf09663511f96fc81e0720a4a42581f334ad4303aa6b?s=96&d=mm&r=g\",\"url\":\"https:\/\/secure.gravatar.com\/avatar\/e0a867bdedb85fd243eadf09663511f96fc81e0720a4a42581f334ad4303aa6b?s=96&d=mm&r=g\",\"contentUrl\":\"https:\/\/secure.gravatar.com\/avatar\/e0a867bdedb85fd243eadf09663511f96fc81e0720a4a42581f334ad4303aa6b?s=96&d=mm&r=g\",\"caption\":\"Reda\u00e7\u00e3o\"}}]}<\/script>\n<!-- \/ Yoast SEO plugin. -->","yoast_head_json":{"title":"Duplas animam a programa\u00e7\u00e3o musical do fim de semana - Notibras","robots":{"index":"index","follow":"follow","max-snippet":"max-snippet:-1","max-image-preview":"max-image-preview:large","max-video-preview":"max-video-preview:-1"},"canonical":"https:\/\/www.notibras.com\/site\/duplas-animam-a-programacao-musical-do-fim-de-semana\/","og_locale":"pt_BR","og_type":"article","og_title":"Duplas animam a programa\u00e7\u00e3o musical do fim de semana - Notibras","og_description":"Duas duplas prometem encantar o p\u00fablico brasiliense com uma ecl\u00e9tica sele\u00e7\u00e3o de m\u00fasicas brasileiras e m\u00fasicas autorais. Ser\u00e1 neste final de semana, no Terra\u00e7o Shopping, com apresenta\u00e7\u00f5es de Dois Irm\u00e3os e Duo Carvalho. No S\u00e1bado Cultural, dia 23, a partir das 19h30, o duo Dois Irm\u00e3os, composto por Yasmin Sales e Rodrigo Sales, promete uma [&hellip;]","og_url":"https:\/\/www.notibras.com\/site\/duplas-animam-a-programacao-musical-do-fim-de-semana\/","og_site_name":"Notibras","article_publisher":"https:\/\/www.facebook.com\/notibras\/","article_published_time":"2023-09-20T00:45:53+00:00","og_image":[{"width":1024,"height":682,"url":"https:\/\/www.notibras.com\/site\/wp-content\/uploads\/2023\/09\/unnamed-93.jpg","type":"image\/jpeg"}],"author":"Reda\u00e7\u00e3o","twitter_card":"summary_large_image","twitter_creator":"@Notibras","twitter_site":"@Notibras","twitter_misc":{"Escrito por":"Reda\u00e7\u00e3o","Est. tempo de leitura":"1 minuto"},"schema":{"@context":"https:\/\/schema.org","@graph":[{"@type":"Article","@id":"https:\/\/www.notibras.com\/site\/duplas-animam-a-programacao-musical-do-fim-de-semana\/#article","isPartOf":{"@id":"https:\/\/www.notibras.com\/site\/duplas-animam-a-programacao-musical-do-fim-de-semana\/"},"author":{"name":"Reda\u00e7\u00e3o","@id":"https:\/\/www.notibras.com\/site\/#\/schema\/person\/36ab0979449956132d3e5b517ea76ac8"},"headline":"Duplas animam a programa\u00e7\u00e3o musical do fim de semana","datePublished":"2023-09-20T00:45:53+00:00","mainEntityOfPage":{"@id":"https:\/\/www.notibras.com\/site\/duplas-animam-a-programacao-musical-do-fim-de-semana\/"},"wordCount":195,"publisher":{"@id":"https:\/\/www.notibras.com\/site\/#organization"},"image":{"@id":"https:\/\/www.notibras.com\/site\/duplas-animam-a-programacao-musical-do-fim-de-semana\/#primaryimage"},"thumbnailUrl":"https:\/\/www.notibras.com\/site\/wp-content\/uploads\/2023\/09\/unnamed-93.jpg","articleSection":["Quadradinho em Foco"],"inLanguage":"pt-BR"},{"@type":"WebPage","@id":"https:\/\/www.notibras.com\/site\/duplas-animam-a-programacao-musical-do-fim-de-semana\/","url":"https:\/\/www.notibras.com\/site\/duplas-animam-a-programacao-musical-do-fim-de-semana\/","name":"Duplas animam a programa\u00e7\u00e3o musical do fim de semana - Notibras","isPartOf":{"@id":"https:\/\/www.notibras.com\/site\/#website"},"primaryImageOfPage":{"@id":"https:\/\/www.notibras.com\/site\/duplas-animam-a-programacao-musical-do-fim-de-semana\/#primaryimage"},"image":{"@id":"https:\/\/www.notibras.com\/site\/duplas-animam-a-programacao-musical-do-fim-de-semana\/#primaryimage"},"thumbnailUrl":"https:\/\/www.notibras.com\/site\/wp-content\/uploads\/2023\/09\/unnamed-93.jpg","datePublished":"2023-09-20T00:45:53+00:00","breadcrumb":{"@id":"https:\/\/www.notibras.com\/site\/duplas-animam-a-programacao-musical-do-fim-de-semana\/#breadcrumb"},"inLanguage":"pt-BR","potentialAction":[{"@type":"ReadAction","target":["https:\/\/www.notibras.com\/site\/duplas-animam-a-programacao-musical-do-fim-de-semana\/"]}]},{"@type":"ImageObject","inLanguage":"pt-BR","@id":"https:\/\/www.notibras.com\/site\/duplas-animam-a-programacao-musical-do-fim-de-semana\/#primaryimage","url":"https:\/\/www.notibras.com\/site\/wp-content\/uploads\/2023\/09\/unnamed-93.jpg","contentUrl":"https:\/\/www.notibras.com\/site\/wp-content\/uploads\/2023\/09\/unnamed-93.jpg","width":1024,"height":682},{"@type":"BreadcrumbList","@id":"https:\/\/www.notibras.com\/site\/duplas-animam-a-programacao-musical-do-fim-de-semana\/#breadcrumb","itemListElement":[{"@type":"ListItem","position":1,"name":"In\u00edcio","item":"https:\/\/www.notibras.com\/site\/"},{"@type":"ListItem","position":2,"name":"Duplas animam a programa\u00e7\u00e3o musical do fim de semana"}]},{"@type":"WebSite","@id":"https:\/\/www.notibras.com\/site\/#website","url":"https:\/\/www.notibras.com\/site\/","name":"Notibras","description":"Not\u00edcias de Bras\u00edlia, do Brasil e do Mundo","publisher":{"@id":"https:\/\/www.notibras.com\/site\/#organization"},"potentialAction":[{"@type":"SearchAction","target":{"@type":"EntryPoint","urlTemplate":"https:\/\/www.notibras.com\/site\/?s={search_term_string}"},"query-input":{"@type":"PropertyValueSpecification","valueRequired":true,"valueName":"search_term_string"}}],"inLanguage":"pt-BR"},{"@type":"Organization","@id":"https:\/\/www.notibras.com\/site\/#organization","name":"Grupo Notibras de Comunica\u00e7\u00e3o","url":"https:\/\/www.notibras.com\/site\/","logo":{"@type":"ImageObject","inLanguage":"pt-BR","@id":"https:\/\/www.notibras.com\/site\/#\/schema\/logo\/image\/","url":"https:\/\/www.notibras.com\/site\/wp-content\/uploads\/2023\/01\/notibras23.png","contentUrl":"https:\/\/www.notibras.com\/site\/wp-content\/uploads\/2023\/01\/notibras23.png","width":350,"height":87,"caption":"Grupo Notibras de Comunica\u00e7\u00e3o"},"image":{"@id":"https:\/\/www.notibras.com\/site\/#\/schema\/logo\/image\/"},"sameAs":["https:\/\/www.facebook.com\/notibras\/","https:\/\/x.com\/Notibras","https:\/\/www.instagram.com\/notibras\/"]},{"@type":"Person","@id":"https:\/\/www.notibras.com\/site\/#\/schema\/person\/36ab0979449956132d3e5b517ea76ac8","name":"Reda\u00e7\u00e3o","image":{"@type":"ImageObject","inLanguage":"pt-BR","@id":"https:\/\/secure.gravatar.com\/avatar\/e0a867bdedb85fd243eadf09663511f96fc81e0720a4a42581f334ad4303aa6b?s=96&d=mm&r=g","url":"https:\/\/secure.gravatar.com\/avatar\/e0a867bdedb85fd243eadf09663511f96fc81e0720a4a42581f334ad4303aa6b?s=96&d=mm&r=g","contentUrl":"https:\/\/secure.gravatar.com\/avatar\/e0a867bdedb85fd243eadf09663511f96fc81e0720a4a42581f334ad4303aa6b?s=96&d=mm&r=g","caption":"Reda\u00e7\u00e3o"}}]}},"amp_enabled":true,"_links":{"self":[{"href":"https:\/\/www.notibras.com\/site\/wp-json\/wp\/v2\/posts\/313087","targetHints":{"allow":["GET"]}}],"collection":[{"href":"https:\/\/www.notibras.com\/site\/wp-json\/wp\/v2\/posts"}],"about":[{"href":"https:\/\/www.notibras.com\/site\/wp-json\/wp\/v2\/types\/post"}],"author":[{"embeddable":true,"href":"https:\/\/www.notibras.com\/site\/wp-json\/wp\/v2\/users\/2"}],"replies":[{"embeddable":true,"href":"https:\/\/www.notibras.com\/site\/wp-json\/wp\/v2\/comments?post=313087"}],"version-history":[{"count":1,"href":"https:\/\/www.notibras.com\/site\/wp-json\/wp\/v2\/posts\/313087\/revisions"}],"predecessor-version":[{"id":313089,"href":"https:\/\/www.notibras.com\/site\/wp-json\/wp\/v2\/posts\/313087\/revisions\/313089"}],"wp:featuredmedia":[{"embeddable":true,"href":"https:\/\/www.notibras.com\/site\/wp-json\/wp\/v2\/media\/313088"}],"wp:attachment":[{"href":"https:\/\/www.notibras.com\/site\/wp-json\/wp\/v2\/media?parent=313087"}],"wp:term":[{"taxonomy":"category","embeddable":true,"href":"https:\/\/www.notibras.com\/site\/wp-json\/wp\/v2\/categories?post=313087"},{"taxonomy":"post_tag","embeddable":true,"href":"https:\/\/www.notibras.com\/site\/wp-json\/wp\/v2\/tags?post=313087"}],"curies":[{"name":"wp","href":"https:\/\/api.w.org\/{rel}","templated":true}]}}