{"id":313116,"date":"2023-09-20T00:03:50","date_gmt":"2023-09-20T03:03:50","guid":{"rendered":"https:\/\/www.notibras.com\/site\/?p=313116"},"modified":"2023-09-19T23:33:56","modified_gmt":"2023-09-20T02:33:56","slug":"desocupacao-de-hotel-esbarra-em-ninho-com-bebes-pombinhos","status":"publish","type":"post","link":"https:\/\/www.notibras.com\/site\/desocupacao-de-hotel-esbarra-em-ninho-com-bebes-pombinhos\/","title":{"rendered":"Desocupa\u00e7\u00e3o de hotel esbarra em ninho com beb\u00eas-pombinhos"},"content":{"rendered":"<p>Adilson, funcion\u00e1rio da prefeitura, havia sido designado para retirar os quase 30 ocupantes do antigo hotel Aurora. A estrutura, muito comprometida, poderia cair a qualquer momento. N\u00e3o que o prefeito se preocupasse com aqueles mulambos, mas as elei\u00e7\u00f5es estavam pr\u00f3ximas. Imagine o que a imprensa iria falar!<\/p>\n<p>Sexta-feira. Que era o melhor dia para colocar aquele povo todo no olho da rua. Isso mesmo, pois \u00e9 nesse dia em que os cidad\u00e3os est\u00e3o com as mentes voltadas para coisas mais importantes, como tomar aquela gelada com os amigos ou paquerar na esquina.<\/p>\n<p>Diante daquela constru\u00e7\u00e3o caindo aos peda\u00e7os, ali estavam v\u00e1rios homens reunidos em volta de Adilson, que passava os pormenores da situa\u00e7\u00e3o. Vale dizer que ele lembrou a todos que aquela seria uma opera\u00e7\u00e3o de desocupa\u00e7\u00e3o, pois o antigo hotel seria implodido dali a dois dias. Ademais, Adilson ressaltou que n\u00e3o queria viol\u00eancia, ao mesmo tempo em que entregava um porrete para cada um daqueles brutamontes.<\/p>\n<p>A expuls\u00e3o se deu em menos de uma hora. Ningu\u00e9m morreu, \u00e9 verdade, apesar das paredes e do piso banhados pelo sangue de alguns, talvez menos obedientes. Situa\u00e7\u00f5es que fogem do controle, algu\u00e9m poderia dizer. Seja como for, n\u00e3o era culpa do Adilson se aquela gente n\u00e3o tinha um teto. Problema deles!<\/p>\n<p>O funcion\u00e1rio da prefeitura, assim que constatou que o \u00faltimo ocupante havia sido retirado, resolveu fazer uma vistoria. Foi acompanhado pelo Noronha, um subalterno. Passaram por todos os c\u00f4modos. Ningu\u00e9m no local. J\u00e1 estavam de sa\u00edda, quando os homens ouviram um barulho vindo do quarto no final do corredor.<\/p>\n<p>Diante da porta, entraram no recinto. Ningu\u00e9m. Novamente o barulho. Abriram a cortina e viram dois filhotes de pombos num humilde ninho no cantinho da sacada. N\u00e3o se sabe se entrou algum cisco nos olhos do Adilson, que come\u00e7aram a lacrimejar, bem como a sua voz saiu rouca.<\/p>\n<p>&#8211; Pois \u00e9, Noronha! A vida n\u00e3o t\u00e1 f\u00e1cil pra ningu\u00e9m.<\/p>\n<p><strong>*Texto republicado por ter sido editado com incorre\u00e7\u00f5es<\/strong><\/p>\n","protected":false},"excerpt":{"rendered":"<p>Adilson, funcion\u00e1rio da prefeitura, havia sido designado para retirar os quase 30 ocupantes do antigo hotel Aurora. A estrutura, muito comprometida, poderia cair a qualquer momento. N\u00e3o que o prefeito se preocupasse com aqueles mulambos, mas as elei\u00e7\u00f5es estavam pr\u00f3ximas. Imagine o que a imprensa iria falar! Sexta-feira. Que era o melhor dia para colocar [&hellip;]<\/p>\n","protected":false},"author":2,"featured_media":313117,"comment_status":"closed","ping_status":"closed","sticky":false,"template":"","format":"standard","meta":{"_acf_changed":false,"footnotes":""},"categories":[161],"tags":[],"class_list":["post-313116","post","type-post","status-publish","format-standard","has-post-thumbnail","hentry","category-quadradinho-em-foco"],"acf":[],"yoast_head":"<!-- This site is optimized with the Yoast SEO plugin v27.2 - https:\/\/yoast.com\/product\/yoast-seo-wordpress\/ -->\n<title>Desocupa\u00e7\u00e3o de hotel esbarra em ninho com beb\u00eas-pombinhos - Notibras<\/title>\n<meta name=\"robots\" content=\"index, follow, max-snippet:-1, max-image-preview:large, max-video-preview:-1\" \/>\n<link rel=\"canonical\" href=\"https:\/\/www.notibras.com\/site\/desocupacao-de-hotel-esbarra-em-ninho-com-bebes-pombinhos\/\" \/>\n<meta property=\"og:locale\" content=\"pt_BR\" \/>\n<meta property=\"og:type\" content=\"article\" \/>\n<meta property=\"og:title\" content=\"Desocupa\u00e7\u00e3o de hotel esbarra em ninho com beb\u00eas-pombinhos - Notibras\" \/>\n<meta property=\"og:description\" content=\"Adilson, funcion\u00e1rio da prefeitura, havia sido designado para retirar os quase 30 ocupantes do antigo hotel Aurora. A estrutura, muito comprometida, poderia cair a qualquer momento. N\u00e3o que o prefeito se preocupasse com aqueles mulambos, mas as elei\u00e7\u00f5es estavam pr\u00f3ximas. Imagine o que a imprensa iria falar! Sexta-feira. Que era o melhor dia para colocar [&hellip;]\" \/>\n<meta property=\"og:url\" content=\"https:\/\/www.notibras.com\/site\/desocupacao-de-hotel-esbarra-em-ninho-com-bebes-pombinhos\/\" \/>\n<meta property=\"og:site_name\" content=\"Notibras\" \/>\n<meta property=\"article:publisher\" content=\"https:\/\/www.facebook.com\/notibras\/\" \/>\n<meta property=\"article:published_time\" content=\"2023-09-20T03:03:50+00:00\" \/>\n<meta property=\"og:image\" content=\"https:\/\/www.notibras.com\/site\/wp-content\/uploads\/2023\/09\/pombos.ninho_.jpg\" \/>\n\t<meta property=\"og:image:width\" content=\"1024\" \/>\n\t<meta property=\"og:image:height\" content=\"768\" \/>\n\t<meta property=\"og:image:type\" content=\"image\/jpeg\" \/>\n<meta name=\"author\" content=\"Reda\u00e7\u00e3o\" \/>\n<meta name=\"twitter:card\" content=\"summary_large_image\" \/>\n<meta name=\"twitter:creator\" content=\"@Notibras\" \/>\n<meta name=\"twitter:site\" content=\"@Notibras\" \/>\n<meta name=\"twitter:label1\" content=\"Escrito por\" \/>\n\t<meta name=\"twitter:data1\" content=\"Reda\u00e7\u00e3o\" \/>\n\t<meta name=\"twitter:label2\" content=\"Est. tempo de leitura\" \/>\n\t<meta name=\"twitter:data2\" content=\"2 minutos\" \/>\n<script type=\"application\/ld+json\" class=\"yoast-schema-graph\">{\"@context\":\"https:\/\/schema.org\",\"@graph\":[{\"@type\":\"Article\",\"@id\":\"https:\/\/www.notibras.com\/site\/desocupacao-de-hotel-esbarra-em-ninho-com-bebes-pombinhos\/#article\",\"isPartOf\":{\"@id\":\"https:\/\/www.notibras.com\/site\/desocupacao-de-hotel-esbarra-em-ninho-com-bebes-pombinhos\/\"},\"author\":{\"name\":\"Reda\u00e7\u00e3o\",\"@id\":\"https:\/\/www.notibras.com\/site\/#\/schema\/person\/36ab0979449956132d3e5b517ea76ac8\"},\"headline\":\"Desocupa\u00e7\u00e3o de hotel esbarra em ninho com beb\u00eas-pombinhos\",\"datePublished\":\"2023-09-20T03:03:50+00:00\",\"mainEntityOfPage\":{\"@id\":\"https:\/\/www.notibras.com\/site\/desocupacao-de-hotel-esbarra-em-ninho-com-bebes-pombinhos\/\"},\"wordCount\":362,\"publisher\":{\"@id\":\"https:\/\/www.notibras.com\/site\/#organization\"},\"image\":{\"@id\":\"https:\/\/www.notibras.com\/site\/desocupacao-de-hotel-esbarra-em-ninho-com-bebes-pombinhos\/#primaryimage\"},\"thumbnailUrl\":\"https:\/\/www.notibras.com\/site\/wp-content\/uploads\/2023\/09\/pombos.ninho_.jpg\",\"articleSection\":[\"Quadradinho em Foco\"],\"inLanguage\":\"pt-BR\"},{\"@type\":\"WebPage\",\"@id\":\"https:\/\/www.notibras.com\/site\/desocupacao-de-hotel-esbarra-em-ninho-com-bebes-pombinhos\/\",\"url\":\"https:\/\/www.notibras.com\/site\/desocupacao-de-hotel-esbarra-em-ninho-com-bebes-pombinhos\/\",\"name\":\"Desocupa\u00e7\u00e3o de hotel esbarra em ninho com beb\u00eas-pombinhos - Notibras\",\"isPartOf\":{\"@id\":\"https:\/\/www.notibras.com\/site\/#website\"},\"primaryImageOfPage\":{\"@id\":\"https:\/\/www.notibras.com\/site\/desocupacao-de-hotel-esbarra-em-ninho-com-bebes-pombinhos\/#primaryimage\"},\"image\":{\"@id\":\"https:\/\/www.notibras.com\/site\/desocupacao-de-hotel-esbarra-em-ninho-com-bebes-pombinhos\/#primaryimage\"},\"thumbnailUrl\":\"https:\/\/www.notibras.com\/site\/wp-content\/uploads\/2023\/09\/pombos.ninho_.jpg\",\"datePublished\":\"2023-09-20T03:03:50+00:00\",\"breadcrumb\":{\"@id\":\"https:\/\/www.notibras.com\/site\/desocupacao-de-hotel-esbarra-em-ninho-com-bebes-pombinhos\/#breadcrumb\"},\"inLanguage\":\"pt-BR\",\"potentialAction\":[{\"@type\":\"ReadAction\",\"target\":[\"https:\/\/www.notibras.com\/site\/desocupacao-de-hotel-esbarra-em-ninho-com-bebes-pombinhos\/\"]}]},{\"@type\":\"ImageObject\",\"inLanguage\":\"pt-BR\",\"@id\":\"https:\/\/www.notibras.com\/site\/desocupacao-de-hotel-esbarra-em-ninho-com-bebes-pombinhos\/#primaryimage\",\"url\":\"https:\/\/www.notibras.com\/site\/wp-content\/uploads\/2023\/09\/pombos.ninho_.jpg\",\"contentUrl\":\"https:\/\/www.notibras.com\/site\/wp-content\/uploads\/2023\/09\/pombos.ninho_.jpg\",\"width\":1024,\"height\":768},{\"@type\":\"BreadcrumbList\",\"@id\":\"https:\/\/www.notibras.com\/site\/desocupacao-de-hotel-esbarra-em-ninho-com-bebes-pombinhos\/#breadcrumb\",\"itemListElement\":[{\"@type\":\"ListItem\",\"position\":1,\"name\":\"In\u00edcio\",\"item\":\"https:\/\/www.notibras.com\/site\/\"},{\"@type\":\"ListItem\",\"position\":2,\"name\":\"Desocupa\u00e7\u00e3o de hotel esbarra em ninho com beb\u00eas-pombinhos\"}]},{\"@type\":\"WebSite\",\"@id\":\"https:\/\/www.notibras.com\/site\/#website\",\"url\":\"https:\/\/www.notibras.com\/site\/\",\"name\":\"Notibras\",\"description\":\"Not\u00edcias de Bras\u00edlia, do Brasil e do Mundo\",\"publisher\":{\"@id\":\"https:\/\/www.notibras.com\/site\/#organization\"},\"potentialAction\":[{\"@type\":\"SearchAction\",\"target\":{\"@type\":\"EntryPoint\",\"urlTemplate\":\"https:\/\/www.notibras.com\/site\/?s={search_term_string}\"},\"query-input\":{\"@type\":\"PropertyValueSpecification\",\"valueRequired\":true,\"valueName\":\"search_term_string\"}}],\"inLanguage\":\"pt-BR\"},{\"@type\":\"Organization\",\"@id\":\"https:\/\/www.notibras.com\/site\/#organization\",\"name\":\"Grupo Notibras de Comunica\u00e7\u00e3o\",\"url\":\"https:\/\/www.notibras.com\/site\/\",\"logo\":{\"@type\":\"ImageObject\",\"inLanguage\":\"pt-BR\",\"@id\":\"https:\/\/www.notibras.com\/site\/#\/schema\/logo\/image\/\",\"url\":\"https:\/\/www.notibras.com\/site\/wp-content\/uploads\/2023\/01\/notibras23.png\",\"contentUrl\":\"https:\/\/www.notibras.com\/site\/wp-content\/uploads\/2023\/01\/notibras23.png\",\"width\":350,\"height\":87,\"caption\":\"Grupo Notibras de Comunica\u00e7\u00e3o\"},\"image\":{\"@id\":\"https:\/\/www.notibras.com\/site\/#\/schema\/logo\/image\/\"},\"sameAs\":[\"https:\/\/www.facebook.com\/notibras\/\",\"https:\/\/x.com\/Notibras\",\"https:\/\/www.instagram.com\/notibras\/\"]},{\"@type\":\"Person\",\"@id\":\"https:\/\/www.notibras.com\/site\/#\/schema\/person\/36ab0979449956132d3e5b517ea76ac8\",\"name\":\"Reda\u00e7\u00e3o\",\"image\":{\"@type\":\"ImageObject\",\"inLanguage\":\"pt-BR\",\"@id\":\"https:\/\/secure.gravatar.com\/avatar\/e0a867bdedb85fd243eadf09663511f96fc81e0720a4a42581f334ad4303aa6b?s=96&d=mm&r=g\",\"url\":\"https:\/\/secure.gravatar.com\/avatar\/e0a867bdedb85fd243eadf09663511f96fc81e0720a4a42581f334ad4303aa6b?s=96&d=mm&r=g\",\"contentUrl\":\"https:\/\/secure.gravatar.com\/avatar\/e0a867bdedb85fd243eadf09663511f96fc81e0720a4a42581f334ad4303aa6b?s=96&d=mm&r=g\",\"caption\":\"Reda\u00e7\u00e3o\"}}]}<\/script>\n<!-- \/ Yoast SEO plugin. -->","yoast_head_json":{"title":"Desocupa\u00e7\u00e3o de hotel esbarra em ninho com beb\u00eas-pombinhos - Notibras","robots":{"index":"index","follow":"follow","max-snippet":"max-snippet:-1","max-image-preview":"max-image-preview:large","max-video-preview":"max-video-preview:-1"},"canonical":"https:\/\/www.notibras.com\/site\/desocupacao-de-hotel-esbarra-em-ninho-com-bebes-pombinhos\/","og_locale":"pt_BR","og_type":"article","og_title":"Desocupa\u00e7\u00e3o de hotel esbarra em ninho com beb\u00eas-pombinhos - Notibras","og_description":"Adilson, funcion\u00e1rio da prefeitura, havia sido designado para retirar os quase 30 ocupantes do antigo hotel Aurora. A estrutura, muito comprometida, poderia cair a qualquer momento. N\u00e3o que o prefeito se preocupasse com aqueles mulambos, mas as elei\u00e7\u00f5es estavam pr\u00f3ximas. Imagine o que a imprensa iria falar! Sexta-feira. Que era o melhor dia para colocar [&hellip;]","og_url":"https:\/\/www.notibras.com\/site\/desocupacao-de-hotel-esbarra-em-ninho-com-bebes-pombinhos\/","og_site_name":"Notibras","article_publisher":"https:\/\/www.facebook.com\/notibras\/","article_published_time":"2023-09-20T03:03:50+00:00","og_image":[{"width":1024,"height":768,"url":"https:\/\/www.notibras.com\/site\/wp-content\/uploads\/2023\/09\/pombos.ninho_.jpg","type":"image\/jpeg"}],"author":"Reda\u00e7\u00e3o","twitter_card":"summary_large_image","twitter_creator":"@Notibras","twitter_site":"@Notibras","twitter_misc":{"Escrito por":"Reda\u00e7\u00e3o","Est. tempo de leitura":"2 minutos"},"schema":{"@context":"https:\/\/schema.org","@graph":[{"@type":"Article","@id":"https:\/\/www.notibras.com\/site\/desocupacao-de-hotel-esbarra-em-ninho-com-bebes-pombinhos\/#article","isPartOf":{"@id":"https:\/\/www.notibras.com\/site\/desocupacao-de-hotel-esbarra-em-ninho-com-bebes-pombinhos\/"},"author":{"name":"Reda\u00e7\u00e3o","@id":"https:\/\/www.notibras.com\/site\/#\/schema\/person\/36ab0979449956132d3e5b517ea76ac8"},"headline":"Desocupa\u00e7\u00e3o de hotel esbarra em ninho com beb\u00eas-pombinhos","datePublished":"2023-09-20T03:03:50+00:00","mainEntityOfPage":{"@id":"https:\/\/www.notibras.com\/site\/desocupacao-de-hotel-esbarra-em-ninho-com-bebes-pombinhos\/"},"wordCount":362,"publisher":{"@id":"https:\/\/www.notibras.com\/site\/#organization"},"image":{"@id":"https:\/\/www.notibras.com\/site\/desocupacao-de-hotel-esbarra-em-ninho-com-bebes-pombinhos\/#primaryimage"},"thumbnailUrl":"https:\/\/www.notibras.com\/site\/wp-content\/uploads\/2023\/09\/pombos.ninho_.jpg","articleSection":["Quadradinho em Foco"],"inLanguage":"pt-BR"},{"@type":"WebPage","@id":"https:\/\/www.notibras.com\/site\/desocupacao-de-hotel-esbarra-em-ninho-com-bebes-pombinhos\/","url":"https:\/\/www.notibras.com\/site\/desocupacao-de-hotel-esbarra-em-ninho-com-bebes-pombinhos\/","name":"Desocupa\u00e7\u00e3o de hotel esbarra em ninho com beb\u00eas-pombinhos - Notibras","isPartOf":{"@id":"https:\/\/www.notibras.com\/site\/#website"},"primaryImageOfPage":{"@id":"https:\/\/www.notibras.com\/site\/desocupacao-de-hotel-esbarra-em-ninho-com-bebes-pombinhos\/#primaryimage"},"image":{"@id":"https:\/\/www.notibras.com\/site\/desocupacao-de-hotel-esbarra-em-ninho-com-bebes-pombinhos\/#primaryimage"},"thumbnailUrl":"https:\/\/www.notibras.com\/site\/wp-content\/uploads\/2023\/09\/pombos.ninho_.jpg","datePublished":"2023-09-20T03:03:50+00:00","breadcrumb":{"@id":"https:\/\/www.notibras.com\/site\/desocupacao-de-hotel-esbarra-em-ninho-com-bebes-pombinhos\/#breadcrumb"},"inLanguage":"pt-BR","potentialAction":[{"@type":"ReadAction","target":["https:\/\/www.notibras.com\/site\/desocupacao-de-hotel-esbarra-em-ninho-com-bebes-pombinhos\/"]}]},{"@type":"ImageObject","inLanguage":"pt-BR","@id":"https:\/\/www.notibras.com\/site\/desocupacao-de-hotel-esbarra-em-ninho-com-bebes-pombinhos\/#primaryimage","url":"https:\/\/www.notibras.com\/site\/wp-content\/uploads\/2023\/09\/pombos.ninho_.jpg","contentUrl":"https:\/\/www.notibras.com\/site\/wp-content\/uploads\/2023\/09\/pombos.ninho_.jpg","width":1024,"height":768},{"@type":"BreadcrumbList","@id":"https:\/\/www.notibras.com\/site\/desocupacao-de-hotel-esbarra-em-ninho-com-bebes-pombinhos\/#breadcrumb","itemListElement":[{"@type":"ListItem","position":1,"name":"In\u00edcio","item":"https:\/\/www.notibras.com\/site\/"},{"@type":"ListItem","position":2,"name":"Desocupa\u00e7\u00e3o de hotel esbarra em ninho com beb\u00eas-pombinhos"}]},{"@type":"WebSite","@id":"https:\/\/www.notibras.com\/site\/#website","url":"https:\/\/www.notibras.com\/site\/","name":"Notibras","description":"Not\u00edcias de Bras\u00edlia, do Brasil e do Mundo","publisher":{"@id":"https:\/\/www.notibras.com\/site\/#organization"},"potentialAction":[{"@type":"SearchAction","target":{"@type":"EntryPoint","urlTemplate":"https:\/\/www.notibras.com\/site\/?s={search_term_string}"},"query-input":{"@type":"PropertyValueSpecification","valueRequired":true,"valueName":"search_term_string"}}],"inLanguage":"pt-BR"},{"@type":"Organization","@id":"https:\/\/www.notibras.com\/site\/#organization","name":"Grupo Notibras de Comunica\u00e7\u00e3o","url":"https:\/\/www.notibras.com\/site\/","logo":{"@type":"ImageObject","inLanguage":"pt-BR","@id":"https:\/\/www.notibras.com\/site\/#\/schema\/logo\/image\/","url":"https:\/\/www.notibras.com\/site\/wp-content\/uploads\/2023\/01\/notibras23.png","contentUrl":"https:\/\/www.notibras.com\/site\/wp-content\/uploads\/2023\/01\/notibras23.png","width":350,"height":87,"caption":"Grupo Notibras de Comunica\u00e7\u00e3o"},"image":{"@id":"https:\/\/www.notibras.com\/site\/#\/schema\/logo\/image\/"},"sameAs":["https:\/\/www.facebook.com\/notibras\/","https:\/\/x.com\/Notibras","https:\/\/www.instagram.com\/notibras\/"]},{"@type":"Person","@id":"https:\/\/www.notibras.com\/site\/#\/schema\/person\/36ab0979449956132d3e5b517ea76ac8","name":"Reda\u00e7\u00e3o","image":{"@type":"ImageObject","inLanguage":"pt-BR","@id":"https:\/\/secure.gravatar.com\/avatar\/e0a867bdedb85fd243eadf09663511f96fc81e0720a4a42581f334ad4303aa6b?s=96&d=mm&r=g","url":"https:\/\/secure.gravatar.com\/avatar\/e0a867bdedb85fd243eadf09663511f96fc81e0720a4a42581f334ad4303aa6b?s=96&d=mm&r=g","contentUrl":"https:\/\/secure.gravatar.com\/avatar\/e0a867bdedb85fd243eadf09663511f96fc81e0720a4a42581f334ad4303aa6b?s=96&d=mm&r=g","caption":"Reda\u00e7\u00e3o"}}]}},"amp_enabled":true,"_links":{"self":[{"href":"https:\/\/www.notibras.com\/site\/wp-json\/wp\/v2\/posts\/313116","targetHints":{"allow":["GET"]}}],"collection":[{"href":"https:\/\/www.notibras.com\/site\/wp-json\/wp\/v2\/posts"}],"about":[{"href":"https:\/\/www.notibras.com\/site\/wp-json\/wp\/v2\/types\/post"}],"author":[{"embeddable":true,"href":"https:\/\/www.notibras.com\/site\/wp-json\/wp\/v2\/users\/2"}],"replies":[{"embeddable":true,"href":"https:\/\/www.notibras.com\/site\/wp-json\/wp\/v2\/comments?post=313116"}],"version-history":[{"count":1,"href":"https:\/\/www.notibras.com\/site\/wp-json\/wp\/v2\/posts\/313116\/revisions"}],"predecessor-version":[{"id":313118,"href":"https:\/\/www.notibras.com\/site\/wp-json\/wp\/v2\/posts\/313116\/revisions\/313118"}],"wp:featuredmedia":[{"embeddable":true,"href":"https:\/\/www.notibras.com\/site\/wp-json\/wp\/v2\/media\/313117"}],"wp:attachment":[{"href":"https:\/\/www.notibras.com\/site\/wp-json\/wp\/v2\/media?parent=313116"}],"wp:term":[{"taxonomy":"category","embeddable":true,"href":"https:\/\/www.notibras.com\/site\/wp-json\/wp\/v2\/categories?post=313116"},{"taxonomy":"post_tag","embeddable":true,"href":"https:\/\/www.notibras.com\/site\/wp-json\/wp\/v2\/tags?post=313116"}],"curies":[{"name":"wp","href":"https:\/\/api.w.org\/{rel}","templated":true}]}}