{"id":313119,"date":"2023-09-20T00:02:42","date_gmt":"2023-09-20T03:02:42","guid":{"rendered":"https:\/\/www.notibras.com\/site\/?p=313119"},"modified":"2023-09-19T23:44:40","modified_gmt":"2023-09-20T02:44:40","slug":"silencio-da-buzina-e-falta-de-aceno-frustram-sonho-de-amor","status":"publish","type":"post","link":"https:\/\/www.notibras.com\/site\/silencio-da-buzina-e-falta-de-aceno-frustram-sonho-de-amor\/","title":{"rendered":"Sil\u00eancio da buzina e falta de aceno frustram sonho de amor"},"content":{"rendered":"<p>Eu andaria a cidade inteira \u00e0 procura daquela m\u00e3o. Ou \u00e0 procura da dona daquela m\u00e3o. Viriam juntos a outra m\u00e3o, os bra\u00e7os, os olhos, os cabelos, os joelhos&#8230; Tudo ainda era um corpo imagin\u00e1rio, uma voz imagin\u00e1ria, uma personalidade imagin\u00e1ria com seus gostos, hist\u00f3rias e ideias. Um ser inteiro desconhecido, mas que eu j\u00e1 gostaria de agradar, fazer rir, trazer a ela conforto, carinho, ficar no aconchego do lar, lar que construir\u00edamos ou, dali em diante, eu construiria para ela. Para n\u00f3s. Apenas para esper\u00e1-la, com tudo que ela gostasse e quisesse. Mas como saber a maneira de arquitetar um lar se eu sequer sabia quem ela era?<\/p>\n<p>Foi numa curva, perto da rodovi\u00e1ria, dentre milh\u00f5es de outros carros da cidade, deviam ser umas cinco e quarenta e nove da tarde de um dia nublado e frio. Eu, que gosto de Fuscas \u2013 a minha inf\u00e2ncia inteira foi permeada por eles, dirigidos por meu pai, por meus tios, meu av\u00f4 \u2013 e andava seriamente pensando em comprar um para passear por a\u00ed e me divertir, encontrei, no meio do tr\u00e2nsito engarrafado, um Fusquinha bem antigo, de um lindo tom de azul. Devia ser dos fabricados em 1965 ou 1966, eu sei l\u00e1, n\u00e3o identifiquei direito pelos detalhes.<\/p>\n<p>Quase inconscientemente, quando as pessoas se deparam com um Fusca mais velhinho no tr\u00e2nsito, ao volante de seus autom\u00f3veis modernos e r\u00e1pidos, acabam saindo de tr\u00e1s, ultrapassando, mas eu fiquei ali, tenaz, na avenida movimentada e entre os sinais, seguindo o pequeno carro, apreciando seus volumes at\u00edpicos, sua pintura desbotada mas digna, os pneus finos, a discreta dan\u00e7a da suspens\u00e3o respondendo \u00e0s imperfei\u00e7\u00f5es do asfalto, as pequen\u00edssimas lanternas traseiras que acendiam a luz de freio quando ele parava. Era como o tempo cristalizado e palp\u00e1vel \u00e0 minha frente. E quantas mem\u00f3rias boas traziam a mim aquele Fusca! De viagens, de aventuras, de domingos com a fam\u00edlia, dos churrascos em casas amigas que sequer existiam mais.<\/p>\n<p>Foi quando, dentro de mim, surgiu uma chama: saiu da janela da porta do motorista, num movimento firme e r\u00e1pido, a m\u00e3o da motorista para fazer um pequeno ajuste no retrovisor, durante aquele insosso engarrafamento. Foram poucos instantes, mas suficientes para eu ficar fascinado por aquela m\u00e3o. Era branca, pequena, tinha um formato harm\u00f4nico, equilibrado&#8230;<\/p>\n<p>Descobri em seguida um pulso, que ostentava pulseiras. Eram prateadas. E tamb\u00e9m um rel\u00f3gio. Depois do pulso, o in\u00edcio de um antebra\u00e7o que se escondia por dentro da manga de uma camisa com o punho dobrado. O tempo parou e eu descobri que vivera at\u00e9 ent\u00e3o para amar a dona daquelas pulseiras e daquele rel\u00f3gio.<\/p>\n<p>V\u00e1rios pensamentos se passavam pela minha mente nos momentos que se seguiram. E se o Fusca nem fosse dela, fosse do marido? Ela poderia estar no auge de seu amor, num casamento feliz, indo encontrar o marido em algum lugar para contar sobre a rec\u00e9m-descoberta gravidez&#8230; E, se assim fosse, eu n\u00e3o teria qualquer papel nesse roteiro, nem me permitiria ousar interromper esse id\u00edlio de romance. Preferiria ficar s\u00f3, para sempre.<\/p>\n<p>Mas ela podia ter passado por uma decep\u00e7\u00e3o com um ex-namorado recente, e ter tido \u00e0s amigas ontem, num <em>happy<\/em> <em>hour<\/em>, meio brincando e meio falando s\u00e9rio, que iria sair hoje para paquerar no tr\u00e2nsito, e aceitaria o flerte do primeiro bonit\u00e3o que lhe desse uma buzinada. Por isso ia devagar com seu Fusquinha. Isso n\u00e3o iria adiantar. Eu n\u00e3o me achava bonit\u00e3o, tampouco toquei na buzina do meu carro.<\/p>\n<p>Nada se comparava com o momento em que eu vi aquela m\u00e3o, o que me bastou para amar imediatamente todo o conjunto. Tudo era suposto, mas eu n\u00e3o me importava. A m\u00e3o que fizera um toque breve e decidido para recolocar o retrovisor em sua posi\u00e7\u00e3o necess\u00e1ria despertou em mim uma certeza impressionante. Tudo ficaria bem a partir daquele momento, bastaria seguir em frente na companhia daquele Fusca, daquele dia nublado, daquelas pulseiras, dos rel\u00f3gios, da lanterna acesa, daquela m\u00e3o.<\/p>\n<p>E como seriam os p\u00e9s descal\u00e7os? Como seria o perfume dela e o gosto musical? N\u00e3o sei, mas estava disposto a aceitar e adorar todo o conjunto, at\u00e9 a eternidade.<\/p>\n<p>O que ela gostaria em mim? Estaria disposto a mudar qualquer coisa por ela, desde que favorecesse o prop\u00f3sito de nunca mais nos separarmos nesta vida. Ao mesmo tempo, brotava em mim uma certeza de que nada seria preciso mudar em n\u00f3s dois \u2013 o encontro seria perfeito e ser\u00edamos seres complementares, escolhidos a dedo para nos encaixarmos perfeitamente como duas engrenagens para mover o universo. S\u00f3 bastaria emparelhar o carro, uma troca de olhares e tudo se faria novo sob o sol. Ainda que o sol n\u00e3o brilhasse mais \u00e0quela hora, naquele dia frio e nublado, ainda que fosse quase noite. Os far\u00f3is dos carros j\u00e1 estavam sinalizando&#8230;<\/p>\n<p>Foi a\u00ed que, pr\u00f3ximo de uma transversal \u00e0 direita, o Fusca, que se conservava na pista central, foi para a da direita, conforme sinalizara o pisca-pisca. Logo \u00e0 frente, saiu da via principal e entrou numa rua. At\u00f4nito, eu n\u00e3o consegui retomar o racioc\u00ednio pr\u00e1tico a tempo e acompanhar a manobra e, se o fizesse, acabaria derrubando um motociclista que vinha ligeiro pelo meio da fila de carros.<\/p>\n<p>Desde esse dia, eu fico por a\u00ed dirigindo pela cidade, sozinho, triste, procurando, arrependido por n\u00e3o ter tentado emparelhar, por n\u00e3o haver buzinado, por n\u00e3o ter visto os olhos e a boca, al\u00e9m da m\u00e3o, dos bra\u00e7os&#8230;<br \/>\nE o Fusca eu nunca mais vi. Deve estar circulando por outras vias, divergentes de mim, cada dia mais distante e mais azul.<\/p>\n<p><strong>*Texto republicado por ter sido editado com incorre\u00e7\u00f5es<\/strong><\/p>\n","protected":false},"excerpt":{"rendered":"<p>Eu andaria a cidade inteira \u00e0 procura daquela m\u00e3o. Ou \u00e0 procura da dona daquela m\u00e3o. Viriam juntos a outra m\u00e3o, os bra\u00e7os, os olhos, os cabelos, os joelhos&#8230; Tudo ainda era um corpo imagin\u00e1rio, uma voz imagin\u00e1ria, uma personalidade imagin\u00e1ria com seus gostos, hist\u00f3rias e ideias. Um ser inteiro desconhecido, mas que eu j\u00e1 [&hellip;]<\/p>\n","protected":false},"author":2,"featured_media":313120,"comment_status":"closed","ping_status":"closed","sticky":false,"template":"","format":"standard","meta":{"_acf_changed":false,"footnotes":""},"categories":[161],"tags":[],"class_list":["post-313119","post","type-post","status-publish","format-standard","has-post-thumbnail","hentry","category-quadradinho-em-foco"],"acf":[],"yoast_head":"<!-- This site is optimized with the Yoast SEO plugin v27.2 - https:\/\/yoast.com\/product\/yoast-seo-wordpress\/ -->\n<title>Sil\u00eancio da buzina e falta de aceno frustram sonho de amor - Notibras<\/title>\n<meta name=\"robots\" content=\"index, follow, max-snippet:-1, max-image-preview:large, max-video-preview:-1\" \/>\n<link rel=\"canonical\" href=\"https:\/\/www.notibras.com\/site\/silencio-da-buzina-e-falta-de-aceno-frustram-sonho-de-amor\/\" \/>\n<meta property=\"og:locale\" content=\"pt_BR\" \/>\n<meta property=\"og:type\" content=\"article\" \/>\n<meta property=\"og:title\" content=\"Sil\u00eancio da buzina e falta de aceno frustram sonho de amor - Notibras\" \/>\n<meta property=\"og:description\" content=\"Eu andaria a cidade inteira \u00e0 procura daquela m\u00e3o. Ou \u00e0 procura da dona daquela m\u00e3o. Viriam juntos a outra m\u00e3o, os bra\u00e7os, os olhos, os cabelos, os joelhos&#8230; Tudo ainda era um corpo imagin\u00e1rio, uma voz imagin\u00e1ria, uma personalidade imagin\u00e1ria com seus gostos, hist\u00f3rias e ideias. Um ser inteiro desconhecido, mas que eu j\u00e1 [&hellip;]\" \/>\n<meta property=\"og:url\" content=\"https:\/\/www.notibras.com\/site\/silencio-da-buzina-e-falta-de-aceno-frustram-sonho-de-amor\/\" \/>\n<meta property=\"og:site_name\" content=\"Notibras\" \/>\n<meta property=\"article:publisher\" content=\"https:\/\/www.facebook.com\/notibras\/\" \/>\n<meta property=\"article:published_time\" content=\"2023-09-20T03:02:42+00:00\" \/>\n<meta property=\"og:image\" content=\"https:\/\/www.notibras.com\/site\/wp-content\/uploads\/2023\/09\/fusca.du_-1.jpg\" \/>\n\t<meta property=\"og:image:width\" content=\"1200\" \/>\n\t<meta property=\"og:image:height\" content=\"1600\" \/>\n\t<meta property=\"og:image:type\" content=\"image\/jpeg\" \/>\n<meta name=\"author\" content=\"Reda\u00e7\u00e3o\" \/>\n<meta name=\"twitter:card\" content=\"summary_large_image\" \/>\n<meta name=\"twitter:creator\" content=\"@Notibras\" \/>\n<meta name=\"twitter:site\" content=\"@Notibras\" \/>\n<meta name=\"twitter:label1\" content=\"Escrito por\" \/>\n\t<meta name=\"twitter:data1\" content=\"Reda\u00e7\u00e3o\" \/>\n\t<meta name=\"twitter:label2\" content=\"Est. tempo de leitura\" \/>\n\t<meta name=\"twitter:data2\" content=\"6 minutos\" \/>\n<script type=\"application\/ld+json\" class=\"yoast-schema-graph\">{\"@context\":\"https:\/\/schema.org\",\"@graph\":[{\"@type\":\"Article\",\"@id\":\"https:\/\/www.notibras.com\/site\/silencio-da-buzina-e-falta-de-aceno-frustram-sonho-de-amor\/#article\",\"isPartOf\":{\"@id\":\"https:\/\/www.notibras.com\/site\/silencio-da-buzina-e-falta-de-aceno-frustram-sonho-de-amor\/\"},\"author\":{\"name\":\"Reda\u00e7\u00e3o\",\"@id\":\"https:\/\/www.notibras.com\/site\/#\/schema\/person\/36ab0979449956132d3e5b517ea76ac8\"},\"headline\":\"Sil\u00eancio da buzina e falta de aceno frustram sonho de amor\",\"datePublished\":\"2023-09-20T03:02:42+00:00\",\"mainEntityOfPage\":{\"@id\":\"https:\/\/www.notibras.com\/site\/silencio-da-buzina-e-falta-de-aceno-frustram-sonho-de-amor\/\"},\"wordCount\":1007,\"publisher\":{\"@id\":\"https:\/\/www.notibras.com\/site\/#organization\"},\"image\":{\"@id\":\"https:\/\/www.notibras.com\/site\/silencio-da-buzina-e-falta-de-aceno-frustram-sonho-de-amor\/#primaryimage\"},\"thumbnailUrl\":\"https:\/\/www.notibras.com\/site\/wp-content\/uploads\/2023\/09\/fusca.du_-1.jpg\",\"articleSection\":[\"Quadradinho em Foco\"],\"inLanguage\":\"pt-BR\"},{\"@type\":\"WebPage\",\"@id\":\"https:\/\/www.notibras.com\/site\/silencio-da-buzina-e-falta-de-aceno-frustram-sonho-de-amor\/\",\"url\":\"https:\/\/www.notibras.com\/site\/silencio-da-buzina-e-falta-de-aceno-frustram-sonho-de-amor\/\",\"name\":\"Sil\u00eancio da buzina e falta de aceno frustram sonho de amor - Notibras\",\"isPartOf\":{\"@id\":\"https:\/\/www.notibras.com\/site\/#website\"},\"primaryImageOfPage\":{\"@id\":\"https:\/\/www.notibras.com\/site\/silencio-da-buzina-e-falta-de-aceno-frustram-sonho-de-amor\/#primaryimage\"},\"image\":{\"@id\":\"https:\/\/www.notibras.com\/site\/silencio-da-buzina-e-falta-de-aceno-frustram-sonho-de-amor\/#primaryimage\"},\"thumbnailUrl\":\"https:\/\/www.notibras.com\/site\/wp-content\/uploads\/2023\/09\/fusca.du_-1.jpg\",\"datePublished\":\"2023-09-20T03:02:42+00:00\",\"breadcrumb\":{\"@id\":\"https:\/\/www.notibras.com\/site\/silencio-da-buzina-e-falta-de-aceno-frustram-sonho-de-amor\/#breadcrumb\"},\"inLanguage\":\"pt-BR\",\"potentialAction\":[{\"@type\":\"ReadAction\",\"target\":[\"https:\/\/www.notibras.com\/site\/silencio-da-buzina-e-falta-de-aceno-frustram-sonho-de-amor\/\"]}]},{\"@type\":\"ImageObject\",\"inLanguage\":\"pt-BR\",\"@id\":\"https:\/\/www.notibras.com\/site\/silencio-da-buzina-e-falta-de-aceno-frustram-sonho-de-amor\/#primaryimage\",\"url\":\"https:\/\/www.notibras.com\/site\/wp-content\/uploads\/2023\/09\/fusca.du_-1.jpg\",\"contentUrl\":\"https:\/\/www.notibras.com\/site\/wp-content\/uploads\/2023\/09\/fusca.du_-1.jpg\",\"width\":1200,\"height\":1600},{\"@type\":\"BreadcrumbList\",\"@id\":\"https:\/\/www.notibras.com\/site\/silencio-da-buzina-e-falta-de-aceno-frustram-sonho-de-amor\/#breadcrumb\",\"itemListElement\":[{\"@type\":\"ListItem\",\"position\":1,\"name\":\"In\u00edcio\",\"item\":\"https:\/\/www.notibras.com\/site\/\"},{\"@type\":\"ListItem\",\"position\":2,\"name\":\"Sil\u00eancio da buzina e falta de aceno frustram sonho de amor\"}]},{\"@type\":\"WebSite\",\"@id\":\"https:\/\/www.notibras.com\/site\/#website\",\"url\":\"https:\/\/www.notibras.com\/site\/\",\"name\":\"Notibras\",\"description\":\"Not\u00edcias de Bras\u00edlia, do Brasil e do Mundo\",\"publisher\":{\"@id\":\"https:\/\/www.notibras.com\/site\/#organization\"},\"potentialAction\":[{\"@type\":\"SearchAction\",\"target\":{\"@type\":\"EntryPoint\",\"urlTemplate\":\"https:\/\/www.notibras.com\/site\/?s={search_term_string}\"},\"query-input\":{\"@type\":\"PropertyValueSpecification\",\"valueRequired\":true,\"valueName\":\"search_term_string\"}}],\"inLanguage\":\"pt-BR\"},{\"@type\":\"Organization\",\"@id\":\"https:\/\/www.notibras.com\/site\/#organization\",\"name\":\"Grupo Notibras de Comunica\u00e7\u00e3o\",\"url\":\"https:\/\/www.notibras.com\/site\/\",\"logo\":{\"@type\":\"ImageObject\",\"inLanguage\":\"pt-BR\",\"@id\":\"https:\/\/www.notibras.com\/site\/#\/schema\/logo\/image\/\",\"url\":\"https:\/\/www.notibras.com\/site\/wp-content\/uploads\/2023\/01\/notibras23.png\",\"contentUrl\":\"https:\/\/www.notibras.com\/site\/wp-content\/uploads\/2023\/01\/notibras23.png\",\"width\":350,\"height\":87,\"caption\":\"Grupo Notibras de Comunica\u00e7\u00e3o\"},\"image\":{\"@id\":\"https:\/\/www.notibras.com\/site\/#\/schema\/logo\/image\/\"},\"sameAs\":[\"https:\/\/www.facebook.com\/notibras\/\",\"https:\/\/x.com\/Notibras\",\"https:\/\/www.instagram.com\/notibras\/\"]},{\"@type\":\"Person\",\"@id\":\"https:\/\/www.notibras.com\/site\/#\/schema\/person\/36ab0979449956132d3e5b517ea76ac8\",\"name\":\"Reda\u00e7\u00e3o\",\"image\":{\"@type\":\"ImageObject\",\"inLanguage\":\"pt-BR\",\"@id\":\"https:\/\/secure.gravatar.com\/avatar\/e0a867bdedb85fd243eadf09663511f96fc81e0720a4a42581f334ad4303aa6b?s=96&d=mm&r=g\",\"url\":\"https:\/\/secure.gravatar.com\/avatar\/e0a867bdedb85fd243eadf09663511f96fc81e0720a4a42581f334ad4303aa6b?s=96&d=mm&r=g\",\"contentUrl\":\"https:\/\/secure.gravatar.com\/avatar\/e0a867bdedb85fd243eadf09663511f96fc81e0720a4a42581f334ad4303aa6b?s=96&d=mm&r=g\",\"caption\":\"Reda\u00e7\u00e3o\"}}]}<\/script>\n<!-- \/ Yoast SEO plugin. -->","yoast_head_json":{"title":"Sil\u00eancio da buzina e falta de aceno frustram sonho de amor - Notibras","robots":{"index":"index","follow":"follow","max-snippet":"max-snippet:-1","max-image-preview":"max-image-preview:large","max-video-preview":"max-video-preview:-1"},"canonical":"https:\/\/www.notibras.com\/site\/silencio-da-buzina-e-falta-de-aceno-frustram-sonho-de-amor\/","og_locale":"pt_BR","og_type":"article","og_title":"Sil\u00eancio da buzina e falta de aceno frustram sonho de amor - Notibras","og_description":"Eu andaria a cidade inteira \u00e0 procura daquela m\u00e3o. Ou \u00e0 procura da dona daquela m\u00e3o. Viriam juntos a outra m\u00e3o, os bra\u00e7os, os olhos, os cabelos, os joelhos&#8230; Tudo ainda era um corpo imagin\u00e1rio, uma voz imagin\u00e1ria, uma personalidade imagin\u00e1ria com seus gostos, hist\u00f3rias e ideias. Um ser inteiro desconhecido, mas que eu j\u00e1 [&hellip;]","og_url":"https:\/\/www.notibras.com\/site\/silencio-da-buzina-e-falta-de-aceno-frustram-sonho-de-amor\/","og_site_name":"Notibras","article_publisher":"https:\/\/www.facebook.com\/notibras\/","article_published_time":"2023-09-20T03:02:42+00:00","og_image":[{"width":1200,"height":1600,"url":"https:\/\/www.notibras.com\/site\/wp-content\/uploads\/2023\/09\/fusca.du_-1.jpg","type":"image\/jpeg"}],"author":"Reda\u00e7\u00e3o","twitter_card":"summary_large_image","twitter_creator":"@Notibras","twitter_site":"@Notibras","twitter_misc":{"Escrito por":"Reda\u00e7\u00e3o","Est. tempo de leitura":"6 minutos"},"schema":{"@context":"https:\/\/schema.org","@graph":[{"@type":"Article","@id":"https:\/\/www.notibras.com\/site\/silencio-da-buzina-e-falta-de-aceno-frustram-sonho-de-amor\/#article","isPartOf":{"@id":"https:\/\/www.notibras.com\/site\/silencio-da-buzina-e-falta-de-aceno-frustram-sonho-de-amor\/"},"author":{"name":"Reda\u00e7\u00e3o","@id":"https:\/\/www.notibras.com\/site\/#\/schema\/person\/36ab0979449956132d3e5b517ea76ac8"},"headline":"Sil\u00eancio da buzina e falta de aceno frustram sonho de amor","datePublished":"2023-09-20T03:02:42+00:00","mainEntityOfPage":{"@id":"https:\/\/www.notibras.com\/site\/silencio-da-buzina-e-falta-de-aceno-frustram-sonho-de-amor\/"},"wordCount":1007,"publisher":{"@id":"https:\/\/www.notibras.com\/site\/#organization"},"image":{"@id":"https:\/\/www.notibras.com\/site\/silencio-da-buzina-e-falta-de-aceno-frustram-sonho-de-amor\/#primaryimage"},"thumbnailUrl":"https:\/\/www.notibras.com\/site\/wp-content\/uploads\/2023\/09\/fusca.du_-1.jpg","articleSection":["Quadradinho em Foco"],"inLanguage":"pt-BR"},{"@type":"WebPage","@id":"https:\/\/www.notibras.com\/site\/silencio-da-buzina-e-falta-de-aceno-frustram-sonho-de-amor\/","url":"https:\/\/www.notibras.com\/site\/silencio-da-buzina-e-falta-de-aceno-frustram-sonho-de-amor\/","name":"Sil\u00eancio da buzina e falta de aceno frustram sonho de amor - Notibras","isPartOf":{"@id":"https:\/\/www.notibras.com\/site\/#website"},"primaryImageOfPage":{"@id":"https:\/\/www.notibras.com\/site\/silencio-da-buzina-e-falta-de-aceno-frustram-sonho-de-amor\/#primaryimage"},"image":{"@id":"https:\/\/www.notibras.com\/site\/silencio-da-buzina-e-falta-de-aceno-frustram-sonho-de-amor\/#primaryimage"},"thumbnailUrl":"https:\/\/www.notibras.com\/site\/wp-content\/uploads\/2023\/09\/fusca.du_-1.jpg","datePublished":"2023-09-20T03:02:42+00:00","breadcrumb":{"@id":"https:\/\/www.notibras.com\/site\/silencio-da-buzina-e-falta-de-aceno-frustram-sonho-de-amor\/#breadcrumb"},"inLanguage":"pt-BR","potentialAction":[{"@type":"ReadAction","target":["https:\/\/www.notibras.com\/site\/silencio-da-buzina-e-falta-de-aceno-frustram-sonho-de-amor\/"]}]},{"@type":"ImageObject","inLanguage":"pt-BR","@id":"https:\/\/www.notibras.com\/site\/silencio-da-buzina-e-falta-de-aceno-frustram-sonho-de-amor\/#primaryimage","url":"https:\/\/www.notibras.com\/site\/wp-content\/uploads\/2023\/09\/fusca.du_-1.jpg","contentUrl":"https:\/\/www.notibras.com\/site\/wp-content\/uploads\/2023\/09\/fusca.du_-1.jpg","width":1200,"height":1600},{"@type":"BreadcrumbList","@id":"https:\/\/www.notibras.com\/site\/silencio-da-buzina-e-falta-de-aceno-frustram-sonho-de-amor\/#breadcrumb","itemListElement":[{"@type":"ListItem","position":1,"name":"In\u00edcio","item":"https:\/\/www.notibras.com\/site\/"},{"@type":"ListItem","position":2,"name":"Sil\u00eancio da buzina e falta de aceno frustram sonho de amor"}]},{"@type":"WebSite","@id":"https:\/\/www.notibras.com\/site\/#website","url":"https:\/\/www.notibras.com\/site\/","name":"Notibras","description":"Not\u00edcias de Bras\u00edlia, do Brasil e do Mundo","publisher":{"@id":"https:\/\/www.notibras.com\/site\/#organization"},"potentialAction":[{"@type":"SearchAction","target":{"@type":"EntryPoint","urlTemplate":"https:\/\/www.notibras.com\/site\/?s={search_term_string}"},"query-input":{"@type":"PropertyValueSpecification","valueRequired":true,"valueName":"search_term_string"}}],"inLanguage":"pt-BR"},{"@type":"Organization","@id":"https:\/\/www.notibras.com\/site\/#organization","name":"Grupo Notibras de Comunica\u00e7\u00e3o","url":"https:\/\/www.notibras.com\/site\/","logo":{"@type":"ImageObject","inLanguage":"pt-BR","@id":"https:\/\/www.notibras.com\/site\/#\/schema\/logo\/image\/","url":"https:\/\/www.notibras.com\/site\/wp-content\/uploads\/2023\/01\/notibras23.png","contentUrl":"https:\/\/www.notibras.com\/site\/wp-content\/uploads\/2023\/01\/notibras23.png","width":350,"height":87,"caption":"Grupo Notibras de Comunica\u00e7\u00e3o"},"image":{"@id":"https:\/\/www.notibras.com\/site\/#\/schema\/logo\/image\/"},"sameAs":["https:\/\/www.facebook.com\/notibras\/","https:\/\/x.com\/Notibras","https:\/\/www.instagram.com\/notibras\/"]},{"@type":"Person","@id":"https:\/\/www.notibras.com\/site\/#\/schema\/person\/36ab0979449956132d3e5b517ea76ac8","name":"Reda\u00e7\u00e3o","image":{"@type":"ImageObject","inLanguage":"pt-BR","@id":"https:\/\/secure.gravatar.com\/avatar\/e0a867bdedb85fd243eadf09663511f96fc81e0720a4a42581f334ad4303aa6b?s=96&d=mm&r=g","url":"https:\/\/secure.gravatar.com\/avatar\/e0a867bdedb85fd243eadf09663511f96fc81e0720a4a42581f334ad4303aa6b?s=96&d=mm&r=g","contentUrl":"https:\/\/secure.gravatar.com\/avatar\/e0a867bdedb85fd243eadf09663511f96fc81e0720a4a42581f334ad4303aa6b?s=96&d=mm&r=g","caption":"Reda\u00e7\u00e3o"}}]}},"amp_enabled":true,"_links":{"self":[{"href":"https:\/\/www.notibras.com\/site\/wp-json\/wp\/v2\/posts\/313119","targetHints":{"allow":["GET"]}}],"collection":[{"href":"https:\/\/www.notibras.com\/site\/wp-json\/wp\/v2\/posts"}],"about":[{"href":"https:\/\/www.notibras.com\/site\/wp-json\/wp\/v2\/types\/post"}],"author":[{"embeddable":true,"href":"https:\/\/www.notibras.com\/site\/wp-json\/wp\/v2\/users\/2"}],"replies":[{"embeddable":true,"href":"https:\/\/www.notibras.com\/site\/wp-json\/wp\/v2\/comments?post=313119"}],"version-history":[{"count":1,"href":"https:\/\/www.notibras.com\/site\/wp-json\/wp\/v2\/posts\/313119\/revisions"}],"predecessor-version":[{"id":313121,"href":"https:\/\/www.notibras.com\/site\/wp-json\/wp\/v2\/posts\/313119\/revisions\/313121"}],"wp:featuredmedia":[{"embeddable":true,"href":"https:\/\/www.notibras.com\/site\/wp-json\/wp\/v2\/media\/313120"}],"wp:attachment":[{"href":"https:\/\/www.notibras.com\/site\/wp-json\/wp\/v2\/media?parent=313119"}],"wp:term":[{"taxonomy":"category","embeddable":true,"href":"https:\/\/www.notibras.com\/site\/wp-json\/wp\/v2\/categories?post=313119"},{"taxonomy":"post_tag","embeddable":true,"href":"https:\/\/www.notibras.com\/site\/wp-json\/wp\/v2\/tags?post=313119"}],"curies":[{"name":"wp","href":"https:\/\/api.w.org\/{rel}","templated":true}]}}