{"id":31319,"date":"2014-12-16T01:48:59","date_gmt":"2014-12-16T04:48:59","guid":{"rendered":"http:\/\/www.notibras.com\/site\/?p=31319"},"modified":"2014-12-16T01:49:45","modified_gmt":"2014-12-16T04:49:45","slug":"se-temos-fgts-para-morar-e-reformar-por-que-nao-ter-para-estudar","status":"publish","type":"post","link":"https:\/\/www.notibras.com\/site\/se-temos-fgts-para-morar-e-reformar-por-que-nao-ter-para-estudar\/","title":{"rendered":"Se h\u00e1 FGTS para morar e reformar, por que n\u00e3o ter para estudar?"},"content":{"rendered":"<p>Por que o FGTS \u00e9 uma alternativa concreta para adquirir ou reformar um im\u00f3vel e n\u00e3o pode ser considerado como forma de pagamento ou garantia de financiamento do ensino superior, algo que possibilita a mudan\u00e7a de vida das pessoas? Apesar do enorme avan\u00e7o no aumento da renda m\u00e9dia dos brasileiros nos \u00faltimos anos, nenhum fator isolado tem tanta relev\u00e2ncia no aumento de remunera\u00e7\u00e3o quanto o diploma de n\u00edvel superior.<\/p>\n<p>Recentemente, a Kroton realizou uma pesquisa com 11 mil alunos e 667 empresas de todo o Brasil para avaliar o aumento de renda de pessoas que concluem o ensino superior. O resultado mostra que, na m\u00e9dia, o sal\u00e1rio aumenta 251% em at\u00e9 4 anos ap\u00f3s a formatura.<\/p>\n<p>Precisamos de novas alternativas para acesso ao ensino superior. O Brasil necessita cada vez mais de m\u00e3o de obra qualificada para garantir seu crescimento sustent\u00e1vel, e existe uma enorme demanda reprimida no nosso pa\u00eds. O Censo da Educa\u00e7\u00e3o Superior 2013, divulgado pelo MEC (Minist\u00e9rio da Educa\u00e7\u00e3o) e pelo Inep (Instituto Nacional de Estudos e Pesquisas Educacionais An\u00edsio Teixeira) mostra que mais de 7,3\u00a0milh\u00f5es de estudantes est\u00e3o matriculados em cursos de gradua\u00e7\u00e3o oferecidos pelas 2,4 mil universidades e faculdades do pa\u00eds, o que representa aproximadamente 18% do total da popula\u00e7\u00e3o com idade entre 18 e 24 anos.<\/p>\n<p>A Meta 12 do PNE (Plano Nacional de Educa\u00e7\u00e3o) \u00e9 atingir 33% &#8211; quase o dobro \u2013 at\u00e9 2024. Al\u00e9m disso, aproximadamente 86% da popula\u00e7\u00e3o com 25 anos ou mais ainda n\u00e3o possui educa\u00e7\u00e3o superior. Este \u00e9 o tamanho do desafio que temos pela frente.<\/p>\n<blockquote><p>Atendendo esta demanda, o segmento de ensino superior tem apresentado crescimentos robustos h\u00e1 quase duas d\u00e9cadas. A primeira grande expans\u00e3o ocorreu a partir de 1996, quando foram autorizadas as institui\u00e7\u00f5es com fins lucrativos. O Fies (Fundo de Financiamento Estudantil) foi criado 3 anos depois, como uma op\u00e7\u00e3o aos alunos de baixa renda que n\u00e3o conseguiam bolsa de estudos ou uma vaga nas faculdades p\u00fablicas.<\/p><\/blockquote>\n<p>Para o governo, al\u00e9m de facilitar o acesso, o Fies pode ter sido (e ainda ser, como os n\u00fameros mostram) a forma mais r\u00e1pida e f\u00e1cil de expandir o n\u00famero de matr\u00edculas nesta fase de ensino, pois\u00a0o custo m\u00e9dio para manter\u00a0um aluno em uma institui\u00e7\u00e3o privada \u00e9 praticamente cinco vezes menor quando comparado ao que \u00e9 gasto com um mesmo estudante matriculado em uma institui\u00e7\u00e3o p\u00fablica.<\/p>\n<p>Isso sem contar o tempo e os investimentos necess\u00e1rios para constru\u00e7\u00e3o de novas universidades p\u00fablicas. E o melhor, com padr\u00f5es similares de qualidade quando consideramos indicadores como Enade, por exemplo. Desta forma, a iniciativa privada tem cumprido seu papel de aumentar cada vez mais a oferta de ensino.<\/p>\n<p><strong>Am\u00e9rico Matiello Jr.<\/strong><\/p>\n","protected":false},"excerpt":{"rendered":"<p>Por que o FGTS \u00e9 uma alternativa concreta para adquirir ou reformar um im\u00f3vel e n\u00e3o pode ser considerado como forma de pagamento ou garantia de financiamento do ensino superior, algo que possibilita a mudan\u00e7a de vida das pessoas? Apesar do enorme avan\u00e7o no aumento da renda m\u00e9dia dos brasileiros nos \u00faltimos anos, nenhum fator [&hellip;]<\/p>\n","protected":false},"author":2,"featured_media":31320,"comment_status":"open","ping_status":"closed","sticky":false,"template":"","format":"standard","meta":{"_acf_changed":false,"footnotes":""},"categories":[25],"tags":[],"class_list":["post-31319","post","type-post","status-publish","format-standard","has-post-thumbnail","hentry","category-opina-ai"],"acf":[],"yoast_head":"<!-- This site is optimized with the Yoast SEO plugin v27.2 - https:\/\/yoast.com\/product\/yoast-seo-wordpress\/ -->\n<title>Se h\u00e1 FGTS para morar e reformar, por que n\u00e3o ter para estudar? - Notibras<\/title>\n<meta name=\"robots\" content=\"index, follow, max-snippet:-1, max-image-preview:large, max-video-preview:-1\" \/>\n<link rel=\"canonical\" href=\"https:\/\/www.notibras.com\/site\/se-temos-fgts-para-morar-e-reformar-por-que-nao-ter-para-estudar\/\" \/>\n<meta property=\"og:locale\" content=\"pt_BR\" \/>\n<meta property=\"og:type\" content=\"article\" \/>\n<meta property=\"og:title\" content=\"Se h\u00e1 FGTS para morar e reformar, por que n\u00e3o ter para estudar? - Notibras\" \/>\n<meta property=\"og:description\" content=\"Por que o FGTS \u00e9 uma alternativa concreta para adquirir ou reformar um im\u00f3vel e n\u00e3o pode ser considerado como forma de pagamento ou garantia de financiamento do ensino superior, algo que possibilita a mudan\u00e7a de vida das pessoas? Apesar do enorme avan\u00e7o no aumento da renda m\u00e9dia dos brasileiros nos \u00faltimos anos, nenhum fator [&hellip;]\" \/>\n<meta property=\"og:url\" content=\"https:\/\/www.notibras.com\/site\/se-temos-fgts-para-morar-e-reformar-por-que-nao-ter-para-estudar\/\" \/>\n<meta property=\"og:site_name\" content=\"Notibras\" \/>\n<meta property=\"article:publisher\" content=\"https:\/\/www.facebook.com\/notibras\/\" \/>\n<meta property=\"article:published_time\" content=\"2014-12-16T04:48:59+00:00\" \/>\n<meta property=\"article:modified_time\" content=\"2014-12-16T04:49:45+00:00\" \/>\n<meta property=\"og:image\" content=\"https:\/\/www.notibras.com\/site\/wp-content\/uploads\/2014\/12\/sala-vazia.jpg\" \/>\n\t<meta property=\"og:image:width\" content=\"1024\" \/>\n\t<meta property=\"og:image:height\" content=\"768\" \/>\n\t<meta property=\"og:image:type\" content=\"image\/jpeg\" \/>\n<meta name=\"author\" content=\"Reda\u00e7\u00e3o\" \/>\n<meta name=\"twitter:card\" content=\"summary_large_image\" \/>\n<meta name=\"twitter:creator\" content=\"@Notibras\" \/>\n<meta name=\"twitter:site\" content=\"@Notibras\" \/>\n<meta name=\"twitter:label1\" content=\"Escrito por\" \/>\n\t<meta name=\"twitter:data1\" content=\"Reda\u00e7\u00e3o\" \/>\n\t<meta name=\"twitter:label2\" content=\"Est. tempo de leitura\" \/>\n\t<meta name=\"twitter:data2\" content=\"2 minutos\" \/>\n<script type=\"application\/ld+json\" class=\"yoast-schema-graph\">{\"@context\":\"https:\/\/schema.org\",\"@graph\":[{\"@type\":\"Article\",\"@id\":\"https:\/\/www.notibras.com\/site\/se-temos-fgts-para-morar-e-reformar-por-que-nao-ter-para-estudar\/#article\",\"isPartOf\":{\"@id\":\"https:\/\/www.notibras.com\/site\/se-temos-fgts-para-morar-e-reformar-por-que-nao-ter-para-estudar\/\"},\"author\":{\"name\":\"Reda\u00e7\u00e3o\",\"@id\":\"https:\/\/www.notibras.com\/site\/#\/schema\/person\/36ab0979449956132d3e5b517ea76ac8\"},\"headline\":\"Se h\u00e1 FGTS para morar e reformar, por que n\u00e3o ter para estudar?\",\"datePublished\":\"2014-12-16T04:48:59+00:00\",\"dateModified\":\"2014-12-16T04:49:45+00:00\",\"mainEntityOfPage\":{\"@id\":\"https:\/\/www.notibras.com\/site\/se-temos-fgts-para-morar-e-reformar-por-que-nao-ter-para-estudar\/\"},\"wordCount\":481,\"commentCount\":0,\"publisher\":{\"@id\":\"https:\/\/www.notibras.com\/site\/#organization\"},\"image\":{\"@id\":\"https:\/\/www.notibras.com\/site\/se-temos-fgts-para-morar-e-reformar-por-que-nao-ter-para-estudar\/#primaryimage\"},\"thumbnailUrl\":\"https:\/\/www.notibras.com\/site\/wp-content\/uploads\/2014\/12\/sala-vazia.jpg\",\"articleSection\":[\"Opina a\u00ed\"],\"inLanguage\":\"pt-BR\",\"potentialAction\":[{\"@type\":\"CommentAction\",\"name\":\"Comment\",\"target\":[\"https:\/\/www.notibras.com\/site\/se-temos-fgts-para-morar-e-reformar-por-que-nao-ter-para-estudar\/#respond\"]}]},{\"@type\":\"WebPage\",\"@id\":\"https:\/\/www.notibras.com\/site\/se-temos-fgts-para-morar-e-reformar-por-que-nao-ter-para-estudar\/\",\"url\":\"https:\/\/www.notibras.com\/site\/se-temos-fgts-para-morar-e-reformar-por-que-nao-ter-para-estudar\/\",\"name\":\"Se h\u00e1 FGTS para morar e reformar, por que n\u00e3o ter para estudar? - Notibras\",\"isPartOf\":{\"@id\":\"https:\/\/www.notibras.com\/site\/#website\"},\"primaryImageOfPage\":{\"@id\":\"https:\/\/www.notibras.com\/site\/se-temos-fgts-para-morar-e-reformar-por-que-nao-ter-para-estudar\/#primaryimage\"},\"image\":{\"@id\":\"https:\/\/www.notibras.com\/site\/se-temos-fgts-para-morar-e-reformar-por-que-nao-ter-para-estudar\/#primaryimage\"},\"thumbnailUrl\":\"https:\/\/www.notibras.com\/site\/wp-content\/uploads\/2014\/12\/sala-vazia.jpg\",\"datePublished\":\"2014-12-16T04:48:59+00:00\",\"dateModified\":\"2014-12-16T04:49:45+00:00\",\"breadcrumb\":{\"@id\":\"https:\/\/www.notibras.com\/site\/se-temos-fgts-para-morar-e-reformar-por-que-nao-ter-para-estudar\/#breadcrumb\"},\"inLanguage\":\"pt-BR\",\"potentialAction\":[{\"@type\":\"ReadAction\",\"target\":[\"https:\/\/www.notibras.com\/site\/se-temos-fgts-para-morar-e-reformar-por-que-nao-ter-para-estudar\/\"]}]},{\"@type\":\"ImageObject\",\"inLanguage\":\"pt-BR\",\"@id\":\"https:\/\/www.notibras.com\/site\/se-temos-fgts-para-morar-e-reformar-por-que-nao-ter-para-estudar\/#primaryimage\",\"url\":\"https:\/\/www.notibras.com\/site\/wp-content\/uploads\/2014\/12\/sala-vazia.jpg\",\"contentUrl\":\"https:\/\/www.notibras.com\/site\/wp-content\/uploads\/2014\/12\/sala-vazia.jpg\",\"width\":1024,\"height\":768},{\"@type\":\"BreadcrumbList\",\"@id\":\"https:\/\/www.notibras.com\/site\/se-temos-fgts-para-morar-e-reformar-por-que-nao-ter-para-estudar\/#breadcrumb\",\"itemListElement\":[{\"@type\":\"ListItem\",\"position\":1,\"name\":\"In\u00edcio\",\"item\":\"https:\/\/www.notibras.com\/site\/\"},{\"@type\":\"ListItem\",\"position\":2,\"name\":\"Se h\u00e1 FGTS para morar e reformar, por que n\u00e3o ter para estudar?\"}]},{\"@type\":\"WebSite\",\"@id\":\"https:\/\/www.notibras.com\/site\/#website\",\"url\":\"https:\/\/www.notibras.com\/site\/\",\"name\":\"Notibras\",\"description\":\"Not\u00edcias de Bras\u00edlia, do Brasil e do Mundo\",\"publisher\":{\"@id\":\"https:\/\/www.notibras.com\/site\/#organization\"},\"potentialAction\":[{\"@type\":\"SearchAction\",\"target\":{\"@type\":\"EntryPoint\",\"urlTemplate\":\"https:\/\/www.notibras.com\/site\/?s={search_term_string}\"},\"query-input\":{\"@type\":\"PropertyValueSpecification\",\"valueRequired\":true,\"valueName\":\"search_term_string\"}}],\"inLanguage\":\"pt-BR\"},{\"@type\":\"Organization\",\"@id\":\"https:\/\/www.notibras.com\/site\/#organization\",\"name\":\"Grupo Notibras de Comunica\u00e7\u00e3o\",\"url\":\"https:\/\/www.notibras.com\/site\/\",\"logo\":{\"@type\":\"ImageObject\",\"inLanguage\":\"pt-BR\",\"@id\":\"https:\/\/www.notibras.com\/site\/#\/schema\/logo\/image\/\",\"url\":\"https:\/\/www.notibras.com\/site\/wp-content\/uploads\/2023\/01\/notibras23.png\",\"contentUrl\":\"https:\/\/www.notibras.com\/site\/wp-content\/uploads\/2023\/01\/notibras23.png\",\"width\":350,\"height\":87,\"caption\":\"Grupo Notibras de Comunica\u00e7\u00e3o\"},\"image\":{\"@id\":\"https:\/\/www.notibras.com\/site\/#\/schema\/logo\/image\/\"},\"sameAs\":[\"https:\/\/www.facebook.com\/notibras\/\",\"https:\/\/x.com\/Notibras\",\"https:\/\/www.instagram.com\/notibras\/\"]},{\"@type\":\"Person\",\"@id\":\"https:\/\/www.notibras.com\/site\/#\/schema\/person\/36ab0979449956132d3e5b517ea76ac8\",\"name\":\"Reda\u00e7\u00e3o\",\"image\":{\"@type\":\"ImageObject\",\"inLanguage\":\"pt-BR\",\"@id\":\"https:\/\/secure.gravatar.com\/avatar\/e0a867bdedb85fd243eadf09663511f96fc81e0720a4a42581f334ad4303aa6b?s=96&d=mm&r=g\",\"url\":\"https:\/\/secure.gravatar.com\/avatar\/e0a867bdedb85fd243eadf09663511f96fc81e0720a4a42581f334ad4303aa6b?s=96&d=mm&r=g\",\"contentUrl\":\"https:\/\/secure.gravatar.com\/avatar\/e0a867bdedb85fd243eadf09663511f96fc81e0720a4a42581f334ad4303aa6b?s=96&d=mm&r=g\",\"caption\":\"Reda\u00e7\u00e3o\"}}]}<\/script>\n<!-- \/ Yoast SEO plugin. -->","yoast_head_json":{"title":"Se h\u00e1 FGTS para morar e reformar, por que n\u00e3o ter para estudar? - Notibras","robots":{"index":"index","follow":"follow","max-snippet":"max-snippet:-1","max-image-preview":"max-image-preview:large","max-video-preview":"max-video-preview:-1"},"canonical":"https:\/\/www.notibras.com\/site\/se-temos-fgts-para-morar-e-reformar-por-que-nao-ter-para-estudar\/","og_locale":"pt_BR","og_type":"article","og_title":"Se h\u00e1 FGTS para morar e reformar, por que n\u00e3o ter para estudar? - Notibras","og_description":"Por que o FGTS \u00e9 uma alternativa concreta para adquirir ou reformar um im\u00f3vel e n\u00e3o pode ser considerado como forma de pagamento ou garantia de financiamento do ensino superior, algo que possibilita a mudan\u00e7a de vida das pessoas? Apesar do enorme avan\u00e7o no aumento da renda m\u00e9dia dos brasileiros nos \u00faltimos anos, nenhum fator [&hellip;]","og_url":"https:\/\/www.notibras.com\/site\/se-temos-fgts-para-morar-e-reformar-por-que-nao-ter-para-estudar\/","og_site_name":"Notibras","article_publisher":"https:\/\/www.facebook.com\/notibras\/","article_published_time":"2014-12-16T04:48:59+00:00","article_modified_time":"2014-12-16T04:49:45+00:00","og_image":[{"width":1024,"height":768,"url":"https:\/\/www.notibras.com\/site\/wp-content\/uploads\/2014\/12\/sala-vazia.jpg","type":"image\/jpeg"}],"author":"Reda\u00e7\u00e3o","twitter_card":"summary_large_image","twitter_creator":"@Notibras","twitter_site":"@Notibras","twitter_misc":{"Escrito por":"Reda\u00e7\u00e3o","Est. tempo de leitura":"2 minutos"},"schema":{"@context":"https:\/\/schema.org","@graph":[{"@type":"Article","@id":"https:\/\/www.notibras.com\/site\/se-temos-fgts-para-morar-e-reformar-por-que-nao-ter-para-estudar\/#article","isPartOf":{"@id":"https:\/\/www.notibras.com\/site\/se-temos-fgts-para-morar-e-reformar-por-que-nao-ter-para-estudar\/"},"author":{"name":"Reda\u00e7\u00e3o","@id":"https:\/\/www.notibras.com\/site\/#\/schema\/person\/36ab0979449956132d3e5b517ea76ac8"},"headline":"Se h\u00e1 FGTS para morar e reformar, por que n\u00e3o ter para estudar?","datePublished":"2014-12-16T04:48:59+00:00","dateModified":"2014-12-16T04:49:45+00:00","mainEntityOfPage":{"@id":"https:\/\/www.notibras.com\/site\/se-temos-fgts-para-morar-e-reformar-por-que-nao-ter-para-estudar\/"},"wordCount":481,"commentCount":0,"publisher":{"@id":"https:\/\/www.notibras.com\/site\/#organization"},"image":{"@id":"https:\/\/www.notibras.com\/site\/se-temos-fgts-para-morar-e-reformar-por-que-nao-ter-para-estudar\/#primaryimage"},"thumbnailUrl":"https:\/\/www.notibras.com\/site\/wp-content\/uploads\/2014\/12\/sala-vazia.jpg","articleSection":["Opina a\u00ed"],"inLanguage":"pt-BR","potentialAction":[{"@type":"CommentAction","name":"Comment","target":["https:\/\/www.notibras.com\/site\/se-temos-fgts-para-morar-e-reformar-por-que-nao-ter-para-estudar\/#respond"]}]},{"@type":"WebPage","@id":"https:\/\/www.notibras.com\/site\/se-temos-fgts-para-morar-e-reformar-por-que-nao-ter-para-estudar\/","url":"https:\/\/www.notibras.com\/site\/se-temos-fgts-para-morar-e-reformar-por-que-nao-ter-para-estudar\/","name":"Se h\u00e1 FGTS para morar e reformar, por que n\u00e3o ter para estudar? - Notibras","isPartOf":{"@id":"https:\/\/www.notibras.com\/site\/#website"},"primaryImageOfPage":{"@id":"https:\/\/www.notibras.com\/site\/se-temos-fgts-para-morar-e-reformar-por-que-nao-ter-para-estudar\/#primaryimage"},"image":{"@id":"https:\/\/www.notibras.com\/site\/se-temos-fgts-para-morar-e-reformar-por-que-nao-ter-para-estudar\/#primaryimage"},"thumbnailUrl":"https:\/\/www.notibras.com\/site\/wp-content\/uploads\/2014\/12\/sala-vazia.jpg","datePublished":"2014-12-16T04:48:59+00:00","dateModified":"2014-12-16T04:49:45+00:00","breadcrumb":{"@id":"https:\/\/www.notibras.com\/site\/se-temos-fgts-para-morar-e-reformar-por-que-nao-ter-para-estudar\/#breadcrumb"},"inLanguage":"pt-BR","potentialAction":[{"@type":"ReadAction","target":["https:\/\/www.notibras.com\/site\/se-temos-fgts-para-morar-e-reformar-por-que-nao-ter-para-estudar\/"]}]},{"@type":"ImageObject","inLanguage":"pt-BR","@id":"https:\/\/www.notibras.com\/site\/se-temos-fgts-para-morar-e-reformar-por-que-nao-ter-para-estudar\/#primaryimage","url":"https:\/\/www.notibras.com\/site\/wp-content\/uploads\/2014\/12\/sala-vazia.jpg","contentUrl":"https:\/\/www.notibras.com\/site\/wp-content\/uploads\/2014\/12\/sala-vazia.jpg","width":1024,"height":768},{"@type":"BreadcrumbList","@id":"https:\/\/www.notibras.com\/site\/se-temos-fgts-para-morar-e-reformar-por-que-nao-ter-para-estudar\/#breadcrumb","itemListElement":[{"@type":"ListItem","position":1,"name":"In\u00edcio","item":"https:\/\/www.notibras.com\/site\/"},{"@type":"ListItem","position":2,"name":"Se h\u00e1 FGTS para morar e reformar, por que n\u00e3o ter para estudar?"}]},{"@type":"WebSite","@id":"https:\/\/www.notibras.com\/site\/#website","url":"https:\/\/www.notibras.com\/site\/","name":"Notibras","description":"Not\u00edcias de Bras\u00edlia, do Brasil e do Mundo","publisher":{"@id":"https:\/\/www.notibras.com\/site\/#organization"},"potentialAction":[{"@type":"SearchAction","target":{"@type":"EntryPoint","urlTemplate":"https:\/\/www.notibras.com\/site\/?s={search_term_string}"},"query-input":{"@type":"PropertyValueSpecification","valueRequired":true,"valueName":"search_term_string"}}],"inLanguage":"pt-BR"},{"@type":"Organization","@id":"https:\/\/www.notibras.com\/site\/#organization","name":"Grupo Notibras de Comunica\u00e7\u00e3o","url":"https:\/\/www.notibras.com\/site\/","logo":{"@type":"ImageObject","inLanguage":"pt-BR","@id":"https:\/\/www.notibras.com\/site\/#\/schema\/logo\/image\/","url":"https:\/\/www.notibras.com\/site\/wp-content\/uploads\/2023\/01\/notibras23.png","contentUrl":"https:\/\/www.notibras.com\/site\/wp-content\/uploads\/2023\/01\/notibras23.png","width":350,"height":87,"caption":"Grupo Notibras de Comunica\u00e7\u00e3o"},"image":{"@id":"https:\/\/www.notibras.com\/site\/#\/schema\/logo\/image\/"},"sameAs":["https:\/\/www.facebook.com\/notibras\/","https:\/\/x.com\/Notibras","https:\/\/www.instagram.com\/notibras\/"]},{"@type":"Person","@id":"https:\/\/www.notibras.com\/site\/#\/schema\/person\/36ab0979449956132d3e5b517ea76ac8","name":"Reda\u00e7\u00e3o","image":{"@type":"ImageObject","inLanguage":"pt-BR","@id":"https:\/\/secure.gravatar.com\/avatar\/e0a867bdedb85fd243eadf09663511f96fc81e0720a4a42581f334ad4303aa6b?s=96&d=mm&r=g","url":"https:\/\/secure.gravatar.com\/avatar\/e0a867bdedb85fd243eadf09663511f96fc81e0720a4a42581f334ad4303aa6b?s=96&d=mm&r=g","contentUrl":"https:\/\/secure.gravatar.com\/avatar\/e0a867bdedb85fd243eadf09663511f96fc81e0720a4a42581f334ad4303aa6b?s=96&d=mm&r=g","caption":"Reda\u00e7\u00e3o"}}]}},"amp_enabled":true,"_links":{"self":[{"href":"https:\/\/www.notibras.com\/site\/wp-json\/wp\/v2\/posts\/31319","targetHints":{"allow":["GET"]}}],"collection":[{"href":"https:\/\/www.notibras.com\/site\/wp-json\/wp\/v2\/posts"}],"about":[{"href":"https:\/\/www.notibras.com\/site\/wp-json\/wp\/v2\/types\/post"}],"author":[{"embeddable":true,"href":"https:\/\/www.notibras.com\/site\/wp-json\/wp\/v2\/users\/2"}],"replies":[{"embeddable":true,"href":"https:\/\/www.notibras.com\/site\/wp-json\/wp\/v2\/comments?post=31319"}],"version-history":[{"count":0,"href":"https:\/\/www.notibras.com\/site\/wp-json\/wp\/v2\/posts\/31319\/revisions"}],"wp:featuredmedia":[{"embeddable":true,"href":"https:\/\/www.notibras.com\/site\/wp-json\/wp\/v2\/media\/31320"}],"wp:attachment":[{"href":"https:\/\/www.notibras.com\/site\/wp-json\/wp\/v2\/media?parent=31319"}],"wp:term":[{"taxonomy":"category","embeddable":true,"href":"https:\/\/www.notibras.com\/site\/wp-json\/wp\/v2\/categories?post=31319"},{"taxonomy":"post_tag","embeddable":true,"href":"https:\/\/www.notibras.com\/site\/wp-json\/wp\/v2\/tags?post=31319"}],"curies":[{"name":"wp","href":"https:\/\/api.w.org\/{rel}","templated":true}]}}