{"id":313190,"date":"2023-09-21T00:00:22","date_gmt":"2023-09-21T03:00:22","guid":{"rendered":"https:\/\/www.notibras.com\/site\/?p=313190"},"modified":"2023-09-21T22:26:26","modified_gmt":"2023-09-22T01:26:26","slug":"panela-de-expressao-marca-data-pcd-com-a-peca-o-defunto","status":"publish","type":"post","link":"https:\/\/www.notibras.com\/site\/panela-de-expressao-marca-data-pcd-com-a-peca-o-defunto\/","title":{"rendered":"Panela de Express\u00e3o marca data PcD com a pe\u00e7a O Defunto"},"content":{"rendered":"<p>O coletivo Panela de Express\u00e3o apresentar\u00e1 nesta quinta, 21, no Lar Jorge Cauhy, no N\u00facleo Bandeirante, uma leitura dram\u00e1tica para a comunidade local. A atividade \u00e9 uma a\u00e7\u00e3o complementar do Projeto O Defunto e ter\u00e1 in\u00edcio \u00e0s 15 horas.<\/p>\n<p>O Lar Jorge Cauhy \u00e9 uma morada para idosos que presta servi\u00e7os de atendimento na \u00e1rea de sa\u00fade e no desenvolvimento de atividades socioculturais. Dentre o p\u00fablico atendido pela institui\u00e7\u00e3o h\u00e1 pessoas com defici\u00eancias como transtornos ligados \u00e0 dem\u00eancia, defici\u00eancias m\u00faltiplas e pessoas com mobilidade reduzida.<\/p>\n<p>\u201cA leitura dram\u00e1tica \u00e9 uma atividade viva, colorida, uma leitura com as inten\u00e7\u00f5es das personagens\u201d, explica Cl\u00e1udia Theo, coordenadora do Projeto O Defunto, atriz e tradutora da pe\u00e7a Le Defunt do franc\u00eas Ren\u00e9 de Obaldia. Segundo ela, uma parte importante do projeto \u00e9 possibilitar a inclus\u00e3o cultural dessas pessoas por meio da apresenta\u00e7\u00e3o de leituras de textos teatrais.<\/p>\n<p><strong>PCD no Brasil<\/strong><br \/>\nO Estatuto da Pessoa com Defici\u00eancia define PCD como aquelas que t\u00eam limita\u00e7\u00e3o e\/ou impedimento de longo prazo, de natureza f\u00edsica, mental, intelectual ou sensorial, que afeta sua participa\u00e7\u00e3o na sociedade em igualdade de condi\u00e7\u00f5es com as demais pessoas.<\/p>\n<p>Segundo estimativas do Instituto Brasileiro de Geografia e Estat\u00edstica, com base na Pesquisa Nacional de Amostra de Domic\u00edlios Cont\u00ednua (PNAD Cont\u00ednua) de 2022 o Brasil tem 18,6 milh\u00f5es de pessoas com defici\u00eancia. Esse n\u00famero representa 8,9% de toda a popula\u00e7\u00e3o brasileira a partir de 2 anos de idade.<\/p>\n<p><strong>O Defunto<\/strong><br \/>\nO projeto cultural objetiva realizar uma montagem in\u00e9dita da pe\u00e7a teatral Le Defunt obra do dramaturgo franc\u00eas Ren\u00e9 de Obaldia. A iniciativa \u00e9 da Panela de Express\u00e3o, coletivo de artistas e profissionais da economia criativa do DF que se agrupam para realizar um projeto cultural.<\/p>\n<p>Como a\u00e7\u00e3o complementar, o projeto realiza leituras dram\u00e1ticas junto a grupos de vulnerabilidade e em escolas p\u00fablicas.<\/p>\n<p>As apresenta\u00e7\u00f5es do espet\u00e1culo teatral O Defunto ser\u00e3o gratuitas e acontecer\u00e3o no Espa\u00e7o Cultural P\u00e9 Direito, localizado na Vila Telebras\u00edlia, em novembro.<\/p>\n","protected":false},"excerpt":{"rendered":"<p>O coletivo Panela de Express\u00e3o apresentar\u00e1 nesta quinta, 21, no Lar Jorge Cauhy, no N\u00facleo Bandeirante, uma leitura dram\u00e1tica para a comunidade local. A atividade \u00e9 uma a\u00e7\u00e3o complementar do Projeto O Defunto e ter\u00e1 in\u00edcio \u00e0s 15 horas. O Lar Jorge Cauhy \u00e9 uma morada para idosos que presta servi\u00e7os de atendimento na \u00e1rea [&hellip;]<\/p>\n","protected":false},"author":2,"featured_media":313255,"comment_status":"closed","ping_status":"closed","sticky":false,"template":"","format":"standard","meta":{"_acf_changed":false,"footnotes":""},"categories":[161],"tags":[],"class_list":["post-313190","post","type-post","status-publish","format-standard","has-post-thumbnail","hentry","category-quadradinho-em-foco"],"acf":[],"yoast_head":"<!-- This site is optimized with the Yoast SEO plugin v27.2 - https:\/\/yoast.com\/product\/yoast-seo-wordpress\/ -->\n<title>Panela de Express\u00e3o marca data PcD com a pe\u00e7a O Defunto - Notibras<\/title>\n<meta name=\"robots\" content=\"index, follow, max-snippet:-1, max-image-preview:large, max-video-preview:-1\" \/>\n<link rel=\"canonical\" href=\"https:\/\/www.notibras.com\/site\/panela-de-expressao-marca-data-pcd-com-a-peca-o-defunto\/\" \/>\n<meta property=\"og:locale\" content=\"pt_BR\" \/>\n<meta property=\"og:type\" content=\"article\" \/>\n<meta property=\"og:title\" content=\"Panela de Express\u00e3o marca data PcD com a pe\u00e7a O Defunto - Notibras\" \/>\n<meta property=\"og:description\" content=\"O coletivo Panela de Express\u00e3o apresentar\u00e1 nesta quinta, 21, no Lar Jorge Cauhy, no N\u00facleo Bandeirante, uma leitura dram\u00e1tica para a comunidade local. A atividade \u00e9 uma a\u00e7\u00e3o complementar do Projeto O Defunto e ter\u00e1 in\u00edcio \u00e0s 15 horas. O Lar Jorge Cauhy \u00e9 uma morada para idosos que presta servi\u00e7os de atendimento na \u00e1rea [&hellip;]\" \/>\n<meta property=\"og:url\" content=\"https:\/\/www.notibras.com\/site\/panela-de-expressao-marca-data-pcd-com-a-peca-o-defunto\/\" \/>\n<meta property=\"og:site_name\" content=\"Notibras\" \/>\n<meta property=\"article:publisher\" content=\"https:\/\/www.facebook.com\/notibras\/\" \/>\n<meta property=\"article:published_time\" content=\"2023-09-21T03:00:22+00:00\" \/>\n<meta property=\"article:modified_time\" content=\"2023-09-22T01:26:26+00:00\" \/>\n<meta property=\"og:image\" content=\"https:\/\/www.notibras.com\/site\/wp-content\/uploads\/2023\/09\/panelaex.webp\" \/>\n\t<meta property=\"og:image:width\" content=\"1478\" \/>\n\t<meta property=\"og:image:height\" content=\"986\" \/>\n\t<meta property=\"og:image:type\" content=\"image\/webp\" \/>\n<meta name=\"author\" content=\"Reda\u00e7\u00e3o\" \/>\n<meta name=\"twitter:card\" content=\"summary_large_image\" \/>\n<meta name=\"twitter:creator\" content=\"@Notibras\" \/>\n<meta name=\"twitter:site\" content=\"@Notibras\" \/>\n<meta name=\"twitter:label1\" content=\"Escrito por\" \/>\n\t<meta name=\"twitter:data1\" content=\"Reda\u00e7\u00e3o\" \/>\n\t<meta name=\"twitter:label2\" content=\"Est. tempo de leitura\" \/>\n\t<meta name=\"twitter:data2\" content=\"2 minutos\" \/>\n<script type=\"application\/ld+json\" class=\"yoast-schema-graph\">{\"@context\":\"https:\/\/schema.org\",\"@graph\":[{\"@type\":\"Article\",\"@id\":\"https:\/\/www.notibras.com\/site\/panela-de-expressao-marca-data-pcd-com-a-peca-o-defunto\/#article\",\"isPartOf\":{\"@id\":\"https:\/\/www.notibras.com\/site\/panela-de-expressao-marca-data-pcd-com-a-peca-o-defunto\/\"},\"author\":{\"name\":\"Reda\u00e7\u00e3o\",\"@id\":\"https:\/\/www.notibras.com\/site\/#\/schema\/person\/36ab0979449956132d3e5b517ea76ac8\"},\"headline\":\"Panela de Express\u00e3o marca data PcD com a pe\u00e7a O Defunto\",\"datePublished\":\"2023-09-21T03:00:22+00:00\",\"dateModified\":\"2023-09-22T01:26:26+00:00\",\"mainEntityOfPage\":{\"@id\":\"https:\/\/www.notibras.com\/site\/panela-de-expressao-marca-data-pcd-com-a-peca-o-defunto\/\"},\"wordCount\":368,\"publisher\":{\"@id\":\"https:\/\/www.notibras.com\/site\/#organization\"},\"image\":{\"@id\":\"https:\/\/www.notibras.com\/site\/panela-de-expressao-marca-data-pcd-com-a-peca-o-defunto\/#primaryimage\"},\"thumbnailUrl\":\"https:\/\/www.notibras.com\/site\/wp-content\/uploads\/2023\/09\/panelaex.webp\",\"articleSection\":[\"Quadradinho em Foco\"],\"inLanguage\":\"pt-BR\"},{\"@type\":\"WebPage\",\"@id\":\"https:\/\/www.notibras.com\/site\/panela-de-expressao-marca-data-pcd-com-a-peca-o-defunto\/\",\"url\":\"https:\/\/www.notibras.com\/site\/panela-de-expressao-marca-data-pcd-com-a-peca-o-defunto\/\",\"name\":\"Panela de Express\u00e3o marca data PcD com a pe\u00e7a O Defunto - Notibras\",\"isPartOf\":{\"@id\":\"https:\/\/www.notibras.com\/site\/#website\"},\"primaryImageOfPage\":{\"@id\":\"https:\/\/www.notibras.com\/site\/panela-de-expressao-marca-data-pcd-com-a-peca-o-defunto\/#primaryimage\"},\"image\":{\"@id\":\"https:\/\/www.notibras.com\/site\/panela-de-expressao-marca-data-pcd-com-a-peca-o-defunto\/#primaryimage\"},\"thumbnailUrl\":\"https:\/\/www.notibras.com\/site\/wp-content\/uploads\/2023\/09\/panelaex.webp\",\"datePublished\":\"2023-09-21T03:00:22+00:00\",\"dateModified\":\"2023-09-22T01:26:26+00:00\",\"breadcrumb\":{\"@id\":\"https:\/\/www.notibras.com\/site\/panela-de-expressao-marca-data-pcd-com-a-peca-o-defunto\/#breadcrumb\"},\"inLanguage\":\"pt-BR\",\"potentialAction\":[{\"@type\":\"ReadAction\",\"target\":[\"https:\/\/www.notibras.com\/site\/panela-de-expressao-marca-data-pcd-com-a-peca-o-defunto\/\"]}]},{\"@type\":\"ImageObject\",\"inLanguage\":\"pt-BR\",\"@id\":\"https:\/\/www.notibras.com\/site\/panela-de-expressao-marca-data-pcd-com-a-peca-o-defunto\/#primaryimage\",\"url\":\"https:\/\/www.notibras.com\/site\/wp-content\/uploads\/2023\/09\/panelaex.webp\",\"contentUrl\":\"https:\/\/www.notibras.com\/site\/wp-content\/uploads\/2023\/09\/panelaex.webp\",\"width\":1478,\"height\":986},{\"@type\":\"BreadcrumbList\",\"@id\":\"https:\/\/www.notibras.com\/site\/panela-de-expressao-marca-data-pcd-com-a-peca-o-defunto\/#breadcrumb\",\"itemListElement\":[{\"@type\":\"ListItem\",\"position\":1,\"name\":\"In\u00edcio\",\"item\":\"https:\/\/www.notibras.com\/site\/\"},{\"@type\":\"ListItem\",\"position\":2,\"name\":\"Panela de Express\u00e3o marca data PcD com a pe\u00e7a O Defunto\"}]},{\"@type\":\"WebSite\",\"@id\":\"https:\/\/www.notibras.com\/site\/#website\",\"url\":\"https:\/\/www.notibras.com\/site\/\",\"name\":\"Notibras\",\"description\":\"Not\u00edcias de Bras\u00edlia, do Brasil e do Mundo\",\"publisher\":{\"@id\":\"https:\/\/www.notibras.com\/site\/#organization\"},\"potentialAction\":[{\"@type\":\"SearchAction\",\"target\":{\"@type\":\"EntryPoint\",\"urlTemplate\":\"https:\/\/www.notibras.com\/site\/?s={search_term_string}\"},\"query-input\":{\"@type\":\"PropertyValueSpecification\",\"valueRequired\":true,\"valueName\":\"search_term_string\"}}],\"inLanguage\":\"pt-BR\"},{\"@type\":\"Organization\",\"@id\":\"https:\/\/www.notibras.com\/site\/#organization\",\"name\":\"Grupo Notibras de Comunica\u00e7\u00e3o\",\"url\":\"https:\/\/www.notibras.com\/site\/\",\"logo\":{\"@type\":\"ImageObject\",\"inLanguage\":\"pt-BR\",\"@id\":\"https:\/\/www.notibras.com\/site\/#\/schema\/logo\/image\/\",\"url\":\"https:\/\/www.notibras.com\/site\/wp-content\/uploads\/2023\/01\/notibras23.png\",\"contentUrl\":\"https:\/\/www.notibras.com\/site\/wp-content\/uploads\/2023\/01\/notibras23.png\",\"width\":350,\"height\":87,\"caption\":\"Grupo Notibras de Comunica\u00e7\u00e3o\"},\"image\":{\"@id\":\"https:\/\/www.notibras.com\/site\/#\/schema\/logo\/image\/\"},\"sameAs\":[\"https:\/\/www.facebook.com\/notibras\/\",\"https:\/\/x.com\/Notibras\",\"https:\/\/www.instagram.com\/notibras\/\"]},{\"@type\":\"Person\",\"@id\":\"https:\/\/www.notibras.com\/site\/#\/schema\/person\/36ab0979449956132d3e5b517ea76ac8\",\"name\":\"Reda\u00e7\u00e3o\",\"image\":{\"@type\":\"ImageObject\",\"inLanguage\":\"pt-BR\",\"@id\":\"https:\/\/secure.gravatar.com\/avatar\/e0a867bdedb85fd243eadf09663511f96fc81e0720a4a42581f334ad4303aa6b?s=96&d=mm&r=g\",\"url\":\"https:\/\/secure.gravatar.com\/avatar\/e0a867bdedb85fd243eadf09663511f96fc81e0720a4a42581f334ad4303aa6b?s=96&d=mm&r=g\",\"contentUrl\":\"https:\/\/secure.gravatar.com\/avatar\/e0a867bdedb85fd243eadf09663511f96fc81e0720a4a42581f334ad4303aa6b?s=96&d=mm&r=g\",\"caption\":\"Reda\u00e7\u00e3o\"}}]}<\/script>\n<!-- \/ Yoast SEO plugin. -->","yoast_head_json":{"title":"Panela de Express\u00e3o marca data PcD com a pe\u00e7a O Defunto - Notibras","robots":{"index":"index","follow":"follow","max-snippet":"max-snippet:-1","max-image-preview":"max-image-preview:large","max-video-preview":"max-video-preview:-1"},"canonical":"https:\/\/www.notibras.com\/site\/panela-de-expressao-marca-data-pcd-com-a-peca-o-defunto\/","og_locale":"pt_BR","og_type":"article","og_title":"Panela de Express\u00e3o marca data PcD com a pe\u00e7a O Defunto - Notibras","og_description":"O coletivo Panela de Express\u00e3o apresentar\u00e1 nesta quinta, 21, no Lar Jorge Cauhy, no N\u00facleo Bandeirante, uma leitura dram\u00e1tica para a comunidade local. A atividade \u00e9 uma a\u00e7\u00e3o complementar do Projeto O Defunto e ter\u00e1 in\u00edcio \u00e0s 15 horas. O Lar Jorge Cauhy \u00e9 uma morada para idosos que presta servi\u00e7os de atendimento na \u00e1rea [&hellip;]","og_url":"https:\/\/www.notibras.com\/site\/panela-de-expressao-marca-data-pcd-com-a-peca-o-defunto\/","og_site_name":"Notibras","article_publisher":"https:\/\/www.facebook.com\/notibras\/","article_published_time":"2023-09-21T03:00:22+00:00","article_modified_time":"2023-09-22T01:26:26+00:00","og_image":[{"width":1478,"height":986,"url":"https:\/\/www.notibras.com\/site\/wp-content\/uploads\/2023\/09\/panelaex.webp","type":"image\/webp"}],"author":"Reda\u00e7\u00e3o","twitter_card":"summary_large_image","twitter_creator":"@Notibras","twitter_site":"@Notibras","twitter_misc":{"Escrito por":"Reda\u00e7\u00e3o","Est. tempo de leitura":"2 minutos"},"schema":{"@context":"https:\/\/schema.org","@graph":[{"@type":"Article","@id":"https:\/\/www.notibras.com\/site\/panela-de-expressao-marca-data-pcd-com-a-peca-o-defunto\/#article","isPartOf":{"@id":"https:\/\/www.notibras.com\/site\/panela-de-expressao-marca-data-pcd-com-a-peca-o-defunto\/"},"author":{"name":"Reda\u00e7\u00e3o","@id":"https:\/\/www.notibras.com\/site\/#\/schema\/person\/36ab0979449956132d3e5b517ea76ac8"},"headline":"Panela de Express\u00e3o marca data PcD com a pe\u00e7a O Defunto","datePublished":"2023-09-21T03:00:22+00:00","dateModified":"2023-09-22T01:26:26+00:00","mainEntityOfPage":{"@id":"https:\/\/www.notibras.com\/site\/panela-de-expressao-marca-data-pcd-com-a-peca-o-defunto\/"},"wordCount":368,"publisher":{"@id":"https:\/\/www.notibras.com\/site\/#organization"},"image":{"@id":"https:\/\/www.notibras.com\/site\/panela-de-expressao-marca-data-pcd-com-a-peca-o-defunto\/#primaryimage"},"thumbnailUrl":"https:\/\/www.notibras.com\/site\/wp-content\/uploads\/2023\/09\/panelaex.webp","articleSection":["Quadradinho em Foco"],"inLanguage":"pt-BR"},{"@type":"WebPage","@id":"https:\/\/www.notibras.com\/site\/panela-de-expressao-marca-data-pcd-com-a-peca-o-defunto\/","url":"https:\/\/www.notibras.com\/site\/panela-de-expressao-marca-data-pcd-com-a-peca-o-defunto\/","name":"Panela de Express\u00e3o marca data PcD com a pe\u00e7a O Defunto - Notibras","isPartOf":{"@id":"https:\/\/www.notibras.com\/site\/#website"},"primaryImageOfPage":{"@id":"https:\/\/www.notibras.com\/site\/panela-de-expressao-marca-data-pcd-com-a-peca-o-defunto\/#primaryimage"},"image":{"@id":"https:\/\/www.notibras.com\/site\/panela-de-expressao-marca-data-pcd-com-a-peca-o-defunto\/#primaryimage"},"thumbnailUrl":"https:\/\/www.notibras.com\/site\/wp-content\/uploads\/2023\/09\/panelaex.webp","datePublished":"2023-09-21T03:00:22+00:00","dateModified":"2023-09-22T01:26:26+00:00","breadcrumb":{"@id":"https:\/\/www.notibras.com\/site\/panela-de-expressao-marca-data-pcd-com-a-peca-o-defunto\/#breadcrumb"},"inLanguage":"pt-BR","potentialAction":[{"@type":"ReadAction","target":["https:\/\/www.notibras.com\/site\/panela-de-expressao-marca-data-pcd-com-a-peca-o-defunto\/"]}]},{"@type":"ImageObject","inLanguage":"pt-BR","@id":"https:\/\/www.notibras.com\/site\/panela-de-expressao-marca-data-pcd-com-a-peca-o-defunto\/#primaryimage","url":"https:\/\/www.notibras.com\/site\/wp-content\/uploads\/2023\/09\/panelaex.webp","contentUrl":"https:\/\/www.notibras.com\/site\/wp-content\/uploads\/2023\/09\/panelaex.webp","width":1478,"height":986},{"@type":"BreadcrumbList","@id":"https:\/\/www.notibras.com\/site\/panela-de-expressao-marca-data-pcd-com-a-peca-o-defunto\/#breadcrumb","itemListElement":[{"@type":"ListItem","position":1,"name":"In\u00edcio","item":"https:\/\/www.notibras.com\/site\/"},{"@type":"ListItem","position":2,"name":"Panela de Express\u00e3o marca data PcD com a pe\u00e7a O Defunto"}]},{"@type":"WebSite","@id":"https:\/\/www.notibras.com\/site\/#website","url":"https:\/\/www.notibras.com\/site\/","name":"Notibras","description":"Not\u00edcias de Bras\u00edlia, do Brasil e do Mundo","publisher":{"@id":"https:\/\/www.notibras.com\/site\/#organization"},"potentialAction":[{"@type":"SearchAction","target":{"@type":"EntryPoint","urlTemplate":"https:\/\/www.notibras.com\/site\/?s={search_term_string}"},"query-input":{"@type":"PropertyValueSpecification","valueRequired":true,"valueName":"search_term_string"}}],"inLanguage":"pt-BR"},{"@type":"Organization","@id":"https:\/\/www.notibras.com\/site\/#organization","name":"Grupo Notibras de Comunica\u00e7\u00e3o","url":"https:\/\/www.notibras.com\/site\/","logo":{"@type":"ImageObject","inLanguage":"pt-BR","@id":"https:\/\/www.notibras.com\/site\/#\/schema\/logo\/image\/","url":"https:\/\/www.notibras.com\/site\/wp-content\/uploads\/2023\/01\/notibras23.png","contentUrl":"https:\/\/www.notibras.com\/site\/wp-content\/uploads\/2023\/01\/notibras23.png","width":350,"height":87,"caption":"Grupo Notibras de Comunica\u00e7\u00e3o"},"image":{"@id":"https:\/\/www.notibras.com\/site\/#\/schema\/logo\/image\/"},"sameAs":["https:\/\/www.facebook.com\/notibras\/","https:\/\/x.com\/Notibras","https:\/\/www.instagram.com\/notibras\/"]},{"@type":"Person","@id":"https:\/\/www.notibras.com\/site\/#\/schema\/person\/36ab0979449956132d3e5b517ea76ac8","name":"Reda\u00e7\u00e3o","image":{"@type":"ImageObject","inLanguage":"pt-BR","@id":"https:\/\/secure.gravatar.com\/avatar\/e0a867bdedb85fd243eadf09663511f96fc81e0720a4a42581f334ad4303aa6b?s=96&d=mm&r=g","url":"https:\/\/secure.gravatar.com\/avatar\/e0a867bdedb85fd243eadf09663511f96fc81e0720a4a42581f334ad4303aa6b?s=96&d=mm&r=g","contentUrl":"https:\/\/secure.gravatar.com\/avatar\/e0a867bdedb85fd243eadf09663511f96fc81e0720a4a42581f334ad4303aa6b?s=96&d=mm&r=g","caption":"Reda\u00e7\u00e3o"}}]}},"amp_enabled":true,"_links":{"self":[{"href":"https:\/\/www.notibras.com\/site\/wp-json\/wp\/v2\/posts\/313190","targetHints":{"allow":["GET"]}}],"collection":[{"href":"https:\/\/www.notibras.com\/site\/wp-json\/wp\/v2\/posts"}],"about":[{"href":"https:\/\/www.notibras.com\/site\/wp-json\/wp\/v2\/types\/post"}],"author":[{"embeddable":true,"href":"https:\/\/www.notibras.com\/site\/wp-json\/wp\/v2\/users\/2"}],"replies":[{"embeddable":true,"href":"https:\/\/www.notibras.com\/site\/wp-json\/wp\/v2\/comments?post=313190"}],"version-history":[{"count":1,"href":"https:\/\/www.notibras.com\/site\/wp-json\/wp\/v2\/posts\/313190\/revisions"}],"predecessor-version":[{"id":313192,"href":"https:\/\/www.notibras.com\/site\/wp-json\/wp\/v2\/posts\/313190\/revisions\/313192"}],"wp:featuredmedia":[{"embeddable":true,"href":"https:\/\/www.notibras.com\/site\/wp-json\/wp\/v2\/media\/313255"}],"wp:attachment":[{"href":"https:\/\/www.notibras.com\/site\/wp-json\/wp\/v2\/media?parent=313190"}],"wp:term":[{"taxonomy":"category","embeddable":true,"href":"https:\/\/www.notibras.com\/site\/wp-json\/wp\/v2\/categories?post=313190"},{"taxonomy":"post_tag","embeddable":true,"href":"https:\/\/www.notibras.com\/site\/wp-json\/wp\/v2\/tags?post=313190"}],"curies":[{"name":"wp","href":"https:\/\/api.w.org\/{rel}","templated":true}]}}