{"id":313193,"date":"2023-09-21T00:17:21","date_gmt":"2023-09-21T03:17:21","guid":{"rendered":"https:\/\/www.notibras.com\/site\/?p=313193"},"modified":"2023-09-21T07:23:35","modified_gmt":"2023-09-21T10:23:35","slug":"barato-total-a-festa-da-musica-brasileira-estreia-no-conic","status":"publish","type":"post","link":"https:\/\/www.notibras.com\/site\/barato-total-a-festa-da-musica-brasileira-estreia-no-conic\/","title":{"rendered":"Barato Total, a Festa da M\u00fasica Brasileira, estreia no Conic"},"content":{"rendered":"<p>Com o mote &#8220;a gente quer \u00e9 viver&#8221; e repert\u00f3rio que vai de Tim Maia a Duda Beat, o evento pensado para o p\u00fablico 25+ oferece uma nova op\u00e7\u00e3o para a noite candanga com m\u00fasica ao vivo.<\/p>\n<p>Espet\u00e1culo musical de qualidade, em releituras in\u00e9ditas de cl\u00e1ssicos brasileiros de diversas d\u00e9cadas, interpretadas por uma forma\u00e7\u00e3o espetacular de m\u00fasicos e musicistas, em uma noite dan\u00e7ante. Isso \u00e9 o que a produ\u00e7\u00e3o da festa Barato Total promete para o s\u00e1bado, 23 de setembro, a partir das 22h, na Birosca do Conic.<\/p>\n<p>&#8220;A Barato Total? \u00c9 simplesmente uma explos\u00e3o de m\u00fasica brasileira que faz querer dan\u00e7ar at\u00e9 o amanhecer. Uma viagem noturna com a forma\u00e7\u00e3o de uma banda in\u00e9dita, pensada para a ocasi\u00e3o. Para quem tem mais de 25 anos e busca algo aut\u00eantico, essa \u00e9 uma \u00f3tima pedida. N\u00e3o se trata apenas de uma festa, \u00e9 uma verdadeira imers\u00e3o cultural, uma experi\u00eancia art\u00edstica em que a magia da m\u00fasica e a energia da dan\u00e7a se encontram para uma noite \u00e9pica&#8221;, explica Rafael Pops, um dos realizadores do evento.<\/p>\n<p><strong>Noite diferente<\/strong><br \/>\nA Barato Total inova ao disponibilizar uma playlist rebolante para o esquenta, aberta ao p\u00fablico. Al\u00e9m disso, acontece em um espa\u00e7o \u00fanico do Distrito Federal \u2014 a Birosca j\u00e1 \u00e9 refer\u00eancia da cena alternativa candanga e fica no cora\u00e7\u00e3o da Capital.<\/p>\n<p>E como se n\u00e3o bastasse, o espet\u00e1culo musical \u00e9 in\u00e9dito, criado exclusivamente para promover uma pista dan\u00e7ante com novos arranjos para temas eternizados por Gal, Gil, Rita Lee e Caetano, Tim, Di Melo, Jorge Ben, Milton e companhia.<\/p>\n<p>Cenografia e figurino tamb\u00e9m foram pensados especialmente para o encontro. Com refer\u00eancias que v\u00e3o desde Toni Tornado, passando por Dancing Days, culminando em Beyonc\u00e9, a marca Cabar\u00e9 Amaz\u00f4nico, conduzida por Thiago Lucas e Mariana Batista, apostam em cria\u00e7\u00f5es extasiantes para adornar a noitada.<\/p>\n<p>&#8220;Dividimos a cria\u00e7\u00e3o em quatro olhares: essa pegada meio glamour rock, elementos felpudos, recortes geom\u00e9tricos e estampas metalizadas, essa foi a base para o que traremos para os palcos da festa&#8221;, explica Thiago, sobre o conceito da proposta est\u00e9tica.<\/p>\n<p><strong>A Banda<\/strong><br \/>\nTodo esse repert\u00f3rio m\u00e1gico \u00e9 executado por uma banda que re\u00fane grandes talentos da cena brasiliense. A dire\u00e7\u00e3o musical \u00e9 assinada por Marcus Moraes, renomado violonista da cidade, que conduz essa forma\u00e7\u00e3o estelar: no trompete, Haniel Ten\u00f3rio; no teclado, Alex Ara\u00fajo; na bateria, Thiago Cunha; na percuss\u00e3o, Lene Black; no baixo, Dido Mariano; no sax, Fernanda Rabelo; no trombone, Filipe Silva e no vocal, Saran\u00ed \u2014 uma das grandes vozes da atual gera\u00e7\u00e3o do Distrito Federal.<\/p>\n<p>&#8220;Essa banda foi escolhida de uma maneira muito carinhosa, com muita aten\u00e7\u00e3o mesmo, tanto por serem pessoas boas como por serem profissionais super competentes. Os ensaios t\u00eam sido maravilhosos. A forma\u00e7\u00e3o \u00e9 grande, o som \u00e9 pesado e o swing est\u00e1 presente a todo vapor&#8221;, conta Marcus.<\/p>\n<p><strong>Produ\u00e7\u00e3o entre amigos<\/strong><br \/>\nA festa \u00e9 realizada por Augusto Berto, Douglas Amorelli e Rafael Pops. Ainda na FAC-UnB, Augusto e Douglas se conheceram e tornaram-se amigos. Seguiram seus caminhos pela comunica\u00e7\u00e3o e se reencontram para produzir este evento.<\/p>\n<p>Augusto e Pops se conheceram em Cara\u00edva fazendo rodas de samba de improviso, em Bras\u00edlia estiveram na primeira forma\u00e7\u00e3o do Samba Urgente, onde tiveram uma longa experi\u00eancia de produ\u00e7\u00e3o. Juntos criaram a @queromatin\u00ea, uma festa para jovens adultos.<\/p>\n<p>Ambos tamb\u00e9m t\u00eam suas produ\u00e7\u00f5es separadas como o Buraco do Tatu, produzida junto ao Zepelim de Led e o Festival Ch\u00e3o de Estrelas. Agora s\u00e3o os que comandam a realiza\u00e7\u00e3o da Barato Total.<\/p>\n<p><strong>Servi\u00e7o<\/strong><br \/>\nBarato Total \u2013 Festa da M\u00fasica Brasileira<br \/>\nData: 23 de setembro.<br \/>\nHor\u00e1rio: 22h.<br \/>\nLocal: Birosca do Conic<\/p>\n","protected":false},"excerpt":{"rendered":"<p>Com o mote &#8220;a gente quer \u00e9 viver&#8221; e repert\u00f3rio que vai de Tim Maia a Duda Beat, o evento pensado para o p\u00fablico 25+ oferece uma nova op\u00e7\u00e3o para a noite candanga com m\u00fasica ao vivo. Espet\u00e1culo musical de qualidade, em releituras in\u00e9ditas de cl\u00e1ssicos brasileiros de diversas d\u00e9cadas, interpretadas por uma forma\u00e7\u00e3o espetacular [&hellip;]<\/p>\n","protected":false},"author":2,"featured_media":313194,"comment_status":"closed","ping_status":"closed","sticky":false,"template":"","format":"standard","meta":{"_acf_changed":false,"footnotes":""},"categories":[161],"tags":[],"class_list":["post-313193","post","type-post","status-publish","format-standard","has-post-thumbnail","hentry","category-quadradinho-em-foco"],"acf":[],"yoast_head":"<!-- This site is optimized with the Yoast SEO plugin v27.2 - https:\/\/yoast.com\/product\/yoast-seo-wordpress\/ -->\n<title>Barato Total, a Festa da M\u00fasica Brasileira, estreia no Conic - Notibras<\/title>\n<meta name=\"robots\" content=\"index, follow, max-snippet:-1, max-image-preview:large, max-video-preview:-1\" \/>\n<link rel=\"canonical\" href=\"https:\/\/www.notibras.com\/site\/barato-total-a-festa-da-musica-brasileira-estreia-no-conic\/\" \/>\n<meta property=\"og:locale\" content=\"pt_BR\" \/>\n<meta property=\"og:type\" content=\"article\" \/>\n<meta property=\"og:title\" content=\"Barato Total, a Festa da M\u00fasica Brasileira, estreia no Conic - Notibras\" \/>\n<meta property=\"og:description\" content=\"Com o mote &#8220;a gente quer \u00e9 viver&#8221; e repert\u00f3rio que vai de Tim Maia a Duda Beat, o evento pensado para o p\u00fablico 25+ oferece uma nova op\u00e7\u00e3o para a noite candanga com m\u00fasica ao vivo. Espet\u00e1culo musical de qualidade, em releituras in\u00e9ditas de cl\u00e1ssicos brasileiros de diversas d\u00e9cadas, interpretadas por uma forma\u00e7\u00e3o espetacular [&hellip;]\" \/>\n<meta property=\"og:url\" content=\"https:\/\/www.notibras.com\/site\/barato-total-a-festa-da-musica-brasileira-estreia-no-conic\/\" \/>\n<meta property=\"og:site_name\" content=\"Notibras\" \/>\n<meta property=\"article:publisher\" content=\"https:\/\/www.facebook.com\/notibras\/\" \/>\n<meta property=\"article:published_time\" content=\"2023-09-21T03:17:21+00:00\" \/>\n<meta property=\"article:modified_time\" content=\"2023-09-21T10:23:35+00:00\" \/>\n<meta property=\"og:image\" content=\"https:\/\/www.notibras.com\/site\/wp-content\/uploads\/2023\/09\/04db70a7640d8274874e40e62c47c695.jpg\" \/>\n\t<meta property=\"og:image:width\" content=\"596\" \/>\n\t<meta property=\"og:image:height\" content=\"333\" \/>\n\t<meta property=\"og:image:type\" content=\"image\/jpeg\" \/>\n<meta name=\"author\" content=\"Reda\u00e7\u00e3o\" \/>\n<meta name=\"twitter:card\" content=\"summary_large_image\" \/>\n<meta name=\"twitter:creator\" content=\"@Notibras\" \/>\n<meta name=\"twitter:site\" content=\"@Notibras\" \/>\n<meta name=\"twitter:label1\" content=\"Escrito por\" \/>\n\t<meta name=\"twitter:data1\" content=\"Reda\u00e7\u00e3o\" \/>\n\t<meta name=\"twitter:label2\" content=\"Est. tempo de leitura\" \/>\n\t<meta name=\"twitter:data2\" content=\"4 minutos\" \/>\n<script type=\"application\/ld+json\" class=\"yoast-schema-graph\">{\"@context\":\"https:\/\/schema.org\",\"@graph\":[{\"@type\":\"Article\",\"@id\":\"https:\/\/www.notibras.com\/site\/barato-total-a-festa-da-musica-brasileira-estreia-no-conic\/#article\",\"isPartOf\":{\"@id\":\"https:\/\/www.notibras.com\/site\/barato-total-a-festa-da-musica-brasileira-estreia-no-conic\/\"},\"author\":{\"name\":\"Reda\u00e7\u00e3o\",\"@id\":\"https:\/\/www.notibras.com\/site\/#\/schema\/person\/36ab0979449956132d3e5b517ea76ac8\"},\"headline\":\"Barato Total, a Festa da M\u00fasica Brasileira, estreia no Conic\",\"datePublished\":\"2023-09-21T03:17:21+00:00\",\"dateModified\":\"2023-09-21T10:23:35+00:00\",\"mainEntityOfPage\":{\"@id\":\"https:\/\/www.notibras.com\/site\/barato-total-a-festa-da-musica-brasileira-estreia-no-conic\/\"},\"wordCount\":653,\"publisher\":{\"@id\":\"https:\/\/www.notibras.com\/site\/#organization\"},\"image\":{\"@id\":\"https:\/\/www.notibras.com\/site\/barato-total-a-festa-da-musica-brasileira-estreia-no-conic\/#primaryimage\"},\"thumbnailUrl\":\"https:\/\/www.notibras.com\/site\/wp-content\/uploads\/2023\/09\/04db70a7640d8274874e40e62c47c695.jpg\",\"articleSection\":[\"Quadradinho em Foco\"],\"inLanguage\":\"pt-BR\"},{\"@type\":\"WebPage\",\"@id\":\"https:\/\/www.notibras.com\/site\/barato-total-a-festa-da-musica-brasileira-estreia-no-conic\/\",\"url\":\"https:\/\/www.notibras.com\/site\/barato-total-a-festa-da-musica-brasileira-estreia-no-conic\/\",\"name\":\"Barato Total, a Festa da M\u00fasica Brasileira, estreia no Conic - Notibras\",\"isPartOf\":{\"@id\":\"https:\/\/www.notibras.com\/site\/#website\"},\"primaryImageOfPage\":{\"@id\":\"https:\/\/www.notibras.com\/site\/barato-total-a-festa-da-musica-brasileira-estreia-no-conic\/#primaryimage\"},\"image\":{\"@id\":\"https:\/\/www.notibras.com\/site\/barato-total-a-festa-da-musica-brasileira-estreia-no-conic\/#primaryimage\"},\"thumbnailUrl\":\"https:\/\/www.notibras.com\/site\/wp-content\/uploads\/2023\/09\/04db70a7640d8274874e40e62c47c695.jpg\",\"datePublished\":\"2023-09-21T03:17:21+00:00\",\"dateModified\":\"2023-09-21T10:23:35+00:00\",\"breadcrumb\":{\"@id\":\"https:\/\/www.notibras.com\/site\/barato-total-a-festa-da-musica-brasileira-estreia-no-conic\/#breadcrumb\"},\"inLanguage\":\"pt-BR\",\"potentialAction\":[{\"@type\":\"ReadAction\",\"target\":[\"https:\/\/www.notibras.com\/site\/barato-total-a-festa-da-musica-brasileira-estreia-no-conic\/\"]}]},{\"@type\":\"ImageObject\",\"inLanguage\":\"pt-BR\",\"@id\":\"https:\/\/www.notibras.com\/site\/barato-total-a-festa-da-musica-brasileira-estreia-no-conic\/#primaryimage\",\"url\":\"https:\/\/www.notibras.com\/site\/wp-content\/uploads\/2023\/09\/04db70a7640d8274874e40e62c47c695.jpg\",\"contentUrl\":\"https:\/\/www.notibras.com\/site\/wp-content\/uploads\/2023\/09\/04db70a7640d8274874e40e62c47c695.jpg\",\"width\":596,\"height\":333},{\"@type\":\"BreadcrumbList\",\"@id\":\"https:\/\/www.notibras.com\/site\/barato-total-a-festa-da-musica-brasileira-estreia-no-conic\/#breadcrumb\",\"itemListElement\":[{\"@type\":\"ListItem\",\"position\":1,\"name\":\"In\u00edcio\",\"item\":\"https:\/\/www.notibras.com\/site\/\"},{\"@type\":\"ListItem\",\"position\":2,\"name\":\"Barato Total, a Festa da M\u00fasica Brasileira, estreia no Conic\"}]},{\"@type\":\"WebSite\",\"@id\":\"https:\/\/www.notibras.com\/site\/#website\",\"url\":\"https:\/\/www.notibras.com\/site\/\",\"name\":\"Notibras\",\"description\":\"Not\u00edcias de Bras\u00edlia, do Brasil e do Mundo\",\"publisher\":{\"@id\":\"https:\/\/www.notibras.com\/site\/#organization\"},\"potentialAction\":[{\"@type\":\"SearchAction\",\"target\":{\"@type\":\"EntryPoint\",\"urlTemplate\":\"https:\/\/www.notibras.com\/site\/?s={search_term_string}\"},\"query-input\":{\"@type\":\"PropertyValueSpecification\",\"valueRequired\":true,\"valueName\":\"search_term_string\"}}],\"inLanguage\":\"pt-BR\"},{\"@type\":\"Organization\",\"@id\":\"https:\/\/www.notibras.com\/site\/#organization\",\"name\":\"Grupo Notibras de Comunica\u00e7\u00e3o\",\"url\":\"https:\/\/www.notibras.com\/site\/\",\"logo\":{\"@type\":\"ImageObject\",\"inLanguage\":\"pt-BR\",\"@id\":\"https:\/\/www.notibras.com\/site\/#\/schema\/logo\/image\/\",\"url\":\"https:\/\/www.notibras.com\/site\/wp-content\/uploads\/2023\/01\/notibras23.png\",\"contentUrl\":\"https:\/\/www.notibras.com\/site\/wp-content\/uploads\/2023\/01\/notibras23.png\",\"width\":350,\"height\":87,\"caption\":\"Grupo Notibras de Comunica\u00e7\u00e3o\"},\"image\":{\"@id\":\"https:\/\/www.notibras.com\/site\/#\/schema\/logo\/image\/\"},\"sameAs\":[\"https:\/\/www.facebook.com\/notibras\/\",\"https:\/\/x.com\/Notibras\",\"https:\/\/www.instagram.com\/notibras\/\"]},{\"@type\":\"Person\",\"@id\":\"https:\/\/www.notibras.com\/site\/#\/schema\/person\/36ab0979449956132d3e5b517ea76ac8\",\"name\":\"Reda\u00e7\u00e3o\",\"image\":{\"@type\":\"ImageObject\",\"inLanguage\":\"pt-BR\",\"@id\":\"https:\/\/secure.gravatar.com\/avatar\/e0a867bdedb85fd243eadf09663511f96fc81e0720a4a42581f334ad4303aa6b?s=96&d=mm&r=g\",\"url\":\"https:\/\/secure.gravatar.com\/avatar\/e0a867bdedb85fd243eadf09663511f96fc81e0720a4a42581f334ad4303aa6b?s=96&d=mm&r=g\",\"contentUrl\":\"https:\/\/secure.gravatar.com\/avatar\/e0a867bdedb85fd243eadf09663511f96fc81e0720a4a42581f334ad4303aa6b?s=96&d=mm&r=g\",\"caption\":\"Reda\u00e7\u00e3o\"}}]}<\/script>\n<!-- \/ Yoast SEO plugin. -->","yoast_head_json":{"title":"Barato Total, a Festa da M\u00fasica Brasileira, estreia no Conic - Notibras","robots":{"index":"index","follow":"follow","max-snippet":"max-snippet:-1","max-image-preview":"max-image-preview:large","max-video-preview":"max-video-preview:-1"},"canonical":"https:\/\/www.notibras.com\/site\/barato-total-a-festa-da-musica-brasileira-estreia-no-conic\/","og_locale":"pt_BR","og_type":"article","og_title":"Barato Total, a Festa da M\u00fasica Brasileira, estreia no Conic - Notibras","og_description":"Com o mote &#8220;a gente quer \u00e9 viver&#8221; e repert\u00f3rio que vai de Tim Maia a Duda Beat, o evento pensado para o p\u00fablico 25+ oferece uma nova op\u00e7\u00e3o para a noite candanga com m\u00fasica ao vivo. Espet\u00e1culo musical de qualidade, em releituras in\u00e9ditas de cl\u00e1ssicos brasileiros de diversas d\u00e9cadas, interpretadas por uma forma\u00e7\u00e3o espetacular [&hellip;]","og_url":"https:\/\/www.notibras.com\/site\/barato-total-a-festa-da-musica-brasileira-estreia-no-conic\/","og_site_name":"Notibras","article_publisher":"https:\/\/www.facebook.com\/notibras\/","article_published_time":"2023-09-21T03:17:21+00:00","article_modified_time":"2023-09-21T10:23:35+00:00","og_image":[{"width":596,"height":333,"url":"https:\/\/www.notibras.com\/site\/wp-content\/uploads\/2023\/09\/04db70a7640d8274874e40e62c47c695.jpg","type":"image\/jpeg"}],"author":"Reda\u00e7\u00e3o","twitter_card":"summary_large_image","twitter_creator":"@Notibras","twitter_site":"@Notibras","twitter_misc":{"Escrito por":"Reda\u00e7\u00e3o","Est. tempo de leitura":"4 minutos"},"schema":{"@context":"https:\/\/schema.org","@graph":[{"@type":"Article","@id":"https:\/\/www.notibras.com\/site\/barato-total-a-festa-da-musica-brasileira-estreia-no-conic\/#article","isPartOf":{"@id":"https:\/\/www.notibras.com\/site\/barato-total-a-festa-da-musica-brasileira-estreia-no-conic\/"},"author":{"name":"Reda\u00e7\u00e3o","@id":"https:\/\/www.notibras.com\/site\/#\/schema\/person\/36ab0979449956132d3e5b517ea76ac8"},"headline":"Barato Total, a Festa da M\u00fasica Brasileira, estreia no Conic","datePublished":"2023-09-21T03:17:21+00:00","dateModified":"2023-09-21T10:23:35+00:00","mainEntityOfPage":{"@id":"https:\/\/www.notibras.com\/site\/barato-total-a-festa-da-musica-brasileira-estreia-no-conic\/"},"wordCount":653,"publisher":{"@id":"https:\/\/www.notibras.com\/site\/#organization"},"image":{"@id":"https:\/\/www.notibras.com\/site\/barato-total-a-festa-da-musica-brasileira-estreia-no-conic\/#primaryimage"},"thumbnailUrl":"https:\/\/www.notibras.com\/site\/wp-content\/uploads\/2023\/09\/04db70a7640d8274874e40e62c47c695.jpg","articleSection":["Quadradinho em Foco"],"inLanguage":"pt-BR"},{"@type":"WebPage","@id":"https:\/\/www.notibras.com\/site\/barato-total-a-festa-da-musica-brasileira-estreia-no-conic\/","url":"https:\/\/www.notibras.com\/site\/barato-total-a-festa-da-musica-brasileira-estreia-no-conic\/","name":"Barato Total, a Festa da M\u00fasica Brasileira, estreia no Conic - Notibras","isPartOf":{"@id":"https:\/\/www.notibras.com\/site\/#website"},"primaryImageOfPage":{"@id":"https:\/\/www.notibras.com\/site\/barato-total-a-festa-da-musica-brasileira-estreia-no-conic\/#primaryimage"},"image":{"@id":"https:\/\/www.notibras.com\/site\/barato-total-a-festa-da-musica-brasileira-estreia-no-conic\/#primaryimage"},"thumbnailUrl":"https:\/\/www.notibras.com\/site\/wp-content\/uploads\/2023\/09\/04db70a7640d8274874e40e62c47c695.jpg","datePublished":"2023-09-21T03:17:21+00:00","dateModified":"2023-09-21T10:23:35+00:00","breadcrumb":{"@id":"https:\/\/www.notibras.com\/site\/barato-total-a-festa-da-musica-brasileira-estreia-no-conic\/#breadcrumb"},"inLanguage":"pt-BR","potentialAction":[{"@type":"ReadAction","target":["https:\/\/www.notibras.com\/site\/barato-total-a-festa-da-musica-brasileira-estreia-no-conic\/"]}]},{"@type":"ImageObject","inLanguage":"pt-BR","@id":"https:\/\/www.notibras.com\/site\/barato-total-a-festa-da-musica-brasileira-estreia-no-conic\/#primaryimage","url":"https:\/\/www.notibras.com\/site\/wp-content\/uploads\/2023\/09\/04db70a7640d8274874e40e62c47c695.jpg","contentUrl":"https:\/\/www.notibras.com\/site\/wp-content\/uploads\/2023\/09\/04db70a7640d8274874e40e62c47c695.jpg","width":596,"height":333},{"@type":"BreadcrumbList","@id":"https:\/\/www.notibras.com\/site\/barato-total-a-festa-da-musica-brasileira-estreia-no-conic\/#breadcrumb","itemListElement":[{"@type":"ListItem","position":1,"name":"In\u00edcio","item":"https:\/\/www.notibras.com\/site\/"},{"@type":"ListItem","position":2,"name":"Barato Total, a Festa da M\u00fasica Brasileira, estreia no Conic"}]},{"@type":"WebSite","@id":"https:\/\/www.notibras.com\/site\/#website","url":"https:\/\/www.notibras.com\/site\/","name":"Notibras","description":"Not\u00edcias de Bras\u00edlia, do Brasil e do Mundo","publisher":{"@id":"https:\/\/www.notibras.com\/site\/#organization"},"potentialAction":[{"@type":"SearchAction","target":{"@type":"EntryPoint","urlTemplate":"https:\/\/www.notibras.com\/site\/?s={search_term_string}"},"query-input":{"@type":"PropertyValueSpecification","valueRequired":true,"valueName":"search_term_string"}}],"inLanguage":"pt-BR"},{"@type":"Organization","@id":"https:\/\/www.notibras.com\/site\/#organization","name":"Grupo Notibras de Comunica\u00e7\u00e3o","url":"https:\/\/www.notibras.com\/site\/","logo":{"@type":"ImageObject","inLanguage":"pt-BR","@id":"https:\/\/www.notibras.com\/site\/#\/schema\/logo\/image\/","url":"https:\/\/www.notibras.com\/site\/wp-content\/uploads\/2023\/01\/notibras23.png","contentUrl":"https:\/\/www.notibras.com\/site\/wp-content\/uploads\/2023\/01\/notibras23.png","width":350,"height":87,"caption":"Grupo Notibras de Comunica\u00e7\u00e3o"},"image":{"@id":"https:\/\/www.notibras.com\/site\/#\/schema\/logo\/image\/"},"sameAs":["https:\/\/www.facebook.com\/notibras\/","https:\/\/x.com\/Notibras","https:\/\/www.instagram.com\/notibras\/"]},{"@type":"Person","@id":"https:\/\/www.notibras.com\/site\/#\/schema\/person\/36ab0979449956132d3e5b517ea76ac8","name":"Reda\u00e7\u00e3o","image":{"@type":"ImageObject","inLanguage":"pt-BR","@id":"https:\/\/secure.gravatar.com\/avatar\/e0a867bdedb85fd243eadf09663511f96fc81e0720a4a42581f334ad4303aa6b?s=96&d=mm&r=g","url":"https:\/\/secure.gravatar.com\/avatar\/e0a867bdedb85fd243eadf09663511f96fc81e0720a4a42581f334ad4303aa6b?s=96&d=mm&r=g","contentUrl":"https:\/\/secure.gravatar.com\/avatar\/e0a867bdedb85fd243eadf09663511f96fc81e0720a4a42581f334ad4303aa6b?s=96&d=mm&r=g","caption":"Reda\u00e7\u00e3o"}}]}},"amp_enabled":true,"_links":{"self":[{"href":"https:\/\/www.notibras.com\/site\/wp-json\/wp\/v2\/posts\/313193","targetHints":{"allow":["GET"]}}],"collection":[{"href":"https:\/\/www.notibras.com\/site\/wp-json\/wp\/v2\/posts"}],"about":[{"href":"https:\/\/www.notibras.com\/site\/wp-json\/wp\/v2\/types\/post"}],"author":[{"embeddable":true,"href":"https:\/\/www.notibras.com\/site\/wp-json\/wp\/v2\/users\/2"}],"replies":[{"embeddable":true,"href":"https:\/\/www.notibras.com\/site\/wp-json\/wp\/v2\/comments?post=313193"}],"version-history":[{"count":1,"href":"https:\/\/www.notibras.com\/site\/wp-json\/wp\/v2\/posts\/313193\/revisions"}],"predecessor-version":[{"id":313195,"href":"https:\/\/www.notibras.com\/site\/wp-json\/wp\/v2\/posts\/313193\/revisions\/313195"}],"wp:featuredmedia":[{"embeddable":true,"href":"https:\/\/www.notibras.com\/site\/wp-json\/wp\/v2\/media\/313194"}],"wp:attachment":[{"href":"https:\/\/www.notibras.com\/site\/wp-json\/wp\/v2\/media?parent=313193"}],"wp:term":[{"taxonomy":"category","embeddable":true,"href":"https:\/\/www.notibras.com\/site\/wp-json\/wp\/v2\/categories?post=313193"},{"taxonomy":"post_tag","embeddable":true,"href":"https:\/\/www.notibras.com\/site\/wp-json\/wp\/v2\/tags?post=313193"}],"curies":[{"name":"wp","href":"https:\/\/api.w.org\/{rel}","templated":true}]}}