{"id":313196,"date":"2023-09-21T08:08:55","date_gmt":"2023-09-21T11:08:55","guid":{"rendered":"https:\/\/www.notibras.com\/site\/?p=313196"},"modified":"2023-09-21T09:26:27","modified_gmt":"2023-09-21T12:26:27","slug":"pcd-ou-nao-so-nao-vence-na-vida-quem-nao-quer","status":"publish","type":"post","link":"https:\/\/www.notibras.com\/site\/pcd-ou-nao-so-nao-vence-na-vida-quem-nao-quer\/","title":{"rendered":"PcD ou n\u00e3o, s\u00f3 n\u00e3o vence na vida quem n\u00e3o quer"},"content":{"rendered":"<p>Atualmente, com as novas tecnologias para auxiliar e se adequar \u00e0s pessoas que nasceram ou no decorrer da vida foram acometidas por meio de alguma enfermidade, o p\u00fabico PcD (Pessoas com Defici\u00eancia) vence, quando quer, obst\u00e1culos que surgem \u00e0 sua frente.<\/p>\n<p>No Brasil somos (e me incluo nesse segmento) cerca de 18,6 milh\u00f5es de pessoas com alguma defici\u00eancia, segundo dados coletados pelo IBGE. Em Bras\u00edlia, particularmente, s\u00e3o 28 mil, de acordo com n\u00fameros do primeiro semestre de 2023.<\/p>\n<p>Os novos recursos para os PcD s\u00e3o muito \u00fateis. A t\u00edtulo de ilustra\u00e7\u00e3o, para pessoas com menos coordena\u00e7\u00e3o motora a dica \u00e9 a IA (Intelig\u00eancia Artificial). Aplicativos como Alexa, Google, Siri etc ajudam muito no dia a dia desse p\u00fablico. S\u00e3o ferramentas utilizadas cada vez mais, inclusive por deficientes visuais.<\/p>\n<p>Ao longo da minha vida acompanhei essa evolu\u00e7\u00e3o tecnol\u00f3gica por meio de jogos eletr\u00f4nicos como TJ, Atr, MS, MD, SN, 3do, PS1, PS2, XB360, XB 1X, bem como jogos de computador. Sou um aficionado por eletr\u00f4nicos, admito, sejam eles f\u00e1ceis ou dif\u00edceis. Eu os defino como minha passagem de ida para um mundo muito diferente, em que me torno o personagem principal. Muitas vezes a imers\u00e3o \u00e9 t\u00e3o intensa que passo v\u00e1rias horas me divertindo com variadas modalidades de uma vasta cole\u00e7\u00e3o que tenho.<\/p>\n<p>Cresci vendo cada gera\u00e7\u00e3o de novos produtos eletr\u00f4nicos que surgiam em minha frente. S\u00e3o o meu hobby favorito. Hoje, do alto dos meus 44 anos, cresci acompanhando o crescimento desses &#8216;joguinhos&#8217;. E continuo jogando at\u00e9 hoje, mas com modera\u00e7\u00e3o, pois minha agilidade j\u00e1 n\u00e3o \u00e9 como antes.<\/p>\n<p>Entendo que chegou a hora de transmitir meus conhecimentos para a pr\u00f3xima gera\u00e7\u00e3o, esperando que meus atuais e futuros amigos saibam desfrutar cada momento das suas vidas. Aos s\u00e1bados e domingos, e eventualmente em um dia do meio da semana, troco de jogo e sento defronte a um tabuleiro de xadrez, na companhia de um novo amigo.<\/p>\n<p>S\u00e3o momentos paradis\u00edacos com o jornalista Jos\u00e9 Seabra. Com calma, como se tiv\u00e9ssemos &#8216;jogando um cheque para amanh\u00e3, tipo pr\u00e9-datado&#8221;, nos regozijamos com o movimento das pe\u00e7as. E haja xeque. At\u00e9 que um dos dois d\u00e1 um mate.<\/p>\n<p>Com ele (esse meu novo amigo), estou aprendendo muito (embora o Jos\u00e9 diga que muito j\u00e1 sei) e travamos juntos longas conversas. A cada visita, um tema diferente para abordarmos. \u00c9 quando literalmente ele me coloca em xeque, me obrigando a raciocinar com mais calma.<\/p>\n<p>\u00c9 o tal do &#8216;n\u00e3o se avexe n\u00e3o&#8217;, como diz o Jos\u00e9, para que eu possa exercitar corpo e mente. A cada dia, aprimoro meus conhecimentos. E meu pai, para ajudar-me, eventualmente pega o viol\u00e3o e come\u00e7a a tocar ao nosso lado. Paiz\u00e3o, o meu. O Jos\u00e9 se distrai, canta junto, e eu &#8216;como&#8217; a dama dele. Da\u00ed para o mate, \u00e9 como pedir um suco de melancia \u00e0 minha m\u00e3e, que Jos\u00e9 degusta junto comigo, usando em seguida um guardanapo para limpar seu bigode.<\/p>\n<p>Chega a hora de partir, e fica o gostinho de quero mais. Nesses momentos, o intervalo entre um e outro fim de semana parece ser uma eternidade. \u00c9 por essas e outras que, sempre que pode, o Jos\u00e9 d\u00e1 uma esticada em minha casa numa quarta ou quinta-feira para mais um embate no tabuleiro.<\/p>\n<p>Nos conhecemos h\u00e1 pouco mais de dois meses no GFA (Grupo de Assist\u00eancia Social e Espiritual S\u00e3o Francisco de Assis), em Aguas Claras. Naquela ocasi\u00e3o, o palestrante abordou o Poder de Jesus. N\u00e3o falou em milagres. O milagre acontece com quem tem f\u00e9, esperan\u00e7a, for\u00e7a de vontade. Como eu e meu amigo Jos\u00e9.<\/p>\n","protected":false},"excerpt":{"rendered":"<p>Atualmente, com as novas tecnologias para auxiliar e se adequar \u00e0s pessoas que nasceram ou no decorrer da vida foram acometidas por meio de alguma enfermidade, o p\u00fabico PcD (Pessoas com Defici\u00eancia) vence, quando quer, obst\u00e1culos que surgem \u00e0 sua frente. No Brasil somos (e me incluo nesse segmento) cerca de 18,6 milh\u00f5es de pessoas [&hellip;]<\/p>\n","protected":false},"author":2,"featured_media":313197,"comment_status":"closed","ping_status":"closed","sticky":false,"template":"","format":"standard","meta":{"_acf_changed":false,"footnotes":""},"categories":[161],"tags":[],"class_list":["post-313196","post","type-post","status-publish","format-standard","has-post-thumbnail","hentry","category-quadradinho-em-foco"],"acf":[],"yoast_head":"<!-- This site is optimized with the Yoast SEO plugin v27.2 - https:\/\/yoast.com\/product\/yoast-seo-wordpress\/ -->\n<title>PcD ou n\u00e3o, s\u00f3 n\u00e3o vence na vida quem n\u00e3o quer - Notibras<\/title>\n<meta name=\"robots\" content=\"index, follow, max-snippet:-1, max-image-preview:large, max-video-preview:-1\" \/>\n<link rel=\"canonical\" href=\"https:\/\/www.notibras.com\/site\/pcd-ou-nao-so-nao-vence-na-vida-quem-nao-quer\/\" \/>\n<meta property=\"og:locale\" content=\"pt_BR\" \/>\n<meta property=\"og:type\" content=\"article\" \/>\n<meta property=\"og:title\" content=\"PcD ou n\u00e3o, s\u00f3 n\u00e3o vence na vida quem n\u00e3o quer - Notibras\" \/>\n<meta property=\"og:description\" content=\"Atualmente, com as novas tecnologias para auxiliar e se adequar \u00e0s pessoas que nasceram ou no decorrer da vida foram acometidas por meio de alguma enfermidade, o p\u00fabico PcD (Pessoas com Defici\u00eancia) vence, quando quer, obst\u00e1culos que surgem \u00e0 sua frente. No Brasil somos (e me incluo nesse segmento) cerca de 18,6 milh\u00f5es de pessoas [&hellip;]\" \/>\n<meta property=\"og:url\" content=\"https:\/\/www.notibras.com\/site\/pcd-ou-nao-so-nao-vence-na-vida-quem-nao-quer\/\" \/>\n<meta property=\"og:site_name\" content=\"Notibras\" \/>\n<meta property=\"article:publisher\" content=\"https:\/\/www.facebook.com\/notibras\/\" \/>\n<meta property=\"article:published_time\" content=\"2023-09-21T11:08:55+00:00\" \/>\n<meta property=\"article:modified_time\" content=\"2023-09-21T12:26:27+00:00\" \/>\n<meta property=\"og:image\" content=\"https:\/\/www.notibras.com\/site\/wp-content\/uploads\/2023\/09\/40839a32-c08d-4147-8229-1700b959177a.jpg\" \/>\n\t<meta property=\"og:image:width\" content=\"768\" \/>\n\t<meta property=\"og:image:height\" content=\"1024\" \/>\n\t<meta property=\"og:image:type\" content=\"image\/jpeg\" \/>\n<meta name=\"author\" content=\"Reda\u00e7\u00e3o\" \/>\n<meta name=\"twitter:card\" content=\"summary_large_image\" \/>\n<meta name=\"twitter:creator\" content=\"@Notibras\" \/>\n<meta name=\"twitter:site\" content=\"@Notibras\" \/>\n<meta name=\"twitter:label1\" content=\"Escrito por\" \/>\n\t<meta name=\"twitter:data1\" content=\"Reda\u00e7\u00e3o\" \/>\n\t<meta name=\"twitter:label2\" content=\"Est. tempo de leitura\" \/>\n\t<meta name=\"twitter:data2\" content=\"4 minutos\" \/>\n<script type=\"application\/ld+json\" class=\"yoast-schema-graph\">{\"@context\":\"https:\/\/schema.org\",\"@graph\":[{\"@type\":\"Article\",\"@id\":\"https:\/\/www.notibras.com\/site\/pcd-ou-nao-so-nao-vence-na-vida-quem-nao-quer\/#article\",\"isPartOf\":{\"@id\":\"https:\/\/www.notibras.com\/site\/pcd-ou-nao-so-nao-vence-na-vida-quem-nao-quer\/\"},\"author\":{\"name\":\"Reda\u00e7\u00e3o\",\"@id\":\"https:\/\/www.notibras.com\/site\/#\/schema\/person\/36ab0979449956132d3e5b517ea76ac8\"},\"headline\":\"PcD ou n\u00e3o, s\u00f3 n\u00e3o vence na vida quem n\u00e3o quer\",\"datePublished\":\"2023-09-21T11:08:55+00:00\",\"dateModified\":\"2023-09-21T12:26:27+00:00\",\"mainEntityOfPage\":{\"@id\":\"https:\/\/www.notibras.com\/site\/pcd-ou-nao-so-nao-vence-na-vida-quem-nao-quer\/\"},\"wordCount\":642,\"publisher\":{\"@id\":\"https:\/\/www.notibras.com\/site\/#organization\"},\"image\":{\"@id\":\"https:\/\/www.notibras.com\/site\/pcd-ou-nao-so-nao-vence-na-vida-quem-nao-quer\/#primaryimage\"},\"thumbnailUrl\":\"https:\/\/www.notibras.com\/site\/wp-content\/uploads\/2023\/09\/40839a32-c08d-4147-8229-1700b959177a.jpg\",\"articleSection\":[\"Quadradinho em Foco\"],\"inLanguage\":\"pt-BR\"},{\"@type\":\"WebPage\",\"@id\":\"https:\/\/www.notibras.com\/site\/pcd-ou-nao-so-nao-vence-na-vida-quem-nao-quer\/\",\"url\":\"https:\/\/www.notibras.com\/site\/pcd-ou-nao-so-nao-vence-na-vida-quem-nao-quer\/\",\"name\":\"PcD ou n\u00e3o, s\u00f3 n\u00e3o vence na vida quem n\u00e3o quer - Notibras\",\"isPartOf\":{\"@id\":\"https:\/\/www.notibras.com\/site\/#website\"},\"primaryImageOfPage\":{\"@id\":\"https:\/\/www.notibras.com\/site\/pcd-ou-nao-so-nao-vence-na-vida-quem-nao-quer\/#primaryimage\"},\"image\":{\"@id\":\"https:\/\/www.notibras.com\/site\/pcd-ou-nao-so-nao-vence-na-vida-quem-nao-quer\/#primaryimage\"},\"thumbnailUrl\":\"https:\/\/www.notibras.com\/site\/wp-content\/uploads\/2023\/09\/40839a32-c08d-4147-8229-1700b959177a.jpg\",\"datePublished\":\"2023-09-21T11:08:55+00:00\",\"dateModified\":\"2023-09-21T12:26:27+00:00\",\"breadcrumb\":{\"@id\":\"https:\/\/www.notibras.com\/site\/pcd-ou-nao-so-nao-vence-na-vida-quem-nao-quer\/#breadcrumb\"},\"inLanguage\":\"pt-BR\",\"potentialAction\":[{\"@type\":\"ReadAction\",\"target\":[\"https:\/\/www.notibras.com\/site\/pcd-ou-nao-so-nao-vence-na-vida-quem-nao-quer\/\"]}]},{\"@type\":\"ImageObject\",\"inLanguage\":\"pt-BR\",\"@id\":\"https:\/\/www.notibras.com\/site\/pcd-ou-nao-so-nao-vence-na-vida-quem-nao-quer\/#primaryimage\",\"url\":\"https:\/\/www.notibras.com\/site\/wp-content\/uploads\/2023\/09\/40839a32-c08d-4147-8229-1700b959177a.jpg\",\"contentUrl\":\"https:\/\/www.notibras.com\/site\/wp-content\/uploads\/2023\/09\/40839a32-c08d-4147-8229-1700b959177a.jpg\",\"width\":768,\"height\":1024},{\"@type\":\"BreadcrumbList\",\"@id\":\"https:\/\/www.notibras.com\/site\/pcd-ou-nao-so-nao-vence-na-vida-quem-nao-quer\/#breadcrumb\",\"itemListElement\":[{\"@type\":\"ListItem\",\"position\":1,\"name\":\"In\u00edcio\",\"item\":\"https:\/\/www.notibras.com\/site\/\"},{\"@type\":\"ListItem\",\"position\":2,\"name\":\"PcD ou n\u00e3o, s\u00f3 n\u00e3o vence na vida quem n\u00e3o quer\"}]},{\"@type\":\"WebSite\",\"@id\":\"https:\/\/www.notibras.com\/site\/#website\",\"url\":\"https:\/\/www.notibras.com\/site\/\",\"name\":\"Notibras\",\"description\":\"Not\u00edcias de Bras\u00edlia, do Brasil e do Mundo\",\"publisher\":{\"@id\":\"https:\/\/www.notibras.com\/site\/#organization\"},\"potentialAction\":[{\"@type\":\"SearchAction\",\"target\":{\"@type\":\"EntryPoint\",\"urlTemplate\":\"https:\/\/www.notibras.com\/site\/?s={search_term_string}\"},\"query-input\":{\"@type\":\"PropertyValueSpecification\",\"valueRequired\":true,\"valueName\":\"search_term_string\"}}],\"inLanguage\":\"pt-BR\"},{\"@type\":\"Organization\",\"@id\":\"https:\/\/www.notibras.com\/site\/#organization\",\"name\":\"Grupo Notibras de Comunica\u00e7\u00e3o\",\"url\":\"https:\/\/www.notibras.com\/site\/\",\"logo\":{\"@type\":\"ImageObject\",\"inLanguage\":\"pt-BR\",\"@id\":\"https:\/\/www.notibras.com\/site\/#\/schema\/logo\/image\/\",\"url\":\"https:\/\/www.notibras.com\/site\/wp-content\/uploads\/2023\/01\/notibras23.png\",\"contentUrl\":\"https:\/\/www.notibras.com\/site\/wp-content\/uploads\/2023\/01\/notibras23.png\",\"width\":350,\"height\":87,\"caption\":\"Grupo Notibras de Comunica\u00e7\u00e3o\"},\"image\":{\"@id\":\"https:\/\/www.notibras.com\/site\/#\/schema\/logo\/image\/\"},\"sameAs\":[\"https:\/\/www.facebook.com\/notibras\/\",\"https:\/\/x.com\/Notibras\",\"https:\/\/www.instagram.com\/notibras\/\"]},{\"@type\":\"Person\",\"@id\":\"https:\/\/www.notibras.com\/site\/#\/schema\/person\/36ab0979449956132d3e5b517ea76ac8\",\"name\":\"Reda\u00e7\u00e3o\",\"image\":{\"@type\":\"ImageObject\",\"inLanguage\":\"pt-BR\",\"@id\":\"https:\/\/secure.gravatar.com\/avatar\/e0a867bdedb85fd243eadf09663511f96fc81e0720a4a42581f334ad4303aa6b?s=96&d=mm&r=g\",\"url\":\"https:\/\/secure.gravatar.com\/avatar\/e0a867bdedb85fd243eadf09663511f96fc81e0720a4a42581f334ad4303aa6b?s=96&d=mm&r=g\",\"contentUrl\":\"https:\/\/secure.gravatar.com\/avatar\/e0a867bdedb85fd243eadf09663511f96fc81e0720a4a42581f334ad4303aa6b?s=96&d=mm&r=g\",\"caption\":\"Reda\u00e7\u00e3o\"}}]}<\/script>\n<!-- \/ Yoast SEO plugin. -->","yoast_head_json":{"title":"PcD ou n\u00e3o, s\u00f3 n\u00e3o vence na vida quem n\u00e3o quer - Notibras","robots":{"index":"index","follow":"follow","max-snippet":"max-snippet:-1","max-image-preview":"max-image-preview:large","max-video-preview":"max-video-preview:-1"},"canonical":"https:\/\/www.notibras.com\/site\/pcd-ou-nao-so-nao-vence-na-vida-quem-nao-quer\/","og_locale":"pt_BR","og_type":"article","og_title":"PcD ou n\u00e3o, s\u00f3 n\u00e3o vence na vida quem n\u00e3o quer - Notibras","og_description":"Atualmente, com as novas tecnologias para auxiliar e se adequar \u00e0s pessoas que nasceram ou no decorrer da vida foram acometidas por meio de alguma enfermidade, o p\u00fabico PcD (Pessoas com Defici\u00eancia) vence, quando quer, obst\u00e1culos que surgem \u00e0 sua frente. No Brasil somos (e me incluo nesse segmento) cerca de 18,6 milh\u00f5es de pessoas [&hellip;]","og_url":"https:\/\/www.notibras.com\/site\/pcd-ou-nao-so-nao-vence-na-vida-quem-nao-quer\/","og_site_name":"Notibras","article_publisher":"https:\/\/www.facebook.com\/notibras\/","article_published_time":"2023-09-21T11:08:55+00:00","article_modified_time":"2023-09-21T12:26:27+00:00","og_image":[{"width":768,"height":1024,"url":"https:\/\/www.notibras.com\/site\/wp-content\/uploads\/2023\/09\/40839a32-c08d-4147-8229-1700b959177a.jpg","type":"image\/jpeg"}],"author":"Reda\u00e7\u00e3o","twitter_card":"summary_large_image","twitter_creator":"@Notibras","twitter_site":"@Notibras","twitter_misc":{"Escrito por":"Reda\u00e7\u00e3o","Est. tempo de leitura":"4 minutos"},"schema":{"@context":"https:\/\/schema.org","@graph":[{"@type":"Article","@id":"https:\/\/www.notibras.com\/site\/pcd-ou-nao-so-nao-vence-na-vida-quem-nao-quer\/#article","isPartOf":{"@id":"https:\/\/www.notibras.com\/site\/pcd-ou-nao-so-nao-vence-na-vida-quem-nao-quer\/"},"author":{"name":"Reda\u00e7\u00e3o","@id":"https:\/\/www.notibras.com\/site\/#\/schema\/person\/36ab0979449956132d3e5b517ea76ac8"},"headline":"PcD ou n\u00e3o, s\u00f3 n\u00e3o vence na vida quem n\u00e3o quer","datePublished":"2023-09-21T11:08:55+00:00","dateModified":"2023-09-21T12:26:27+00:00","mainEntityOfPage":{"@id":"https:\/\/www.notibras.com\/site\/pcd-ou-nao-so-nao-vence-na-vida-quem-nao-quer\/"},"wordCount":642,"publisher":{"@id":"https:\/\/www.notibras.com\/site\/#organization"},"image":{"@id":"https:\/\/www.notibras.com\/site\/pcd-ou-nao-so-nao-vence-na-vida-quem-nao-quer\/#primaryimage"},"thumbnailUrl":"https:\/\/www.notibras.com\/site\/wp-content\/uploads\/2023\/09\/40839a32-c08d-4147-8229-1700b959177a.jpg","articleSection":["Quadradinho em Foco"],"inLanguage":"pt-BR"},{"@type":"WebPage","@id":"https:\/\/www.notibras.com\/site\/pcd-ou-nao-so-nao-vence-na-vida-quem-nao-quer\/","url":"https:\/\/www.notibras.com\/site\/pcd-ou-nao-so-nao-vence-na-vida-quem-nao-quer\/","name":"PcD ou n\u00e3o, s\u00f3 n\u00e3o vence na vida quem n\u00e3o quer - Notibras","isPartOf":{"@id":"https:\/\/www.notibras.com\/site\/#website"},"primaryImageOfPage":{"@id":"https:\/\/www.notibras.com\/site\/pcd-ou-nao-so-nao-vence-na-vida-quem-nao-quer\/#primaryimage"},"image":{"@id":"https:\/\/www.notibras.com\/site\/pcd-ou-nao-so-nao-vence-na-vida-quem-nao-quer\/#primaryimage"},"thumbnailUrl":"https:\/\/www.notibras.com\/site\/wp-content\/uploads\/2023\/09\/40839a32-c08d-4147-8229-1700b959177a.jpg","datePublished":"2023-09-21T11:08:55+00:00","dateModified":"2023-09-21T12:26:27+00:00","breadcrumb":{"@id":"https:\/\/www.notibras.com\/site\/pcd-ou-nao-so-nao-vence-na-vida-quem-nao-quer\/#breadcrumb"},"inLanguage":"pt-BR","potentialAction":[{"@type":"ReadAction","target":["https:\/\/www.notibras.com\/site\/pcd-ou-nao-so-nao-vence-na-vida-quem-nao-quer\/"]}]},{"@type":"ImageObject","inLanguage":"pt-BR","@id":"https:\/\/www.notibras.com\/site\/pcd-ou-nao-so-nao-vence-na-vida-quem-nao-quer\/#primaryimage","url":"https:\/\/www.notibras.com\/site\/wp-content\/uploads\/2023\/09\/40839a32-c08d-4147-8229-1700b959177a.jpg","contentUrl":"https:\/\/www.notibras.com\/site\/wp-content\/uploads\/2023\/09\/40839a32-c08d-4147-8229-1700b959177a.jpg","width":768,"height":1024},{"@type":"BreadcrumbList","@id":"https:\/\/www.notibras.com\/site\/pcd-ou-nao-so-nao-vence-na-vida-quem-nao-quer\/#breadcrumb","itemListElement":[{"@type":"ListItem","position":1,"name":"In\u00edcio","item":"https:\/\/www.notibras.com\/site\/"},{"@type":"ListItem","position":2,"name":"PcD ou n\u00e3o, s\u00f3 n\u00e3o vence na vida quem n\u00e3o quer"}]},{"@type":"WebSite","@id":"https:\/\/www.notibras.com\/site\/#website","url":"https:\/\/www.notibras.com\/site\/","name":"Notibras","description":"Not\u00edcias de Bras\u00edlia, do Brasil e do Mundo","publisher":{"@id":"https:\/\/www.notibras.com\/site\/#organization"},"potentialAction":[{"@type":"SearchAction","target":{"@type":"EntryPoint","urlTemplate":"https:\/\/www.notibras.com\/site\/?s={search_term_string}"},"query-input":{"@type":"PropertyValueSpecification","valueRequired":true,"valueName":"search_term_string"}}],"inLanguage":"pt-BR"},{"@type":"Organization","@id":"https:\/\/www.notibras.com\/site\/#organization","name":"Grupo Notibras de Comunica\u00e7\u00e3o","url":"https:\/\/www.notibras.com\/site\/","logo":{"@type":"ImageObject","inLanguage":"pt-BR","@id":"https:\/\/www.notibras.com\/site\/#\/schema\/logo\/image\/","url":"https:\/\/www.notibras.com\/site\/wp-content\/uploads\/2023\/01\/notibras23.png","contentUrl":"https:\/\/www.notibras.com\/site\/wp-content\/uploads\/2023\/01\/notibras23.png","width":350,"height":87,"caption":"Grupo Notibras de Comunica\u00e7\u00e3o"},"image":{"@id":"https:\/\/www.notibras.com\/site\/#\/schema\/logo\/image\/"},"sameAs":["https:\/\/www.facebook.com\/notibras\/","https:\/\/x.com\/Notibras","https:\/\/www.instagram.com\/notibras\/"]},{"@type":"Person","@id":"https:\/\/www.notibras.com\/site\/#\/schema\/person\/36ab0979449956132d3e5b517ea76ac8","name":"Reda\u00e7\u00e3o","image":{"@type":"ImageObject","inLanguage":"pt-BR","@id":"https:\/\/secure.gravatar.com\/avatar\/e0a867bdedb85fd243eadf09663511f96fc81e0720a4a42581f334ad4303aa6b?s=96&d=mm&r=g","url":"https:\/\/secure.gravatar.com\/avatar\/e0a867bdedb85fd243eadf09663511f96fc81e0720a4a42581f334ad4303aa6b?s=96&d=mm&r=g","contentUrl":"https:\/\/secure.gravatar.com\/avatar\/e0a867bdedb85fd243eadf09663511f96fc81e0720a4a42581f334ad4303aa6b?s=96&d=mm&r=g","caption":"Reda\u00e7\u00e3o"}}]}},"amp_enabled":true,"_links":{"self":[{"href":"https:\/\/www.notibras.com\/site\/wp-json\/wp\/v2\/posts\/313196","targetHints":{"allow":["GET"]}}],"collection":[{"href":"https:\/\/www.notibras.com\/site\/wp-json\/wp\/v2\/posts"}],"about":[{"href":"https:\/\/www.notibras.com\/site\/wp-json\/wp\/v2\/types\/post"}],"author":[{"embeddable":true,"href":"https:\/\/www.notibras.com\/site\/wp-json\/wp\/v2\/users\/2"}],"replies":[{"embeddable":true,"href":"https:\/\/www.notibras.com\/site\/wp-json\/wp\/v2\/comments?post=313196"}],"version-history":[{"count":4,"href":"https:\/\/www.notibras.com\/site\/wp-json\/wp\/v2\/posts\/313196\/revisions"}],"predecessor-version":[{"id":313207,"href":"https:\/\/www.notibras.com\/site\/wp-json\/wp\/v2\/posts\/313196\/revisions\/313207"}],"wp:featuredmedia":[{"embeddable":true,"href":"https:\/\/www.notibras.com\/site\/wp-json\/wp\/v2\/media\/313197"}],"wp:attachment":[{"href":"https:\/\/www.notibras.com\/site\/wp-json\/wp\/v2\/media?parent=313196"}],"wp:term":[{"taxonomy":"category","embeddable":true,"href":"https:\/\/www.notibras.com\/site\/wp-json\/wp\/v2\/categories?post=313196"},{"taxonomy":"post_tag","embeddable":true,"href":"https:\/\/www.notibras.com\/site\/wp-json\/wp\/v2\/tags?post=313196"}],"curies":[{"name":"wp","href":"https:\/\/api.w.org\/{rel}","templated":true}]}}