{"id":313199,"date":"2023-09-21T08:00:12","date_gmt":"2023-09-21T11:00:12","guid":{"rendered":"https:\/\/www.notibras.com\/site\/?p=313199"},"modified":"2023-09-21T09:06:20","modified_gmt":"2023-09-21T12:06:20","slug":"entre-olavo-e-carito-betina-preferiu-outra-cidade","status":"publish","type":"post","link":"https:\/\/www.notibras.com\/site\/entre-olavo-e-carito-betina-preferiu-outra-cidade\/","title":{"rendered":"Entre Olavo e carit\u00f3, Betina preferiu outra cidade"},"content":{"rendered":"<p>Betina, apesar do nome pouco comum, n\u00e3o parecia se diferenciar de outras crian\u00e7as da rua, fossem irm\u00e3os, primos, parentes de considera\u00e7\u00e3o, amiguinhos ou at\u00e9 completos desconhecidos. Nas brincadeiras, se divertia como todos. Na escola, apesar da paix\u00e3o por hist\u00f3ria e biologia, n\u00e3o se destacou entre tantos outros alunos. Ali\u00e1s, quem sempre tirou as maiores notas, especialmente em matem\u00e1tica, foi a Ta\u00eds, sua vizinha de carteira.<\/p>\n<p>Veio a adolesc\u00eancia, seguida de transforma\u00e7\u00f5es, que, de certa forma, a envergonharam. Todavia, depois de alguns anos, ela se apaixonou por si pr\u00f3pria. Totalmente despida, olhava-se diante do espelho. Linda! Maravilhosa!<\/p>\n<p>N\u00e3o demorou muito, os amigos de inf\u00e2ncia todos foram se aprumando com algu\u00e9m. Casamentos cheios de amor e promessas, outros nem tanto, alguns at\u00e9 por conveni\u00eancia ou, ent\u00e3o, simples arranjos entre fam\u00edlias. E foi justamente na festan\u00e7a do cas\u00f3rio da Ta\u00eds, aquela que fizera companhia para Betina na escola, que o fato se deu.<\/p>\n<p>Pois \u00e9, parece que Ta\u00eds errou os c\u00e1lculos na hora da famigerada tabelinha, embuchou e, antes que algu\u00e9m percebesse, sua m\u00e3e a obrigou a se casar com o Albertinho, filho do seu Alberto, neto do seu Albert\u00e3o, que tamb\u00e9m herdou o nome de algum ancestral. Gente sempre daquele lugar.<\/p>\n<p>Aquele mundar\u00e9u de conhecidos, aquela quantidade de comida capaz de saciar a fome de um pequeno povoado. E l\u00e1 estava a Betina, com um copo de licor entre os dedos, quando o Olavo, irm\u00e3o do noivo, se aproximou. Ele j\u00e1 estava de olho naquelas carnes h\u00e1 tempos, mas Betina nunca lhe deu trela. Seja como for, o rapazola tentou mais uma investida, agora apelando para os brios da jovem mulher, no auge dos seus 29 anos.<\/p>\n<p>&#8211; J\u00e1 est\u00e1 indo pro carit\u00f3, hein, Betina!<\/p>\n<p>&#8211; T\u00f4 indo tomar conta da minha vida!<\/p>\n<p>E foi justamente o que ela fez. Mudou-se da cidade e, at\u00e9 onde se sabe, nunca mais voltou.<\/p>\n","protected":false},"excerpt":{"rendered":"<p>Betina, apesar do nome pouco comum, n\u00e3o parecia se diferenciar de outras crian\u00e7as da rua, fossem irm\u00e3os, primos, parentes de considera\u00e7\u00e3o, amiguinhos ou at\u00e9 completos desconhecidos. Nas brincadeiras, se divertia como todos. Na escola, apesar da paix\u00e3o por hist\u00f3ria e biologia, n\u00e3o se destacou entre tantos outros alunos. Ali\u00e1s, quem sempre tirou as maiores notas, [&hellip;]<\/p>\n","protected":false},"author":2,"featured_media":313200,"comment_status":"closed","ping_status":"closed","sticky":false,"template":"","format":"standard","meta":{"_acf_changed":false,"footnotes":""},"categories":[161],"tags":[],"class_list":["post-313199","post","type-post","status-publish","format-standard","has-post-thumbnail","hentry","category-quadradinho-em-foco"],"acf":[],"yoast_head":"<!-- This site is optimized with the Yoast SEO plugin v27.2 - https:\/\/yoast.com\/product\/yoast-seo-wordpress\/ -->\n<title>Entre Olavo e carit\u00f3, Betina preferiu outra cidade - Notibras<\/title>\n<meta name=\"robots\" content=\"index, follow, max-snippet:-1, max-image-preview:large, max-video-preview:-1\" \/>\n<link rel=\"canonical\" href=\"https:\/\/www.notibras.com\/site\/entre-olavo-e-carito-betina-preferiu-outra-cidade\/\" \/>\n<meta property=\"og:locale\" content=\"pt_BR\" \/>\n<meta property=\"og:type\" content=\"article\" \/>\n<meta property=\"og:title\" content=\"Entre Olavo e carit\u00f3, Betina preferiu outra cidade - Notibras\" \/>\n<meta property=\"og:description\" content=\"Betina, apesar do nome pouco comum, n\u00e3o parecia se diferenciar de outras crian\u00e7as da rua, fossem irm\u00e3os, primos, parentes de considera\u00e7\u00e3o, amiguinhos ou at\u00e9 completos desconhecidos. Nas brincadeiras, se divertia como todos. Na escola, apesar da paix\u00e3o por hist\u00f3ria e biologia, n\u00e3o se destacou entre tantos outros alunos. Ali\u00e1s, quem sempre tirou as maiores notas, [&hellip;]\" \/>\n<meta property=\"og:url\" content=\"https:\/\/www.notibras.com\/site\/entre-olavo-e-carito-betina-preferiu-outra-cidade\/\" \/>\n<meta property=\"og:site_name\" content=\"Notibras\" \/>\n<meta property=\"article:publisher\" content=\"https:\/\/www.facebook.com\/notibras\/\" \/>\n<meta property=\"article:published_time\" content=\"2023-09-21T11:00:12+00:00\" \/>\n<meta property=\"article:modified_time\" content=\"2023-09-21T12:06:20+00:00\" \/>\n<meta property=\"og:image\" content=\"https:\/\/www.notibras.com\/site\/wp-content\/uploads\/2023\/09\/betina.jpg\" \/>\n\t<meta property=\"og:image:width\" content=\"1024\" \/>\n\t<meta property=\"og:image:height\" content=\"806\" \/>\n\t<meta property=\"og:image:type\" content=\"image\/jpeg\" \/>\n<meta name=\"author\" content=\"Reda\u00e7\u00e3o\" \/>\n<meta name=\"twitter:card\" content=\"summary_large_image\" \/>\n<meta name=\"twitter:creator\" content=\"@Notibras\" \/>\n<meta name=\"twitter:site\" content=\"@Notibras\" \/>\n<meta name=\"twitter:label1\" content=\"Escrito por\" \/>\n\t<meta name=\"twitter:data1\" content=\"Reda\u00e7\u00e3o\" \/>\n\t<meta name=\"twitter:label2\" content=\"Est. tempo de leitura\" \/>\n\t<meta name=\"twitter:data2\" content=\"2 minutos\" \/>\n<script type=\"application\/ld+json\" class=\"yoast-schema-graph\">{\"@context\":\"https:\/\/schema.org\",\"@graph\":[{\"@type\":\"Article\",\"@id\":\"https:\/\/www.notibras.com\/site\/entre-olavo-e-carito-betina-preferiu-outra-cidade\/#article\",\"isPartOf\":{\"@id\":\"https:\/\/www.notibras.com\/site\/entre-olavo-e-carito-betina-preferiu-outra-cidade\/\"},\"author\":{\"name\":\"Reda\u00e7\u00e3o\",\"@id\":\"https:\/\/www.notibras.com\/site\/#\/schema\/person\/36ab0979449956132d3e5b517ea76ac8\"},\"headline\":\"Entre Olavo e carit\u00f3, Betina preferiu outra cidade\",\"datePublished\":\"2023-09-21T11:00:12+00:00\",\"dateModified\":\"2023-09-21T12:06:20+00:00\",\"mainEntityOfPage\":{\"@id\":\"https:\/\/www.notibras.com\/site\/entre-olavo-e-carito-betina-preferiu-outra-cidade\/\"},\"wordCount\":345,\"publisher\":{\"@id\":\"https:\/\/www.notibras.com\/site\/#organization\"},\"image\":{\"@id\":\"https:\/\/www.notibras.com\/site\/entre-olavo-e-carito-betina-preferiu-outra-cidade\/#primaryimage\"},\"thumbnailUrl\":\"https:\/\/www.notibras.com\/site\/wp-content\/uploads\/2023\/09\/betina.jpg\",\"articleSection\":[\"Quadradinho em Foco\"],\"inLanguage\":\"pt-BR\"},{\"@type\":\"WebPage\",\"@id\":\"https:\/\/www.notibras.com\/site\/entre-olavo-e-carito-betina-preferiu-outra-cidade\/\",\"url\":\"https:\/\/www.notibras.com\/site\/entre-olavo-e-carito-betina-preferiu-outra-cidade\/\",\"name\":\"Entre Olavo e carit\u00f3, Betina preferiu outra cidade - Notibras\",\"isPartOf\":{\"@id\":\"https:\/\/www.notibras.com\/site\/#website\"},\"primaryImageOfPage\":{\"@id\":\"https:\/\/www.notibras.com\/site\/entre-olavo-e-carito-betina-preferiu-outra-cidade\/#primaryimage\"},\"image\":{\"@id\":\"https:\/\/www.notibras.com\/site\/entre-olavo-e-carito-betina-preferiu-outra-cidade\/#primaryimage\"},\"thumbnailUrl\":\"https:\/\/www.notibras.com\/site\/wp-content\/uploads\/2023\/09\/betina.jpg\",\"datePublished\":\"2023-09-21T11:00:12+00:00\",\"dateModified\":\"2023-09-21T12:06:20+00:00\",\"breadcrumb\":{\"@id\":\"https:\/\/www.notibras.com\/site\/entre-olavo-e-carito-betina-preferiu-outra-cidade\/#breadcrumb\"},\"inLanguage\":\"pt-BR\",\"potentialAction\":[{\"@type\":\"ReadAction\",\"target\":[\"https:\/\/www.notibras.com\/site\/entre-olavo-e-carito-betina-preferiu-outra-cidade\/\"]}]},{\"@type\":\"ImageObject\",\"inLanguage\":\"pt-BR\",\"@id\":\"https:\/\/www.notibras.com\/site\/entre-olavo-e-carito-betina-preferiu-outra-cidade\/#primaryimage\",\"url\":\"https:\/\/www.notibras.com\/site\/wp-content\/uploads\/2023\/09\/betina.jpg\",\"contentUrl\":\"https:\/\/www.notibras.com\/site\/wp-content\/uploads\/2023\/09\/betina.jpg\",\"width\":1024,\"height\":806},{\"@type\":\"BreadcrumbList\",\"@id\":\"https:\/\/www.notibras.com\/site\/entre-olavo-e-carito-betina-preferiu-outra-cidade\/#breadcrumb\",\"itemListElement\":[{\"@type\":\"ListItem\",\"position\":1,\"name\":\"In\u00edcio\",\"item\":\"https:\/\/www.notibras.com\/site\/\"},{\"@type\":\"ListItem\",\"position\":2,\"name\":\"Entre Olavo e carit\u00f3, Betina preferiu outra cidade\"}]},{\"@type\":\"WebSite\",\"@id\":\"https:\/\/www.notibras.com\/site\/#website\",\"url\":\"https:\/\/www.notibras.com\/site\/\",\"name\":\"Notibras\",\"description\":\"Not\u00edcias de Bras\u00edlia, do Brasil e do Mundo\",\"publisher\":{\"@id\":\"https:\/\/www.notibras.com\/site\/#organization\"},\"potentialAction\":[{\"@type\":\"SearchAction\",\"target\":{\"@type\":\"EntryPoint\",\"urlTemplate\":\"https:\/\/www.notibras.com\/site\/?s={search_term_string}\"},\"query-input\":{\"@type\":\"PropertyValueSpecification\",\"valueRequired\":true,\"valueName\":\"search_term_string\"}}],\"inLanguage\":\"pt-BR\"},{\"@type\":\"Organization\",\"@id\":\"https:\/\/www.notibras.com\/site\/#organization\",\"name\":\"Grupo Notibras de Comunica\u00e7\u00e3o\",\"url\":\"https:\/\/www.notibras.com\/site\/\",\"logo\":{\"@type\":\"ImageObject\",\"inLanguage\":\"pt-BR\",\"@id\":\"https:\/\/www.notibras.com\/site\/#\/schema\/logo\/image\/\",\"url\":\"https:\/\/www.notibras.com\/site\/wp-content\/uploads\/2023\/01\/notibras23.png\",\"contentUrl\":\"https:\/\/www.notibras.com\/site\/wp-content\/uploads\/2023\/01\/notibras23.png\",\"width\":350,\"height\":87,\"caption\":\"Grupo Notibras de Comunica\u00e7\u00e3o\"},\"image\":{\"@id\":\"https:\/\/www.notibras.com\/site\/#\/schema\/logo\/image\/\"},\"sameAs\":[\"https:\/\/www.facebook.com\/notibras\/\",\"https:\/\/x.com\/Notibras\",\"https:\/\/www.instagram.com\/notibras\/\"]},{\"@type\":\"Person\",\"@id\":\"https:\/\/www.notibras.com\/site\/#\/schema\/person\/36ab0979449956132d3e5b517ea76ac8\",\"name\":\"Reda\u00e7\u00e3o\",\"image\":{\"@type\":\"ImageObject\",\"inLanguage\":\"pt-BR\",\"@id\":\"https:\/\/secure.gravatar.com\/avatar\/e0a867bdedb85fd243eadf09663511f96fc81e0720a4a42581f334ad4303aa6b?s=96&d=mm&r=g\",\"url\":\"https:\/\/secure.gravatar.com\/avatar\/e0a867bdedb85fd243eadf09663511f96fc81e0720a4a42581f334ad4303aa6b?s=96&d=mm&r=g\",\"contentUrl\":\"https:\/\/secure.gravatar.com\/avatar\/e0a867bdedb85fd243eadf09663511f96fc81e0720a4a42581f334ad4303aa6b?s=96&d=mm&r=g\",\"caption\":\"Reda\u00e7\u00e3o\"}}]}<\/script>\n<!-- \/ Yoast SEO plugin. -->","yoast_head_json":{"title":"Entre Olavo e carit\u00f3, Betina preferiu outra cidade - Notibras","robots":{"index":"index","follow":"follow","max-snippet":"max-snippet:-1","max-image-preview":"max-image-preview:large","max-video-preview":"max-video-preview:-1"},"canonical":"https:\/\/www.notibras.com\/site\/entre-olavo-e-carito-betina-preferiu-outra-cidade\/","og_locale":"pt_BR","og_type":"article","og_title":"Entre Olavo e carit\u00f3, Betina preferiu outra cidade - Notibras","og_description":"Betina, apesar do nome pouco comum, n\u00e3o parecia se diferenciar de outras crian\u00e7as da rua, fossem irm\u00e3os, primos, parentes de considera\u00e7\u00e3o, amiguinhos ou at\u00e9 completos desconhecidos. Nas brincadeiras, se divertia como todos. Na escola, apesar da paix\u00e3o por hist\u00f3ria e biologia, n\u00e3o se destacou entre tantos outros alunos. Ali\u00e1s, quem sempre tirou as maiores notas, [&hellip;]","og_url":"https:\/\/www.notibras.com\/site\/entre-olavo-e-carito-betina-preferiu-outra-cidade\/","og_site_name":"Notibras","article_publisher":"https:\/\/www.facebook.com\/notibras\/","article_published_time":"2023-09-21T11:00:12+00:00","article_modified_time":"2023-09-21T12:06:20+00:00","og_image":[{"width":1024,"height":806,"url":"https:\/\/www.notibras.com\/site\/wp-content\/uploads\/2023\/09\/betina.jpg","type":"image\/jpeg"}],"author":"Reda\u00e7\u00e3o","twitter_card":"summary_large_image","twitter_creator":"@Notibras","twitter_site":"@Notibras","twitter_misc":{"Escrito por":"Reda\u00e7\u00e3o","Est. tempo de leitura":"2 minutos"},"schema":{"@context":"https:\/\/schema.org","@graph":[{"@type":"Article","@id":"https:\/\/www.notibras.com\/site\/entre-olavo-e-carito-betina-preferiu-outra-cidade\/#article","isPartOf":{"@id":"https:\/\/www.notibras.com\/site\/entre-olavo-e-carito-betina-preferiu-outra-cidade\/"},"author":{"name":"Reda\u00e7\u00e3o","@id":"https:\/\/www.notibras.com\/site\/#\/schema\/person\/36ab0979449956132d3e5b517ea76ac8"},"headline":"Entre Olavo e carit\u00f3, Betina preferiu outra cidade","datePublished":"2023-09-21T11:00:12+00:00","dateModified":"2023-09-21T12:06:20+00:00","mainEntityOfPage":{"@id":"https:\/\/www.notibras.com\/site\/entre-olavo-e-carito-betina-preferiu-outra-cidade\/"},"wordCount":345,"publisher":{"@id":"https:\/\/www.notibras.com\/site\/#organization"},"image":{"@id":"https:\/\/www.notibras.com\/site\/entre-olavo-e-carito-betina-preferiu-outra-cidade\/#primaryimage"},"thumbnailUrl":"https:\/\/www.notibras.com\/site\/wp-content\/uploads\/2023\/09\/betina.jpg","articleSection":["Quadradinho em Foco"],"inLanguage":"pt-BR"},{"@type":"WebPage","@id":"https:\/\/www.notibras.com\/site\/entre-olavo-e-carito-betina-preferiu-outra-cidade\/","url":"https:\/\/www.notibras.com\/site\/entre-olavo-e-carito-betina-preferiu-outra-cidade\/","name":"Entre Olavo e carit\u00f3, Betina preferiu outra cidade - Notibras","isPartOf":{"@id":"https:\/\/www.notibras.com\/site\/#website"},"primaryImageOfPage":{"@id":"https:\/\/www.notibras.com\/site\/entre-olavo-e-carito-betina-preferiu-outra-cidade\/#primaryimage"},"image":{"@id":"https:\/\/www.notibras.com\/site\/entre-olavo-e-carito-betina-preferiu-outra-cidade\/#primaryimage"},"thumbnailUrl":"https:\/\/www.notibras.com\/site\/wp-content\/uploads\/2023\/09\/betina.jpg","datePublished":"2023-09-21T11:00:12+00:00","dateModified":"2023-09-21T12:06:20+00:00","breadcrumb":{"@id":"https:\/\/www.notibras.com\/site\/entre-olavo-e-carito-betina-preferiu-outra-cidade\/#breadcrumb"},"inLanguage":"pt-BR","potentialAction":[{"@type":"ReadAction","target":["https:\/\/www.notibras.com\/site\/entre-olavo-e-carito-betina-preferiu-outra-cidade\/"]}]},{"@type":"ImageObject","inLanguage":"pt-BR","@id":"https:\/\/www.notibras.com\/site\/entre-olavo-e-carito-betina-preferiu-outra-cidade\/#primaryimage","url":"https:\/\/www.notibras.com\/site\/wp-content\/uploads\/2023\/09\/betina.jpg","contentUrl":"https:\/\/www.notibras.com\/site\/wp-content\/uploads\/2023\/09\/betina.jpg","width":1024,"height":806},{"@type":"BreadcrumbList","@id":"https:\/\/www.notibras.com\/site\/entre-olavo-e-carito-betina-preferiu-outra-cidade\/#breadcrumb","itemListElement":[{"@type":"ListItem","position":1,"name":"In\u00edcio","item":"https:\/\/www.notibras.com\/site\/"},{"@type":"ListItem","position":2,"name":"Entre Olavo e carit\u00f3, Betina preferiu outra cidade"}]},{"@type":"WebSite","@id":"https:\/\/www.notibras.com\/site\/#website","url":"https:\/\/www.notibras.com\/site\/","name":"Notibras","description":"Not\u00edcias de Bras\u00edlia, do Brasil e do Mundo","publisher":{"@id":"https:\/\/www.notibras.com\/site\/#organization"},"potentialAction":[{"@type":"SearchAction","target":{"@type":"EntryPoint","urlTemplate":"https:\/\/www.notibras.com\/site\/?s={search_term_string}"},"query-input":{"@type":"PropertyValueSpecification","valueRequired":true,"valueName":"search_term_string"}}],"inLanguage":"pt-BR"},{"@type":"Organization","@id":"https:\/\/www.notibras.com\/site\/#organization","name":"Grupo Notibras de Comunica\u00e7\u00e3o","url":"https:\/\/www.notibras.com\/site\/","logo":{"@type":"ImageObject","inLanguage":"pt-BR","@id":"https:\/\/www.notibras.com\/site\/#\/schema\/logo\/image\/","url":"https:\/\/www.notibras.com\/site\/wp-content\/uploads\/2023\/01\/notibras23.png","contentUrl":"https:\/\/www.notibras.com\/site\/wp-content\/uploads\/2023\/01\/notibras23.png","width":350,"height":87,"caption":"Grupo Notibras de Comunica\u00e7\u00e3o"},"image":{"@id":"https:\/\/www.notibras.com\/site\/#\/schema\/logo\/image\/"},"sameAs":["https:\/\/www.facebook.com\/notibras\/","https:\/\/x.com\/Notibras","https:\/\/www.instagram.com\/notibras\/"]},{"@type":"Person","@id":"https:\/\/www.notibras.com\/site\/#\/schema\/person\/36ab0979449956132d3e5b517ea76ac8","name":"Reda\u00e7\u00e3o","image":{"@type":"ImageObject","inLanguage":"pt-BR","@id":"https:\/\/secure.gravatar.com\/avatar\/e0a867bdedb85fd243eadf09663511f96fc81e0720a4a42581f334ad4303aa6b?s=96&d=mm&r=g","url":"https:\/\/secure.gravatar.com\/avatar\/e0a867bdedb85fd243eadf09663511f96fc81e0720a4a42581f334ad4303aa6b?s=96&d=mm&r=g","contentUrl":"https:\/\/secure.gravatar.com\/avatar\/e0a867bdedb85fd243eadf09663511f96fc81e0720a4a42581f334ad4303aa6b?s=96&d=mm&r=g","caption":"Reda\u00e7\u00e3o"}}]}},"amp_enabled":true,"_links":{"self":[{"href":"https:\/\/www.notibras.com\/site\/wp-json\/wp\/v2\/posts\/313199","targetHints":{"allow":["GET"]}}],"collection":[{"href":"https:\/\/www.notibras.com\/site\/wp-json\/wp\/v2\/posts"}],"about":[{"href":"https:\/\/www.notibras.com\/site\/wp-json\/wp\/v2\/types\/post"}],"author":[{"embeddable":true,"href":"https:\/\/www.notibras.com\/site\/wp-json\/wp\/v2\/users\/2"}],"replies":[{"embeddable":true,"href":"https:\/\/www.notibras.com\/site\/wp-json\/wp\/v2\/comments?post=313199"}],"version-history":[{"count":1,"href":"https:\/\/www.notibras.com\/site\/wp-json\/wp\/v2\/posts\/313199\/revisions"}],"predecessor-version":[{"id":313201,"href":"https:\/\/www.notibras.com\/site\/wp-json\/wp\/v2\/posts\/313199\/revisions\/313201"}],"wp:featuredmedia":[{"embeddable":true,"href":"https:\/\/www.notibras.com\/site\/wp-json\/wp\/v2\/media\/313200"}],"wp:attachment":[{"href":"https:\/\/www.notibras.com\/site\/wp-json\/wp\/v2\/media?parent=313199"}],"wp:term":[{"taxonomy":"category","embeddable":true,"href":"https:\/\/www.notibras.com\/site\/wp-json\/wp\/v2\/categories?post=313199"},{"taxonomy":"post_tag","embeddable":true,"href":"https:\/\/www.notibras.com\/site\/wp-json\/wp\/v2\/tags?post=313199"}],"curies":[{"name":"wp","href":"https:\/\/api.w.org\/{rel}","templated":true}]}}