{"id":313229,"date":"2023-09-21T12:35:57","date_gmt":"2023-09-21T15:35:57","guid":{"rendered":"https:\/\/www.notibras.com\/site\/?p=313229"},"modified":"2023-09-21T12:35:57","modified_gmt":"2023-09-21T15:35:57","slug":"definidas-regras-para-recesso-de-servidores","status":"publish","type":"post","link":"https:\/\/www.notibras.com\/site\/definidas-regras-para-recesso-de-servidores\/","title":{"rendered":"Definidas regras para recesso de servidores"},"content":{"rendered":"<p>Os trabalhadores da administra\u00e7\u00e3o p\u00fablica federal j\u00e1 t\u00eam definidas as regras do recesso para comemora\u00e7\u00e3o das festas de fim de ano. Portaria publicada no Di\u00e1rio Oficial da Uni\u00e3o desta quinta-feira (21) estabelece os per\u00edodos de 26 a 29 de dezembro, para o recesso de Natal, e de 2 a 5 de janeiro para o de ano-novo.<\/p>\n<p>A medida vale para trabalhadores de \u00f3rg\u00e3os e entidades integrantes da administra\u00e7\u00e3o p\u00fablica federal direta, aut\u00e1rquica e fundacional. Tamb\u00e9m s\u00e3o beneficiados pelo recesso empregados p\u00fablicos, contratos tempor\u00e1rios e estagi\u00e1rios.<\/p>\n<p>De acordo com as orienta\u00e7\u00f5es, al\u00e9m do revezamento, que busca a manuten\u00e7\u00e3o dos servi\u00e7os essenciais \u00e0 administra\u00e7\u00e3o p\u00fablica federal, os servidores tamb\u00e9m dever\u00e3o pagar os dias usufru\u00eddos. A compensa\u00e7\u00e3o das horas n\u00e3o trabalhadas poder\u00e1 ser antecipada ao per\u00edodo de recesso, a partir de 2 de outubro.<\/p>\n<p>At\u00e9 o dia 31 de maio de 2024, os servidores dever\u00e3o quitar as horas devidas, com o acr\u00e9scimo de at\u00e9 duas horas, antes ou depois da jornada em caso de trabalho presencial. Para estagi\u00e1rios, s\u00f3 ser\u00e1 poss\u00edvel compensar uma hora por dia.<\/p>\n<p>A publica\u00e7\u00e3o tamb\u00e9m determina como ser\u00e1 a compensa\u00e7\u00e3o para os servidores participantes do Programa de Gest\u00e3o e Desempenho, que substitui a jornada hor\u00e1ria por metas de desempenho e entrega de resultados. Nesses casos, o servidor que resolver aderir ao recesso de fim de ano dever\u00e1 manter o cumprimento dos prazos de entrega estabelecidos no acordo.<\/p>\n<p>Em caso de n\u00e3o pagamento integral das horas n\u00e3o trabalhada, ou n\u00e3o cumprimento das metas pactuadas, os servidores ser\u00e3o descontados na remunera\u00e7\u00e3o, de forma proporcional ao que ficar pendente.<\/p>\n","protected":false},"excerpt":{"rendered":"<p>Os trabalhadores da administra\u00e7\u00e3o p\u00fablica federal j\u00e1 t\u00eam definidas as regras do recesso para comemora\u00e7\u00e3o das festas de fim de ano. Portaria publicada no Di\u00e1rio Oficial da Uni\u00e3o desta quinta-feira (21) estabelece os per\u00edodos de 26 a 29 de dezembro, para o recesso de Natal, e de 2 a 5 de janeiro para o de [&hellip;]<\/p>\n","protected":false},"author":2,"featured_media":313232,"comment_status":"closed","ping_status":"closed","sticky":false,"template":"","format":"standard","meta":{"_acf_changed":false,"footnotes":""},"categories":[161],"tags":[],"class_list":["post-313229","post","type-post","status-publish","format-standard","has-post-thumbnail","hentry","category-quadradinho-em-foco"],"acf":[],"yoast_head":"<!-- This site is optimized with the Yoast SEO plugin v27.2 - https:\/\/yoast.com\/product\/yoast-seo-wordpress\/ -->\n<title>Definidas regras para recesso de servidores - Notibras<\/title>\n<meta name=\"robots\" content=\"index, follow, max-snippet:-1, max-image-preview:large, max-video-preview:-1\" \/>\n<link rel=\"canonical\" href=\"https:\/\/www.notibras.com\/site\/definidas-regras-para-recesso-de-servidores\/\" \/>\n<meta property=\"og:locale\" content=\"pt_BR\" \/>\n<meta property=\"og:type\" content=\"article\" \/>\n<meta property=\"og:title\" content=\"Definidas regras para recesso de servidores - Notibras\" \/>\n<meta property=\"og:description\" content=\"Os trabalhadores da administra\u00e7\u00e3o p\u00fablica federal j\u00e1 t\u00eam definidas as regras do recesso para comemora\u00e7\u00e3o das festas de fim de ano. Portaria publicada no Di\u00e1rio Oficial da Uni\u00e3o desta quinta-feira (21) estabelece os per\u00edodos de 26 a 29 de dezembro, para o recesso de Natal, e de 2 a 5 de janeiro para o de [&hellip;]\" \/>\n<meta property=\"og:url\" content=\"https:\/\/www.notibras.com\/site\/definidas-regras-para-recesso-de-servidores\/\" \/>\n<meta property=\"og:site_name\" content=\"Notibras\" \/>\n<meta property=\"article:publisher\" content=\"https:\/\/www.facebook.com\/notibras\/\" \/>\n<meta property=\"article:published_time\" content=\"2023-09-21T15:35:57+00:00\" \/>\n<meta property=\"og:image\" content=\"https:\/\/www.notibras.com\/site\/wp-content\/uploads\/2023\/09\/ja_1082_0.jpg\" \/>\n\t<meta property=\"og:image:width\" content=\"1170\" \/>\n\t<meta property=\"og:image:height\" content=\"700\" \/>\n\t<meta property=\"og:image:type\" content=\"image\/jpeg\" \/>\n<meta name=\"author\" content=\"Reda\u00e7\u00e3o\" \/>\n<meta name=\"twitter:card\" content=\"summary_large_image\" \/>\n<meta name=\"twitter:creator\" content=\"@Notibras\" \/>\n<meta name=\"twitter:site\" content=\"@Notibras\" \/>\n<meta name=\"twitter:label1\" content=\"Escrito por\" \/>\n\t<meta name=\"twitter:data1\" content=\"Reda\u00e7\u00e3o\" \/>\n\t<meta name=\"twitter:label2\" content=\"Est. tempo de leitura\" \/>\n\t<meta name=\"twitter:data2\" content=\"2 minutos\" \/>\n<script type=\"application\/ld+json\" class=\"yoast-schema-graph\">{\"@context\":\"https:\/\/schema.org\",\"@graph\":[{\"@type\":\"Article\",\"@id\":\"https:\/\/www.notibras.com\/site\/definidas-regras-para-recesso-de-servidores\/#article\",\"isPartOf\":{\"@id\":\"https:\/\/www.notibras.com\/site\/definidas-regras-para-recesso-de-servidores\/\"},\"author\":{\"name\":\"Reda\u00e7\u00e3o\",\"@id\":\"https:\/\/www.notibras.com\/site\/#\/schema\/person\/36ab0979449956132d3e5b517ea76ac8\"},\"headline\":\"Definidas regras para recesso de servidores\",\"datePublished\":\"2023-09-21T15:35:57+00:00\",\"mainEntityOfPage\":{\"@id\":\"https:\/\/www.notibras.com\/site\/definidas-regras-para-recesso-de-servidores\/\"},\"wordCount\":296,\"publisher\":{\"@id\":\"https:\/\/www.notibras.com\/site\/#organization\"},\"image\":{\"@id\":\"https:\/\/www.notibras.com\/site\/definidas-regras-para-recesso-de-servidores\/#primaryimage\"},\"thumbnailUrl\":\"https:\/\/www.notibras.com\/site\/wp-content\/uploads\/2023\/09\/ja_1082_0.jpg\",\"articleSection\":[\"Quadradinho em Foco\"],\"inLanguage\":\"pt-BR\"},{\"@type\":\"WebPage\",\"@id\":\"https:\/\/www.notibras.com\/site\/definidas-regras-para-recesso-de-servidores\/\",\"url\":\"https:\/\/www.notibras.com\/site\/definidas-regras-para-recesso-de-servidores\/\",\"name\":\"Definidas regras para recesso de servidores - Notibras\",\"isPartOf\":{\"@id\":\"https:\/\/www.notibras.com\/site\/#website\"},\"primaryImageOfPage\":{\"@id\":\"https:\/\/www.notibras.com\/site\/definidas-regras-para-recesso-de-servidores\/#primaryimage\"},\"image\":{\"@id\":\"https:\/\/www.notibras.com\/site\/definidas-regras-para-recesso-de-servidores\/#primaryimage\"},\"thumbnailUrl\":\"https:\/\/www.notibras.com\/site\/wp-content\/uploads\/2023\/09\/ja_1082_0.jpg\",\"datePublished\":\"2023-09-21T15:35:57+00:00\",\"breadcrumb\":{\"@id\":\"https:\/\/www.notibras.com\/site\/definidas-regras-para-recesso-de-servidores\/#breadcrumb\"},\"inLanguage\":\"pt-BR\",\"potentialAction\":[{\"@type\":\"ReadAction\",\"target\":[\"https:\/\/www.notibras.com\/site\/definidas-regras-para-recesso-de-servidores\/\"]}]},{\"@type\":\"ImageObject\",\"inLanguage\":\"pt-BR\",\"@id\":\"https:\/\/www.notibras.com\/site\/definidas-regras-para-recesso-de-servidores\/#primaryimage\",\"url\":\"https:\/\/www.notibras.com\/site\/wp-content\/uploads\/2023\/09\/ja_1082_0.jpg\",\"contentUrl\":\"https:\/\/www.notibras.com\/site\/wp-content\/uploads\/2023\/09\/ja_1082_0.jpg\",\"width\":1170,\"height\":700,\"caption\":\"Bras\u00edlia (DF) - 05\/09\/2023 - Vista da Esplanada dos Minist\u00e9rios preparada para receber o desfile de 7 de setembro Foto: Jo\u00e9dson Alves\/Ag\u00eancia Brasil\"},{\"@type\":\"BreadcrumbList\",\"@id\":\"https:\/\/www.notibras.com\/site\/definidas-regras-para-recesso-de-servidores\/#breadcrumb\",\"itemListElement\":[{\"@type\":\"ListItem\",\"position\":1,\"name\":\"In\u00edcio\",\"item\":\"https:\/\/www.notibras.com\/site\/\"},{\"@type\":\"ListItem\",\"position\":2,\"name\":\"Definidas regras para recesso de servidores\"}]},{\"@type\":\"WebSite\",\"@id\":\"https:\/\/www.notibras.com\/site\/#website\",\"url\":\"https:\/\/www.notibras.com\/site\/\",\"name\":\"Notibras\",\"description\":\"Not\u00edcias de Bras\u00edlia, do Brasil e do Mundo\",\"publisher\":{\"@id\":\"https:\/\/www.notibras.com\/site\/#organization\"},\"potentialAction\":[{\"@type\":\"SearchAction\",\"target\":{\"@type\":\"EntryPoint\",\"urlTemplate\":\"https:\/\/www.notibras.com\/site\/?s={search_term_string}\"},\"query-input\":{\"@type\":\"PropertyValueSpecification\",\"valueRequired\":true,\"valueName\":\"search_term_string\"}}],\"inLanguage\":\"pt-BR\"},{\"@type\":\"Organization\",\"@id\":\"https:\/\/www.notibras.com\/site\/#organization\",\"name\":\"Grupo Notibras de Comunica\u00e7\u00e3o\",\"url\":\"https:\/\/www.notibras.com\/site\/\",\"logo\":{\"@type\":\"ImageObject\",\"inLanguage\":\"pt-BR\",\"@id\":\"https:\/\/www.notibras.com\/site\/#\/schema\/logo\/image\/\",\"url\":\"https:\/\/www.notibras.com\/site\/wp-content\/uploads\/2023\/01\/notibras23.png\",\"contentUrl\":\"https:\/\/www.notibras.com\/site\/wp-content\/uploads\/2023\/01\/notibras23.png\",\"width\":350,\"height\":87,\"caption\":\"Grupo Notibras de Comunica\u00e7\u00e3o\"},\"image\":{\"@id\":\"https:\/\/www.notibras.com\/site\/#\/schema\/logo\/image\/\"},\"sameAs\":[\"https:\/\/www.facebook.com\/notibras\/\",\"https:\/\/x.com\/Notibras\",\"https:\/\/www.instagram.com\/notibras\/\"]},{\"@type\":\"Person\",\"@id\":\"https:\/\/www.notibras.com\/site\/#\/schema\/person\/36ab0979449956132d3e5b517ea76ac8\",\"name\":\"Reda\u00e7\u00e3o\",\"image\":{\"@type\":\"ImageObject\",\"inLanguage\":\"pt-BR\",\"@id\":\"https:\/\/secure.gravatar.com\/avatar\/e0a867bdedb85fd243eadf09663511f96fc81e0720a4a42581f334ad4303aa6b?s=96&d=mm&r=g\",\"url\":\"https:\/\/secure.gravatar.com\/avatar\/e0a867bdedb85fd243eadf09663511f96fc81e0720a4a42581f334ad4303aa6b?s=96&d=mm&r=g\",\"contentUrl\":\"https:\/\/secure.gravatar.com\/avatar\/e0a867bdedb85fd243eadf09663511f96fc81e0720a4a42581f334ad4303aa6b?s=96&d=mm&r=g\",\"caption\":\"Reda\u00e7\u00e3o\"}}]}<\/script>\n<!-- \/ Yoast SEO plugin. -->","yoast_head_json":{"title":"Definidas regras para recesso de servidores - Notibras","robots":{"index":"index","follow":"follow","max-snippet":"max-snippet:-1","max-image-preview":"max-image-preview:large","max-video-preview":"max-video-preview:-1"},"canonical":"https:\/\/www.notibras.com\/site\/definidas-regras-para-recesso-de-servidores\/","og_locale":"pt_BR","og_type":"article","og_title":"Definidas regras para recesso de servidores - Notibras","og_description":"Os trabalhadores da administra\u00e7\u00e3o p\u00fablica federal j\u00e1 t\u00eam definidas as regras do recesso para comemora\u00e7\u00e3o das festas de fim de ano. Portaria publicada no Di\u00e1rio Oficial da Uni\u00e3o desta quinta-feira (21) estabelece os per\u00edodos de 26 a 29 de dezembro, para o recesso de Natal, e de 2 a 5 de janeiro para o de [&hellip;]","og_url":"https:\/\/www.notibras.com\/site\/definidas-regras-para-recesso-de-servidores\/","og_site_name":"Notibras","article_publisher":"https:\/\/www.facebook.com\/notibras\/","article_published_time":"2023-09-21T15:35:57+00:00","og_image":[{"width":1170,"height":700,"url":"https:\/\/www.notibras.com\/site\/wp-content\/uploads\/2023\/09\/ja_1082_0.jpg","type":"image\/jpeg"}],"author":"Reda\u00e7\u00e3o","twitter_card":"summary_large_image","twitter_creator":"@Notibras","twitter_site":"@Notibras","twitter_misc":{"Escrito por":"Reda\u00e7\u00e3o","Est. tempo de leitura":"2 minutos"},"schema":{"@context":"https:\/\/schema.org","@graph":[{"@type":"Article","@id":"https:\/\/www.notibras.com\/site\/definidas-regras-para-recesso-de-servidores\/#article","isPartOf":{"@id":"https:\/\/www.notibras.com\/site\/definidas-regras-para-recesso-de-servidores\/"},"author":{"name":"Reda\u00e7\u00e3o","@id":"https:\/\/www.notibras.com\/site\/#\/schema\/person\/36ab0979449956132d3e5b517ea76ac8"},"headline":"Definidas regras para recesso de servidores","datePublished":"2023-09-21T15:35:57+00:00","mainEntityOfPage":{"@id":"https:\/\/www.notibras.com\/site\/definidas-regras-para-recesso-de-servidores\/"},"wordCount":296,"publisher":{"@id":"https:\/\/www.notibras.com\/site\/#organization"},"image":{"@id":"https:\/\/www.notibras.com\/site\/definidas-regras-para-recesso-de-servidores\/#primaryimage"},"thumbnailUrl":"https:\/\/www.notibras.com\/site\/wp-content\/uploads\/2023\/09\/ja_1082_0.jpg","articleSection":["Quadradinho em Foco"],"inLanguage":"pt-BR"},{"@type":"WebPage","@id":"https:\/\/www.notibras.com\/site\/definidas-regras-para-recesso-de-servidores\/","url":"https:\/\/www.notibras.com\/site\/definidas-regras-para-recesso-de-servidores\/","name":"Definidas regras para recesso de servidores - Notibras","isPartOf":{"@id":"https:\/\/www.notibras.com\/site\/#website"},"primaryImageOfPage":{"@id":"https:\/\/www.notibras.com\/site\/definidas-regras-para-recesso-de-servidores\/#primaryimage"},"image":{"@id":"https:\/\/www.notibras.com\/site\/definidas-regras-para-recesso-de-servidores\/#primaryimage"},"thumbnailUrl":"https:\/\/www.notibras.com\/site\/wp-content\/uploads\/2023\/09\/ja_1082_0.jpg","datePublished":"2023-09-21T15:35:57+00:00","breadcrumb":{"@id":"https:\/\/www.notibras.com\/site\/definidas-regras-para-recesso-de-servidores\/#breadcrumb"},"inLanguage":"pt-BR","potentialAction":[{"@type":"ReadAction","target":["https:\/\/www.notibras.com\/site\/definidas-regras-para-recesso-de-servidores\/"]}]},{"@type":"ImageObject","inLanguage":"pt-BR","@id":"https:\/\/www.notibras.com\/site\/definidas-regras-para-recesso-de-servidores\/#primaryimage","url":"https:\/\/www.notibras.com\/site\/wp-content\/uploads\/2023\/09\/ja_1082_0.jpg","contentUrl":"https:\/\/www.notibras.com\/site\/wp-content\/uploads\/2023\/09\/ja_1082_0.jpg","width":1170,"height":700,"caption":"Bras\u00edlia (DF) - 05\/09\/2023 - Vista da Esplanada dos Minist\u00e9rios preparada para receber o desfile de 7 de setembro Foto: Jo\u00e9dson Alves\/Ag\u00eancia Brasil"},{"@type":"BreadcrumbList","@id":"https:\/\/www.notibras.com\/site\/definidas-regras-para-recesso-de-servidores\/#breadcrumb","itemListElement":[{"@type":"ListItem","position":1,"name":"In\u00edcio","item":"https:\/\/www.notibras.com\/site\/"},{"@type":"ListItem","position":2,"name":"Definidas regras para recesso de servidores"}]},{"@type":"WebSite","@id":"https:\/\/www.notibras.com\/site\/#website","url":"https:\/\/www.notibras.com\/site\/","name":"Notibras","description":"Not\u00edcias de Bras\u00edlia, do Brasil e do Mundo","publisher":{"@id":"https:\/\/www.notibras.com\/site\/#organization"},"potentialAction":[{"@type":"SearchAction","target":{"@type":"EntryPoint","urlTemplate":"https:\/\/www.notibras.com\/site\/?s={search_term_string}"},"query-input":{"@type":"PropertyValueSpecification","valueRequired":true,"valueName":"search_term_string"}}],"inLanguage":"pt-BR"},{"@type":"Organization","@id":"https:\/\/www.notibras.com\/site\/#organization","name":"Grupo Notibras de Comunica\u00e7\u00e3o","url":"https:\/\/www.notibras.com\/site\/","logo":{"@type":"ImageObject","inLanguage":"pt-BR","@id":"https:\/\/www.notibras.com\/site\/#\/schema\/logo\/image\/","url":"https:\/\/www.notibras.com\/site\/wp-content\/uploads\/2023\/01\/notibras23.png","contentUrl":"https:\/\/www.notibras.com\/site\/wp-content\/uploads\/2023\/01\/notibras23.png","width":350,"height":87,"caption":"Grupo Notibras de Comunica\u00e7\u00e3o"},"image":{"@id":"https:\/\/www.notibras.com\/site\/#\/schema\/logo\/image\/"},"sameAs":["https:\/\/www.facebook.com\/notibras\/","https:\/\/x.com\/Notibras","https:\/\/www.instagram.com\/notibras\/"]},{"@type":"Person","@id":"https:\/\/www.notibras.com\/site\/#\/schema\/person\/36ab0979449956132d3e5b517ea76ac8","name":"Reda\u00e7\u00e3o","image":{"@type":"ImageObject","inLanguage":"pt-BR","@id":"https:\/\/secure.gravatar.com\/avatar\/e0a867bdedb85fd243eadf09663511f96fc81e0720a4a42581f334ad4303aa6b?s=96&d=mm&r=g","url":"https:\/\/secure.gravatar.com\/avatar\/e0a867bdedb85fd243eadf09663511f96fc81e0720a4a42581f334ad4303aa6b?s=96&d=mm&r=g","contentUrl":"https:\/\/secure.gravatar.com\/avatar\/e0a867bdedb85fd243eadf09663511f96fc81e0720a4a42581f334ad4303aa6b?s=96&d=mm&r=g","caption":"Reda\u00e7\u00e3o"}}]}},"amp_enabled":true,"_links":{"self":[{"href":"https:\/\/www.notibras.com\/site\/wp-json\/wp\/v2\/posts\/313229","targetHints":{"allow":["GET"]}}],"collection":[{"href":"https:\/\/www.notibras.com\/site\/wp-json\/wp\/v2\/posts"}],"about":[{"href":"https:\/\/www.notibras.com\/site\/wp-json\/wp\/v2\/types\/post"}],"author":[{"embeddable":true,"href":"https:\/\/www.notibras.com\/site\/wp-json\/wp\/v2\/users\/2"}],"replies":[{"embeddable":true,"href":"https:\/\/www.notibras.com\/site\/wp-json\/wp\/v2\/comments?post=313229"}],"version-history":[{"count":1,"href":"https:\/\/www.notibras.com\/site\/wp-json\/wp\/v2\/posts\/313229\/revisions"}],"predecessor-version":[{"id":313233,"href":"https:\/\/www.notibras.com\/site\/wp-json\/wp\/v2\/posts\/313229\/revisions\/313233"}],"wp:featuredmedia":[{"embeddable":true,"href":"https:\/\/www.notibras.com\/site\/wp-json\/wp\/v2\/media\/313232"}],"wp:attachment":[{"href":"https:\/\/www.notibras.com\/site\/wp-json\/wp\/v2\/media?parent=313229"}],"wp:term":[{"taxonomy":"category","embeddable":true,"href":"https:\/\/www.notibras.com\/site\/wp-json\/wp\/v2\/categories?post=313229"},{"taxonomy":"post_tag","embeddable":true,"href":"https:\/\/www.notibras.com\/site\/wp-json\/wp\/v2\/tags?post=313229"}],"curies":[{"name":"wp","href":"https:\/\/api.w.org\/{rel}","templated":true}]}}