{"id":313287,"date":"2023-09-22T15:51:19","date_gmt":"2023-09-22T18:51:19","guid":{"rendered":"https:\/\/www.notibras.com\/site\/?p=313287"},"modified":"2023-09-23T04:18:36","modified_gmt":"2023-09-23T07:18:36","slug":"primavera-chega-trazendo-dias-mais-longos-e-mais-calor","status":"publish","type":"post","link":"https:\/\/www.notibras.com\/site\/primavera-chega-trazendo-dias-mais-longos-e-mais-calor\/","title":{"rendered":"Primavera chega trazendo dias mais longos e mais calor"},"content":{"rendered":"<p>Come\u00e7a na madrugada deste s\u00e1bado (23), mais precisamente \u00e0s 3h50, a primavera no hemisf\u00e9rio sul. \u00c9 neste hor\u00e1rio que ocorre o chamado equin\u00f3cio de primavera, quando o dia e a noite t\u00eam a mesma dura\u00e7\u00e3o. \u00c9 tamb\u00e9m neste hor\u00e1rio que acontece, no hemisf\u00e9rio norte, o equin\u00f3cio de outono.<\/p>\n<p>Segundo o Observat\u00f3rio Nacional, o que marca as esta\u00e7\u00f5es do ano \u00e9 exatamente a maneira como os raios solares incidem nos hemisf\u00e9rios.<\/p>\n<p>\u201cAl\u00e9m da temperatura, um dos efeitos que evidenciam as esta\u00e7\u00f5es \u00e9 a varia\u00e7\u00e3o dos comprimentos dos dias, ou seja, a quantidade de tempo que o Sol fica acima do horizonte\u201d, informou o Observat\u00f3rio Nacional, ligado ao Minist\u00e9rio da Ci\u00eancia, Tecnologia e Inova\u00e7\u00e3o.<\/p>\n<p>As esta\u00e7\u00f5es s\u00e3o mais percebidas na medida em que se afastam da linha do equador &#8211; linha imagin\u00e1ria que divide os dois hemisf\u00e9rios. Assim sendo, as caracter\u00edsticas de cada esta\u00e7\u00e3o praticamente n\u00e3o existem nas regi\u00f5es pr\u00f3ximas a essa linha.<\/p>\n<p>\u201cNo in\u00edcio da primavera, os dias ter\u00e3o aproximadamente o mesmo comprimento das noites. No hemisf\u00e9rio sul, os dias v\u00e3o ficando cada vez maiores e as noites cada vez menores, at\u00e9 o maior dia do ano, que ocorre no in\u00edcio do ver\u00e3o, que neste ano ser\u00e1 no dia 22 de dezembro\u201d, explicou Josina Nascimento, astr\u00f4noma do Observat\u00f3rio Nacional.<\/p>\n<p><strong>Rota\u00e7\u00e3o da Terra<\/strong><br \/>\nAs diferentes esta\u00e7\u00f5es do ano decorrem da inclina\u00e7\u00e3o do eixo de rota\u00e7\u00e3o da Terra em rela\u00e7\u00e3o ao plano de \u00f3rbita; e da posi\u00e7\u00e3o do planeta em seu movimento de transla\u00e7\u00e3o ao redor do Sol.<\/p>\n<p>\u201c\u00c0 medida que a Terra orbita o Sol, seu eixo inclinado sempre aponta na mesma dire\u00e7\u00e3o e isso faz com que diferentes partes da Terra recebam os raios diretos do Sol\u201d, esclarece o Observat\u00f3rio.<\/p>\n<p>Os solst\u00edcios e os equin\u00f3cios n\u00e3o ocorrem sempre nos mesmos dias do ano. Em alguns anos, por exemplo, ele pode ser no dia 22. Em outros, a exemplo deste ano, podem acontecer no dia 23. Entre os motivos dessas diferen\u00e7as est\u00e1 o de que o tempo decorrido entre dois equin\u00f3cios \u00e9 menor que o ano sideral, definido como o tempo de transla\u00e7\u00e3o da Terra em torno do Sol.<\/p>\n<p>\u201cO nosso Calend\u00e1rio Gregoriano baseia-se no ano tr\u00f3pico e institui um ano bissexto em todos os anos divis\u00edveis por quatro, exceto para s\u00e9culos inteiros, que s\u00f3 s\u00e3o bissextos se forem m\u00faltiplos de 400. Isso faz com que o instante do in\u00edcio de uma esta\u00e7\u00e3o seja pr\u00f3ximo ao instante do in\u00edcio da mesma esta\u00e7\u00e3o quatro anos antes ou quatro anos depois\u201d, finalizou o Observat\u00f3rio.<\/p>\n","protected":false},"excerpt":{"rendered":"<p>Come\u00e7a na madrugada deste s\u00e1bado (23), mais precisamente \u00e0s 3h50, a primavera no hemisf\u00e9rio sul. \u00c9 neste hor\u00e1rio que ocorre o chamado equin\u00f3cio de primavera, quando o dia e a noite t\u00eam a mesma dura\u00e7\u00e3o. \u00c9 tamb\u00e9m neste hor\u00e1rio que acontece, no hemisf\u00e9rio norte, o equin\u00f3cio de outono. Segundo o Observat\u00f3rio Nacional, o que marca [&hellip;]<\/p>\n","protected":false},"author":2,"featured_media":313288,"comment_status":"closed","ping_status":"closed","sticky":false,"template":"","format":"standard","meta":{"_acf_changed":false,"footnotes":""},"categories":[161],"tags":[],"class_list":["post-313287","post","type-post","status-publish","format-standard","has-post-thumbnail","hentry","category-quadradinho-em-foco"],"acf":[],"yoast_head":"<!-- This site is optimized with the Yoast SEO plugin v27.2 - https:\/\/yoast.com\/product\/yoast-seo-wordpress\/ -->\n<title>Primavera chega trazendo dias mais longos e mais calor - Notibras<\/title>\n<meta name=\"robots\" content=\"index, follow, max-snippet:-1, max-image-preview:large, max-video-preview:-1\" \/>\n<link rel=\"canonical\" href=\"https:\/\/www.notibras.com\/site\/primavera-chega-trazendo-dias-mais-longos-e-mais-calor\/\" \/>\n<meta property=\"og:locale\" content=\"pt_BR\" \/>\n<meta property=\"og:type\" content=\"article\" \/>\n<meta property=\"og:title\" content=\"Primavera chega trazendo dias mais longos e mais calor - Notibras\" \/>\n<meta property=\"og:description\" content=\"Come\u00e7a na madrugada deste s\u00e1bado (23), mais precisamente \u00e0s 3h50, a primavera no hemisf\u00e9rio sul. \u00c9 neste hor\u00e1rio que ocorre o chamado equin\u00f3cio de primavera, quando o dia e a noite t\u00eam a mesma dura\u00e7\u00e3o. \u00c9 tamb\u00e9m neste hor\u00e1rio que acontece, no hemisf\u00e9rio norte, o equin\u00f3cio de outono. Segundo o Observat\u00f3rio Nacional, o que marca [&hellip;]\" \/>\n<meta property=\"og:url\" content=\"https:\/\/www.notibras.com\/site\/primavera-chega-trazendo-dias-mais-longos-e-mais-calor\/\" \/>\n<meta property=\"og:site_name\" content=\"Notibras\" \/>\n<meta property=\"article:publisher\" content=\"https:\/\/www.facebook.com\/notibras\/\" \/>\n<meta property=\"article:published_time\" content=\"2023-09-22T18:51:19+00:00\" \/>\n<meta property=\"article:modified_time\" content=\"2023-09-23T07:18:36+00:00\" \/>\n<meta property=\"og:image\" content=\"https:\/\/www.notibras.com\/site\/wp-content\/uploads\/2023\/09\/976919-22092015-dsc_3446.jpg\" \/>\n\t<meta property=\"og:image:width\" content=\"1170\" \/>\n\t<meta property=\"og:image:height\" content=\"700\" \/>\n\t<meta property=\"og:image:type\" content=\"image\/jpeg\" \/>\n<meta name=\"author\" content=\"Reda\u00e7\u00e3o\" \/>\n<meta name=\"twitter:card\" content=\"summary_large_image\" \/>\n<meta name=\"twitter:creator\" content=\"@Notibras\" \/>\n<meta name=\"twitter:site\" content=\"@Notibras\" \/>\n<meta name=\"twitter:label1\" content=\"Escrito por\" \/>\n\t<meta name=\"twitter:data1\" content=\"Reda\u00e7\u00e3o\" \/>\n\t<meta name=\"twitter:label2\" content=\"Est. tempo de leitura\" \/>\n\t<meta name=\"twitter:data2\" content=\"3 minutos\" \/>\n<script type=\"application\/ld+json\" class=\"yoast-schema-graph\">{\"@context\":\"https:\/\/schema.org\",\"@graph\":[{\"@type\":\"Article\",\"@id\":\"https:\/\/www.notibras.com\/site\/primavera-chega-trazendo-dias-mais-longos-e-mais-calor\/#article\",\"isPartOf\":{\"@id\":\"https:\/\/www.notibras.com\/site\/primavera-chega-trazendo-dias-mais-longos-e-mais-calor\/\"},\"author\":{\"name\":\"Reda\u00e7\u00e3o\",\"@id\":\"https:\/\/www.notibras.com\/site\/#\/schema\/person\/36ab0979449956132d3e5b517ea76ac8\"},\"headline\":\"Primavera chega trazendo dias mais longos e mais calor\",\"datePublished\":\"2023-09-22T18:51:19+00:00\",\"dateModified\":\"2023-09-23T07:18:36+00:00\",\"mainEntityOfPage\":{\"@id\":\"https:\/\/www.notibras.com\/site\/primavera-chega-trazendo-dias-mais-longos-e-mais-calor\/\"},\"wordCount\":473,\"publisher\":{\"@id\":\"https:\/\/www.notibras.com\/site\/#organization\"},\"image\":{\"@id\":\"https:\/\/www.notibras.com\/site\/primavera-chega-trazendo-dias-mais-longos-e-mais-calor\/#primaryimage\"},\"thumbnailUrl\":\"https:\/\/www.notibras.com\/site\/wp-content\/uploads\/2023\/09\/976919-22092015-dsc_3446.jpg\",\"articleSection\":[\"Quadradinho em Foco\"],\"inLanguage\":\"pt-BR\"},{\"@type\":\"WebPage\",\"@id\":\"https:\/\/www.notibras.com\/site\/primavera-chega-trazendo-dias-mais-longos-e-mais-calor\/\",\"url\":\"https:\/\/www.notibras.com\/site\/primavera-chega-trazendo-dias-mais-longos-e-mais-calor\/\",\"name\":\"Primavera chega trazendo dias mais longos e mais calor - Notibras\",\"isPartOf\":{\"@id\":\"https:\/\/www.notibras.com\/site\/#website\"},\"primaryImageOfPage\":{\"@id\":\"https:\/\/www.notibras.com\/site\/primavera-chega-trazendo-dias-mais-longos-e-mais-calor\/#primaryimage\"},\"image\":{\"@id\":\"https:\/\/www.notibras.com\/site\/primavera-chega-trazendo-dias-mais-longos-e-mais-calor\/#primaryimage\"},\"thumbnailUrl\":\"https:\/\/www.notibras.com\/site\/wp-content\/uploads\/2023\/09\/976919-22092015-dsc_3446.jpg\",\"datePublished\":\"2023-09-22T18:51:19+00:00\",\"dateModified\":\"2023-09-23T07:18:36+00:00\",\"breadcrumb\":{\"@id\":\"https:\/\/www.notibras.com\/site\/primavera-chega-trazendo-dias-mais-longos-e-mais-calor\/#breadcrumb\"},\"inLanguage\":\"pt-BR\",\"potentialAction\":[{\"@type\":\"ReadAction\",\"target\":[\"https:\/\/www.notibras.com\/site\/primavera-chega-trazendo-dias-mais-longos-e-mais-calor\/\"]}]},{\"@type\":\"ImageObject\",\"inLanguage\":\"pt-BR\",\"@id\":\"https:\/\/www.notibras.com\/site\/primavera-chega-trazendo-dias-mais-longos-e-mais-calor\/#primaryimage\",\"url\":\"https:\/\/www.notibras.com\/site\/wp-content\/uploads\/2023\/09\/976919-22092015-dsc_3446.jpg\",\"contentUrl\":\"https:\/\/www.notibras.com\/site\/wp-content\/uploads\/2023\/09\/976919-22092015-dsc_3446.jpg\",\"width\":1170,\"height\":700,\"caption\":\"No dia 23 de setembro \u00e9 oficialmente declarado o in\u00edcio da Primavera no Hemisf\u00e9rio Sul, pois no Hemisf\u00e9rio Norte, nesse mesmo dia, inicia-se o outono (Marcello Casal Jr\/Ag\u00eancia Brasil)\"},{\"@type\":\"BreadcrumbList\",\"@id\":\"https:\/\/www.notibras.com\/site\/primavera-chega-trazendo-dias-mais-longos-e-mais-calor\/#breadcrumb\",\"itemListElement\":[{\"@type\":\"ListItem\",\"position\":1,\"name\":\"In\u00edcio\",\"item\":\"https:\/\/www.notibras.com\/site\/\"},{\"@type\":\"ListItem\",\"position\":2,\"name\":\"Primavera chega trazendo dias mais longos e mais calor\"}]},{\"@type\":\"WebSite\",\"@id\":\"https:\/\/www.notibras.com\/site\/#website\",\"url\":\"https:\/\/www.notibras.com\/site\/\",\"name\":\"Notibras\",\"description\":\"Not\u00edcias de Bras\u00edlia, do Brasil e do Mundo\",\"publisher\":{\"@id\":\"https:\/\/www.notibras.com\/site\/#organization\"},\"potentialAction\":[{\"@type\":\"SearchAction\",\"target\":{\"@type\":\"EntryPoint\",\"urlTemplate\":\"https:\/\/www.notibras.com\/site\/?s={search_term_string}\"},\"query-input\":{\"@type\":\"PropertyValueSpecification\",\"valueRequired\":true,\"valueName\":\"search_term_string\"}}],\"inLanguage\":\"pt-BR\"},{\"@type\":\"Organization\",\"@id\":\"https:\/\/www.notibras.com\/site\/#organization\",\"name\":\"Grupo Notibras de Comunica\u00e7\u00e3o\",\"url\":\"https:\/\/www.notibras.com\/site\/\",\"logo\":{\"@type\":\"ImageObject\",\"inLanguage\":\"pt-BR\",\"@id\":\"https:\/\/www.notibras.com\/site\/#\/schema\/logo\/image\/\",\"url\":\"https:\/\/www.notibras.com\/site\/wp-content\/uploads\/2023\/01\/notibras23.png\",\"contentUrl\":\"https:\/\/www.notibras.com\/site\/wp-content\/uploads\/2023\/01\/notibras23.png\",\"width\":350,\"height\":87,\"caption\":\"Grupo Notibras de Comunica\u00e7\u00e3o\"},\"image\":{\"@id\":\"https:\/\/www.notibras.com\/site\/#\/schema\/logo\/image\/\"},\"sameAs\":[\"https:\/\/www.facebook.com\/notibras\/\",\"https:\/\/x.com\/Notibras\",\"https:\/\/www.instagram.com\/notibras\/\"]},{\"@type\":\"Person\",\"@id\":\"https:\/\/www.notibras.com\/site\/#\/schema\/person\/36ab0979449956132d3e5b517ea76ac8\",\"name\":\"Reda\u00e7\u00e3o\",\"image\":{\"@type\":\"ImageObject\",\"inLanguage\":\"pt-BR\",\"@id\":\"https:\/\/secure.gravatar.com\/avatar\/e0a867bdedb85fd243eadf09663511f96fc81e0720a4a42581f334ad4303aa6b?s=96&d=mm&r=g\",\"url\":\"https:\/\/secure.gravatar.com\/avatar\/e0a867bdedb85fd243eadf09663511f96fc81e0720a4a42581f334ad4303aa6b?s=96&d=mm&r=g\",\"contentUrl\":\"https:\/\/secure.gravatar.com\/avatar\/e0a867bdedb85fd243eadf09663511f96fc81e0720a4a42581f334ad4303aa6b?s=96&d=mm&r=g\",\"caption\":\"Reda\u00e7\u00e3o\"}}]}<\/script>\n<!-- \/ Yoast SEO plugin. -->","yoast_head_json":{"title":"Primavera chega trazendo dias mais longos e mais calor - Notibras","robots":{"index":"index","follow":"follow","max-snippet":"max-snippet:-1","max-image-preview":"max-image-preview:large","max-video-preview":"max-video-preview:-1"},"canonical":"https:\/\/www.notibras.com\/site\/primavera-chega-trazendo-dias-mais-longos-e-mais-calor\/","og_locale":"pt_BR","og_type":"article","og_title":"Primavera chega trazendo dias mais longos e mais calor - Notibras","og_description":"Come\u00e7a na madrugada deste s\u00e1bado (23), mais precisamente \u00e0s 3h50, a primavera no hemisf\u00e9rio sul. \u00c9 neste hor\u00e1rio que ocorre o chamado equin\u00f3cio de primavera, quando o dia e a noite t\u00eam a mesma dura\u00e7\u00e3o. \u00c9 tamb\u00e9m neste hor\u00e1rio que acontece, no hemisf\u00e9rio norte, o equin\u00f3cio de outono. Segundo o Observat\u00f3rio Nacional, o que marca [&hellip;]","og_url":"https:\/\/www.notibras.com\/site\/primavera-chega-trazendo-dias-mais-longos-e-mais-calor\/","og_site_name":"Notibras","article_publisher":"https:\/\/www.facebook.com\/notibras\/","article_published_time":"2023-09-22T18:51:19+00:00","article_modified_time":"2023-09-23T07:18:36+00:00","og_image":[{"width":1170,"height":700,"url":"https:\/\/www.notibras.com\/site\/wp-content\/uploads\/2023\/09\/976919-22092015-dsc_3446.jpg","type":"image\/jpeg"}],"author":"Reda\u00e7\u00e3o","twitter_card":"summary_large_image","twitter_creator":"@Notibras","twitter_site":"@Notibras","twitter_misc":{"Escrito por":"Reda\u00e7\u00e3o","Est. tempo de leitura":"3 minutos"},"schema":{"@context":"https:\/\/schema.org","@graph":[{"@type":"Article","@id":"https:\/\/www.notibras.com\/site\/primavera-chega-trazendo-dias-mais-longos-e-mais-calor\/#article","isPartOf":{"@id":"https:\/\/www.notibras.com\/site\/primavera-chega-trazendo-dias-mais-longos-e-mais-calor\/"},"author":{"name":"Reda\u00e7\u00e3o","@id":"https:\/\/www.notibras.com\/site\/#\/schema\/person\/36ab0979449956132d3e5b517ea76ac8"},"headline":"Primavera chega trazendo dias mais longos e mais calor","datePublished":"2023-09-22T18:51:19+00:00","dateModified":"2023-09-23T07:18:36+00:00","mainEntityOfPage":{"@id":"https:\/\/www.notibras.com\/site\/primavera-chega-trazendo-dias-mais-longos-e-mais-calor\/"},"wordCount":473,"publisher":{"@id":"https:\/\/www.notibras.com\/site\/#organization"},"image":{"@id":"https:\/\/www.notibras.com\/site\/primavera-chega-trazendo-dias-mais-longos-e-mais-calor\/#primaryimage"},"thumbnailUrl":"https:\/\/www.notibras.com\/site\/wp-content\/uploads\/2023\/09\/976919-22092015-dsc_3446.jpg","articleSection":["Quadradinho em Foco"],"inLanguage":"pt-BR"},{"@type":"WebPage","@id":"https:\/\/www.notibras.com\/site\/primavera-chega-trazendo-dias-mais-longos-e-mais-calor\/","url":"https:\/\/www.notibras.com\/site\/primavera-chega-trazendo-dias-mais-longos-e-mais-calor\/","name":"Primavera chega trazendo dias mais longos e mais calor - Notibras","isPartOf":{"@id":"https:\/\/www.notibras.com\/site\/#website"},"primaryImageOfPage":{"@id":"https:\/\/www.notibras.com\/site\/primavera-chega-trazendo-dias-mais-longos-e-mais-calor\/#primaryimage"},"image":{"@id":"https:\/\/www.notibras.com\/site\/primavera-chega-trazendo-dias-mais-longos-e-mais-calor\/#primaryimage"},"thumbnailUrl":"https:\/\/www.notibras.com\/site\/wp-content\/uploads\/2023\/09\/976919-22092015-dsc_3446.jpg","datePublished":"2023-09-22T18:51:19+00:00","dateModified":"2023-09-23T07:18:36+00:00","breadcrumb":{"@id":"https:\/\/www.notibras.com\/site\/primavera-chega-trazendo-dias-mais-longos-e-mais-calor\/#breadcrumb"},"inLanguage":"pt-BR","potentialAction":[{"@type":"ReadAction","target":["https:\/\/www.notibras.com\/site\/primavera-chega-trazendo-dias-mais-longos-e-mais-calor\/"]}]},{"@type":"ImageObject","inLanguage":"pt-BR","@id":"https:\/\/www.notibras.com\/site\/primavera-chega-trazendo-dias-mais-longos-e-mais-calor\/#primaryimage","url":"https:\/\/www.notibras.com\/site\/wp-content\/uploads\/2023\/09\/976919-22092015-dsc_3446.jpg","contentUrl":"https:\/\/www.notibras.com\/site\/wp-content\/uploads\/2023\/09\/976919-22092015-dsc_3446.jpg","width":1170,"height":700,"caption":"No dia 23 de setembro \u00e9 oficialmente declarado o in\u00edcio da Primavera no Hemisf\u00e9rio Sul, pois no Hemisf\u00e9rio Norte, nesse mesmo dia, inicia-se o outono (Marcello Casal Jr\/Ag\u00eancia Brasil)"},{"@type":"BreadcrumbList","@id":"https:\/\/www.notibras.com\/site\/primavera-chega-trazendo-dias-mais-longos-e-mais-calor\/#breadcrumb","itemListElement":[{"@type":"ListItem","position":1,"name":"In\u00edcio","item":"https:\/\/www.notibras.com\/site\/"},{"@type":"ListItem","position":2,"name":"Primavera chega trazendo dias mais longos e mais calor"}]},{"@type":"WebSite","@id":"https:\/\/www.notibras.com\/site\/#website","url":"https:\/\/www.notibras.com\/site\/","name":"Notibras","description":"Not\u00edcias de Bras\u00edlia, do Brasil e do Mundo","publisher":{"@id":"https:\/\/www.notibras.com\/site\/#organization"},"potentialAction":[{"@type":"SearchAction","target":{"@type":"EntryPoint","urlTemplate":"https:\/\/www.notibras.com\/site\/?s={search_term_string}"},"query-input":{"@type":"PropertyValueSpecification","valueRequired":true,"valueName":"search_term_string"}}],"inLanguage":"pt-BR"},{"@type":"Organization","@id":"https:\/\/www.notibras.com\/site\/#organization","name":"Grupo Notibras de Comunica\u00e7\u00e3o","url":"https:\/\/www.notibras.com\/site\/","logo":{"@type":"ImageObject","inLanguage":"pt-BR","@id":"https:\/\/www.notibras.com\/site\/#\/schema\/logo\/image\/","url":"https:\/\/www.notibras.com\/site\/wp-content\/uploads\/2023\/01\/notibras23.png","contentUrl":"https:\/\/www.notibras.com\/site\/wp-content\/uploads\/2023\/01\/notibras23.png","width":350,"height":87,"caption":"Grupo Notibras de Comunica\u00e7\u00e3o"},"image":{"@id":"https:\/\/www.notibras.com\/site\/#\/schema\/logo\/image\/"},"sameAs":["https:\/\/www.facebook.com\/notibras\/","https:\/\/x.com\/Notibras","https:\/\/www.instagram.com\/notibras\/"]},{"@type":"Person","@id":"https:\/\/www.notibras.com\/site\/#\/schema\/person\/36ab0979449956132d3e5b517ea76ac8","name":"Reda\u00e7\u00e3o","image":{"@type":"ImageObject","inLanguage":"pt-BR","@id":"https:\/\/secure.gravatar.com\/avatar\/e0a867bdedb85fd243eadf09663511f96fc81e0720a4a42581f334ad4303aa6b?s=96&d=mm&r=g","url":"https:\/\/secure.gravatar.com\/avatar\/e0a867bdedb85fd243eadf09663511f96fc81e0720a4a42581f334ad4303aa6b?s=96&d=mm&r=g","contentUrl":"https:\/\/secure.gravatar.com\/avatar\/e0a867bdedb85fd243eadf09663511f96fc81e0720a4a42581f334ad4303aa6b?s=96&d=mm&r=g","caption":"Reda\u00e7\u00e3o"}}]}},"amp_enabled":true,"_links":{"self":[{"href":"https:\/\/www.notibras.com\/site\/wp-json\/wp\/v2\/posts\/313287","targetHints":{"allow":["GET"]}}],"collection":[{"href":"https:\/\/www.notibras.com\/site\/wp-json\/wp\/v2\/posts"}],"about":[{"href":"https:\/\/www.notibras.com\/site\/wp-json\/wp\/v2\/types\/post"}],"author":[{"embeddable":true,"href":"https:\/\/www.notibras.com\/site\/wp-json\/wp\/v2\/users\/2"}],"replies":[{"embeddable":true,"href":"https:\/\/www.notibras.com\/site\/wp-json\/wp\/v2\/comments?post=313287"}],"version-history":[{"count":1,"href":"https:\/\/www.notibras.com\/site\/wp-json\/wp\/v2\/posts\/313287\/revisions"}],"predecessor-version":[{"id":313289,"href":"https:\/\/www.notibras.com\/site\/wp-json\/wp\/v2\/posts\/313287\/revisions\/313289"}],"wp:featuredmedia":[{"embeddable":true,"href":"https:\/\/www.notibras.com\/site\/wp-json\/wp\/v2\/media\/313288"}],"wp:attachment":[{"href":"https:\/\/www.notibras.com\/site\/wp-json\/wp\/v2\/media?parent=313287"}],"wp:term":[{"taxonomy":"category","embeddable":true,"href":"https:\/\/www.notibras.com\/site\/wp-json\/wp\/v2\/categories?post=313287"},{"taxonomy":"post_tag","embeddable":true,"href":"https:\/\/www.notibras.com\/site\/wp-json\/wp\/v2\/tags?post=313287"}],"curies":[{"name":"wp","href":"https:\/\/api.w.org\/{rel}","templated":true}]}}