{"id":313294,"date":"2023-09-22T00:00:24","date_gmt":"2023-09-22T03:00:24","guid":{"rendered":"https:\/\/www.notibras.com\/site\/?p=313294"},"modified":"2023-09-22T10:00:56","modified_gmt":"2023-09-22T13:00:56","slug":"mec-quer-apressar-a-lei-do-ensino-profissional","status":"publish","type":"post","link":"https:\/\/www.notibras.com\/site\/mec-quer-apressar-a-lei-do-ensino-profissional\/","title":{"rendered":"MEC quer apressar a lei do ensino profissional"},"content":{"rendered":"<p>A secret\u00e1ria executiva do Minist\u00e9rio da Educa\u00e7\u00e3o, Izolda Cela, disse nesta quinta-feira (21), em S\u00e3o Paulo, que o governo espera que a pol\u00edtica nacional de educa\u00e7\u00e3o profissional e tecnol\u00f3gica seja formulada e regulamentada \u201co mais breve poss\u00edvel\u201d.<\/p>\n<p>Izolda n\u00e3o deu uma data espec\u00edfica sobre quando a pol\u00edtica come\u00e7ar\u00e1 a ser discutida e apresentada, mas disse que o governo pretende constru\u00ed-la com uma \u201campla participa\u00e7\u00e3o\u201d da sociedade, levando em conta as especificidades de cada estado.<\/p>\n<p>\u201cN\u00e3o podemos perder tempo, mas tamb\u00e9m n\u00e3o podemos ter pressa e atropelar processos que s\u00e3o importantes para torn\u00e1-la mais sustent\u00e1vel. Mas, pelo ministro [da Educa\u00e7\u00e3o, Camilo Santana], temos que chegar ao final do ano se n\u00e3o com a pol\u00edtica preparada, j\u00e1 com um encaminhamento muito efetivo para o in\u00edcio do pr\u00f3ximo ano\u201d, disse em entrevista a jornalistas ap\u00f3s participar do Encontro Educa\u00e7\u00e3o e Trabalho: Perspectivas da Educa\u00e7\u00e3o Profissional e Tecnol\u00f3gica, realizado na Cinemateca Brasileira pelo Ita\u00fa Educa\u00e7\u00e3o e Trabalho.<\/p>\n<p>De acordo com a secret\u00e1ria, est\u00e3o em andamento a\u00e7\u00f5es relacionadas \u00e0 avalia\u00e7\u00e3o do sistema. \u201cIsso \u00e9 algo que estava em nossa pauta e agora tem essa determina\u00e7\u00e3o legal. E o minist\u00e9rio vai chamar os parceiros para que possamos come\u00e7ar a organizar as bases dessa pol\u00edtica\u201d, acrescentou.<\/p>\n<p>A lei que determina a implementa\u00e7\u00e3o de uma pol\u00edtica nacional de educa\u00e7\u00e3o profissional e tecnol\u00f3gica foi sancionada pelo presidente Luiz In\u00e1cio Lula da Silva em agosto. A legisla\u00e7\u00e3o estabelece que a pol\u00edtica dever\u00e1 estar pronta em at\u00e9 dois anos.<\/p>\n<p>Para Monica Pinto, chefe de educa\u00e7\u00e3o do Fundo das Na\u00e7\u00f5es Unidas para a Inf\u00e2ncia (Unicef Brasil), a pol\u00edtica precisa ser colocada em pr\u00e1tica \u201ccom urg\u00eancia\u201d.<\/p>\n<p>\u201cN\u00f3s que trabalhamos com pol\u00edtica p\u00fablica temos que ter esse senso de urg\u00eancia. Temos a\u00ed um b\u00f4nus demogr\u00e1fico que est\u00e1 se encerrando. Ent\u00e3o, o quanto antes conseguirmos acelerar e priorizar essas medidas, tanto melhor para essas juventudes e para o Brasil\u201d, disse.<\/p>\n<p>Essa urg\u00eancia, disse Monica, se explica pela grande quantidade de jovens brasileiros que atualmente est\u00e3o fora do mercado de trabalho e sequer est\u00e3o estudando. Um relat\u00f3rio recente divulgado pela Organiza\u00e7\u00e3o para a Coopera\u00e7\u00e3o e Desenvolvimento Econ\u00f4mico (OCDE) apontou que 36% dos jovens brasileiros n\u00e3o estudam e est\u00e3o sem trabalho .<\/p>\n<p>Outro dado, apontado por ela como preocupante, \u00e9 o fato de que, no mundo, entre 30% e 40% dos jovens est\u00e3o frequentando a educa\u00e7\u00e3o t\u00e9cnica e profissionalizante, enquanto, no Brasil, essa m\u00e9dia alcan\u00e7a apenas 11%.<\/p>\n<p>\u201cAvan\u00e7amos nos \u00faltimos anos, mas avan\u00e7amos muito devagar. O quanto antes conseguirmos viabilizar esses mecanismos legais que fa\u00e7am a gente acelerar, tanto melhor\u201d, afirmou.<\/p>\n<p>Para a deputada federal e presidente da Frente da Educa\u00e7\u00e3o no Congresso Nacional, Tabata Amaral (PSB-SP), a aprova\u00e7\u00e3o desse marco legal do ensino t\u00e9cnico e profissionalizante \u201c\u00e9 uma das pautas mais estruturantes n\u00e3o s\u00f3 da educa\u00e7\u00e3o brasileira, mas do Brasil como um todo\u201d.<\/p>\n<p>\u201cEsse projeto exige que o Brasil tenha uma pol\u00edtica nacional estruturante de ensino t\u00e9cnico profissionalizante. Isso est\u00e1 na lei e agora essa miss\u00e3o est\u00e1 com o Minist\u00e9rio da Educa\u00e7\u00e3o para que, no prazo de dois anos, tenhamos essa pol\u00edtica\u201d, destacou.<\/p>\n<p>Segundo a parlamentar, o ensino t\u00e9cnico n\u00e3o pretende substituir a educa\u00e7\u00e3o superior e nem separar ricos e pobres.<\/p>\n<p>\u201cExiste um preconceito com a pauta de ensino t\u00e9cnico. Existe um discurso de que o ensino superior \u00e9 para rico e que, o ensino t\u00e9cnico, para pobre. Mas a\u00ed precisamos olhar para os dados e para a realidade. Na pr\u00e1tica, o jovem vulner\u00e1vel n\u00e3o est\u00e1 nem terminando o ensino m\u00e9dio hoje. A taxa de evas\u00e3o escolar mais do que dobrou durante a pandemia. Esse preconceito de achar que temos que escolher entre um e outro reflete um Brasil muito desigual e muito dividido. Precisamos ampliar o n\u00famero de portas abertas para a juventude, que est\u00e1 em condi\u00e7\u00e3o extremamente vulner\u00e1vel\u201d.<\/p>\n<p>Para diminuir a evas\u00e3o escolar no ensino m\u00e9dio, o governo prepara o lan\u00e7amento de uma pol\u00edtica de concess\u00e3o de bolsas. Nesta semana, o ministro Camilo Santana disse, em S\u00e3o Paulo, que a ideia seria repassar parte do valor mensalmente aos alunos e o restante seria depositado em uma esp\u00e9cie de poupan\u00e7a, para ser sacada quando o jovem concluir os estudos.<\/p>\n","protected":false},"excerpt":{"rendered":"<p>A secret\u00e1ria executiva do Minist\u00e9rio da Educa\u00e7\u00e3o, Izolda Cela, disse nesta quinta-feira (21), em S\u00e3o Paulo, que o governo espera que a pol\u00edtica nacional de educa\u00e7\u00e3o profissional e tecnol\u00f3gica seja formulada e regulamentada \u201co mais breve poss\u00edvel\u201d. Izolda n\u00e3o deu uma data espec\u00edfica sobre quando a pol\u00edtica come\u00e7ar\u00e1 a ser discutida e apresentada, mas disse [&hellip;]<\/p>\n","protected":false},"author":2,"featured_media":313295,"comment_status":"closed","ping_status":"closed","sticky":false,"template":"","format":"standard","meta":{"_acf_changed":false,"footnotes":""},"categories":[161],"tags":[],"class_list":["post-313294","post","type-post","status-publish","format-standard","has-post-thumbnail","hentry","category-quadradinho-em-foco"],"acf":[],"yoast_head":"<!-- This site is optimized with the Yoast SEO plugin v27.2 - https:\/\/yoast.com\/product\/yoast-seo-wordpress\/ -->\n<title>MEC quer apressar a lei do ensino profissional - Notibras<\/title>\n<meta name=\"robots\" content=\"index, follow, max-snippet:-1, max-image-preview:large, max-video-preview:-1\" \/>\n<link rel=\"canonical\" href=\"https:\/\/www.notibras.com\/site\/mec-quer-apressar-a-lei-do-ensino-profissional\/\" \/>\n<meta property=\"og:locale\" content=\"pt_BR\" \/>\n<meta property=\"og:type\" content=\"article\" \/>\n<meta property=\"og:title\" content=\"MEC quer apressar a lei do ensino profissional - Notibras\" \/>\n<meta property=\"og:description\" content=\"A secret\u00e1ria executiva do Minist\u00e9rio da Educa\u00e7\u00e3o, Izolda Cela, disse nesta quinta-feira (21), em S\u00e3o Paulo, que o governo espera que a pol\u00edtica nacional de educa\u00e7\u00e3o profissional e tecnol\u00f3gica seja formulada e regulamentada \u201co mais breve poss\u00edvel\u201d. Izolda n\u00e3o deu uma data espec\u00edfica sobre quando a pol\u00edtica come\u00e7ar\u00e1 a ser discutida e apresentada, mas disse [&hellip;]\" \/>\n<meta property=\"og:url\" content=\"https:\/\/www.notibras.com\/site\/mec-quer-apressar-a-lei-do-ensino-profissional\/\" \/>\n<meta property=\"og:site_name\" content=\"Notibras\" \/>\n<meta property=\"article:publisher\" content=\"https:\/\/www.facebook.com\/notibras\/\" \/>\n<meta property=\"article:published_time\" content=\"2023-09-22T03:00:24+00:00\" \/>\n<meta property=\"article:modified_time\" content=\"2023-09-22T13:00:56+00:00\" \/>\n<meta property=\"og:image\" content=\"https:\/\/www.notibras.com\/site\/wp-content\/uploads\/2023\/09\/17504218486_5bec311fbf_o_0.jpg\" \/>\n\t<meta property=\"og:image:width\" content=\"1170\" \/>\n\t<meta property=\"og:image:height\" content=\"700\" \/>\n\t<meta property=\"og:image:type\" content=\"image\/jpeg\" \/>\n<meta name=\"author\" content=\"Reda\u00e7\u00e3o\" \/>\n<meta name=\"twitter:card\" content=\"summary_large_image\" \/>\n<meta name=\"twitter:creator\" content=\"@Notibras\" \/>\n<meta name=\"twitter:site\" content=\"@Notibras\" \/>\n<meta name=\"twitter:label1\" content=\"Escrito por\" \/>\n\t<meta name=\"twitter:data1\" content=\"Reda\u00e7\u00e3o\" \/>\n\t<meta name=\"twitter:label2\" content=\"Est. tempo de leitura\" \/>\n\t<meta name=\"twitter:data2\" content=\"4 minutos\" \/>\n<script type=\"application\/ld+json\" class=\"yoast-schema-graph\">{\"@context\":\"https:\/\/schema.org\",\"@graph\":[{\"@type\":\"Article\",\"@id\":\"https:\/\/www.notibras.com\/site\/mec-quer-apressar-a-lei-do-ensino-profissional\/#article\",\"isPartOf\":{\"@id\":\"https:\/\/www.notibras.com\/site\/mec-quer-apressar-a-lei-do-ensino-profissional\/\"},\"author\":{\"name\":\"Reda\u00e7\u00e3o\",\"@id\":\"https:\/\/www.notibras.com\/site\/#\/schema\/person\/36ab0979449956132d3e5b517ea76ac8\"},\"headline\":\"MEC quer apressar a lei do ensino profissional\",\"datePublished\":\"2023-09-22T03:00:24+00:00\",\"dateModified\":\"2023-09-22T13:00:56+00:00\",\"mainEntityOfPage\":{\"@id\":\"https:\/\/www.notibras.com\/site\/mec-quer-apressar-a-lei-do-ensino-profissional\/\"},\"wordCount\":778,\"publisher\":{\"@id\":\"https:\/\/www.notibras.com\/site\/#organization\"},\"image\":{\"@id\":\"https:\/\/www.notibras.com\/site\/mec-quer-apressar-a-lei-do-ensino-profissional\/#primaryimage\"},\"thumbnailUrl\":\"https:\/\/www.notibras.com\/site\/wp-content\/uploads\/2023\/09\/17504218486_5bec311fbf_o_0.jpg\",\"articleSection\":[\"Quadradinho em Foco\"],\"inLanguage\":\"pt-BR\"},{\"@type\":\"WebPage\",\"@id\":\"https:\/\/www.notibras.com\/site\/mec-quer-apressar-a-lei-do-ensino-profissional\/\",\"url\":\"https:\/\/www.notibras.com\/site\/mec-quer-apressar-a-lei-do-ensino-profissional\/\",\"name\":\"MEC quer apressar a lei do ensino profissional - Notibras\",\"isPartOf\":{\"@id\":\"https:\/\/www.notibras.com\/site\/#website\"},\"primaryImageOfPage\":{\"@id\":\"https:\/\/www.notibras.com\/site\/mec-quer-apressar-a-lei-do-ensino-profissional\/#primaryimage\"},\"image\":{\"@id\":\"https:\/\/www.notibras.com\/site\/mec-quer-apressar-a-lei-do-ensino-profissional\/#primaryimage\"},\"thumbnailUrl\":\"https:\/\/www.notibras.com\/site\/wp-content\/uploads\/2023\/09\/17504218486_5bec311fbf_o_0.jpg\",\"datePublished\":\"2023-09-22T03:00:24+00:00\",\"dateModified\":\"2023-09-22T13:00:56+00:00\",\"breadcrumb\":{\"@id\":\"https:\/\/www.notibras.com\/site\/mec-quer-apressar-a-lei-do-ensino-profissional\/#breadcrumb\"},\"inLanguage\":\"pt-BR\",\"potentialAction\":[{\"@type\":\"ReadAction\",\"target\":[\"https:\/\/www.notibras.com\/site\/mec-quer-apressar-a-lei-do-ensino-profissional\/\"]}]},{\"@type\":\"ImageObject\",\"inLanguage\":\"pt-BR\",\"@id\":\"https:\/\/www.notibras.com\/site\/mec-quer-apressar-a-lei-do-ensino-profissional\/#primaryimage\",\"url\":\"https:\/\/www.notibras.com\/site\/wp-content\/uploads\/2023\/09\/17504218486_5bec311fbf_o_0.jpg\",\"contentUrl\":\"https:\/\/www.notibras.com\/site\/wp-content\/uploads\/2023\/09\/17504218486_5bec311fbf_o_0.jpg\",\"width\":1170,\"height\":700},{\"@type\":\"BreadcrumbList\",\"@id\":\"https:\/\/www.notibras.com\/site\/mec-quer-apressar-a-lei-do-ensino-profissional\/#breadcrumb\",\"itemListElement\":[{\"@type\":\"ListItem\",\"position\":1,\"name\":\"In\u00edcio\",\"item\":\"https:\/\/www.notibras.com\/site\/\"},{\"@type\":\"ListItem\",\"position\":2,\"name\":\"MEC quer apressar a lei do ensino profissional\"}]},{\"@type\":\"WebSite\",\"@id\":\"https:\/\/www.notibras.com\/site\/#website\",\"url\":\"https:\/\/www.notibras.com\/site\/\",\"name\":\"Notibras\",\"description\":\"Not\u00edcias de Bras\u00edlia, do Brasil e do Mundo\",\"publisher\":{\"@id\":\"https:\/\/www.notibras.com\/site\/#organization\"},\"potentialAction\":[{\"@type\":\"SearchAction\",\"target\":{\"@type\":\"EntryPoint\",\"urlTemplate\":\"https:\/\/www.notibras.com\/site\/?s={search_term_string}\"},\"query-input\":{\"@type\":\"PropertyValueSpecification\",\"valueRequired\":true,\"valueName\":\"search_term_string\"}}],\"inLanguage\":\"pt-BR\"},{\"@type\":\"Organization\",\"@id\":\"https:\/\/www.notibras.com\/site\/#organization\",\"name\":\"Grupo Notibras de Comunica\u00e7\u00e3o\",\"url\":\"https:\/\/www.notibras.com\/site\/\",\"logo\":{\"@type\":\"ImageObject\",\"inLanguage\":\"pt-BR\",\"@id\":\"https:\/\/www.notibras.com\/site\/#\/schema\/logo\/image\/\",\"url\":\"https:\/\/www.notibras.com\/site\/wp-content\/uploads\/2023\/01\/notibras23.png\",\"contentUrl\":\"https:\/\/www.notibras.com\/site\/wp-content\/uploads\/2023\/01\/notibras23.png\",\"width\":350,\"height\":87,\"caption\":\"Grupo Notibras de Comunica\u00e7\u00e3o\"},\"image\":{\"@id\":\"https:\/\/www.notibras.com\/site\/#\/schema\/logo\/image\/\"},\"sameAs\":[\"https:\/\/www.facebook.com\/notibras\/\",\"https:\/\/x.com\/Notibras\",\"https:\/\/www.instagram.com\/notibras\/\"]},{\"@type\":\"Person\",\"@id\":\"https:\/\/www.notibras.com\/site\/#\/schema\/person\/36ab0979449956132d3e5b517ea76ac8\",\"name\":\"Reda\u00e7\u00e3o\",\"image\":{\"@type\":\"ImageObject\",\"inLanguage\":\"pt-BR\",\"@id\":\"https:\/\/secure.gravatar.com\/avatar\/e0a867bdedb85fd243eadf09663511f96fc81e0720a4a42581f334ad4303aa6b?s=96&d=mm&r=g\",\"url\":\"https:\/\/secure.gravatar.com\/avatar\/e0a867bdedb85fd243eadf09663511f96fc81e0720a4a42581f334ad4303aa6b?s=96&d=mm&r=g\",\"contentUrl\":\"https:\/\/secure.gravatar.com\/avatar\/e0a867bdedb85fd243eadf09663511f96fc81e0720a4a42581f334ad4303aa6b?s=96&d=mm&r=g\",\"caption\":\"Reda\u00e7\u00e3o\"}}]}<\/script>\n<!-- \/ Yoast SEO plugin. -->","yoast_head_json":{"title":"MEC quer apressar a lei do ensino profissional - Notibras","robots":{"index":"index","follow":"follow","max-snippet":"max-snippet:-1","max-image-preview":"max-image-preview:large","max-video-preview":"max-video-preview:-1"},"canonical":"https:\/\/www.notibras.com\/site\/mec-quer-apressar-a-lei-do-ensino-profissional\/","og_locale":"pt_BR","og_type":"article","og_title":"MEC quer apressar a lei do ensino profissional - Notibras","og_description":"A secret\u00e1ria executiva do Minist\u00e9rio da Educa\u00e7\u00e3o, Izolda Cela, disse nesta quinta-feira (21), em S\u00e3o Paulo, que o governo espera que a pol\u00edtica nacional de educa\u00e7\u00e3o profissional e tecnol\u00f3gica seja formulada e regulamentada \u201co mais breve poss\u00edvel\u201d. Izolda n\u00e3o deu uma data espec\u00edfica sobre quando a pol\u00edtica come\u00e7ar\u00e1 a ser discutida e apresentada, mas disse [&hellip;]","og_url":"https:\/\/www.notibras.com\/site\/mec-quer-apressar-a-lei-do-ensino-profissional\/","og_site_name":"Notibras","article_publisher":"https:\/\/www.facebook.com\/notibras\/","article_published_time":"2023-09-22T03:00:24+00:00","article_modified_time":"2023-09-22T13:00:56+00:00","og_image":[{"width":1170,"height":700,"url":"https:\/\/www.notibras.com\/site\/wp-content\/uploads\/2023\/09\/17504218486_5bec311fbf_o_0.jpg","type":"image\/jpeg"}],"author":"Reda\u00e7\u00e3o","twitter_card":"summary_large_image","twitter_creator":"@Notibras","twitter_site":"@Notibras","twitter_misc":{"Escrito por":"Reda\u00e7\u00e3o","Est. tempo de leitura":"4 minutos"},"schema":{"@context":"https:\/\/schema.org","@graph":[{"@type":"Article","@id":"https:\/\/www.notibras.com\/site\/mec-quer-apressar-a-lei-do-ensino-profissional\/#article","isPartOf":{"@id":"https:\/\/www.notibras.com\/site\/mec-quer-apressar-a-lei-do-ensino-profissional\/"},"author":{"name":"Reda\u00e7\u00e3o","@id":"https:\/\/www.notibras.com\/site\/#\/schema\/person\/36ab0979449956132d3e5b517ea76ac8"},"headline":"MEC quer apressar a lei do ensino profissional","datePublished":"2023-09-22T03:00:24+00:00","dateModified":"2023-09-22T13:00:56+00:00","mainEntityOfPage":{"@id":"https:\/\/www.notibras.com\/site\/mec-quer-apressar-a-lei-do-ensino-profissional\/"},"wordCount":778,"publisher":{"@id":"https:\/\/www.notibras.com\/site\/#organization"},"image":{"@id":"https:\/\/www.notibras.com\/site\/mec-quer-apressar-a-lei-do-ensino-profissional\/#primaryimage"},"thumbnailUrl":"https:\/\/www.notibras.com\/site\/wp-content\/uploads\/2023\/09\/17504218486_5bec311fbf_o_0.jpg","articleSection":["Quadradinho em Foco"],"inLanguage":"pt-BR"},{"@type":"WebPage","@id":"https:\/\/www.notibras.com\/site\/mec-quer-apressar-a-lei-do-ensino-profissional\/","url":"https:\/\/www.notibras.com\/site\/mec-quer-apressar-a-lei-do-ensino-profissional\/","name":"MEC quer apressar a lei do ensino profissional - Notibras","isPartOf":{"@id":"https:\/\/www.notibras.com\/site\/#website"},"primaryImageOfPage":{"@id":"https:\/\/www.notibras.com\/site\/mec-quer-apressar-a-lei-do-ensino-profissional\/#primaryimage"},"image":{"@id":"https:\/\/www.notibras.com\/site\/mec-quer-apressar-a-lei-do-ensino-profissional\/#primaryimage"},"thumbnailUrl":"https:\/\/www.notibras.com\/site\/wp-content\/uploads\/2023\/09\/17504218486_5bec311fbf_o_0.jpg","datePublished":"2023-09-22T03:00:24+00:00","dateModified":"2023-09-22T13:00:56+00:00","breadcrumb":{"@id":"https:\/\/www.notibras.com\/site\/mec-quer-apressar-a-lei-do-ensino-profissional\/#breadcrumb"},"inLanguage":"pt-BR","potentialAction":[{"@type":"ReadAction","target":["https:\/\/www.notibras.com\/site\/mec-quer-apressar-a-lei-do-ensino-profissional\/"]}]},{"@type":"ImageObject","inLanguage":"pt-BR","@id":"https:\/\/www.notibras.com\/site\/mec-quer-apressar-a-lei-do-ensino-profissional\/#primaryimage","url":"https:\/\/www.notibras.com\/site\/wp-content\/uploads\/2023\/09\/17504218486_5bec311fbf_o_0.jpg","contentUrl":"https:\/\/www.notibras.com\/site\/wp-content\/uploads\/2023\/09\/17504218486_5bec311fbf_o_0.jpg","width":1170,"height":700},{"@type":"BreadcrumbList","@id":"https:\/\/www.notibras.com\/site\/mec-quer-apressar-a-lei-do-ensino-profissional\/#breadcrumb","itemListElement":[{"@type":"ListItem","position":1,"name":"In\u00edcio","item":"https:\/\/www.notibras.com\/site\/"},{"@type":"ListItem","position":2,"name":"MEC quer apressar a lei do ensino profissional"}]},{"@type":"WebSite","@id":"https:\/\/www.notibras.com\/site\/#website","url":"https:\/\/www.notibras.com\/site\/","name":"Notibras","description":"Not\u00edcias de Bras\u00edlia, do Brasil e do Mundo","publisher":{"@id":"https:\/\/www.notibras.com\/site\/#organization"},"potentialAction":[{"@type":"SearchAction","target":{"@type":"EntryPoint","urlTemplate":"https:\/\/www.notibras.com\/site\/?s={search_term_string}"},"query-input":{"@type":"PropertyValueSpecification","valueRequired":true,"valueName":"search_term_string"}}],"inLanguage":"pt-BR"},{"@type":"Organization","@id":"https:\/\/www.notibras.com\/site\/#organization","name":"Grupo Notibras de Comunica\u00e7\u00e3o","url":"https:\/\/www.notibras.com\/site\/","logo":{"@type":"ImageObject","inLanguage":"pt-BR","@id":"https:\/\/www.notibras.com\/site\/#\/schema\/logo\/image\/","url":"https:\/\/www.notibras.com\/site\/wp-content\/uploads\/2023\/01\/notibras23.png","contentUrl":"https:\/\/www.notibras.com\/site\/wp-content\/uploads\/2023\/01\/notibras23.png","width":350,"height":87,"caption":"Grupo Notibras de Comunica\u00e7\u00e3o"},"image":{"@id":"https:\/\/www.notibras.com\/site\/#\/schema\/logo\/image\/"},"sameAs":["https:\/\/www.facebook.com\/notibras\/","https:\/\/x.com\/Notibras","https:\/\/www.instagram.com\/notibras\/"]},{"@type":"Person","@id":"https:\/\/www.notibras.com\/site\/#\/schema\/person\/36ab0979449956132d3e5b517ea76ac8","name":"Reda\u00e7\u00e3o","image":{"@type":"ImageObject","inLanguage":"pt-BR","@id":"https:\/\/secure.gravatar.com\/avatar\/e0a867bdedb85fd243eadf09663511f96fc81e0720a4a42581f334ad4303aa6b?s=96&d=mm&r=g","url":"https:\/\/secure.gravatar.com\/avatar\/e0a867bdedb85fd243eadf09663511f96fc81e0720a4a42581f334ad4303aa6b?s=96&d=mm&r=g","contentUrl":"https:\/\/secure.gravatar.com\/avatar\/e0a867bdedb85fd243eadf09663511f96fc81e0720a4a42581f334ad4303aa6b?s=96&d=mm&r=g","caption":"Reda\u00e7\u00e3o"}}]}},"amp_enabled":true,"_links":{"self":[{"href":"https:\/\/www.notibras.com\/site\/wp-json\/wp\/v2\/posts\/313294","targetHints":{"allow":["GET"]}}],"collection":[{"href":"https:\/\/www.notibras.com\/site\/wp-json\/wp\/v2\/posts"}],"about":[{"href":"https:\/\/www.notibras.com\/site\/wp-json\/wp\/v2\/types\/post"}],"author":[{"embeddable":true,"href":"https:\/\/www.notibras.com\/site\/wp-json\/wp\/v2\/users\/2"}],"replies":[{"embeddable":true,"href":"https:\/\/www.notibras.com\/site\/wp-json\/wp\/v2\/comments?post=313294"}],"version-history":[{"count":1,"href":"https:\/\/www.notibras.com\/site\/wp-json\/wp\/v2\/posts\/313294\/revisions"}],"predecessor-version":[{"id":313296,"href":"https:\/\/www.notibras.com\/site\/wp-json\/wp\/v2\/posts\/313294\/revisions\/313296"}],"wp:featuredmedia":[{"embeddable":true,"href":"https:\/\/www.notibras.com\/site\/wp-json\/wp\/v2\/media\/313295"}],"wp:attachment":[{"href":"https:\/\/www.notibras.com\/site\/wp-json\/wp\/v2\/media?parent=313294"}],"wp:term":[{"taxonomy":"category","embeddable":true,"href":"https:\/\/www.notibras.com\/site\/wp-json\/wp\/v2\/categories?post=313294"},{"taxonomy":"post_tag","embeddable":true,"href":"https:\/\/www.notibras.com\/site\/wp-json\/wp\/v2\/tags?post=313294"}],"curies":[{"name":"wp","href":"https:\/\/api.w.org\/{rel}","templated":true}]}}