{"id":31330,"date":"2014-12-16T10:21:46","date_gmt":"2014-12-16T13:21:46","guid":{"rendered":"http:\/\/www.notibras.com\/site\/?p=31330"},"modified":"2014-12-16T10:23:04","modified_gmt":"2014-12-16T13:23:04","slug":"governo-lanca-soft-para-identificar-e-combater-grupos-de-odio-que-atuam-na-internet","status":"publish","type":"post","link":"https:\/\/www.notibras.com\/site\/governo-lanca-soft-para-identificar-e-combater-grupos-de-odio-que-atuam-na-internet\/","title":{"rendered":"Governo lan\u00e7a soft para combater os grupos de \u00f3dio que atuam na web"},"content":{"rendered":"<p>A Secretaria de Direitos Humanos da Presid\u00eancia da Rep\u00fablica (SDH) anunciou nessa segunda-feira (15) a utiliza\u00e7\u00e3o de uma ferramenta que vai mapear a ocorr\u00eancia de crimes de \u00f3dio na internet. O <em>software<\/em> vai coletar dados e identificar redes que se re\u00fanem para fazer ofensas a grupos de pessoas. A ferramenta ser\u00e1 o pilar das atividades do Grupo de Trabalho contra Redes de \u00d3dio na Internet, criado em novembro para monitorar e mapear crimes contra direitos humanos nas redes sociais.<\/p>\n<p>\u201cA gente tem acompanhado e se preocupado com o crescimento desses crimes de \u00f3dio, que s\u00e3o incentivados e divulgados na internet. J\u00e1 est\u00e1 mais do que na hora de a gente criar mecanismos para rastrear e retirar isso da rede\u201d, disse a ministra da SDH, Ideli Salvatti. Ela citou o caso de uma mulher que, em maio, foi espancada at\u00e9 a morte por moradores de Guaruj\u00e1, em S\u00e3o Paulo, ap\u00f3s um falso rumor ter se espalhado nas redes sociais de que ela praticava rituais de magia negra com crian\u00e7as.<\/p>\n<blockquote><p>Com base nas informa\u00e7\u00f5es coletadas pelo <em>software<\/em>, o grupo de trabalho, cuja reuni\u00e3o de instala\u00e7\u00e3o ocorreu ontem, poder\u00e1 encaminhar den\u00fancias ao Minist\u00e9rio P\u00fablico ou \u00e0 Pol\u00edcia Federal. Tr\u00eas casos j\u00e1 est\u00e3o sendo analisados, com base em den\u00fancias recebidas pela Ouvidoria da SDH. Um deles remete ao \u00faltimo epis\u00f3dio envolvendo os deputados federais Maria do Ros\u00e1rio (PT-RS) e Jair Bolsonaro (PP-RJ), na semana passada, quando o parlamentar disse que s\u00f3 n\u00e3o estupraria a deputada porque ela \u201cn\u00e3o merece\u201d.<\/p><\/blockquote>\n<p>Um rapaz postou foto em uma rede social \u201camea\u00e7ando a deputada Maria do Ros\u00e1rio de estupro\u201d, de acordo com a SDH. Mais dois casos tratam de um <em>site<\/em> nazista e outro que prega a viol\u00eancia contra mulheres. \u201cVamos documentar, avaliar os tr\u00eas casos e, na quinta-feira [18], devemos dar os encaminhamentos cab\u00edveis, no sentido de tirar do ar, encaminhar para inqu\u00e9rito da Pol\u00edcia Federal ou para provid\u00eancias do Minist\u00e9rio P\u00fablico Federal\u201d, explicou Ideli.<\/p>\n<p><strong>Marcelo Brand\u00e3o, ABr <\/strong><\/p>\n","protected":false},"excerpt":{"rendered":"<p>A Secretaria de Direitos Humanos da Presid\u00eancia da Rep\u00fablica (SDH) anunciou nessa segunda-feira (15) a utiliza\u00e7\u00e3o de uma ferramenta que vai mapear a ocorr\u00eancia de crimes de \u00f3dio na internet. O software vai coletar dados e identificar redes que se re\u00fanem para fazer ofensas a grupos de pessoas. A ferramenta ser\u00e1 o pilar das atividades [&hellip;]<\/p>\n","protected":false},"author":2,"featured_media":31331,"comment_status":"open","ping_status":"closed","sticky":false,"template":"","format":"standard","meta":{"_acf_changed":false,"footnotes":""},"categories":[16],"tags":[],"class_list":["post-31330","post","type-post","status-publish","format-standard","has-post-thumbnail","hentry","category-brasil"],"acf":[],"yoast_head":"<!-- This site is optimized with the Yoast SEO plugin v27.2 - https:\/\/yoast.com\/product\/yoast-seo-wordpress\/ -->\n<title>Governo lan\u00e7a soft para combater os grupos de \u00f3dio que atuam na web - Notibras<\/title>\n<meta name=\"robots\" content=\"index, follow, max-snippet:-1, max-image-preview:large, max-video-preview:-1\" \/>\n<link rel=\"canonical\" href=\"https:\/\/www.notibras.com\/site\/governo-lanca-soft-para-identificar-e-combater-grupos-de-odio-que-atuam-na-internet\/\" \/>\n<meta property=\"og:locale\" content=\"pt_BR\" \/>\n<meta property=\"og:type\" content=\"article\" \/>\n<meta property=\"og:title\" content=\"Governo lan\u00e7a soft para combater os grupos de \u00f3dio que atuam na web - Notibras\" \/>\n<meta property=\"og:description\" content=\"A Secretaria de Direitos Humanos da Presid\u00eancia da Rep\u00fablica (SDH) anunciou nessa segunda-feira (15) a utiliza\u00e7\u00e3o de uma ferramenta que vai mapear a ocorr\u00eancia de crimes de \u00f3dio na internet. O software vai coletar dados e identificar redes que se re\u00fanem para fazer ofensas a grupos de pessoas. A ferramenta ser\u00e1 o pilar das atividades [&hellip;]\" \/>\n<meta property=\"og:url\" content=\"https:\/\/www.notibras.com\/site\/governo-lanca-soft-para-identificar-e-combater-grupos-de-odio-que-atuam-na-internet\/\" \/>\n<meta property=\"og:site_name\" content=\"Notibras\" \/>\n<meta property=\"article:publisher\" content=\"https:\/\/www.facebook.com\/notibras\/\" \/>\n<meta property=\"article:published_time\" content=\"2014-12-16T13:21:46+00:00\" \/>\n<meta property=\"article:modified_time\" content=\"2014-12-16T13:23:04+00:00\" \/>\n<meta property=\"og:image\" content=\"https:\/\/www.notibras.com\/site\/wp-content\/uploads\/2014\/12\/agenciabrasil310112_mca2218.jpg\" \/>\n\t<meta property=\"og:image:width\" content=\"580\" \/>\n\t<meta property=\"og:image:height\" content=\"388\" \/>\n\t<meta property=\"og:image:type\" content=\"image\/jpeg\" \/>\n<meta name=\"author\" content=\"Reda\u00e7\u00e3o\" \/>\n<meta name=\"twitter:card\" content=\"summary_large_image\" \/>\n<meta name=\"twitter:creator\" content=\"@Notibras\" \/>\n<meta name=\"twitter:site\" content=\"@Notibras\" \/>\n<meta name=\"twitter:label1\" content=\"Escrito por\" \/>\n\t<meta name=\"twitter:data1\" content=\"Reda\u00e7\u00e3o\" \/>\n\t<meta name=\"twitter:label2\" content=\"Est. tempo de leitura\" \/>\n\t<meta name=\"twitter:data2\" content=\"2 minutos\" \/>\n<script type=\"application\/ld+json\" class=\"yoast-schema-graph\">{\"@context\":\"https:\/\/schema.org\",\"@graph\":[{\"@type\":\"Article\",\"@id\":\"https:\/\/www.notibras.com\/site\/governo-lanca-soft-para-identificar-e-combater-grupos-de-odio-que-atuam-na-internet\/#article\",\"isPartOf\":{\"@id\":\"https:\/\/www.notibras.com\/site\/governo-lanca-soft-para-identificar-e-combater-grupos-de-odio-que-atuam-na-internet\/\"},\"author\":{\"name\":\"Reda\u00e7\u00e3o\",\"@id\":\"https:\/\/www.notibras.com\/site\/#\/schema\/person\/36ab0979449956132d3e5b517ea76ac8\"},\"headline\":\"Governo lan\u00e7a soft para combater os grupos de \u00f3dio que atuam na web\",\"datePublished\":\"2014-12-16T13:21:46+00:00\",\"dateModified\":\"2014-12-16T13:23:04+00:00\",\"mainEntityOfPage\":{\"@id\":\"https:\/\/www.notibras.com\/site\/governo-lanca-soft-para-identificar-e-combater-grupos-de-odio-que-atuam-na-internet\/\"},\"wordCount\":366,\"commentCount\":0,\"publisher\":{\"@id\":\"https:\/\/www.notibras.com\/site\/#organization\"},\"image\":{\"@id\":\"https:\/\/www.notibras.com\/site\/governo-lanca-soft-para-identificar-e-combater-grupos-de-odio-que-atuam-na-internet\/#primaryimage\"},\"thumbnailUrl\":\"https:\/\/www.notibras.com\/site\/wp-content\/uploads\/2014\/12\/agenciabrasil310112_mca2218.jpg\",\"articleSection\":[\"Brasil\"],\"inLanguage\":\"pt-BR\",\"potentialAction\":[{\"@type\":\"CommentAction\",\"name\":\"Comment\",\"target\":[\"https:\/\/www.notibras.com\/site\/governo-lanca-soft-para-identificar-e-combater-grupos-de-odio-que-atuam-na-internet\/#respond\"]}]},{\"@type\":\"WebPage\",\"@id\":\"https:\/\/www.notibras.com\/site\/governo-lanca-soft-para-identificar-e-combater-grupos-de-odio-que-atuam-na-internet\/\",\"url\":\"https:\/\/www.notibras.com\/site\/governo-lanca-soft-para-identificar-e-combater-grupos-de-odio-que-atuam-na-internet\/\",\"name\":\"Governo lan\u00e7a soft para combater os grupos de \u00f3dio que atuam na web - Notibras\",\"isPartOf\":{\"@id\":\"https:\/\/www.notibras.com\/site\/#website\"},\"primaryImageOfPage\":{\"@id\":\"https:\/\/www.notibras.com\/site\/governo-lanca-soft-para-identificar-e-combater-grupos-de-odio-que-atuam-na-internet\/#primaryimage\"},\"image\":{\"@id\":\"https:\/\/www.notibras.com\/site\/governo-lanca-soft-para-identificar-e-combater-grupos-de-odio-que-atuam-na-internet\/#primaryimage\"},\"thumbnailUrl\":\"https:\/\/www.notibras.com\/site\/wp-content\/uploads\/2014\/12\/agenciabrasil310112_mca2218.jpg\",\"datePublished\":\"2014-12-16T13:21:46+00:00\",\"dateModified\":\"2014-12-16T13:23:04+00:00\",\"breadcrumb\":{\"@id\":\"https:\/\/www.notibras.com\/site\/governo-lanca-soft-para-identificar-e-combater-grupos-de-odio-que-atuam-na-internet\/#breadcrumb\"},\"inLanguage\":\"pt-BR\",\"potentialAction\":[{\"@type\":\"ReadAction\",\"target\":[\"https:\/\/www.notibras.com\/site\/governo-lanca-soft-para-identificar-e-combater-grupos-de-odio-que-atuam-na-internet\/\"]}]},{\"@type\":\"ImageObject\",\"inLanguage\":\"pt-BR\",\"@id\":\"https:\/\/www.notibras.com\/site\/governo-lanca-soft-para-identificar-e-combater-grupos-de-odio-que-atuam-na-internet\/#primaryimage\",\"url\":\"https:\/\/www.notibras.com\/site\/wp-content\/uploads\/2014\/12\/agenciabrasil310112_mca2218.jpg\",\"contentUrl\":\"https:\/\/www.notibras.com\/site\/wp-content\/uploads\/2014\/12\/agenciabrasil310112_mca2218.jpg\",\"width\":580,\"height\":388},{\"@type\":\"BreadcrumbList\",\"@id\":\"https:\/\/www.notibras.com\/site\/governo-lanca-soft-para-identificar-e-combater-grupos-de-odio-que-atuam-na-internet\/#breadcrumb\",\"itemListElement\":[{\"@type\":\"ListItem\",\"position\":1,\"name\":\"In\u00edcio\",\"item\":\"https:\/\/www.notibras.com\/site\/\"},{\"@type\":\"ListItem\",\"position\":2,\"name\":\"Governo lan\u00e7a soft para combater os grupos de \u00f3dio que atuam na web\"}]},{\"@type\":\"WebSite\",\"@id\":\"https:\/\/www.notibras.com\/site\/#website\",\"url\":\"https:\/\/www.notibras.com\/site\/\",\"name\":\"Notibras\",\"description\":\"Not\u00edcias de Bras\u00edlia, do Brasil e do Mundo\",\"publisher\":{\"@id\":\"https:\/\/www.notibras.com\/site\/#organization\"},\"potentialAction\":[{\"@type\":\"SearchAction\",\"target\":{\"@type\":\"EntryPoint\",\"urlTemplate\":\"https:\/\/www.notibras.com\/site\/?s={search_term_string}\"},\"query-input\":{\"@type\":\"PropertyValueSpecification\",\"valueRequired\":true,\"valueName\":\"search_term_string\"}}],\"inLanguage\":\"pt-BR\"},{\"@type\":\"Organization\",\"@id\":\"https:\/\/www.notibras.com\/site\/#organization\",\"name\":\"Grupo Notibras de Comunica\u00e7\u00e3o\",\"url\":\"https:\/\/www.notibras.com\/site\/\",\"logo\":{\"@type\":\"ImageObject\",\"inLanguage\":\"pt-BR\",\"@id\":\"https:\/\/www.notibras.com\/site\/#\/schema\/logo\/image\/\",\"url\":\"https:\/\/www.notibras.com\/site\/wp-content\/uploads\/2023\/01\/notibras23.png\",\"contentUrl\":\"https:\/\/www.notibras.com\/site\/wp-content\/uploads\/2023\/01\/notibras23.png\",\"width\":350,\"height\":87,\"caption\":\"Grupo Notibras de Comunica\u00e7\u00e3o\"},\"image\":{\"@id\":\"https:\/\/www.notibras.com\/site\/#\/schema\/logo\/image\/\"},\"sameAs\":[\"https:\/\/www.facebook.com\/notibras\/\",\"https:\/\/x.com\/Notibras\",\"https:\/\/www.instagram.com\/notibras\/\"]},{\"@type\":\"Person\",\"@id\":\"https:\/\/www.notibras.com\/site\/#\/schema\/person\/36ab0979449956132d3e5b517ea76ac8\",\"name\":\"Reda\u00e7\u00e3o\",\"image\":{\"@type\":\"ImageObject\",\"inLanguage\":\"pt-BR\",\"@id\":\"https:\/\/secure.gravatar.com\/avatar\/e0a867bdedb85fd243eadf09663511f96fc81e0720a4a42581f334ad4303aa6b?s=96&d=mm&r=g\",\"url\":\"https:\/\/secure.gravatar.com\/avatar\/e0a867bdedb85fd243eadf09663511f96fc81e0720a4a42581f334ad4303aa6b?s=96&d=mm&r=g\",\"contentUrl\":\"https:\/\/secure.gravatar.com\/avatar\/e0a867bdedb85fd243eadf09663511f96fc81e0720a4a42581f334ad4303aa6b?s=96&d=mm&r=g\",\"caption\":\"Reda\u00e7\u00e3o\"}}]}<\/script>\n<!-- \/ Yoast SEO plugin. -->","yoast_head_json":{"title":"Governo lan\u00e7a soft para combater os grupos de \u00f3dio que atuam na web - Notibras","robots":{"index":"index","follow":"follow","max-snippet":"max-snippet:-1","max-image-preview":"max-image-preview:large","max-video-preview":"max-video-preview:-1"},"canonical":"https:\/\/www.notibras.com\/site\/governo-lanca-soft-para-identificar-e-combater-grupos-de-odio-que-atuam-na-internet\/","og_locale":"pt_BR","og_type":"article","og_title":"Governo lan\u00e7a soft para combater os grupos de \u00f3dio que atuam na web - Notibras","og_description":"A Secretaria de Direitos Humanos da Presid\u00eancia da Rep\u00fablica (SDH) anunciou nessa segunda-feira (15) a utiliza\u00e7\u00e3o de uma ferramenta que vai mapear a ocorr\u00eancia de crimes de \u00f3dio na internet. O software vai coletar dados e identificar redes que se re\u00fanem para fazer ofensas a grupos de pessoas. A ferramenta ser\u00e1 o pilar das atividades [&hellip;]","og_url":"https:\/\/www.notibras.com\/site\/governo-lanca-soft-para-identificar-e-combater-grupos-de-odio-que-atuam-na-internet\/","og_site_name":"Notibras","article_publisher":"https:\/\/www.facebook.com\/notibras\/","article_published_time":"2014-12-16T13:21:46+00:00","article_modified_time":"2014-12-16T13:23:04+00:00","og_image":[{"width":580,"height":388,"url":"https:\/\/www.notibras.com\/site\/wp-content\/uploads\/2014\/12\/agenciabrasil310112_mca2218.jpg","type":"image\/jpeg"}],"author":"Reda\u00e7\u00e3o","twitter_card":"summary_large_image","twitter_creator":"@Notibras","twitter_site":"@Notibras","twitter_misc":{"Escrito por":"Reda\u00e7\u00e3o","Est. tempo de leitura":"2 minutos"},"schema":{"@context":"https:\/\/schema.org","@graph":[{"@type":"Article","@id":"https:\/\/www.notibras.com\/site\/governo-lanca-soft-para-identificar-e-combater-grupos-de-odio-que-atuam-na-internet\/#article","isPartOf":{"@id":"https:\/\/www.notibras.com\/site\/governo-lanca-soft-para-identificar-e-combater-grupos-de-odio-que-atuam-na-internet\/"},"author":{"name":"Reda\u00e7\u00e3o","@id":"https:\/\/www.notibras.com\/site\/#\/schema\/person\/36ab0979449956132d3e5b517ea76ac8"},"headline":"Governo lan\u00e7a soft para combater os grupos de \u00f3dio que atuam na web","datePublished":"2014-12-16T13:21:46+00:00","dateModified":"2014-12-16T13:23:04+00:00","mainEntityOfPage":{"@id":"https:\/\/www.notibras.com\/site\/governo-lanca-soft-para-identificar-e-combater-grupos-de-odio-que-atuam-na-internet\/"},"wordCount":366,"commentCount":0,"publisher":{"@id":"https:\/\/www.notibras.com\/site\/#organization"},"image":{"@id":"https:\/\/www.notibras.com\/site\/governo-lanca-soft-para-identificar-e-combater-grupos-de-odio-que-atuam-na-internet\/#primaryimage"},"thumbnailUrl":"https:\/\/www.notibras.com\/site\/wp-content\/uploads\/2014\/12\/agenciabrasil310112_mca2218.jpg","articleSection":["Brasil"],"inLanguage":"pt-BR","potentialAction":[{"@type":"CommentAction","name":"Comment","target":["https:\/\/www.notibras.com\/site\/governo-lanca-soft-para-identificar-e-combater-grupos-de-odio-que-atuam-na-internet\/#respond"]}]},{"@type":"WebPage","@id":"https:\/\/www.notibras.com\/site\/governo-lanca-soft-para-identificar-e-combater-grupos-de-odio-que-atuam-na-internet\/","url":"https:\/\/www.notibras.com\/site\/governo-lanca-soft-para-identificar-e-combater-grupos-de-odio-que-atuam-na-internet\/","name":"Governo lan\u00e7a soft para combater os grupos de \u00f3dio que atuam na web - Notibras","isPartOf":{"@id":"https:\/\/www.notibras.com\/site\/#website"},"primaryImageOfPage":{"@id":"https:\/\/www.notibras.com\/site\/governo-lanca-soft-para-identificar-e-combater-grupos-de-odio-que-atuam-na-internet\/#primaryimage"},"image":{"@id":"https:\/\/www.notibras.com\/site\/governo-lanca-soft-para-identificar-e-combater-grupos-de-odio-que-atuam-na-internet\/#primaryimage"},"thumbnailUrl":"https:\/\/www.notibras.com\/site\/wp-content\/uploads\/2014\/12\/agenciabrasil310112_mca2218.jpg","datePublished":"2014-12-16T13:21:46+00:00","dateModified":"2014-12-16T13:23:04+00:00","breadcrumb":{"@id":"https:\/\/www.notibras.com\/site\/governo-lanca-soft-para-identificar-e-combater-grupos-de-odio-que-atuam-na-internet\/#breadcrumb"},"inLanguage":"pt-BR","potentialAction":[{"@type":"ReadAction","target":["https:\/\/www.notibras.com\/site\/governo-lanca-soft-para-identificar-e-combater-grupos-de-odio-que-atuam-na-internet\/"]}]},{"@type":"ImageObject","inLanguage":"pt-BR","@id":"https:\/\/www.notibras.com\/site\/governo-lanca-soft-para-identificar-e-combater-grupos-de-odio-que-atuam-na-internet\/#primaryimage","url":"https:\/\/www.notibras.com\/site\/wp-content\/uploads\/2014\/12\/agenciabrasil310112_mca2218.jpg","contentUrl":"https:\/\/www.notibras.com\/site\/wp-content\/uploads\/2014\/12\/agenciabrasil310112_mca2218.jpg","width":580,"height":388},{"@type":"BreadcrumbList","@id":"https:\/\/www.notibras.com\/site\/governo-lanca-soft-para-identificar-e-combater-grupos-de-odio-que-atuam-na-internet\/#breadcrumb","itemListElement":[{"@type":"ListItem","position":1,"name":"In\u00edcio","item":"https:\/\/www.notibras.com\/site\/"},{"@type":"ListItem","position":2,"name":"Governo lan\u00e7a soft para combater os grupos de \u00f3dio que atuam na web"}]},{"@type":"WebSite","@id":"https:\/\/www.notibras.com\/site\/#website","url":"https:\/\/www.notibras.com\/site\/","name":"Notibras","description":"Not\u00edcias de Bras\u00edlia, do Brasil e do Mundo","publisher":{"@id":"https:\/\/www.notibras.com\/site\/#organization"},"potentialAction":[{"@type":"SearchAction","target":{"@type":"EntryPoint","urlTemplate":"https:\/\/www.notibras.com\/site\/?s={search_term_string}"},"query-input":{"@type":"PropertyValueSpecification","valueRequired":true,"valueName":"search_term_string"}}],"inLanguage":"pt-BR"},{"@type":"Organization","@id":"https:\/\/www.notibras.com\/site\/#organization","name":"Grupo Notibras de Comunica\u00e7\u00e3o","url":"https:\/\/www.notibras.com\/site\/","logo":{"@type":"ImageObject","inLanguage":"pt-BR","@id":"https:\/\/www.notibras.com\/site\/#\/schema\/logo\/image\/","url":"https:\/\/www.notibras.com\/site\/wp-content\/uploads\/2023\/01\/notibras23.png","contentUrl":"https:\/\/www.notibras.com\/site\/wp-content\/uploads\/2023\/01\/notibras23.png","width":350,"height":87,"caption":"Grupo Notibras de Comunica\u00e7\u00e3o"},"image":{"@id":"https:\/\/www.notibras.com\/site\/#\/schema\/logo\/image\/"},"sameAs":["https:\/\/www.facebook.com\/notibras\/","https:\/\/x.com\/Notibras","https:\/\/www.instagram.com\/notibras\/"]},{"@type":"Person","@id":"https:\/\/www.notibras.com\/site\/#\/schema\/person\/36ab0979449956132d3e5b517ea76ac8","name":"Reda\u00e7\u00e3o","image":{"@type":"ImageObject","inLanguage":"pt-BR","@id":"https:\/\/secure.gravatar.com\/avatar\/e0a867bdedb85fd243eadf09663511f96fc81e0720a4a42581f334ad4303aa6b?s=96&d=mm&r=g","url":"https:\/\/secure.gravatar.com\/avatar\/e0a867bdedb85fd243eadf09663511f96fc81e0720a4a42581f334ad4303aa6b?s=96&d=mm&r=g","contentUrl":"https:\/\/secure.gravatar.com\/avatar\/e0a867bdedb85fd243eadf09663511f96fc81e0720a4a42581f334ad4303aa6b?s=96&d=mm&r=g","caption":"Reda\u00e7\u00e3o"}}]}},"amp_enabled":true,"_links":{"self":[{"href":"https:\/\/www.notibras.com\/site\/wp-json\/wp\/v2\/posts\/31330","targetHints":{"allow":["GET"]}}],"collection":[{"href":"https:\/\/www.notibras.com\/site\/wp-json\/wp\/v2\/posts"}],"about":[{"href":"https:\/\/www.notibras.com\/site\/wp-json\/wp\/v2\/types\/post"}],"author":[{"embeddable":true,"href":"https:\/\/www.notibras.com\/site\/wp-json\/wp\/v2\/users\/2"}],"replies":[{"embeddable":true,"href":"https:\/\/www.notibras.com\/site\/wp-json\/wp\/v2\/comments?post=31330"}],"version-history":[{"count":0,"href":"https:\/\/www.notibras.com\/site\/wp-json\/wp\/v2\/posts\/31330\/revisions"}],"wp:featuredmedia":[{"embeddable":true,"href":"https:\/\/www.notibras.com\/site\/wp-json\/wp\/v2\/media\/31331"}],"wp:attachment":[{"href":"https:\/\/www.notibras.com\/site\/wp-json\/wp\/v2\/media?parent=31330"}],"wp:term":[{"taxonomy":"category","embeddable":true,"href":"https:\/\/www.notibras.com\/site\/wp-json\/wp\/v2\/categories?post=31330"},{"taxonomy":"post_tag","embeddable":true,"href":"https:\/\/www.notibras.com\/site\/wp-json\/wp\/v2\/tags?post=31330"}],"curies":[{"name":"wp","href":"https:\/\/api.w.org\/{rel}","templated":true}]}}