{"id":313306,"date":"2023-09-22T00:01:25","date_gmt":"2023-09-22T03:01:25","guid":{"rendered":"https:\/\/www.notibras.com\/site\/?p=313306"},"modified":"2023-09-22T11:37:49","modified_gmt":"2023-09-22T14:37:49","slug":"tcdf-manda-ajustar-editais-para-construcao-de-dois-hospitais","status":"publish","type":"post","link":"https:\/\/www.notibras.com\/site\/tcdf-manda-ajustar-editais-para-construcao-de-dois-hospitais\/","title":{"rendered":"TCDF manda ajustar editais para constru\u00e7\u00e3o de dois hospitais"},"content":{"rendered":"<p>O Tribunal de Contas do Distrito Federal autorizou a continuidade das licita\u00e7\u00f5es para a constru\u00e7\u00e3o do Hospital do\u202fRecanto\u202fdas Emas\u202f(HRE) e do Hospital Cl\u00ednico Ortop\u00e9dico (HCO), lan\u00e7adas pela Novacap. A libera\u00e7\u00e3o, por\u00e9m, est\u00e1 condicionada tanto \u00e0 corre\u00e7\u00e3o, quanto \u00e0 republica\u00e7\u00e3o dos editais.<\/p>\n<p>Os anteprojetos precisam ser aprimorados para cumprir exig\u00eancias legais e normativas, garantir precis\u00e3o or\u00e7ament\u00e1ria, reduzir riscos de sobrepre\u00e7o e proporcionar informa\u00e7\u00f5es adequadas \u00e0s construtoras interessadas nas licita\u00e7\u00f5es.<\/p>\n<p>A Novacap dever\u00e1 incluir, nos anteprojetos dos hospitais, informa\u00e7\u00f5es relacionadas \u00e0 est\u00e9tica dos projetos arquitet\u00f4nicos. A determina\u00e7\u00e3o visa a assegurar a coer\u00eancia e a adequa\u00e7\u00e3o desses anteprojetos aos projetos b\u00e1sicos e \u00e0s expectativas da Administra\u00e7\u00e3o P\u00fablica.<\/p>\n<p>As empresas contratadas ser\u00e3o respons\u00e1veis por todo o processo de implanta\u00e7\u00e3o dos hospitais, desde a elabora\u00e7\u00e3o dos projetos b\u00e1sicos e executivos at\u00e9 a instala\u00e7\u00e3o de equipamentos e mobili\u00e1rios para entrega final \u2013 em condi\u00e7\u00f5es de funcionamento.<\/p>\n<p>A Companhia tamb\u00e9m dever\u00e1 promover altera\u00e7\u00f5es nos editais, inclusive nas minutas contratuais, para exigir, das contratadas, a apresenta\u00e7\u00e3o das composi\u00e7\u00f5es de custos unit\u00e1rios (CCUs) dos insumos, dos materiais e da m\u00e3o de obra necess\u00e1rios para a constru\u00e7\u00e3o dos hospitais.<\/p>\n<p>Essa planilha or\u00e7ament\u00e1ria detalhada dever\u00e1 ser apresentada ao TCDF junto com o Projeto B\u00e1sico, o qual dever\u00e1 conter tamb\u00e9m, entre outras informa\u00e7\u00f5es, os desenhos, as especifica\u00e7\u00f5es de materiais e os memoriais das obras.<\/p>\n<p>O Plen\u00e1rio da Corte ainda determinou a ado\u00e7\u00e3o de provid\u00eancias, por meio da Comiss\u00e3o de Licita\u00e7\u00e3o designada para a supervis\u00e3o dos certames, para que os valores ofertados sejam condizentes com a realidade do mercado local. A medida tem o objetivo de garantir a economicidade das contrata\u00e7\u00f5es.<\/p>\n<p>Tamb\u00e9m deve haver reformula\u00e7\u00e3o dos requisitos de habilita\u00e7\u00e3o t\u00e9cnica e econ\u00f4mico-financeira para ampliar a competitividade dos certames.<\/p>\n<p>Ap\u00f3s a escolha das empresas vencedoras das licita\u00e7\u00f5es, o TCDF ainda vai avaliar projetos b\u00e1sicos, or\u00e7amentos, cronogramas, especifica\u00e7\u00f5es e memoriais elaborados. Essa avalia\u00e7\u00e3o vai ocorrer antes do in\u00edcio das obras. A constru\u00e7\u00e3o de cada uma das unidades de sa\u00fade s\u00f3 poder\u00e1 ser iniciada ap\u00f3s a aprova\u00e7\u00e3o dos documentos pelo TCDF.<\/p>\n<p>O TCDF ainda decidiu alertar a Secretaria de Sa\u00fade sobre a necessidade de incluir, em seu planejamento de contrata\u00e7\u00e3o de recursos humanos para os pr\u00f3ximos anos, a quantidade de profissionais necess\u00e1ria ao funcionamento do Hospital Cl\u00ednico Ortop\u00e9dico e do Hospital do\u202fRecanto\u202f das\u202fEmas. Essas obras ser\u00e3o inclu\u00eddas nos planos de fiscaliza\u00e7\u00e3o para os exerc\u00edcios de 2024, 2025 e 2026.<\/p>\n<p><strong>Sobre os hospitais<\/strong><br \/>\nA constru\u00e7\u00e3o do Hospital do\u202fRecanto\u202fdas\u202fEmas\u202fest\u00e1 estimada em R$ 147,6 milh\u00f5es. Al\u00e9m de refer\u00eancia cl\u00ednica, a unidade deve servir de refer\u00eancia pedi\u00e1trica, inclusive proporcionando o acesso da comunidade a servi\u00e7os de cirurgia pedi\u00e1trica. A previs\u00e3o \u00e9 que o HRE tenha 100 leitos de interna\u00e7\u00e3o, sendo 60 leitos para cl\u00ednica m\u00e9dica, 30 para cl\u00ednica pedi\u00e1trica e 10 para UTI pedi\u00e1trica. A unidade deve ser constru\u00edda na Quadra 104 do Setor Hospitalar do Recanto das Emas.<\/p>\n<p>J\u00e1 o Hospital Cl\u00ednico Ortop\u00e9dico (HCO) deve custar R$ 204,3 milh\u00f5es e ser\u00e1 o sexto hospital da Rede da Secretaria de Sa\u00fade habilitado como Unidade de Assist\u00eancia de Alta Complexidade em Traumato-ortopedia. Atualmente, apenas o Hospital de Base, o Hospital da Regi\u00e3o Leste (localizado no Parano\u00e1), e os Hospitais Regionais de Sobradinho, de Santa Maria e de Taguatinga possuem essa habilita\u00e7\u00e3o.<\/p>\n<p>O complexo hospitalar contar\u00e1 com 160 leitos, sendo 140 leitos de enfermaria, contemplando o atendimento cl\u00ednico adulto e o atendimento cir\u00fargico ortop\u00e9dico adulto, e 20 leitos de UTI adulto. O HCO ser\u00e1 constru\u00eddo na QE 23 do SRIA II, pertencente \u00e0 Regi\u00e3o Administrativa do Guar\u00e1.<\/p>\n","protected":false},"excerpt":{"rendered":"<p>O Tribunal de Contas do Distrito Federal autorizou a continuidade das licita\u00e7\u00f5es para a constru\u00e7\u00e3o do Hospital do\u202fRecanto\u202fdas Emas\u202f(HRE) e do Hospital Cl\u00ednico Ortop\u00e9dico (HCO), lan\u00e7adas pela Novacap. A libera\u00e7\u00e3o, por\u00e9m, est\u00e1 condicionada tanto \u00e0 corre\u00e7\u00e3o, quanto \u00e0 republica\u00e7\u00e3o dos editais. Os anteprojetos precisam ser aprimorados para cumprir exig\u00eancias legais e normativas, garantir precis\u00e3o or\u00e7ament\u00e1ria, [&hellip;]<\/p>\n","protected":false},"author":2,"featured_media":296538,"comment_status":"closed","ping_status":"closed","sticky":false,"template":"","format":"standard","meta":{"_acf_changed":false,"footnotes":""},"categories":[161],"tags":[],"class_list":["post-313306","post","type-post","status-publish","format-standard","has-post-thumbnail","hentry","category-quadradinho-em-foco"],"acf":[],"yoast_head":"<!-- This site is optimized with the Yoast SEO plugin v27.2 - https:\/\/yoast.com\/product\/yoast-seo-wordpress\/ -->\n<title>TCDF manda ajustar editais para constru\u00e7\u00e3o de dois hospitais - Notibras<\/title>\n<meta name=\"robots\" content=\"index, follow, max-snippet:-1, max-image-preview:large, max-video-preview:-1\" \/>\n<link rel=\"canonical\" href=\"https:\/\/www.notibras.com\/site\/tcdf-manda-ajustar-editais-para-construcao-de-dois-hospitais\/\" \/>\n<meta property=\"og:locale\" content=\"pt_BR\" \/>\n<meta property=\"og:type\" content=\"article\" \/>\n<meta property=\"og:title\" content=\"TCDF manda ajustar editais para constru\u00e7\u00e3o de dois hospitais - Notibras\" \/>\n<meta property=\"og:description\" content=\"O Tribunal de Contas do Distrito Federal autorizou a continuidade das licita\u00e7\u00f5es para a constru\u00e7\u00e3o do Hospital do\u202fRecanto\u202fdas Emas\u202f(HRE) e do Hospital Cl\u00ednico Ortop\u00e9dico (HCO), lan\u00e7adas pela Novacap. A libera\u00e7\u00e3o, por\u00e9m, est\u00e1 condicionada tanto \u00e0 corre\u00e7\u00e3o, quanto \u00e0 republica\u00e7\u00e3o dos editais. Os anteprojetos precisam ser aprimorados para cumprir exig\u00eancias legais e normativas, garantir precis\u00e3o or\u00e7ament\u00e1ria, [&hellip;]\" \/>\n<meta property=\"og:url\" content=\"https:\/\/www.notibras.com\/site\/tcdf-manda-ajustar-editais-para-construcao-de-dois-hospitais\/\" \/>\n<meta property=\"og:site_name\" content=\"Notibras\" \/>\n<meta property=\"article:publisher\" content=\"https:\/\/www.facebook.com\/notibras\/\" \/>\n<meta property=\"article:published_time\" content=\"2023-09-22T03:01:25+00:00\" \/>\n<meta property=\"article:modified_time\" content=\"2023-09-22T14:37:49+00:00\" \/>\n<meta property=\"og:image\" content=\"https:\/\/www.notibras.com\/site\/wp-content\/uploads\/2022\/12\/enfermeiros_em_hospital_de_campanha.jpg\" \/>\n\t<meta property=\"og:image:width\" content=\"1170\" \/>\n\t<meta property=\"og:image:height\" content=\"700\" \/>\n\t<meta property=\"og:image:type\" content=\"image\/jpeg\" \/>\n<meta name=\"author\" content=\"Reda\u00e7\u00e3o\" \/>\n<meta name=\"twitter:card\" content=\"summary_large_image\" \/>\n<meta name=\"twitter:creator\" content=\"@Notibras\" \/>\n<meta name=\"twitter:site\" content=\"@Notibras\" \/>\n<meta name=\"twitter:label1\" content=\"Escrito por\" \/>\n\t<meta name=\"twitter:data1\" content=\"Reda\u00e7\u00e3o\" \/>\n\t<meta name=\"twitter:label2\" content=\"Est. tempo de leitura\" \/>\n\t<meta name=\"twitter:data2\" content=\"4 minutos\" \/>\n<script type=\"application\/ld+json\" class=\"yoast-schema-graph\">{\"@context\":\"https:\/\/schema.org\",\"@graph\":[{\"@type\":\"Article\",\"@id\":\"https:\/\/www.notibras.com\/site\/tcdf-manda-ajustar-editais-para-construcao-de-dois-hospitais\/#article\",\"isPartOf\":{\"@id\":\"https:\/\/www.notibras.com\/site\/tcdf-manda-ajustar-editais-para-construcao-de-dois-hospitais\/\"},\"author\":{\"name\":\"Reda\u00e7\u00e3o\",\"@id\":\"https:\/\/www.notibras.com\/site\/#\/schema\/person\/36ab0979449956132d3e5b517ea76ac8\"},\"headline\":\"TCDF manda ajustar editais para constru\u00e7\u00e3o de dois hospitais\",\"datePublished\":\"2023-09-22T03:01:25+00:00\",\"dateModified\":\"2023-09-22T14:37:49+00:00\",\"mainEntityOfPage\":{\"@id\":\"https:\/\/www.notibras.com\/site\/tcdf-manda-ajustar-editais-para-construcao-de-dois-hospitais\/\"},\"wordCount\":673,\"publisher\":{\"@id\":\"https:\/\/www.notibras.com\/site\/#organization\"},\"image\":{\"@id\":\"https:\/\/www.notibras.com\/site\/tcdf-manda-ajustar-editais-para-construcao-de-dois-hospitais\/#primaryimage\"},\"thumbnailUrl\":\"https:\/\/www.notibras.com\/site\/wp-content\/uploads\/2022\/12\/enfermeiros_em_hospital_de_campanha.jpg\",\"articleSection\":[\"Quadradinho em Foco\"],\"inLanguage\":\"pt-BR\"},{\"@type\":\"WebPage\",\"@id\":\"https:\/\/www.notibras.com\/site\/tcdf-manda-ajustar-editais-para-construcao-de-dois-hospitais\/\",\"url\":\"https:\/\/www.notibras.com\/site\/tcdf-manda-ajustar-editais-para-construcao-de-dois-hospitais\/\",\"name\":\"TCDF manda ajustar editais para constru\u00e7\u00e3o de dois hospitais - Notibras\",\"isPartOf\":{\"@id\":\"https:\/\/www.notibras.com\/site\/#website\"},\"primaryImageOfPage\":{\"@id\":\"https:\/\/www.notibras.com\/site\/tcdf-manda-ajustar-editais-para-construcao-de-dois-hospitais\/#primaryimage\"},\"image\":{\"@id\":\"https:\/\/www.notibras.com\/site\/tcdf-manda-ajustar-editais-para-construcao-de-dois-hospitais\/#primaryimage\"},\"thumbnailUrl\":\"https:\/\/www.notibras.com\/site\/wp-content\/uploads\/2022\/12\/enfermeiros_em_hospital_de_campanha.jpg\",\"datePublished\":\"2023-09-22T03:01:25+00:00\",\"dateModified\":\"2023-09-22T14:37:49+00:00\",\"breadcrumb\":{\"@id\":\"https:\/\/www.notibras.com\/site\/tcdf-manda-ajustar-editais-para-construcao-de-dois-hospitais\/#breadcrumb\"},\"inLanguage\":\"pt-BR\",\"potentialAction\":[{\"@type\":\"ReadAction\",\"target\":[\"https:\/\/www.notibras.com\/site\/tcdf-manda-ajustar-editais-para-construcao-de-dois-hospitais\/\"]}]},{\"@type\":\"ImageObject\",\"inLanguage\":\"pt-BR\",\"@id\":\"https:\/\/www.notibras.com\/site\/tcdf-manda-ajustar-editais-para-construcao-de-dois-hospitais\/#primaryimage\",\"url\":\"https:\/\/www.notibras.com\/site\/wp-content\/uploads\/2022\/12\/enfermeiros_em_hospital_de_campanha.jpg\",\"contentUrl\":\"https:\/\/www.notibras.com\/site\/wp-content\/uploads\/2022\/12\/enfermeiros_em_hospital_de_campanha.jpg\",\"width\":1170,\"height\":700,\"caption\":\"M\u00e9dicos fazem treinamento no hospital de campanha para tratamento de covid-19 do Complexo Esportivo do Ibirapuera.\"},{\"@type\":\"BreadcrumbList\",\"@id\":\"https:\/\/www.notibras.com\/site\/tcdf-manda-ajustar-editais-para-construcao-de-dois-hospitais\/#breadcrumb\",\"itemListElement\":[{\"@type\":\"ListItem\",\"position\":1,\"name\":\"In\u00edcio\",\"item\":\"https:\/\/www.notibras.com\/site\/\"},{\"@type\":\"ListItem\",\"position\":2,\"name\":\"TCDF manda ajustar editais para constru\u00e7\u00e3o de dois hospitais\"}]},{\"@type\":\"WebSite\",\"@id\":\"https:\/\/www.notibras.com\/site\/#website\",\"url\":\"https:\/\/www.notibras.com\/site\/\",\"name\":\"Notibras\",\"description\":\"Not\u00edcias de Bras\u00edlia, do Brasil e do Mundo\",\"publisher\":{\"@id\":\"https:\/\/www.notibras.com\/site\/#organization\"},\"potentialAction\":[{\"@type\":\"SearchAction\",\"target\":{\"@type\":\"EntryPoint\",\"urlTemplate\":\"https:\/\/www.notibras.com\/site\/?s={search_term_string}\"},\"query-input\":{\"@type\":\"PropertyValueSpecification\",\"valueRequired\":true,\"valueName\":\"search_term_string\"}}],\"inLanguage\":\"pt-BR\"},{\"@type\":\"Organization\",\"@id\":\"https:\/\/www.notibras.com\/site\/#organization\",\"name\":\"Grupo Notibras de Comunica\u00e7\u00e3o\",\"url\":\"https:\/\/www.notibras.com\/site\/\",\"logo\":{\"@type\":\"ImageObject\",\"inLanguage\":\"pt-BR\",\"@id\":\"https:\/\/www.notibras.com\/site\/#\/schema\/logo\/image\/\",\"url\":\"https:\/\/www.notibras.com\/site\/wp-content\/uploads\/2023\/01\/notibras23.png\",\"contentUrl\":\"https:\/\/www.notibras.com\/site\/wp-content\/uploads\/2023\/01\/notibras23.png\",\"width\":350,\"height\":87,\"caption\":\"Grupo Notibras de Comunica\u00e7\u00e3o\"},\"image\":{\"@id\":\"https:\/\/www.notibras.com\/site\/#\/schema\/logo\/image\/\"},\"sameAs\":[\"https:\/\/www.facebook.com\/notibras\/\",\"https:\/\/x.com\/Notibras\",\"https:\/\/www.instagram.com\/notibras\/\"]},{\"@type\":\"Person\",\"@id\":\"https:\/\/www.notibras.com\/site\/#\/schema\/person\/36ab0979449956132d3e5b517ea76ac8\",\"name\":\"Reda\u00e7\u00e3o\",\"image\":{\"@type\":\"ImageObject\",\"inLanguage\":\"pt-BR\",\"@id\":\"https:\/\/secure.gravatar.com\/avatar\/e0a867bdedb85fd243eadf09663511f96fc81e0720a4a42581f334ad4303aa6b?s=96&d=mm&r=g\",\"url\":\"https:\/\/secure.gravatar.com\/avatar\/e0a867bdedb85fd243eadf09663511f96fc81e0720a4a42581f334ad4303aa6b?s=96&d=mm&r=g\",\"contentUrl\":\"https:\/\/secure.gravatar.com\/avatar\/e0a867bdedb85fd243eadf09663511f96fc81e0720a4a42581f334ad4303aa6b?s=96&d=mm&r=g\",\"caption\":\"Reda\u00e7\u00e3o\"}}]}<\/script>\n<!-- \/ Yoast SEO plugin. -->","yoast_head_json":{"title":"TCDF manda ajustar editais para constru\u00e7\u00e3o de dois hospitais - Notibras","robots":{"index":"index","follow":"follow","max-snippet":"max-snippet:-1","max-image-preview":"max-image-preview:large","max-video-preview":"max-video-preview:-1"},"canonical":"https:\/\/www.notibras.com\/site\/tcdf-manda-ajustar-editais-para-construcao-de-dois-hospitais\/","og_locale":"pt_BR","og_type":"article","og_title":"TCDF manda ajustar editais para constru\u00e7\u00e3o de dois hospitais - Notibras","og_description":"O Tribunal de Contas do Distrito Federal autorizou a continuidade das licita\u00e7\u00f5es para a constru\u00e7\u00e3o do Hospital do\u202fRecanto\u202fdas Emas\u202f(HRE) e do Hospital Cl\u00ednico Ortop\u00e9dico (HCO), lan\u00e7adas pela Novacap. A libera\u00e7\u00e3o, por\u00e9m, est\u00e1 condicionada tanto \u00e0 corre\u00e7\u00e3o, quanto \u00e0 republica\u00e7\u00e3o dos editais. Os anteprojetos precisam ser aprimorados para cumprir exig\u00eancias legais e normativas, garantir precis\u00e3o or\u00e7ament\u00e1ria, [&hellip;]","og_url":"https:\/\/www.notibras.com\/site\/tcdf-manda-ajustar-editais-para-construcao-de-dois-hospitais\/","og_site_name":"Notibras","article_publisher":"https:\/\/www.facebook.com\/notibras\/","article_published_time":"2023-09-22T03:01:25+00:00","article_modified_time":"2023-09-22T14:37:49+00:00","og_image":[{"width":1170,"height":700,"url":"https:\/\/www.notibras.com\/site\/wp-content\/uploads\/2022\/12\/enfermeiros_em_hospital_de_campanha.jpg","type":"image\/jpeg"}],"author":"Reda\u00e7\u00e3o","twitter_card":"summary_large_image","twitter_creator":"@Notibras","twitter_site":"@Notibras","twitter_misc":{"Escrito por":"Reda\u00e7\u00e3o","Est. tempo de leitura":"4 minutos"},"schema":{"@context":"https:\/\/schema.org","@graph":[{"@type":"Article","@id":"https:\/\/www.notibras.com\/site\/tcdf-manda-ajustar-editais-para-construcao-de-dois-hospitais\/#article","isPartOf":{"@id":"https:\/\/www.notibras.com\/site\/tcdf-manda-ajustar-editais-para-construcao-de-dois-hospitais\/"},"author":{"name":"Reda\u00e7\u00e3o","@id":"https:\/\/www.notibras.com\/site\/#\/schema\/person\/36ab0979449956132d3e5b517ea76ac8"},"headline":"TCDF manda ajustar editais para constru\u00e7\u00e3o de dois hospitais","datePublished":"2023-09-22T03:01:25+00:00","dateModified":"2023-09-22T14:37:49+00:00","mainEntityOfPage":{"@id":"https:\/\/www.notibras.com\/site\/tcdf-manda-ajustar-editais-para-construcao-de-dois-hospitais\/"},"wordCount":673,"publisher":{"@id":"https:\/\/www.notibras.com\/site\/#organization"},"image":{"@id":"https:\/\/www.notibras.com\/site\/tcdf-manda-ajustar-editais-para-construcao-de-dois-hospitais\/#primaryimage"},"thumbnailUrl":"https:\/\/www.notibras.com\/site\/wp-content\/uploads\/2022\/12\/enfermeiros_em_hospital_de_campanha.jpg","articleSection":["Quadradinho em Foco"],"inLanguage":"pt-BR"},{"@type":"WebPage","@id":"https:\/\/www.notibras.com\/site\/tcdf-manda-ajustar-editais-para-construcao-de-dois-hospitais\/","url":"https:\/\/www.notibras.com\/site\/tcdf-manda-ajustar-editais-para-construcao-de-dois-hospitais\/","name":"TCDF manda ajustar editais para constru\u00e7\u00e3o de dois hospitais - Notibras","isPartOf":{"@id":"https:\/\/www.notibras.com\/site\/#website"},"primaryImageOfPage":{"@id":"https:\/\/www.notibras.com\/site\/tcdf-manda-ajustar-editais-para-construcao-de-dois-hospitais\/#primaryimage"},"image":{"@id":"https:\/\/www.notibras.com\/site\/tcdf-manda-ajustar-editais-para-construcao-de-dois-hospitais\/#primaryimage"},"thumbnailUrl":"https:\/\/www.notibras.com\/site\/wp-content\/uploads\/2022\/12\/enfermeiros_em_hospital_de_campanha.jpg","datePublished":"2023-09-22T03:01:25+00:00","dateModified":"2023-09-22T14:37:49+00:00","breadcrumb":{"@id":"https:\/\/www.notibras.com\/site\/tcdf-manda-ajustar-editais-para-construcao-de-dois-hospitais\/#breadcrumb"},"inLanguage":"pt-BR","potentialAction":[{"@type":"ReadAction","target":["https:\/\/www.notibras.com\/site\/tcdf-manda-ajustar-editais-para-construcao-de-dois-hospitais\/"]}]},{"@type":"ImageObject","inLanguage":"pt-BR","@id":"https:\/\/www.notibras.com\/site\/tcdf-manda-ajustar-editais-para-construcao-de-dois-hospitais\/#primaryimage","url":"https:\/\/www.notibras.com\/site\/wp-content\/uploads\/2022\/12\/enfermeiros_em_hospital_de_campanha.jpg","contentUrl":"https:\/\/www.notibras.com\/site\/wp-content\/uploads\/2022\/12\/enfermeiros_em_hospital_de_campanha.jpg","width":1170,"height":700,"caption":"M\u00e9dicos fazem treinamento no hospital de campanha para tratamento de covid-19 do Complexo Esportivo do Ibirapuera."},{"@type":"BreadcrumbList","@id":"https:\/\/www.notibras.com\/site\/tcdf-manda-ajustar-editais-para-construcao-de-dois-hospitais\/#breadcrumb","itemListElement":[{"@type":"ListItem","position":1,"name":"In\u00edcio","item":"https:\/\/www.notibras.com\/site\/"},{"@type":"ListItem","position":2,"name":"TCDF manda ajustar editais para constru\u00e7\u00e3o de dois hospitais"}]},{"@type":"WebSite","@id":"https:\/\/www.notibras.com\/site\/#website","url":"https:\/\/www.notibras.com\/site\/","name":"Notibras","description":"Not\u00edcias de Bras\u00edlia, do Brasil e do Mundo","publisher":{"@id":"https:\/\/www.notibras.com\/site\/#organization"},"potentialAction":[{"@type":"SearchAction","target":{"@type":"EntryPoint","urlTemplate":"https:\/\/www.notibras.com\/site\/?s={search_term_string}"},"query-input":{"@type":"PropertyValueSpecification","valueRequired":true,"valueName":"search_term_string"}}],"inLanguage":"pt-BR"},{"@type":"Organization","@id":"https:\/\/www.notibras.com\/site\/#organization","name":"Grupo Notibras de Comunica\u00e7\u00e3o","url":"https:\/\/www.notibras.com\/site\/","logo":{"@type":"ImageObject","inLanguage":"pt-BR","@id":"https:\/\/www.notibras.com\/site\/#\/schema\/logo\/image\/","url":"https:\/\/www.notibras.com\/site\/wp-content\/uploads\/2023\/01\/notibras23.png","contentUrl":"https:\/\/www.notibras.com\/site\/wp-content\/uploads\/2023\/01\/notibras23.png","width":350,"height":87,"caption":"Grupo Notibras de Comunica\u00e7\u00e3o"},"image":{"@id":"https:\/\/www.notibras.com\/site\/#\/schema\/logo\/image\/"},"sameAs":["https:\/\/www.facebook.com\/notibras\/","https:\/\/x.com\/Notibras","https:\/\/www.instagram.com\/notibras\/"]},{"@type":"Person","@id":"https:\/\/www.notibras.com\/site\/#\/schema\/person\/36ab0979449956132d3e5b517ea76ac8","name":"Reda\u00e7\u00e3o","image":{"@type":"ImageObject","inLanguage":"pt-BR","@id":"https:\/\/secure.gravatar.com\/avatar\/e0a867bdedb85fd243eadf09663511f96fc81e0720a4a42581f334ad4303aa6b?s=96&d=mm&r=g","url":"https:\/\/secure.gravatar.com\/avatar\/e0a867bdedb85fd243eadf09663511f96fc81e0720a4a42581f334ad4303aa6b?s=96&d=mm&r=g","contentUrl":"https:\/\/secure.gravatar.com\/avatar\/e0a867bdedb85fd243eadf09663511f96fc81e0720a4a42581f334ad4303aa6b?s=96&d=mm&r=g","caption":"Reda\u00e7\u00e3o"}}]}},"amp_enabled":true,"_links":{"self":[{"href":"https:\/\/www.notibras.com\/site\/wp-json\/wp\/v2\/posts\/313306","targetHints":{"allow":["GET"]}}],"collection":[{"href":"https:\/\/www.notibras.com\/site\/wp-json\/wp\/v2\/posts"}],"about":[{"href":"https:\/\/www.notibras.com\/site\/wp-json\/wp\/v2\/types\/post"}],"author":[{"embeddable":true,"href":"https:\/\/www.notibras.com\/site\/wp-json\/wp\/v2\/users\/2"}],"replies":[{"embeddable":true,"href":"https:\/\/www.notibras.com\/site\/wp-json\/wp\/v2\/comments?post=313306"}],"version-history":[{"count":1,"href":"https:\/\/www.notibras.com\/site\/wp-json\/wp\/v2\/posts\/313306\/revisions"}],"predecessor-version":[{"id":313307,"href":"https:\/\/www.notibras.com\/site\/wp-json\/wp\/v2\/posts\/313306\/revisions\/313307"}],"wp:featuredmedia":[{"embeddable":true,"href":"https:\/\/www.notibras.com\/site\/wp-json\/wp\/v2\/media\/296538"}],"wp:attachment":[{"href":"https:\/\/www.notibras.com\/site\/wp-json\/wp\/v2\/media?parent=313306"}],"wp:term":[{"taxonomy":"category","embeddable":true,"href":"https:\/\/www.notibras.com\/site\/wp-json\/wp\/v2\/categories?post=313306"},{"taxonomy":"post_tag","embeddable":true,"href":"https:\/\/www.notibras.com\/site\/wp-json\/wp\/v2\/tags?post=313306"}],"curies":[{"name":"wp","href":"https:\/\/api.w.org\/{rel}","templated":true}]}}