{"id":313314,"date":"2023-09-23T00:01:53","date_gmt":"2023-09-23T03:01:53","guid":{"rendered":"https:\/\/www.notibras.com\/site\/?p=313314"},"modified":"2023-09-23T02:36:47","modified_gmt":"2023-09-23T05:36:47","slug":"projeto-oferece-oficinas-para-a-criacao-de-solos","status":"publish","type":"post","link":"https:\/\/www.notibras.com\/site\/projeto-oferece-oficinas-para-a-criacao-de-solos\/","title":{"rendered":"Projeto oferece oficinas para a cria\u00e7\u00e3o de solos"},"content":{"rendered":"<p>Seguindo a tem\u00e1tica &#8220;travessia, desvio, abandono&#8221;, as oficinas se organizam em formato de um laborat\u00f3rio art\u00edstico para o desenvolvimento de projetos de cria\u00e7\u00e3o solo. Os encontros acontecem de 26 a 28 de setembro, em diferentes hor\u00e1rios, no Teatro Galp\u00e3o Hugo Rodas, no Espa\u00e7o Cultural Renato Russo, na 508 Sul.<\/p>\n<p>Al\u00e9m das atividades, uma roda de conversa sobre a &#8220;Internacionaliza\u00e7\u00e3o de projetos em dan\u00e7a&#8221;, tamb\u00e9m gratuita, acontece das 16h \u00e0s 18h, no dia 30 deste m\u00eas.<\/p>\n<p>De acordo com Ramon Lima, &#8220;a oficina \u00e9 ancorada no acompanhamento te\u00f3rico-pr\u00e1tico e no compartilhamento de ferramentas de cria\u00e7\u00e3o e composi\u00e7\u00e3o para projetos de cria\u00e7\u00e3o solo&#8221;.<\/p>\n<p>Durante a atividade, o p\u00fablico \u2014 artistas das artes performativas, profissionais ou estudantes com interesse na cria\u00e7\u00e3o autoral \u2014 ter\u00e1 a oportunidade de partilhar de metodologias e reflex\u00f5es oriundas do processo de cria\u00e7\u00e3o da obra coreogr\u00e1fica Son\u00e2mbulo.<\/p>\n<p>&#8220;O objetivo do acompanhamento \u00e9 potencializar investiga\u00e7\u00f5es autorais de artistas brasilienses, abrindo um espa\u00e7o de experimenta\u00e7\u00e3o e reflex\u00e3o para o desenvolvimento de projetos art\u00edsticos solo&#8221;, complementa o bailarino.<\/p>\n","protected":false},"excerpt":{"rendered":"<p>Seguindo a tem\u00e1tica &#8220;travessia, desvio, abandono&#8221;, as oficinas se organizam em formato de um laborat\u00f3rio art\u00edstico para o desenvolvimento de projetos de cria\u00e7\u00e3o solo. Os encontros acontecem de 26 a 28 de setembro, em diferentes hor\u00e1rios, no Teatro Galp\u00e3o Hugo Rodas, no Espa\u00e7o Cultural Renato Russo, na 508 Sul. Al\u00e9m das atividades, uma roda de [&hellip;]<\/p>\n","protected":false},"author":2,"featured_media":313315,"comment_status":"closed","ping_status":"closed","sticky":false,"template":"","format":"standard","meta":{"_acf_changed":false,"footnotes":""},"categories":[161],"tags":[],"class_list":["post-313314","post","type-post","status-publish","format-standard","has-post-thumbnail","hentry","category-quadradinho-em-foco"],"acf":[],"yoast_head":"<!-- This site is optimized with the Yoast SEO plugin v27.2 - https:\/\/yoast.com\/product\/yoast-seo-wordpress\/ -->\n<title>Projeto oferece oficinas para a cria\u00e7\u00e3o de solos - Notibras<\/title>\n<meta name=\"robots\" content=\"index, follow, max-snippet:-1, max-image-preview:large, max-video-preview:-1\" \/>\n<link rel=\"canonical\" href=\"https:\/\/www.notibras.com\/site\/projeto-oferece-oficinas-para-a-criacao-de-solos\/\" \/>\n<meta property=\"og:locale\" content=\"pt_BR\" \/>\n<meta property=\"og:type\" content=\"article\" \/>\n<meta property=\"og:title\" content=\"Projeto oferece oficinas para a cria\u00e7\u00e3o de solos - Notibras\" \/>\n<meta property=\"og:description\" content=\"Seguindo a tem\u00e1tica &#8220;travessia, desvio, abandono&#8221;, as oficinas se organizam em formato de um laborat\u00f3rio art\u00edstico para o desenvolvimento de projetos de cria\u00e7\u00e3o solo. Os encontros acontecem de 26 a 28 de setembro, em diferentes hor\u00e1rios, no Teatro Galp\u00e3o Hugo Rodas, no Espa\u00e7o Cultural Renato Russo, na 508 Sul. Al\u00e9m das atividades, uma roda de [&hellip;]\" \/>\n<meta property=\"og:url\" content=\"https:\/\/www.notibras.com\/site\/projeto-oferece-oficinas-para-a-criacao-de-solos\/\" \/>\n<meta property=\"og:site_name\" content=\"Notibras\" \/>\n<meta property=\"article:publisher\" content=\"https:\/\/www.facebook.com\/notibras\/\" \/>\n<meta property=\"article:published_time\" content=\"2023-09-23T03:01:53+00:00\" \/>\n<meta property=\"article:modified_time\" content=\"2023-09-23T05:36:47+00:00\" \/>\n<meta property=\"og:image\" content=\"https:\/\/www.notibras.com\/site\/wp-content\/uploads\/2023\/09\/sonambulo_foto_nityama_macrini-1.jpg\" \/>\n\t<meta property=\"og:image:width\" content=\"587\" \/>\n\t<meta property=\"og:image:height\" content=\"392\" \/>\n\t<meta property=\"og:image:type\" content=\"image\/jpeg\" \/>\n<meta name=\"author\" content=\"Reda\u00e7\u00e3o\" \/>\n<meta name=\"twitter:card\" content=\"summary_large_image\" \/>\n<meta name=\"twitter:creator\" content=\"@Notibras\" \/>\n<meta name=\"twitter:site\" content=\"@Notibras\" \/>\n<meta name=\"twitter:label1\" content=\"Escrito por\" \/>\n\t<meta name=\"twitter:data1\" content=\"Reda\u00e7\u00e3o\" \/>\n\t<meta name=\"twitter:label2\" content=\"Est. tempo de leitura\" \/>\n\t<meta name=\"twitter:data2\" content=\"1 minuto\" \/>\n<script type=\"application\/ld+json\" class=\"yoast-schema-graph\">{\"@context\":\"https:\/\/schema.org\",\"@graph\":[{\"@type\":\"Article\",\"@id\":\"https:\/\/www.notibras.com\/site\/projeto-oferece-oficinas-para-a-criacao-de-solos\/#article\",\"isPartOf\":{\"@id\":\"https:\/\/www.notibras.com\/site\/projeto-oferece-oficinas-para-a-criacao-de-solos\/\"},\"author\":{\"name\":\"Reda\u00e7\u00e3o\",\"@id\":\"https:\/\/www.notibras.com\/site\/#\/schema\/person\/36ab0979449956132d3e5b517ea76ac8\"},\"headline\":\"Projeto oferece oficinas para a cria\u00e7\u00e3o de solos\",\"datePublished\":\"2023-09-23T03:01:53+00:00\",\"dateModified\":\"2023-09-23T05:36:47+00:00\",\"mainEntityOfPage\":{\"@id\":\"https:\/\/www.notibras.com\/site\/projeto-oferece-oficinas-para-a-criacao-de-solos\/\"},\"wordCount\":195,\"publisher\":{\"@id\":\"https:\/\/www.notibras.com\/site\/#organization\"},\"image\":{\"@id\":\"https:\/\/www.notibras.com\/site\/projeto-oferece-oficinas-para-a-criacao-de-solos\/#primaryimage\"},\"thumbnailUrl\":\"https:\/\/www.notibras.com\/site\/wp-content\/uploads\/2023\/09\/sonambulo_foto_nityama_macrini-1.jpg\",\"articleSection\":[\"Quadradinho em Foco\"],\"inLanguage\":\"pt-BR\"},{\"@type\":\"WebPage\",\"@id\":\"https:\/\/www.notibras.com\/site\/projeto-oferece-oficinas-para-a-criacao-de-solos\/\",\"url\":\"https:\/\/www.notibras.com\/site\/projeto-oferece-oficinas-para-a-criacao-de-solos\/\",\"name\":\"Projeto oferece oficinas para a cria\u00e7\u00e3o de solos - Notibras\",\"isPartOf\":{\"@id\":\"https:\/\/www.notibras.com\/site\/#website\"},\"primaryImageOfPage\":{\"@id\":\"https:\/\/www.notibras.com\/site\/projeto-oferece-oficinas-para-a-criacao-de-solos\/#primaryimage\"},\"image\":{\"@id\":\"https:\/\/www.notibras.com\/site\/projeto-oferece-oficinas-para-a-criacao-de-solos\/#primaryimage\"},\"thumbnailUrl\":\"https:\/\/www.notibras.com\/site\/wp-content\/uploads\/2023\/09\/sonambulo_foto_nityama_macrini-1.jpg\",\"datePublished\":\"2023-09-23T03:01:53+00:00\",\"dateModified\":\"2023-09-23T05:36:47+00:00\",\"breadcrumb\":{\"@id\":\"https:\/\/www.notibras.com\/site\/projeto-oferece-oficinas-para-a-criacao-de-solos\/#breadcrumb\"},\"inLanguage\":\"pt-BR\",\"potentialAction\":[{\"@type\":\"ReadAction\",\"target\":[\"https:\/\/www.notibras.com\/site\/projeto-oferece-oficinas-para-a-criacao-de-solos\/\"]}]},{\"@type\":\"ImageObject\",\"inLanguage\":\"pt-BR\",\"@id\":\"https:\/\/www.notibras.com\/site\/projeto-oferece-oficinas-para-a-criacao-de-solos\/#primaryimage\",\"url\":\"https:\/\/www.notibras.com\/site\/wp-content\/uploads\/2023\/09\/sonambulo_foto_nityama_macrini-1.jpg\",\"contentUrl\":\"https:\/\/www.notibras.com\/site\/wp-content\/uploads\/2023\/09\/sonambulo_foto_nityama_macrini-1.jpg\",\"width\":587,\"height\":392},{\"@type\":\"BreadcrumbList\",\"@id\":\"https:\/\/www.notibras.com\/site\/projeto-oferece-oficinas-para-a-criacao-de-solos\/#breadcrumb\",\"itemListElement\":[{\"@type\":\"ListItem\",\"position\":1,\"name\":\"In\u00edcio\",\"item\":\"https:\/\/www.notibras.com\/site\/\"},{\"@type\":\"ListItem\",\"position\":2,\"name\":\"Projeto oferece oficinas para a cria\u00e7\u00e3o de solos\"}]},{\"@type\":\"WebSite\",\"@id\":\"https:\/\/www.notibras.com\/site\/#website\",\"url\":\"https:\/\/www.notibras.com\/site\/\",\"name\":\"Notibras\",\"description\":\"Not\u00edcias de Bras\u00edlia, do Brasil e do Mundo\",\"publisher\":{\"@id\":\"https:\/\/www.notibras.com\/site\/#organization\"},\"potentialAction\":[{\"@type\":\"SearchAction\",\"target\":{\"@type\":\"EntryPoint\",\"urlTemplate\":\"https:\/\/www.notibras.com\/site\/?s={search_term_string}\"},\"query-input\":{\"@type\":\"PropertyValueSpecification\",\"valueRequired\":true,\"valueName\":\"search_term_string\"}}],\"inLanguage\":\"pt-BR\"},{\"@type\":\"Organization\",\"@id\":\"https:\/\/www.notibras.com\/site\/#organization\",\"name\":\"Grupo Notibras de Comunica\u00e7\u00e3o\",\"url\":\"https:\/\/www.notibras.com\/site\/\",\"logo\":{\"@type\":\"ImageObject\",\"inLanguage\":\"pt-BR\",\"@id\":\"https:\/\/www.notibras.com\/site\/#\/schema\/logo\/image\/\",\"url\":\"https:\/\/www.notibras.com\/site\/wp-content\/uploads\/2023\/01\/notibras23.png\",\"contentUrl\":\"https:\/\/www.notibras.com\/site\/wp-content\/uploads\/2023\/01\/notibras23.png\",\"width\":350,\"height\":87,\"caption\":\"Grupo Notibras de Comunica\u00e7\u00e3o\"},\"image\":{\"@id\":\"https:\/\/www.notibras.com\/site\/#\/schema\/logo\/image\/\"},\"sameAs\":[\"https:\/\/www.facebook.com\/notibras\/\",\"https:\/\/x.com\/Notibras\",\"https:\/\/www.instagram.com\/notibras\/\"]},{\"@type\":\"Person\",\"@id\":\"https:\/\/www.notibras.com\/site\/#\/schema\/person\/36ab0979449956132d3e5b517ea76ac8\",\"name\":\"Reda\u00e7\u00e3o\",\"image\":{\"@type\":\"ImageObject\",\"inLanguage\":\"pt-BR\",\"@id\":\"https:\/\/secure.gravatar.com\/avatar\/e0a867bdedb85fd243eadf09663511f96fc81e0720a4a42581f334ad4303aa6b?s=96&d=mm&r=g\",\"url\":\"https:\/\/secure.gravatar.com\/avatar\/e0a867bdedb85fd243eadf09663511f96fc81e0720a4a42581f334ad4303aa6b?s=96&d=mm&r=g\",\"contentUrl\":\"https:\/\/secure.gravatar.com\/avatar\/e0a867bdedb85fd243eadf09663511f96fc81e0720a4a42581f334ad4303aa6b?s=96&d=mm&r=g\",\"caption\":\"Reda\u00e7\u00e3o\"}}]}<\/script>\n<!-- \/ Yoast SEO plugin. -->","yoast_head_json":{"title":"Projeto oferece oficinas para a cria\u00e7\u00e3o de solos - Notibras","robots":{"index":"index","follow":"follow","max-snippet":"max-snippet:-1","max-image-preview":"max-image-preview:large","max-video-preview":"max-video-preview:-1"},"canonical":"https:\/\/www.notibras.com\/site\/projeto-oferece-oficinas-para-a-criacao-de-solos\/","og_locale":"pt_BR","og_type":"article","og_title":"Projeto oferece oficinas para a cria\u00e7\u00e3o de solos - Notibras","og_description":"Seguindo a tem\u00e1tica &#8220;travessia, desvio, abandono&#8221;, as oficinas se organizam em formato de um laborat\u00f3rio art\u00edstico para o desenvolvimento de projetos de cria\u00e7\u00e3o solo. Os encontros acontecem de 26 a 28 de setembro, em diferentes hor\u00e1rios, no Teatro Galp\u00e3o Hugo Rodas, no Espa\u00e7o Cultural Renato Russo, na 508 Sul. Al\u00e9m das atividades, uma roda de [&hellip;]","og_url":"https:\/\/www.notibras.com\/site\/projeto-oferece-oficinas-para-a-criacao-de-solos\/","og_site_name":"Notibras","article_publisher":"https:\/\/www.facebook.com\/notibras\/","article_published_time":"2023-09-23T03:01:53+00:00","article_modified_time":"2023-09-23T05:36:47+00:00","og_image":[{"width":587,"height":392,"url":"https:\/\/www.notibras.com\/site\/wp-content\/uploads\/2023\/09\/sonambulo_foto_nityama_macrini-1.jpg","type":"image\/jpeg"}],"author":"Reda\u00e7\u00e3o","twitter_card":"summary_large_image","twitter_creator":"@Notibras","twitter_site":"@Notibras","twitter_misc":{"Escrito por":"Reda\u00e7\u00e3o","Est. tempo de leitura":"1 minuto"},"schema":{"@context":"https:\/\/schema.org","@graph":[{"@type":"Article","@id":"https:\/\/www.notibras.com\/site\/projeto-oferece-oficinas-para-a-criacao-de-solos\/#article","isPartOf":{"@id":"https:\/\/www.notibras.com\/site\/projeto-oferece-oficinas-para-a-criacao-de-solos\/"},"author":{"name":"Reda\u00e7\u00e3o","@id":"https:\/\/www.notibras.com\/site\/#\/schema\/person\/36ab0979449956132d3e5b517ea76ac8"},"headline":"Projeto oferece oficinas para a cria\u00e7\u00e3o de solos","datePublished":"2023-09-23T03:01:53+00:00","dateModified":"2023-09-23T05:36:47+00:00","mainEntityOfPage":{"@id":"https:\/\/www.notibras.com\/site\/projeto-oferece-oficinas-para-a-criacao-de-solos\/"},"wordCount":195,"publisher":{"@id":"https:\/\/www.notibras.com\/site\/#organization"},"image":{"@id":"https:\/\/www.notibras.com\/site\/projeto-oferece-oficinas-para-a-criacao-de-solos\/#primaryimage"},"thumbnailUrl":"https:\/\/www.notibras.com\/site\/wp-content\/uploads\/2023\/09\/sonambulo_foto_nityama_macrini-1.jpg","articleSection":["Quadradinho em Foco"],"inLanguage":"pt-BR"},{"@type":"WebPage","@id":"https:\/\/www.notibras.com\/site\/projeto-oferece-oficinas-para-a-criacao-de-solos\/","url":"https:\/\/www.notibras.com\/site\/projeto-oferece-oficinas-para-a-criacao-de-solos\/","name":"Projeto oferece oficinas para a cria\u00e7\u00e3o de solos - Notibras","isPartOf":{"@id":"https:\/\/www.notibras.com\/site\/#website"},"primaryImageOfPage":{"@id":"https:\/\/www.notibras.com\/site\/projeto-oferece-oficinas-para-a-criacao-de-solos\/#primaryimage"},"image":{"@id":"https:\/\/www.notibras.com\/site\/projeto-oferece-oficinas-para-a-criacao-de-solos\/#primaryimage"},"thumbnailUrl":"https:\/\/www.notibras.com\/site\/wp-content\/uploads\/2023\/09\/sonambulo_foto_nityama_macrini-1.jpg","datePublished":"2023-09-23T03:01:53+00:00","dateModified":"2023-09-23T05:36:47+00:00","breadcrumb":{"@id":"https:\/\/www.notibras.com\/site\/projeto-oferece-oficinas-para-a-criacao-de-solos\/#breadcrumb"},"inLanguage":"pt-BR","potentialAction":[{"@type":"ReadAction","target":["https:\/\/www.notibras.com\/site\/projeto-oferece-oficinas-para-a-criacao-de-solos\/"]}]},{"@type":"ImageObject","inLanguage":"pt-BR","@id":"https:\/\/www.notibras.com\/site\/projeto-oferece-oficinas-para-a-criacao-de-solos\/#primaryimage","url":"https:\/\/www.notibras.com\/site\/wp-content\/uploads\/2023\/09\/sonambulo_foto_nityama_macrini-1.jpg","contentUrl":"https:\/\/www.notibras.com\/site\/wp-content\/uploads\/2023\/09\/sonambulo_foto_nityama_macrini-1.jpg","width":587,"height":392},{"@type":"BreadcrumbList","@id":"https:\/\/www.notibras.com\/site\/projeto-oferece-oficinas-para-a-criacao-de-solos\/#breadcrumb","itemListElement":[{"@type":"ListItem","position":1,"name":"In\u00edcio","item":"https:\/\/www.notibras.com\/site\/"},{"@type":"ListItem","position":2,"name":"Projeto oferece oficinas para a cria\u00e7\u00e3o de solos"}]},{"@type":"WebSite","@id":"https:\/\/www.notibras.com\/site\/#website","url":"https:\/\/www.notibras.com\/site\/","name":"Notibras","description":"Not\u00edcias de Bras\u00edlia, do Brasil e do Mundo","publisher":{"@id":"https:\/\/www.notibras.com\/site\/#organization"},"potentialAction":[{"@type":"SearchAction","target":{"@type":"EntryPoint","urlTemplate":"https:\/\/www.notibras.com\/site\/?s={search_term_string}"},"query-input":{"@type":"PropertyValueSpecification","valueRequired":true,"valueName":"search_term_string"}}],"inLanguage":"pt-BR"},{"@type":"Organization","@id":"https:\/\/www.notibras.com\/site\/#organization","name":"Grupo Notibras de Comunica\u00e7\u00e3o","url":"https:\/\/www.notibras.com\/site\/","logo":{"@type":"ImageObject","inLanguage":"pt-BR","@id":"https:\/\/www.notibras.com\/site\/#\/schema\/logo\/image\/","url":"https:\/\/www.notibras.com\/site\/wp-content\/uploads\/2023\/01\/notibras23.png","contentUrl":"https:\/\/www.notibras.com\/site\/wp-content\/uploads\/2023\/01\/notibras23.png","width":350,"height":87,"caption":"Grupo Notibras de Comunica\u00e7\u00e3o"},"image":{"@id":"https:\/\/www.notibras.com\/site\/#\/schema\/logo\/image\/"},"sameAs":["https:\/\/www.facebook.com\/notibras\/","https:\/\/x.com\/Notibras","https:\/\/www.instagram.com\/notibras\/"]},{"@type":"Person","@id":"https:\/\/www.notibras.com\/site\/#\/schema\/person\/36ab0979449956132d3e5b517ea76ac8","name":"Reda\u00e7\u00e3o","image":{"@type":"ImageObject","inLanguage":"pt-BR","@id":"https:\/\/secure.gravatar.com\/avatar\/e0a867bdedb85fd243eadf09663511f96fc81e0720a4a42581f334ad4303aa6b?s=96&d=mm&r=g","url":"https:\/\/secure.gravatar.com\/avatar\/e0a867bdedb85fd243eadf09663511f96fc81e0720a4a42581f334ad4303aa6b?s=96&d=mm&r=g","contentUrl":"https:\/\/secure.gravatar.com\/avatar\/e0a867bdedb85fd243eadf09663511f96fc81e0720a4a42581f334ad4303aa6b?s=96&d=mm&r=g","caption":"Reda\u00e7\u00e3o"}}]}},"amp_enabled":true,"_links":{"self":[{"href":"https:\/\/www.notibras.com\/site\/wp-json\/wp\/v2\/posts\/313314","targetHints":{"allow":["GET"]}}],"collection":[{"href":"https:\/\/www.notibras.com\/site\/wp-json\/wp\/v2\/posts"}],"about":[{"href":"https:\/\/www.notibras.com\/site\/wp-json\/wp\/v2\/types\/post"}],"author":[{"embeddable":true,"href":"https:\/\/www.notibras.com\/site\/wp-json\/wp\/v2\/users\/2"}],"replies":[{"embeddable":true,"href":"https:\/\/www.notibras.com\/site\/wp-json\/wp\/v2\/comments?post=313314"}],"version-history":[{"count":2,"href":"https:\/\/www.notibras.com\/site\/wp-json\/wp\/v2\/posts\/313314\/revisions"}],"predecessor-version":[{"id":313348,"href":"https:\/\/www.notibras.com\/site\/wp-json\/wp\/v2\/posts\/313314\/revisions\/313348"}],"wp:featuredmedia":[{"embeddable":true,"href":"https:\/\/www.notibras.com\/site\/wp-json\/wp\/v2\/media\/313315"}],"wp:attachment":[{"href":"https:\/\/www.notibras.com\/site\/wp-json\/wp\/v2\/media?parent=313314"}],"wp:term":[{"taxonomy":"category","embeddable":true,"href":"https:\/\/www.notibras.com\/site\/wp-json\/wp\/v2\/categories?post=313314"},{"taxonomy":"post_tag","embeddable":true,"href":"https:\/\/www.notibras.com\/site\/wp-json\/wp\/v2\/tags?post=313314"}],"curies":[{"name":"wp","href":"https:\/\/api.w.org\/{rel}","templated":true}]}}