{"id":313317,"date":"2023-09-23T00:00:47","date_gmt":"2023-09-23T03:00:47","guid":{"rendered":"https:\/\/www.notibras.com\/site\/?p=313317"},"modified":"2023-09-23T02:18:26","modified_gmt":"2023-09-23T05:18:26","slug":"grupo-nutra-de-teatro-marca-seus-17-anos-no-galpao-do-riso","status":"publish","type":"post","link":"https:\/\/www.notibras.com\/site\/grupo-nutra-de-teatro-marca-seus-17-anos-no-galpao-do-riso\/","title":{"rendered":"Grupo Nutra de Teatro marca seus 17 anos no Galp\u00e3o do Riso"},"content":{"rendered":"<p>O Grupo Nutra Teatro est\u00e1 completando 17 anos e para celebrar o momento, o espa\u00e7o Galp\u00e3o do Riso, situado em Samambaia, recebe o espet\u00e1culo A Revoada. As apresenta\u00e7\u00f5es, que se iniciam no dia 2 de outubro, contam ainda com um programa de arte-educa\u00e7\u00e3o desenvolvido pela psicopedagoga, Fl\u00e1via Louredo.<\/p>\n<p>Tamb\u00e9m ser\u00e1 disponibilizado traslado com \u00f4nibus gratuito para as escolas p\u00fablicas das Regi\u00f5es Administrativas de Samambaia, Recanto das Emas, Ceil\u00e2ndia e Taguatinga.<\/p>\n<p>Inspirada na obra persa do s\u00e9culo XII &#8220;A Confer\u00eancia dos P\u00e1ssaros&#8221; de Farid ud-Din Attar, a pe\u00e7a narra a hist\u00f3ria de quatro p\u00e1ssaros que realizam uma migra\u00e7\u00e3o juntos para sobreviverem ao frio. Durante o caminho descobrem seus medos e fragilidades e a partir do conv\u00edvio em grupo, come\u00e7am a colaborar entre eles para realizarem a grande revoada. Para se tornarem, de fato, um bando.<\/p>\n<p>O grupo Nutra, desenvolvedor do projeto, est\u00e1 comemorando 17 anos de exist\u00eancia e a pe\u00e7a \u00e9 uma maneira de celebrar esse momento t\u00e3o grandioso. Paula Sallas, atriz e integrante do coletivo, fala sobre esse momento especial para o grupo e como a pe\u00e7a voltada para o p\u00fablico infantil coroa este momento.<\/p>\n<p>&#8220;A realiza\u00e7\u00e3o desse espet\u00e1culo \u00e9 uma grande felicidade, esse ano estamos celebrando os 17 anos do grupo Nutra Teatro aqui no DF. Em comemora\u00e7\u00e3o a esta data estamos realizando diversos projetos na regi\u00e3o de Samambaia. O espet\u00e1culo A Revoada faz uma met\u00e1fora entre os p\u00e1ssaros e os seres humanos se descobrindo como seres individuais e \u00e9 justamente na primeira inf\u00e2ncia que as crian\u00e7as v\u00e3o come\u00e7ar a se descobrir como indiv\u00edduos &#8220;, destaca.<\/p>\n<p>O espet\u00e1culo contar\u00e1 com uma media\u00e7\u00e3o pedag\u00f3gica guiada para facilitar a percep\u00e7\u00e3o e aprendizado dos pequenos espectadores. A a\u00e7\u00e3o ser\u00e1 realizada com o aux\u00edlio do livro-brinquedo pedag\u00f3gico da autora Flavia Louredo.<\/p>\n<p>Cada turma participante receber\u00e1 um exemplar do livro-brinquedo para continuar desenvolvendo as possibilidades pedag\u00f3gicas na escola e o professor receber\u00e1, al\u00e9m do livro, um material-tutorial online que ensina como utilizar a ferramenta na sala de aula.<\/p>\n<p>De acordo com Fl\u00e1via Louredo, a ideia de criar um livro baseado no espet\u00e1culo foi para estimular a imagina\u00e7\u00e3o das crian\u00e7as e para que elas pudessem lembrar da hist\u00f3ria da pe\u00e7a, bem como, construir novas hist\u00f3rias.<\/p>\n<p>&#8220;A proposta \u00e9 dispor de elementos para que as crian\u00e7as e seus professores possam, depois, quando estiverem com o livro em m\u00e3os, recordar ou ampliar o repert\u00f3rio imaginativo. A brincadeira \u00e9 a maior forma de aprendizagem para a crian\u00e7a e o livro cont\u00e9m mecanismos de intera\u00e7\u00e3o para que as crian\u00e7as consigam assimilar a mensagem da pe\u00e7a&#8221;, explica.<\/p>\n<p>O espet\u00e1culo, que \u00e9 uma realiza\u00e7\u00e3o do grupo Nutra Teatro em colabora\u00e7\u00e3o e interc\u00e2mbio com o grupo Nuviar (RJ) e a diretora Fabianna de Mello da -Cia Bondr\u00e8s- RJ.<\/p>\n<p>A pe\u00e7a conta com 20 sess\u00f5es gratuitas, no espa\u00e7o Galp\u00e3o do Riso e com aux\u00edlio de int\u00e9rpretes de Libras. Nas sess\u00f5es dos dias 11 e 20 de outubro, \u00e0s 9h e \u00e0s 15h, ser\u00e3o disponibilizadas audiodescri\u00e7\u00e3o para p\u00fablico com defici\u00eancia visual.<\/p>\n<p><strong>Servi\u00e7o<\/strong><br \/>\nEspet\u00e1culo A Revoada<br \/>\nEndere\u00e7o: Espa\u00e7o Galp\u00e3o do Riso<br \/>\nPra\u00e7a da QR 405<br \/>\nSamambaia Norte<\/p>\n<p><strong>Datas e Hor\u00e1rios<\/strong><br \/>\n2 e 3 de outubro \u00e0s 9h e \u00e0s 15h<br \/>\n4 e 5 de outubro \u00e0s 10h e \u00e0s 16h<br \/>\n6 de outubro \u00e0s 10h<br \/>\n10 e 11 de outubro \u00e0s 15h<br \/>\n16 de outubro \u00e0s 9h e \u00e0s 15h<br \/>\n17 de outubro \u00e0s 9h e \u00e0s 15h<br \/>\n18 de outubro \u00e0s 15h<br \/>\n19 e 20 de outubro \u00e0s 9h e \u00e0s 15h<br \/>\nIngressos gratuitos<\/p>\n<p><strong>Sinopse<\/strong><br \/>\nA pe\u00e7a conta a est\u00f3ria de quatro aves: um Pato, um Papagaio, um Rouxinol e um Pardal; que s\u00e3o obrigados, por conta das condi\u00e7\u00f5es clim\u00e1ticas, a realizarem uma grande jornada, migrando juntos para sobreviverem fugindo do frio e do ambiente sem comida.<\/p>\n<p>Durante o caminho, por conta das dificuldades e do conv\u00edvio em grupo, descobrem seus medos e fragilidades. Ao tomarem consci\u00eancia de si, come\u00e7am a colaborar entre eles para realizarem a grande revoada e ent\u00e3o se tornarem, realmente, um bando.<\/p>\n<p>A Revoada remete a desafios cotidianos que a crian\u00e7a experi\u00eancia na primeira inf\u00e2ncia, e que tamb\u00e9m se estende \u00e0s outras fases da vida, o reconhecimento do eu como indiv\u00edduo e desenvolvimento intelectual, emocional e f\u00edsico. Cada p\u00e1ssaro, no espet\u00e1culo, tem sua pr\u00f3pria hist\u00f3ria de supera\u00e7\u00e3o e reflex\u00e3o pessoal.<\/p>\n","protected":false},"excerpt":{"rendered":"<p>O Grupo Nutra Teatro est\u00e1 completando 17 anos e para celebrar o momento, o espa\u00e7o Galp\u00e3o do Riso, situado em Samambaia, recebe o espet\u00e1culo A Revoada. As apresenta\u00e7\u00f5es, que se iniciam no dia 2 de outubro, contam ainda com um programa de arte-educa\u00e7\u00e3o desenvolvido pela psicopedagoga, Fl\u00e1via Louredo. Tamb\u00e9m ser\u00e1 disponibilizado traslado com \u00f4nibus gratuito [&hellip;]<\/p>\n","protected":false},"author":2,"featured_media":313318,"comment_status":"closed","ping_status":"closed","sticky":false,"template":"","format":"standard","meta":{"_acf_changed":false,"footnotes":""},"categories":[161],"tags":[],"class_list":["post-313317","post","type-post","status-publish","format-standard","has-post-thumbnail","hentry","category-quadradinho-em-foco"],"acf":[],"yoast_head":"<!-- This site is optimized with the Yoast SEO plugin v27.2 - https:\/\/yoast.com\/product\/yoast-seo-wordpress\/ -->\n<title>Grupo Nutra de Teatro marca seus 17 anos no Galp\u00e3o do Riso - Notibras<\/title>\n<meta name=\"robots\" content=\"index, follow, max-snippet:-1, max-image-preview:large, max-video-preview:-1\" \/>\n<link rel=\"canonical\" href=\"https:\/\/www.notibras.com\/site\/grupo-nutra-de-teatro-marca-seus-17-anos-no-galpao-do-riso\/\" \/>\n<meta property=\"og:locale\" content=\"pt_BR\" \/>\n<meta property=\"og:type\" content=\"article\" \/>\n<meta property=\"og:title\" content=\"Grupo Nutra de Teatro marca seus 17 anos no Galp\u00e3o do Riso - Notibras\" \/>\n<meta property=\"og:description\" content=\"O Grupo Nutra Teatro est\u00e1 completando 17 anos e para celebrar o momento, o espa\u00e7o Galp\u00e3o do Riso, situado em Samambaia, recebe o espet\u00e1culo A Revoada. As apresenta\u00e7\u00f5es, que se iniciam no dia 2 de outubro, contam ainda com um programa de arte-educa\u00e7\u00e3o desenvolvido pela psicopedagoga, Fl\u00e1via Louredo. Tamb\u00e9m ser\u00e1 disponibilizado traslado com \u00f4nibus gratuito [&hellip;]\" \/>\n<meta property=\"og:url\" content=\"https:\/\/www.notibras.com\/site\/grupo-nutra-de-teatro-marca-seus-17-anos-no-galpao-do-riso\/\" \/>\n<meta property=\"og:site_name\" content=\"Notibras\" \/>\n<meta property=\"article:publisher\" content=\"https:\/\/www.facebook.com\/notibras\/\" \/>\n<meta property=\"article:published_time\" content=\"2023-09-23T03:00:47+00:00\" \/>\n<meta property=\"article:modified_time\" content=\"2023-09-23T05:18:26+00:00\" \/>\n<meta property=\"og:image\" content=\"https:\/\/www.notibras.com\/site\/wp-content\/uploads\/2023\/09\/galpaodoriso.jpg\" \/>\n\t<meta property=\"og:image:width\" content=\"1600\" \/>\n\t<meta property=\"og:image:height\" content=\"1067\" \/>\n\t<meta property=\"og:image:type\" content=\"image\/jpeg\" \/>\n<meta name=\"author\" content=\"Reda\u00e7\u00e3o\" \/>\n<meta name=\"twitter:card\" content=\"summary_large_image\" \/>\n<meta name=\"twitter:creator\" content=\"@Notibras\" \/>\n<meta name=\"twitter:site\" content=\"@Notibras\" \/>\n<meta name=\"twitter:label1\" content=\"Escrito por\" \/>\n\t<meta name=\"twitter:data1\" content=\"Reda\u00e7\u00e3o\" \/>\n\t<meta name=\"twitter:label2\" content=\"Est. tempo de leitura\" \/>\n\t<meta name=\"twitter:data2\" content=\"4 minutos\" \/>\n<script type=\"application\/ld+json\" class=\"yoast-schema-graph\">{\"@context\":\"https:\/\/schema.org\",\"@graph\":[{\"@type\":\"Article\",\"@id\":\"https:\/\/www.notibras.com\/site\/grupo-nutra-de-teatro-marca-seus-17-anos-no-galpao-do-riso\/#article\",\"isPartOf\":{\"@id\":\"https:\/\/www.notibras.com\/site\/grupo-nutra-de-teatro-marca-seus-17-anos-no-galpao-do-riso\/\"},\"author\":{\"name\":\"Reda\u00e7\u00e3o\",\"@id\":\"https:\/\/www.notibras.com\/site\/#\/schema\/person\/36ab0979449956132d3e5b517ea76ac8\"},\"headline\":\"Grupo Nutra de Teatro marca seus 17 anos no Galp\u00e3o do Riso\",\"datePublished\":\"2023-09-23T03:00:47+00:00\",\"dateModified\":\"2023-09-23T05:18:26+00:00\",\"mainEntityOfPage\":{\"@id\":\"https:\/\/www.notibras.com\/site\/grupo-nutra-de-teatro-marca-seus-17-anos-no-galpao-do-riso\/\"},\"wordCount\":789,\"publisher\":{\"@id\":\"https:\/\/www.notibras.com\/site\/#organization\"},\"image\":{\"@id\":\"https:\/\/www.notibras.com\/site\/grupo-nutra-de-teatro-marca-seus-17-anos-no-galpao-do-riso\/#primaryimage\"},\"thumbnailUrl\":\"https:\/\/www.notibras.com\/site\/wp-content\/uploads\/2023\/09\/galpaodoriso.jpg\",\"articleSection\":[\"Quadradinho em Foco\"],\"inLanguage\":\"pt-BR\"},{\"@type\":\"WebPage\",\"@id\":\"https:\/\/www.notibras.com\/site\/grupo-nutra-de-teatro-marca-seus-17-anos-no-galpao-do-riso\/\",\"url\":\"https:\/\/www.notibras.com\/site\/grupo-nutra-de-teatro-marca-seus-17-anos-no-galpao-do-riso\/\",\"name\":\"Grupo Nutra de Teatro marca seus 17 anos no Galp\u00e3o do Riso - Notibras\",\"isPartOf\":{\"@id\":\"https:\/\/www.notibras.com\/site\/#website\"},\"primaryImageOfPage\":{\"@id\":\"https:\/\/www.notibras.com\/site\/grupo-nutra-de-teatro-marca-seus-17-anos-no-galpao-do-riso\/#primaryimage\"},\"image\":{\"@id\":\"https:\/\/www.notibras.com\/site\/grupo-nutra-de-teatro-marca-seus-17-anos-no-galpao-do-riso\/#primaryimage\"},\"thumbnailUrl\":\"https:\/\/www.notibras.com\/site\/wp-content\/uploads\/2023\/09\/galpaodoriso.jpg\",\"datePublished\":\"2023-09-23T03:00:47+00:00\",\"dateModified\":\"2023-09-23T05:18:26+00:00\",\"breadcrumb\":{\"@id\":\"https:\/\/www.notibras.com\/site\/grupo-nutra-de-teatro-marca-seus-17-anos-no-galpao-do-riso\/#breadcrumb\"},\"inLanguage\":\"pt-BR\",\"potentialAction\":[{\"@type\":\"ReadAction\",\"target\":[\"https:\/\/www.notibras.com\/site\/grupo-nutra-de-teatro-marca-seus-17-anos-no-galpao-do-riso\/\"]}]},{\"@type\":\"ImageObject\",\"inLanguage\":\"pt-BR\",\"@id\":\"https:\/\/www.notibras.com\/site\/grupo-nutra-de-teatro-marca-seus-17-anos-no-galpao-do-riso\/#primaryimage\",\"url\":\"https:\/\/www.notibras.com\/site\/wp-content\/uploads\/2023\/09\/galpaodoriso.jpg\",\"contentUrl\":\"https:\/\/www.notibras.com\/site\/wp-content\/uploads\/2023\/09\/galpaodoriso.jpg\",\"width\":1600,\"height\":1067},{\"@type\":\"BreadcrumbList\",\"@id\":\"https:\/\/www.notibras.com\/site\/grupo-nutra-de-teatro-marca-seus-17-anos-no-galpao-do-riso\/#breadcrumb\",\"itemListElement\":[{\"@type\":\"ListItem\",\"position\":1,\"name\":\"In\u00edcio\",\"item\":\"https:\/\/www.notibras.com\/site\/\"},{\"@type\":\"ListItem\",\"position\":2,\"name\":\"Grupo Nutra de Teatro marca seus 17 anos no Galp\u00e3o do Riso\"}]},{\"@type\":\"WebSite\",\"@id\":\"https:\/\/www.notibras.com\/site\/#website\",\"url\":\"https:\/\/www.notibras.com\/site\/\",\"name\":\"Notibras\",\"description\":\"Not\u00edcias de Bras\u00edlia, do Brasil e do Mundo\",\"publisher\":{\"@id\":\"https:\/\/www.notibras.com\/site\/#organization\"},\"potentialAction\":[{\"@type\":\"SearchAction\",\"target\":{\"@type\":\"EntryPoint\",\"urlTemplate\":\"https:\/\/www.notibras.com\/site\/?s={search_term_string}\"},\"query-input\":{\"@type\":\"PropertyValueSpecification\",\"valueRequired\":true,\"valueName\":\"search_term_string\"}}],\"inLanguage\":\"pt-BR\"},{\"@type\":\"Organization\",\"@id\":\"https:\/\/www.notibras.com\/site\/#organization\",\"name\":\"Grupo Notibras de Comunica\u00e7\u00e3o\",\"url\":\"https:\/\/www.notibras.com\/site\/\",\"logo\":{\"@type\":\"ImageObject\",\"inLanguage\":\"pt-BR\",\"@id\":\"https:\/\/www.notibras.com\/site\/#\/schema\/logo\/image\/\",\"url\":\"https:\/\/www.notibras.com\/site\/wp-content\/uploads\/2023\/01\/notibras23.png\",\"contentUrl\":\"https:\/\/www.notibras.com\/site\/wp-content\/uploads\/2023\/01\/notibras23.png\",\"width\":350,\"height\":87,\"caption\":\"Grupo Notibras de Comunica\u00e7\u00e3o\"},\"image\":{\"@id\":\"https:\/\/www.notibras.com\/site\/#\/schema\/logo\/image\/\"},\"sameAs\":[\"https:\/\/www.facebook.com\/notibras\/\",\"https:\/\/x.com\/Notibras\",\"https:\/\/www.instagram.com\/notibras\/\"]},{\"@type\":\"Person\",\"@id\":\"https:\/\/www.notibras.com\/site\/#\/schema\/person\/36ab0979449956132d3e5b517ea76ac8\",\"name\":\"Reda\u00e7\u00e3o\",\"image\":{\"@type\":\"ImageObject\",\"inLanguage\":\"pt-BR\",\"@id\":\"https:\/\/secure.gravatar.com\/avatar\/e0a867bdedb85fd243eadf09663511f96fc81e0720a4a42581f334ad4303aa6b?s=96&d=mm&r=g\",\"url\":\"https:\/\/secure.gravatar.com\/avatar\/e0a867bdedb85fd243eadf09663511f96fc81e0720a4a42581f334ad4303aa6b?s=96&d=mm&r=g\",\"contentUrl\":\"https:\/\/secure.gravatar.com\/avatar\/e0a867bdedb85fd243eadf09663511f96fc81e0720a4a42581f334ad4303aa6b?s=96&d=mm&r=g\",\"caption\":\"Reda\u00e7\u00e3o\"}}]}<\/script>\n<!-- \/ Yoast SEO plugin. -->","yoast_head_json":{"title":"Grupo Nutra de Teatro marca seus 17 anos no Galp\u00e3o do Riso - Notibras","robots":{"index":"index","follow":"follow","max-snippet":"max-snippet:-1","max-image-preview":"max-image-preview:large","max-video-preview":"max-video-preview:-1"},"canonical":"https:\/\/www.notibras.com\/site\/grupo-nutra-de-teatro-marca-seus-17-anos-no-galpao-do-riso\/","og_locale":"pt_BR","og_type":"article","og_title":"Grupo Nutra de Teatro marca seus 17 anos no Galp\u00e3o do Riso - Notibras","og_description":"O Grupo Nutra Teatro est\u00e1 completando 17 anos e para celebrar o momento, o espa\u00e7o Galp\u00e3o do Riso, situado em Samambaia, recebe o espet\u00e1culo A Revoada. As apresenta\u00e7\u00f5es, que se iniciam no dia 2 de outubro, contam ainda com um programa de arte-educa\u00e7\u00e3o desenvolvido pela psicopedagoga, Fl\u00e1via Louredo. Tamb\u00e9m ser\u00e1 disponibilizado traslado com \u00f4nibus gratuito [&hellip;]","og_url":"https:\/\/www.notibras.com\/site\/grupo-nutra-de-teatro-marca-seus-17-anos-no-galpao-do-riso\/","og_site_name":"Notibras","article_publisher":"https:\/\/www.facebook.com\/notibras\/","article_published_time":"2023-09-23T03:00:47+00:00","article_modified_time":"2023-09-23T05:18:26+00:00","og_image":[{"width":1600,"height":1067,"url":"https:\/\/www.notibras.com\/site\/wp-content\/uploads\/2023\/09\/galpaodoriso.jpg","type":"image\/jpeg"}],"author":"Reda\u00e7\u00e3o","twitter_card":"summary_large_image","twitter_creator":"@Notibras","twitter_site":"@Notibras","twitter_misc":{"Escrito por":"Reda\u00e7\u00e3o","Est. tempo de leitura":"4 minutos"},"schema":{"@context":"https:\/\/schema.org","@graph":[{"@type":"Article","@id":"https:\/\/www.notibras.com\/site\/grupo-nutra-de-teatro-marca-seus-17-anos-no-galpao-do-riso\/#article","isPartOf":{"@id":"https:\/\/www.notibras.com\/site\/grupo-nutra-de-teatro-marca-seus-17-anos-no-galpao-do-riso\/"},"author":{"name":"Reda\u00e7\u00e3o","@id":"https:\/\/www.notibras.com\/site\/#\/schema\/person\/36ab0979449956132d3e5b517ea76ac8"},"headline":"Grupo Nutra de Teatro marca seus 17 anos no Galp\u00e3o do Riso","datePublished":"2023-09-23T03:00:47+00:00","dateModified":"2023-09-23T05:18:26+00:00","mainEntityOfPage":{"@id":"https:\/\/www.notibras.com\/site\/grupo-nutra-de-teatro-marca-seus-17-anos-no-galpao-do-riso\/"},"wordCount":789,"publisher":{"@id":"https:\/\/www.notibras.com\/site\/#organization"},"image":{"@id":"https:\/\/www.notibras.com\/site\/grupo-nutra-de-teatro-marca-seus-17-anos-no-galpao-do-riso\/#primaryimage"},"thumbnailUrl":"https:\/\/www.notibras.com\/site\/wp-content\/uploads\/2023\/09\/galpaodoriso.jpg","articleSection":["Quadradinho em Foco"],"inLanguage":"pt-BR"},{"@type":"WebPage","@id":"https:\/\/www.notibras.com\/site\/grupo-nutra-de-teatro-marca-seus-17-anos-no-galpao-do-riso\/","url":"https:\/\/www.notibras.com\/site\/grupo-nutra-de-teatro-marca-seus-17-anos-no-galpao-do-riso\/","name":"Grupo Nutra de Teatro marca seus 17 anos no Galp\u00e3o do Riso - Notibras","isPartOf":{"@id":"https:\/\/www.notibras.com\/site\/#website"},"primaryImageOfPage":{"@id":"https:\/\/www.notibras.com\/site\/grupo-nutra-de-teatro-marca-seus-17-anos-no-galpao-do-riso\/#primaryimage"},"image":{"@id":"https:\/\/www.notibras.com\/site\/grupo-nutra-de-teatro-marca-seus-17-anos-no-galpao-do-riso\/#primaryimage"},"thumbnailUrl":"https:\/\/www.notibras.com\/site\/wp-content\/uploads\/2023\/09\/galpaodoriso.jpg","datePublished":"2023-09-23T03:00:47+00:00","dateModified":"2023-09-23T05:18:26+00:00","breadcrumb":{"@id":"https:\/\/www.notibras.com\/site\/grupo-nutra-de-teatro-marca-seus-17-anos-no-galpao-do-riso\/#breadcrumb"},"inLanguage":"pt-BR","potentialAction":[{"@type":"ReadAction","target":["https:\/\/www.notibras.com\/site\/grupo-nutra-de-teatro-marca-seus-17-anos-no-galpao-do-riso\/"]}]},{"@type":"ImageObject","inLanguage":"pt-BR","@id":"https:\/\/www.notibras.com\/site\/grupo-nutra-de-teatro-marca-seus-17-anos-no-galpao-do-riso\/#primaryimage","url":"https:\/\/www.notibras.com\/site\/wp-content\/uploads\/2023\/09\/galpaodoriso.jpg","contentUrl":"https:\/\/www.notibras.com\/site\/wp-content\/uploads\/2023\/09\/galpaodoriso.jpg","width":1600,"height":1067},{"@type":"BreadcrumbList","@id":"https:\/\/www.notibras.com\/site\/grupo-nutra-de-teatro-marca-seus-17-anos-no-galpao-do-riso\/#breadcrumb","itemListElement":[{"@type":"ListItem","position":1,"name":"In\u00edcio","item":"https:\/\/www.notibras.com\/site\/"},{"@type":"ListItem","position":2,"name":"Grupo Nutra de Teatro marca seus 17 anos no Galp\u00e3o do Riso"}]},{"@type":"WebSite","@id":"https:\/\/www.notibras.com\/site\/#website","url":"https:\/\/www.notibras.com\/site\/","name":"Notibras","description":"Not\u00edcias de Bras\u00edlia, do Brasil e do Mundo","publisher":{"@id":"https:\/\/www.notibras.com\/site\/#organization"},"potentialAction":[{"@type":"SearchAction","target":{"@type":"EntryPoint","urlTemplate":"https:\/\/www.notibras.com\/site\/?s={search_term_string}"},"query-input":{"@type":"PropertyValueSpecification","valueRequired":true,"valueName":"search_term_string"}}],"inLanguage":"pt-BR"},{"@type":"Organization","@id":"https:\/\/www.notibras.com\/site\/#organization","name":"Grupo Notibras de Comunica\u00e7\u00e3o","url":"https:\/\/www.notibras.com\/site\/","logo":{"@type":"ImageObject","inLanguage":"pt-BR","@id":"https:\/\/www.notibras.com\/site\/#\/schema\/logo\/image\/","url":"https:\/\/www.notibras.com\/site\/wp-content\/uploads\/2023\/01\/notibras23.png","contentUrl":"https:\/\/www.notibras.com\/site\/wp-content\/uploads\/2023\/01\/notibras23.png","width":350,"height":87,"caption":"Grupo Notibras de Comunica\u00e7\u00e3o"},"image":{"@id":"https:\/\/www.notibras.com\/site\/#\/schema\/logo\/image\/"},"sameAs":["https:\/\/www.facebook.com\/notibras\/","https:\/\/x.com\/Notibras","https:\/\/www.instagram.com\/notibras\/"]},{"@type":"Person","@id":"https:\/\/www.notibras.com\/site\/#\/schema\/person\/36ab0979449956132d3e5b517ea76ac8","name":"Reda\u00e7\u00e3o","image":{"@type":"ImageObject","inLanguage":"pt-BR","@id":"https:\/\/secure.gravatar.com\/avatar\/e0a867bdedb85fd243eadf09663511f96fc81e0720a4a42581f334ad4303aa6b?s=96&d=mm&r=g","url":"https:\/\/secure.gravatar.com\/avatar\/e0a867bdedb85fd243eadf09663511f96fc81e0720a4a42581f334ad4303aa6b?s=96&d=mm&r=g","contentUrl":"https:\/\/secure.gravatar.com\/avatar\/e0a867bdedb85fd243eadf09663511f96fc81e0720a4a42581f334ad4303aa6b?s=96&d=mm&r=g","caption":"Reda\u00e7\u00e3o"}}]}},"amp_enabled":true,"_links":{"self":[{"href":"https:\/\/www.notibras.com\/site\/wp-json\/wp\/v2\/posts\/313317","targetHints":{"allow":["GET"]}}],"collection":[{"href":"https:\/\/www.notibras.com\/site\/wp-json\/wp\/v2\/posts"}],"about":[{"href":"https:\/\/www.notibras.com\/site\/wp-json\/wp\/v2\/types\/post"}],"author":[{"embeddable":true,"href":"https:\/\/www.notibras.com\/site\/wp-json\/wp\/v2\/users\/2"}],"replies":[{"embeddable":true,"href":"https:\/\/www.notibras.com\/site\/wp-json\/wp\/v2\/comments?post=313317"}],"version-history":[{"count":2,"href":"https:\/\/www.notibras.com\/site\/wp-json\/wp\/v2\/posts\/313317\/revisions"}],"predecessor-version":[{"id":313347,"href":"https:\/\/www.notibras.com\/site\/wp-json\/wp\/v2\/posts\/313317\/revisions\/313347"}],"wp:featuredmedia":[{"embeddable":true,"href":"https:\/\/www.notibras.com\/site\/wp-json\/wp\/v2\/media\/313318"}],"wp:attachment":[{"href":"https:\/\/www.notibras.com\/site\/wp-json\/wp\/v2\/media?parent=313317"}],"wp:term":[{"taxonomy":"category","embeddable":true,"href":"https:\/\/www.notibras.com\/site\/wp-json\/wp\/v2\/categories?post=313317"},{"taxonomy":"post_tag","embeddable":true,"href":"https:\/\/www.notibras.com\/site\/wp-json\/wp\/v2\/tags?post=313317"}],"curies":[{"name":"wp","href":"https:\/\/api.w.org\/{rel}","templated":true}]}}