{"id":313326,"date":"2023-09-23T00:50:27","date_gmt":"2023-09-23T03:50:27","guid":{"rendered":"https:\/\/www.notibras.com\/site\/?p=313326"},"modified":"2023-09-23T00:52:19","modified_gmt":"2023-09-23T03:52:19","slug":"calor-provoca-desidratacao-confusao-mental-e-desmaios","status":"publish","type":"post","link":"https:\/\/www.notibras.com\/site\/calor-provoca-desidratacao-confusao-mental-e-desmaios\/","title":{"rendered":"Calor provoca desidrata\u00e7\u00e3o, confus\u00e3o mental e desmaios"},"content":{"rendered":"<p>Com o calor excessivo o risco de desidrata\u00e7\u00e3o em idosos pode aumentar e causar confus\u00e3o mental, agita\u00e7\u00e3o, prostra\u00e7\u00e3o, tonturas e quedas, al\u00e9m dos efeitos na pele, como maior flacidez ou apar\u00eancia ressecada, e nas mucosas, que tamb\u00e9m ressecam e podem ficar descoradas. Em alguns casos, o idoso pode precisar de hidrata\u00e7\u00e3o intravenosa, por isso a prefeitura de S\u00e3o Paulo est\u00e1 orientando as pessoas a ficarem atentas a qualquer sintoma de desidrata\u00e7\u00e3o nestes dias de extremo calor.<\/p>\n<p>Para esses casos a indica\u00e7\u00e3o \u00e9 a de procurar atendimento nas Unidades de Pronto Atendimento (UPAs), Assist\u00eancias M\u00e9dicas Ambulatoriais (AMAs) ou Unidades B\u00e1sicas de Sa\u00fade (UBSs), para passar por avalia\u00e7\u00e3o m\u00e9dica que decidir\u00e1 se a hidrata\u00e7\u00e3o deve ser intravenosa ou pode ser feita em casa. Em casos de emerg\u00eancia, al\u00e9m de poder ser encaminhado para uma UPA por um familiar, o Servi\u00e7o de Atendimento M\u00e9dico de Urg\u00eancia (Samu) tamb\u00e9m pode ser acionado pelo telefone 192.<\/p>\n<p>\u201cDevido a essa onda de calor que est\u00e1 acometendo quase todo o Brasil, \u00e9 muito importante conversarmos sobre a hidrata\u00e7\u00e3o da pessoa idosa. Os idosos s\u00e3o uma parcela da popula\u00e7\u00e3o que \u00e9 bastante sens\u00edvel a desidrata\u00e7\u00e3o e ela corre de uma forma mais f\u00e1cil e r\u00e1pida, porque o idoso pode n\u00e3o ter o mecanismo da sede funcionando perfeitamente. Ou seja, apesar de o corpo estar precisando de \u00e1gua, de l\u00edquido, a sede n\u00e3o faz o idoso buscar essa hidrata\u00e7\u00e3o\u201d, explicou o vice-presidente da Sociedade Brasileira Geriatria Gerontologia Estado SP (SBGG), Leonardo Brando Oliva.<\/p>\n<p>Segundo ele, o primeiro \u00f3rg\u00e3o prejudicado com a desidrata\u00e7\u00e3o \u00e9 o rim, mas a falta de l\u00edquido adequado no corpo da pessoa idosa pode levar problemas relacionados \u00e0 press\u00e3o baixa como tontura seguida de quedas e at\u00e9 mesmo desmaios. \u201c\u00c9 muito importante ent\u00e3o que estimulemos os idosos a n\u00e3o apenas beber \u00e1gua, mas outros l\u00edquidos, porque bebidas com sabor podem facilitar muito aceita\u00e7\u00e3o daqueles que n\u00e3o gostam de beber \u00e1gua\u201d, disse. Entre as recomenda\u00e7\u00f5es est\u00e3o a \u00e1gua de coco, ch\u00e1 gelado, sucos leves, \u00e1gua saborizada, colocada em uma jarra com pequenos peda\u00e7os de frutas.<\/p>\n<p>Oliva alertou ainda sobre o tipo de roupa utilizada tanto pelos mais novos quanto pelos idosos. O ideal \u00e9 vestir roupas leves e evitar exposi\u00e7\u00e3o solar de forma prolongada, al\u00e9m de evitar permanecer em ambientes muito quentes e pouco arejados. \u201cIsso tamb\u00e9m aumenta a chance de desidrata\u00e7\u00e3o. \u00c9 preciso tamb\u00e9m ficar atento ao hor\u00e1rio da realiza\u00e7\u00e3o de atividade f\u00edsica. Aqueles idosos que realizam atividade f\u00edsica devem escolher o in\u00edcio da manh\u00e3 ou o final de tarde quando a temperatura \u00e9 mais amena\u201d.<\/p>\n<p>\u00c9 preciso ainda usar o protetor solar, manter os ambientes ventilados e usar umidificador em dias de baixa umidade do ar. Entre os sinais de desidrata\u00e7\u00e3o, est\u00e3o boca seca, sede, redu\u00e7\u00e3o do volume de urina, sintomas que podem evoluir os sinais mais graves.<\/p>\n","protected":false},"excerpt":{"rendered":"<p>Com o calor excessivo o risco de desidrata\u00e7\u00e3o em idosos pode aumentar e causar confus\u00e3o mental, agita\u00e7\u00e3o, prostra\u00e7\u00e3o, tonturas e quedas, al\u00e9m dos efeitos na pele, como maior flacidez ou apar\u00eancia ressecada, e nas mucosas, que tamb\u00e9m ressecam e podem ficar descoradas. Em alguns casos, o idoso pode precisar de hidrata\u00e7\u00e3o intravenosa, por isso a [&hellip;]<\/p>\n","protected":false},"author":2,"featured_media":313327,"comment_status":"closed","ping_status":"closed","sticky":false,"template":"","format":"standard","meta":{"_acf_changed":false,"footnotes":""},"categories":[161],"tags":[95],"class_list":["post-313326","post","type-post","status-publish","format-standard","has-post-thumbnail","hentry","category-quadradinho-em-foco","tag-capa"],"acf":[],"yoast_head":"<!-- This site is optimized with the Yoast SEO plugin v27.2 - https:\/\/yoast.com\/product\/yoast-seo-wordpress\/ -->\n<title>Calor provoca desidrata\u00e7\u00e3o, confus\u00e3o mental e desmaios - Notibras<\/title>\n<meta name=\"robots\" content=\"index, follow, max-snippet:-1, max-image-preview:large, max-video-preview:-1\" \/>\n<link rel=\"canonical\" href=\"https:\/\/www.notibras.com\/site\/calor-provoca-desidratacao-confusao-mental-e-desmaios\/\" \/>\n<meta property=\"og:locale\" content=\"pt_BR\" \/>\n<meta property=\"og:type\" content=\"article\" \/>\n<meta property=\"og:title\" content=\"Calor provoca desidrata\u00e7\u00e3o, confus\u00e3o mental e desmaios - Notibras\" \/>\n<meta property=\"og:description\" content=\"Com o calor excessivo o risco de desidrata\u00e7\u00e3o em idosos pode aumentar e causar confus\u00e3o mental, agita\u00e7\u00e3o, prostra\u00e7\u00e3o, tonturas e quedas, al\u00e9m dos efeitos na pele, como maior flacidez ou apar\u00eancia ressecada, e nas mucosas, que tamb\u00e9m ressecam e podem ficar descoradas. Em alguns casos, o idoso pode precisar de hidrata\u00e7\u00e3o intravenosa, por isso a [&hellip;]\" \/>\n<meta property=\"og:url\" content=\"https:\/\/www.notibras.com\/site\/calor-provoca-desidratacao-confusao-mental-e-desmaios\/\" \/>\n<meta property=\"og:site_name\" content=\"Notibras\" \/>\n<meta property=\"article:publisher\" content=\"https:\/\/www.facebook.com\/notibras\/\" \/>\n<meta property=\"article:published_time\" content=\"2023-09-23T03:50:27+00:00\" \/>\n<meta property=\"article:modified_time\" content=\"2023-09-23T03:52:19+00:00\" \/>\n<meta property=\"og:image\" content=\"https:\/\/www.notibras.com\/site\/wp-content\/uploads\/2023\/09\/img_1644.jpg\" \/>\n\t<meta property=\"og:image:width\" content=\"1170\" \/>\n\t<meta property=\"og:image:height\" content=\"700\" \/>\n\t<meta property=\"og:image:type\" content=\"image\/jpeg\" \/>\n<meta name=\"author\" content=\"Reda\u00e7\u00e3o\" \/>\n<meta name=\"twitter:card\" content=\"summary_large_image\" \/>\n<meta name=\"twitter:creator\" content=\"@Notibras\" \/>\n<meta name=\"twitter:site\" content=\"@Notibras\" \/>\n<meta name=\"twitter:label1\" content=\"Escrito por\" \/>\n\t<meta name=\"twitter:data1\" content=\"Reda\u00e7\u00e3o\" \/>\n\t<meta name=\"twitter:label2\" content=\"Est. tempo de leitura\" \/>\n\t<meta name=\"twitter:data2\" content=\"3 minutos\" \/>\n<script type=\"application\/ld+json\" class=\"yoast-schema-graph\">{\"@context\":\"https:\/\/schema.org\",\"@graph\":[{\"@type\":\"Article\",\"@id\":\"https:\/\/www.notibras.com\/site\/calor-provoca-desidratacao-confusao-mental-e-desmaios\/#article\",\"isPartOf\":{\"@id\":\"https:\/\/www.notibras.com\/site\/calor-provoca-desidratacao-confusao-mental-e-desmaios\/\"},\"author\":{\"name\":\"Reda\u00e7\u00e3o\",\"@id\":\"https:\/\/www.notibras.com\/site\/#\/schema\/person\/36ab0979449956132d3e5b517ea76ac8\"},\"headline\":\"Calor provoca desidrata\u00e7\u00e3o, confus\u00e3o mental e desmaios\",\"datePublished\":\"2023-09-23T03:50:27+00:00\",\"dateModified\":\"2023-09-23T03:52:19+00:00\",\"mainEntityOfPage\":{\"@id\":\"https:\/\/www.notibras.com\/site\/calor-provoca-desidratacao-confusao-mental-e-desmaios\/\"},\"wordCount\":521,\"publisher\":{\"@id\":\"https:\/\/www.notibras.com\/site\/#organization\"},\"image\":{\"@id\":\"https:\/\/www.notibras.com\/site\/calor-provoca-desidratacao-confusao-mental-e-desmaios\/#primaryimage\"},\"thumbnailUrl\":\"https:\/\/www.notibras.com\/site\/wp-content\/uploads\/2023\/09\/img_1644.jpg\",\"keywords\":[\"capa\"],\"articleSection\":[\"Quadradinho em Foco\"],\"inLanguage\":\"pt-BR\"},{\"@type\":\"WebPage\",\"@id\":\"https:\/\/www.notibras.com\/site\/calor-provoca-desidratacao-confusao-mental-e-desmaios\/\",\"url\":\"https:\/\/www.notibras.com\/site\/calor-provoca-desidratacao-confusao-mental-e-desmaios\/\",\"name\":\"Calor provoca desidrata\u00e7\u00e3o, confus\u00e3o mental e desmaios - Notibras\",\"isPartOf\":{\"@id\":\"https:\/\/www.notibras.com\/site\/#website\"},\"primaryImageOfPage\":{\"@id\":\"https:\/\/www.notibras.com\/site\/calor-provoca-desidratacao-confusao-mental-e-desmaios\/#primaryimage\"},\"image\":{\"@id\":\"https:\/\/www.notibras.com\/site\/calor-provoca-desidratacao-confusao-mental-e-desmaios\/#primaryimage\"},\"thumbnailUrl\":\"https:\/\/www.notibras.com\/site\/wp-content\/uploads\/2023\/09\/img_1644.jpg\",\"datePublished\":\"2023-09-23T03:50:27+00:00\",\"dateModified\":\"2023-09-23T03:52:19+00:00\",\"breadcrumb\":{\"@id\":\"https:\/\/www.notibras.com\/site\/calor-provoca-desidratacao-confusao-mental-e-desmaios\/#breadcrumb\"},\"inLanguage\":\"pt-BR\",\"potentialAction\":[{\"@type\":\"ReadAction\",\"target\":[\"https:\/\/www.notibras.com\/site\/calor-provoca-desidratacao-confusao-mental-e-desmaios\/\"]}]},{\"@type\":\"ImageObject\",\"inLanguage\":\"pt-BR\",\"@id\":\"https:\/\/www.notibras.com\/site\/calor-provoca-desidratacao-confusao-mental-e-desmaios\/#primaryimage\",\"url\":\"https:\/\/www.notibras.com\/site\/wp-content\/uploads\/2023\/09\/img_1644.jpg\",\"contentUrl\":\"https:\/\/www.notibras.com\/site\/wp-content\/uploads\/2023\/09\/img_1644.jpg\",\"width\":1170,\"height\":700,\"caption\":\"Calor em S\u00e3o Paulo\"},{\"@type\":\"BreadcrumbList\",\"@id\":\"https:\/\/www.notibras.com\/site\/calor-provoca-desidratacao-confusao-mental-e-desmaios\/#breadcrumb\",\"itemListElement\":[{\"@type\":\"ListItem\",\"position\":1,\"name\":\"In\u00edcio\",\"item\":\"https:\/\/www.notibras.com\/site\/\"},{\"@type\":\"ListItem\",\"position\":2,\"name\":\"Calor provoca desidrata\u00e7\u00e3o, confus\u00e3o mental e desmaios\"}]},{\"@type\":\"WebSite\",\"@id\":\"https:\/\/www.notibras.com\/site\/#website\",\"url\":\"https:\/\/www.notibras.com\/site\/\",\"name\":\"Notibras\",\"description\":\"Not\u00edcias de Bras\u00edlia, do Brasil e do Mundo\",\"publisher\":{\"@id\":\"https:\/\/www.notibras.com\/site\/#organization\"},\"potentialAction\":[{\"@type\":\"SearchAction\",\"target\":{\"@type\":\"EntryPoint\",\"urlTemplate\":\"https:\/\/www.notibras.com\/site\/?s={search_term_string}\"},\"query-input\":{\"@type\":\"PropertyValueSpecification\",\"valueRequired\":true,\"valueName\":\"search_term_string\"}}],\"inLanguage\":\"pt-BR\"},{\"@type\":\"Organization\",\"@id\":\"https:\/\/www.notibras.com\/site\/#organization\",\"name\":\"Grupo Notibras de Comunica\u00e7\u00e3o\",\"url\":\"https:\/\/www.notibras.com\/site\/\",\"logo\":{\"@type\":\"ImageObject\",\"inLanguage\":\"pt-BR\",\"@id\":\"https:\/\/www.notibras.com\/site\/#\/schema\/logo\/image\/\",\"url\":\"https:\/\/www.notibras.com\/site\/wp-content\/uploads\/2023\/01\/notibras23.png\",\"contentUrl\":\"https:\/\/www.notibras.com\/site\/wp-content\/uploads\/2023\/01\/notibras23.png\",\"width\":350,\"height\":87,\"caption\":\"Grupo Notibras de Comunica\u00e7\u00e3o\"},\"image\":{\"@id\":\"https:\/\/www.notibras.com\/site\/#\/schema\/logo\/image\/\"},\"sameAs\":[\"https:\/\/www.facebook.com\/notibras\/\",\"https:\/\/x.com\/Notibras\",\"https:\/\/www.instagram.com\/notibras\/\"]},{\"@type\":\"Person\",\"@id\":\"https:\/\/www.notibras.com\/site\/#\/schema\/person\/36ab0979449956132d3e5b517ea76ac8\",\"name\":\"Reda\u00e7\u00e3o\",\"image\":{\"@type\":\"ImageObject\",\"inLanguage\":\"pt-BR\",\"@id\":\"https:\/\/secure.gravatar.com\/avatar\/e0a867bdedb85fd243eadf09663511f96fc81e0720a4a42581f334ad4303aa6b?s=96&d=mm&r=g\",\"url\":\"https:\/\/secure.gravatar.com\/avatar\/e0a867bdedb85fd243eadf09663511f96fc81e0720a4a42581f334ad4303aa6b?s=96&d=mm&r=g\",\"contentUrl\":\"https:\/\/secure.gravatar.com\/avatar\/e0a867bdedb85fd243eadf09663511f96fc81e0720a4a42581f334ad4303aa6b?s=96&d=mm&r=g\",\"caption\":\"Reda\u00e7\u00e3o\"}}]}<\/script>\n<!-- \/ Yoast SEO plugin. -->","yoast_head_json":{"title":"Calor provoca desidrata\u00e7\u00e3o, confus\u00e3o mental e desmaios - Notibras","robots":{"index":"index","follow":"follow","max-snippet":"max-snippet:-1","max-image-preview":"max-image-preview:large","max-video-preview":"max-video-preview:-1"},"canonical":"https:\/\/www.notibras.com\/site\/calor-provoca-desidratacao-confusao-mental-e-desmaios\/","og_locale":"pt_BR","og_type":"article","og_title":"Calor provoca desidrata\u00e7\u00e3o, confus\u00e3o mental e desmaios - Notibras","og_description":"Com o calor excessivo o risco de desidrata\u00e7\u00e3o em idosos pode aumentar e causar confus\u00e3o mental, agita\u00e7\u00e3o, prostra\u00e7\u00e3o, tonturas e quedas, al\u00e9m dos efeitos na pele, como maior flacidez ou apar\u00eancia ressecada, e nas mucosas, que tamb\u00e9m ressecam e podem ficar descoradas. Em alguns casos, o idoso pode precisar de hidrata\u00e7\u00e3o intravenosa, por isso a [&hellip;]","og_url":"https:\/\/www.notibras.com\/site\/calor-provoca-desidratacao-confusao-mental-e-desmaios\/","og_site_name":"Notibras","article_publisher":"https:\/\/www.facebook.com\/notibras\/","article_published_time":"2023-09-23T03:50:27+00:00","article_modified_time":"2023-09-23T03:52:19+00:00","og_image":[{"width":1170,"height":700,"url":"https:\/\/www.notibras.com\/site\/wp-content\/uploads\/2023\/09\/img_1644.jpg","type":"image\/jpeg"}],"author":"Reda\u00e7\u00e3o","twitter_card":"summary_large_image","twitter_creator":"@Notibras","twitter_site":"@Notibras","twitter_misc":{"Escrito por":"Reda\u00e7\u00e3o","Est. tempo de leitura":"3 minutos"},"schema":{"@context":"https:\/\/schema.org","@graph":[{"@type":"Article","@id":"https:\/\/www.notibras.com\/site\/calor-provoca-desidratacao-confusao-mental-e-desmaios\/#article","isPartOf":{"@id":"https:\/\/www.notibras.com\/site\/calor-provoca-desidratacao-confusao-mental-e-desmaios\/"},"author":{"name":"Reda\u00e7\u00e3o","@id":"https:\/\/www.notibras.com\/site\/#\/schema\/person\/36ab0979449956132d3e5b517ea76ac8"},"headline":"Calor provoca desidrata\u00e7\u00e3o, confus\u00e3o mental e desmaios","datePublished":"2023-09-23T03:50:27+00:00","dateModified":"2023-09-23T03:52:19+00:00","mainEntityOfPage":{"@id":"https:\/\/www.notibras.com\/site\/calor-provoca-desidratacao-confusao-mental-e-desmaios\/"},"wordCount":521,"publisher":{"@id":"https:\/\/www.notibras.com\/site\/#organization"},"image":{"@id":"https:\/\/www.notibras.com\/site\/calor-provoca-desidratacao-confusao-mental-e-desmaios\/#primaryimage"},"thumbnailUrl":"https:\/\/www.notibras.com\/site\/wp-content\/uploads\/2023\/09\/img_1644.jpg","keywords":["capa"],"articleSection":["Quadradinho em Foco"],"inLanguage":"pt-BR"},{"@type":"WebPage","@id":"https:\/\/www.notibras.com\/site\/calor-provoca-desidratacao-confusao-mental-e-desmaios\/","url":"https:\/\/www.notibras.com\/site\/calor-provoca-desidratacao-confusao-mental-e-desmaios\/","name":"Calor provoca desidrata\u00e7\u00e3o, confus\u00e3o mental e desmaios - Notibras","isPartOf":{"@id":"https:\/\/www.notibras.com\/site\/#website"},"primaryImageOfPage":{"@id":"https:\/\/www.notibras.com\/site\/calor-provoca-desidratacao-confusao-mental-e-desmaios\/#primaryimage"},"image":{"@id":"https:\/\/www.notibras.com\/site\/calor-provoca-desidratacao-confusao-mental-e-desmaios\/#primaryimage"},"thumbnailUrl":"https:\/\/www.notibras.com\/site\/wp-content\/uploads\/2023\/09\/img_1644.jpg","datePublished":"2023-09-23T03:50:27+00:00","dateModified":"2023-09-23T03:52:19+00:00","breadcrumb":{"@id":"https:\/\/www.notibras.com\/site\/calor-provoca-desidratacao-confusao-mental-e-desmaios\/#breadcrumb"},"inLanguage":"pt-BR","potentialAction":[{"@type":"ReadAction","target":["https:\/\/www.notibras.com\/site\/calor-provoca-desidratacao-confusao-mental-e-desmaios\/"]}]},{"@type":"ImageObject","inLanguage":"pt-BR","@id":"https:\/\/www.notibras.com\/site\/calor-provoca-desidratacao-confusao-mental-e-desmaios\/#primaryimage","url":"https:\/\/www.notibras.com\/site\/wp-content\/uploads\/2023\/09\/img_1644.jpg","contentUrl":"https:\/\/www.notibras.com\/site\/wp-content\/uploads\/2023\/09\/img_1644.jpg","width":1170,"height":700,"caption":"Calor em S\u00e3o Paulo"},{"@type":"BreadcrumbList","@id":"https:\/\/www.notibras.com\/site\/calor-provoca-desidratacao-confusao-mental-e-desmaios\/#breadcrumb","itemListElement":[{"@type":"ListItem","position":1,"name":"In\u00edcio","item":"https:\/\/www.notibras.com\/site\/"},{"@type":"ListItem","position":2,"name":"Calor provoca desidrata\u00e7\u00e3o, confus\u00e3o mental e desmaios"}]},{"@type":"WebSite","@id":"https:\/\/www.notibras.com\/site\/#website","url":"https:\/\/www.notibras.com\/site\/","name":"Notibras","description":"Not\u00edcias de Bras\u00edlia, do Brasil e do Mundo","publisher":{"@id":"https:\/\/www.notibras.com\/site\/#organization"},"potentialAction":[{"@type":"SearchAction","target":{"@type":"EntryPoint","urlTemplate":"https:\/\/www.notibras.com\/site\/?s={search_term_string}"},"query-input":{"@type":"PropertyValueSpecification","valueRequired":true,"valueName":"search_term_string"}}],"inLanguage":"pt-BR"},{"@type":"Organization","@id":"https:\/\/www.notibras.com\/site\/#organization","name":"Grupo Notibras de Comunica\u00e7\u00e3o","url":"https:\/\/www.notibras.com\/site\/","logo":{"@type":"ImageObject","inLanguage":"pt-BR","@id":"https:\/\/www.notibras.com\/site\/#\/schema\/logo\/image\/","url":"https:\/\/www.notibras.com\/site\/wp-content\/uploads\/2023\/01\/notibras23.png","contentUrl":"https:\/\/www.notibras.com\/site\/wp-content\/uploads\/2023\/01\/notibras23.png","width":350,"height":87,"caption":"Grupo Notibras de Comunica\u00e7\u00e3o"},"image":{"@id":"https:\/\/www.notibras.com\/site\/#\/schema\/logo\/image\/"},"sameAs":["https:\/\/www.facebook.com\/notibras\/","https:\/\/x.com\/Notibras","https:\/\/www.instagram.com\/notibras\/"]},{"@type":"Person","@id":"https:\/\/www.notibras.com\/site\/#\/schema\/person\/36ab0979449956132d3e5b517ea76ac8","name":"Reda\u00e7\u00e3o","image":{"@type":"ImageObject","inLanguage":"pt-BR","@id":"https:\/\/secure.gravatar.com\/avatar\/e0a867bdedb85fd243eadf09663511f96fc81e0720a4a42581f334ad4303aa6b?s=96&d=mm&r=g","url":"https:\/\/secure.gravatar.com\/avatar\/e0a867bdedb85fd243eadf09663511f96fc81e0720a4a42581f334ad4303aa6b?s=96&d=mm&r=g","contentUrl":"https:\/\/secure.gravatar.com\/avatar\/e0a867bdedb85fd243eadf09663511f96fc81e0720a4a42581f334ad4303aa6b?s=96&d=mm&r=g","caption":"Reda\u00e7\u00e3o"}}]}},"amp_enabled":true,"_links":{"self":[{"href":"https:\/\/www.notibras.com\/site\/wp-json\/wp\/v2\/posts\/313326","targetHints":{"allow":["GET"]}}],"collection":[{"href":"https:\/\/www.notibras.com\/site\/wp-json\/wp\/v2\/posts"}],"about":[{"href":"https:\/\/www.notibras.com\/site\/wp-json\/wp\/v2\/types\/post"}],"author":[{"embeddable":true,"href":"https:\/\/www.notibras.com\/site\/wp-json\/wp\/v2\/users\/2"}],"replies":[{"embeddable":true,"href":"https:\/\/www.notibras.com\/site\/wp-json\/wp\/v2\/comments?post=313326"}],"version-history":[{"count":3,"href":"https:\/\/www.notibras.com\/site\/wp-json\/wp\/v2\/posts\/313326\/revisions"}],"predecessor-version":[{"id":313330,"href":"https:\/\/www.notibras.com\/site\/wp-json\/wp\/v2\/posts\/313326\/revisions\/313330"}],"wp:featuredmedia":[{"embeddable":true,"href":"https:\/\/www.notibras.com\/site\/wp-json\/wp\/v2\/media\/313327"}],"wp:attachment":[{"href":"https:\/\/www.notibras.com\/site\/wp-json\/wp\/v2\/media?parent=313326"}],"wp:term":[{"taxonomy":"category","embeddable":true,"href":"https:\/\/www.notibras.com\/site\/wp-json\/wp\/v2\/categories?post=313326"},{"taxonomy":"post_tag","embeddable":true,"href":"https:\/\/www.notibras.com\/site\/wp-json\/wp\/v2\/tags?post=313326"}],"curies":[{"name":"wp","href":"https:\/\/api.w.org\/{rel}","templated":true}]}}