{"id":313345,"date":"2023-09-23T00:00:26","date_gmt":"2023-09-23T03:00:26","guid":{"rendered":"https:\/\/www.notibras.com\/site\/?p=313345"},"modified":"2023-09-23T02:08:28","modified_gmt":"2023-09-23T05:08:28","slug":"tcdf-investiga-falhas-nos-gastos-e-no-alcance-de-metas","status":"publish","type":"post","link":"https:\/\/www.notibras.com\/site\/tcdf-investiga-falhas-nos-gastos-e-no-alcance-de-metas\/","title":{"rendered":"TCDF investiga falhas nos gastos e no alcance de metas"},"content":{"rendered":"<p>O\u202fTribunal de Contas do Distrito Federal vai fazer uma inspe\u00e7\u00e3o no Instituto de Gest\u00e3o Estrat\u00e9gica de Sa\u00fade do Distrito Federal (IGES-DF) para apurar supostas inconsist\u00eancias na presta\u00e7\u00e3o de contas relativas ao ano passado e verificar se as metas de atendimento est\u00e3o sendo cumpridas.<\/p>\n<p>Entre as poss\u00edveis falhas est\u00e3o a realiza\u00e7\u00e3o de despesas insuficientemente detalhadas, com poss\u00edvel impacto no valor repassado, e defici\u00eancias no controle de servidores cedidos pela Secretaria de Sa\u00fade ao IGES-DF.<\/p>\n<p>Autorizada pelo Plen\u00e1rio da Corte, a fiscaliza\u00e7\u00e3o vai verificar, entre outras quest\u00f5es, se tamb\u00e9m h\u00e1 passivo relativo a d\u00edvidas trabalhistas. Mais de 8 mil funcion\u00e1rios do instituto s\u00e3o celetistas, ou seja, t\u00eam v\u00ednculo empregat\u00edcio regulado pela Consolida\u00e7\u00e3o das Leis do Trabalho (CLT).<\/p>\n<p>O corpo t\u00e9cnico do Tribunal ainda vai apurar supostas opera\u00e7\u00f5es realizadas por meio de PIX, sem detalhamento da finalidade; opera\u00e7\u00e3o em c\u00e2mbio para pagamento de estudo, sem discriminar o tipo de estudo nem o impacto esperado com a capacita\u00e7\u00e3o; permuta de medica\u00e7\u00e3o entre IGES e Secretaria de Sa\u00fade, sem a clara contabiliza\u00e7\u00e3o dos rem\u00e9dios.<\/p>\n<p>O plen\u00e1rio tamb\u00e9m determinou que a Secretaria apresente, no prazo de 30 dias, a minuta do novo contrato de gest\u00e3o, que segundo o Instituto est\u00e1 em andamento. Ser\u00e3o verificados se h\u00e1 compatibilidade das metas com a demanda da popula\u00e7\u00e3o e com a capacidade de atendimento nas unidades de sa\u00fade, bem como se h\u00e1 hip\u00f3teses de glosa em caso de n\u00e3o cumprimento das metas. Segundo an\u00e1lise do corpo t\u00e9cnico, h\u00e1 defasagem das metas previstas no atual Contrato de Gest\u00e3o 01\/2018 e a aus\u00eancia de glosas pelo n\u00e3o cumprimento.<\/p>\n<p>De acordo com um requerimento protocolado pela C\u00e2mara Legislativa no TCDF, a presta\u00e7\u00e3o de contas do Instituto n\u00e3o apresenta dados que demonstrem se a presta\u00e7\u00e3o dos servi\u00e7os \u00e0 popula\u00e7\u00e3o, pelo IGES-DF, foi mais eficiente, eficaz e efetiva comparada ao modelo anterior da SES-DF.<\/p>\n<p>Atualmente, o Instituto faz a gest\u00e3o do Hospital de Base e do Hospital Regional de Santa Maria, al\u00e9m das unidades de pronto atendimento (UPAs).<\/p>\n","protected":false},"excerpt":{"rendered":"<p>O\u202fTribunal de Contas do Distrito Federal vai fazer uma inspe\u00e7\u00e3o no Instituto de Gest\u00e3o Estrat\u00e9gica de Sa\u00fade do Distrito Federal (IGES-DF) para apurar supostas inconsist\u00eancias na presta\u00e7\u00e3o de contas relativas ao ano passado e verificar se as metas de atendimento est\u00e3o sendo cumpridas. Entre as poss\u00edveis falhas est\u00e3o a realiza\u00e7\u00e3o de despesas insuficientemente detalhadas, com [&hellip;]<\/p>\n","protected":false},"author":2,"featured_media":183882,"comment_status":"closed","ping_status":"closed","sticky":false,"template":"","format":"standard","meta":{"_acf_changed":false,"footnotes":""},"categories":[161],"tags":[],"class_list":["post-313345","post","type-post","status-publish","format-standard","has-post-thumbnail","hentry","category-quadradinho-em-foco"],"acf":[],"yoast_head":"<!-- This site is optimized with the Yoast SEO plugin v27.2 - https:\/\/yoast.com\/product\/yoast-seo-wordpress\/ -->\n<title>TCDF investiga falhas nos gastos e no alcance de metas - Notibras<\/title>\n<meta name=\"robots\" content=\"index, follow, max-snippet:-1, max-image-preview:large, max-video-preview:-1\" \/>\n<link rel=\"canonical\" href=\"https:\/\/www.notibras.com\/site\/tcdf-investiga-falhas-nos-gastos-e-no-alcance-de-metas\/\" \/>\n<meta property=\"og:locale\" content=\"pt_BR\" \/>\n<meta property=\"og:type\" content=\"article\" \/>\n<meta property=\"og:title\" content=\"TCDF investiga falhas nos gastos e no alcance de metas - Notibras\" \/>\n<meta property=\"og:description\" content=\"O\u202fTribunal de Contas do Distrito Federal vai fazer uma inspe\u00e7\u00e3o no Instituto de Gest\u00e3o Estrat\u00e9gica de Sa\u00fade do Distrito Federal (IGES-DF) para apurar supostas inconsist\u00eancias na presta\u00e7\u00e3o de contas relativas ao ano passado e verificar se as metas de atendimento est\u00e3o sendo cumpridas. Entre as poss\u00edveis falhas est\u00e3o a realiza\u00e7\u00e3o de despesas insuficientemente detalhadas, com [&hellip;]\" \/>\n<meta property=\"og:url\" content=\"https:\/\/www.notibras.com\/site\/tcdf-investiga-falhas-nos-gastos-e-no-alcance-de-metas\/\" \/>\n<meta property=\"og:site_name\" content=\"Notibras\" \/>\n<meta property=\"article:publisher\" content=\"https:\/\/www.facebook.com\/notibras\/\" \/>\n<meta property=\"article:published_time\" content=\"2023-09-23T03:00:26+00:00\" \/>\n<meta property=\"article:modified_time\" content=\"2023-09-23T05:08:28+00:00\" \/>\n<meta property=\"og:image\" content=\"https:\/\/www.notibras.com\/site\/wp-content\/uploads\/2018\/06\/upa-sol-nascente.jpg\" \/>\n\t<meta property=\"og:image:width\" content=\"768\" \/>\n\t<meta property=\"og:image:height\" content=\"512\" \/>\n\t<meta property=\"og:image:type\" content=\"image\/jpeg\" \/>\n<meta name=\"author\" content=\"Reda\u00e7\u00e3o\" \/>\n<meta name=\"twitter:card\" content=\"summary_large_image\" \/>\n<meta name=\"twitter:creator\" content=\"@Notibras\" \/>\n<meta name=\"twitter:site\" content=\"@Notibras\" \/>\n<meta name=\"twitter:label1\" content=\"Escrito por\" \/>\n\t<meta name=\"twitter:data1\" content=\"Reda\u00e7\u00e3o\" \/>\n\t<meta name=\"twitter:label2\" content=\"Est. tempo de leitura\" \/>\n\t<meta name=\"twitter:data2\" content=\"2 minutos\" \/>\n<script type=\"application\/ld+json\" class=\"yoast-schema-graph\">{\"@context\":\"https:\/\/schema.org\",\"@graph\":[{\"@type\":\"Article\",\"@id\":\"https:\/\/www.notibras.com\/site\/tcdf-investiga-falhas-nos-gastos-e-no-alcance-de-metas\/#article\",\"isPartOf\":{\"@id\":\"https:\/\/www.notibras.com\/site\/tcdf-investiga-falhas-nos-gastos-e-no-alcance-de-metas\/\"},\"author\":{\"name\":\"Reda\u00e7\u00e3o\",\"@id\":\"https:\/\/www.notibras.com\/site\/#\/schema\/person\/36ab0979449956132d3e5b517ea76ac8\"},\"headline\":\"TCDF investiga falhas nos gastos e no alcance de metas\",\"datePublished\":\"2023-09-23T03:00:26+00:00\",\"dateModified\":\"2023-09-23T05:08:28+00:00\",\"mainEntityOfPage\":{\"@id\":\"https:\/\/www.notibras.com\/site\/tcdf-investiga-falhas-nos-gastos-e-no-alcance-de-metas\/\"},\"wordCount\":384,\"publisher\":{\"@id\":\"https:\/\/www.notibras.com\/site\/#organization\"},\"image\":{\"@id\":\"https:\/\/www.notibras.com\/site\/tcdf-investiga-falhas-nos-gastos-e-no-alcance-de-metas\/#primaryimage\"},\"thumbnailUrl\":\"https:\/\/www.notibras.com\/site\/wp-content\/uploads\/2018\/06\/upa-sol-nascente.jpg\",\"articleSection\":[\"Quadradinho em Foco\"],\"inLanguage\":\"pt-BR\"},{\"@type\":\"WebPage\",\"@id\":\"https:\/\/www.notibras.com\/site\/tcdf-investiga-falhas-nos-gastos-e-no-alcance-de-metas\/\",\"url\":\"https:\/\/www.notibras.com\/site\/tcdf-investiga-falhas-nos-gastos-e-no-alcance-de-metas\/\",\"name\":\"TCDF investiga falhas nos gastos e no alcance de metas - Notibras\",\"isPartOf\":{\"@id\":\"https:\/\/www.notibras.com\/site\/#website\"},\"primaryImageOfPage\":{\"@id\":\"https:\/\/www.notibras.com\/site\/tcdf-investiga-falhas-nos-gastos-e-no-alcance-de-metas\/#primaryimage\"},\"image\":{\"@id\":\"https:\/\/www.notibras.com\/site\/tcdf-investiga-falhas-nos-gastos-e-no-alcance-de-metas\/#primaryimage\"},\"thumbnailUrl\":\"https:\/\/www.notibras.com\/site\/wp-content\/uploads\/2018\/06\/upa-sol-nascente.jpg\",\"datePublished\":\"2023-09-23T03:00:26+00:00\",\"dateModified\":\"2023-09-23T05:08:28+00:00\",\"breadcrumb\":{\"@id\":\"https:\/\/www.notibras.com\/site\/tcdf-investiga-falhas-nos-gastos-e-no-alcance-de-metas\/#breadcrumb\"},\"inLanguage\":\"pt-BR\",\"potentialAction\":[{\"@type\":\"ReadAction\",\"target\":[\"https:\/\/www.notibras.com\/site\/tcdf-investiga-falhas-nos-gastos-e-no-alcance-de-metas\/\"]}]},{\"@type\":\"ImageObject\",\"inLanguage\":\"pt-BR\",\"@id\":\"https:\/\/www.notibras.com\/site\/tcdf-investiga-falhas-nos-gastos-e-no-alcance-de-metas\/#primaryimage\",\"url\":\"https:\/\/www.notibras.com\/site\/wp-content\/uploads\/2018\/06\/upa-sol-nascente.jpg\",\"contentUrl\":\"https:\/\/www.notibras.com\/site\/wp-content\/uploads\/2018\/06\/upa-sol-nascente.jpg\",\"width\":768,\"height\":512,\"caption\":\"Foto: Tony Winston\/Ag\u00eancia Bras\u00edlia\"},{\"@type\":\"BreadcrumbList\",\"@id\":\"https:\/\/www.notibras.com\/site\/tcdf-investiga-falhas-nos-gastos-e-no-alcance-de-metas\/#breadcrumb\",\"itemListElement\":[{\"@type\":\"ListItem\",\"position\":1,\"name\":\"In\u00edcio\",\"item\":\"https:\/\/www.notibras.com\/site\/\"},{\"@type\":\"ListItem\",\"position\":2,\"name\":\"TCDF investiga falhas nos gastos e no alcance de metas\"}]},{\"@type\":\"WebSite\",\"@id\":\"https:\/\/www.notibras.com\/site\/#website\",\"url\":\"https:\/\/www.notibras.com\/site\/\",\"name\":\"Notibras\",\"description\":\"Not\u00edcias de Bras\u00edlia, do Brasil e do Mundo\",\"publisher\":{\"@id\":\"https:\/\/www.notibras.com\/site\/#organization\"},\"potentialAction\":[{\"@type\":\"SearchAction\",\"target\":{\"@type\":\"EntryPoint\",\"urlTemplate\":\"https:\/\/www.notibras.com\/site\/?s={search_term_string}\"},\"query-input\":{\"@type\":\"PropertyValueSpecification\",\"valueRequired\":true,\"valueName\":\"search_term_string\"}}],\"inLanguage\":\"pt-BR\"},{\"@type\":\"Organization\",\"@id\":\"https:\/\/www.notibras.com\/site\/#organization\",\"name\":\"Grupo Notibras de Comunica\u00e7\u00e3o\",\"url\":\"https:\/\/www.notibras.com\/site\/\",\"logo\":{\"@type\":\"ImageObject\",\"inLanguage\":\"pt-BR\",\"@id\":\"https:\/\/www.notibras.com\/site\/#\/schema\/logo\/image\/\",\"url\":\"https:\/\/www.notibras.com\/site\/wp-content\/uploads\/2023\/01\/notibras23.png\",\"contentUrl\":\"https:\/\/www.notibras.com\/site\/wp-content\/uploads\/2023\/01\/notibras23.png\",\"width\":350,\"height\":87,\"caption\":\"Grupo Notibras de Comunica\u00e7\u00e3o\"},\"image\":{\"@id\":\"https:\/\/www.notibras.com\/site\/#\/schema\/logo\/image\/\"},\"sameAs\":[\"https:\/\/www.facebook.com\/notibras\/\",\"https:\/\/x.com\/Notibras\",\"https:\/\/www.instagram.com\/notibras\/\"]},{\"@type\":\"Person\",\"@id\":\"https:\/\/www.notibras.com\/site\/#\/schema\/person\/36ab0979449956132d3e5b517ea76ac8\",\"name\":\"Reda\u00e7\u00e3o\",\"image\":{\"@type\":\"ImageObject\",\"inLanguage\":\"pt-BR\",\"@id\":\"https:\/\/secure.gravatar.com\/avatar\/e0a867bdedb85fd243eadf09663511f96fc81e0720a4a42581f334ad4303aa6b?s=96&d=mm&r=g\",\"url\":\"https:\/\/secure.gravatar.com\/avatar\/e0a867bdedb85fd243eadf09663511f96fc81e0720a4a42581f334ad4303aa6b?s=96&d=mm&r=g\",\"contentUrl\":\"https:\/\/secure.gravatar.com\/avatar\/e0a867bdedb85fd243eadf09663511f96fc81e0720a4a42581f334ad4303aa6b?s=96&d=mm&r=g\",\"caption\":\"Reda\u00e7\u00e3o\"}}]}<\/script>\n<!-- \/ Yoast SEO plugin. -->","yoast_head_json":{"title":"TCDF investiga falhas nos gastos e no alcance de metas - Notibras","robots":{"index":"index","follow":"follow","max-snippet":"max-snippet:-1","max-image-preview":"max-image-preview:large","max-video-preview":"max-video-preview:-1"},"canonical":"https:\/\/www.notibras.com\/site\/tcdf-investiga-falhas-nos-gastos-e-no-alcance-de-metas\/","og_locale":"pt_BR","og_type":"article","og_title":"TCDF investiga falhas nos gastos e no alcance de metas - Notibras","og_description":"O\u202fTribunal de Contas do Distrito Federal vai fazer uma inspe\u00e7\u00e3o no Instituto de Gest\u00e3o Estrat\u00e9gica de Sa\u00fade do Distrito Federal (IGES-DF) para apurar supostas inconsist\u00eancias na presta\u00e7\u00e3o de contas relativas ao ano passado e verificar se as metas de atendimento est\u00e3o sendo cumpridas. Entre as poss\u00edveis falhas est\u00e3o a realiza\u00e7\u00e3o de despesas insuficientemente detalhadas, com [&hellip;]","og_url":"https:\/\/www.notibras.com\/site\/tcdf-investiga-falhas-nos-gastos-e-no-alcance-de-metas\/","og_site_name":"Notibras","article_publisher":"https:\/\/www.facebook.com\/notibras\/","article_published_time":"2023-09-23T03:00:26+00:00","article_modified_time":"2023-09-23T05:08:28+00:00","og_image":[{"width":768,"height":512,"url":"https:\/\/www.notibras.com\/site\/wp-content\/uploads\/2018\/06\/upa-sol-nascente.jpg","type":"image\/jpeg"}],"author":"Reda\u00e7\u00e3o","twitter_card":"summary_large_image","twitter_creator":"@Notibras","twitter_site":"@Notibras","twitter_misc":{"Escrito por":"Reda\u00e7\u00e3o","Est. tempo de leitura":"2 minutos"},"schema":{"@context":"https:\/\/schema.org","@graph":[{"@type":"Article","@id":"https:\/\/www.notibras.com\/site\/tcdf-investiga-falhas-nos-gastos-e-no-alcance-de-metas\/#article","isPartOf":{"@id":"https:\/\/www.notibras.com\/site\/tcdf-investiga-falhas-nos-gastos-e-no-alcance-de-metas\/"},"author":{"name":"Reda\u00e7\u00e3o","@id":"https:\/\/www.notibras.com\/site\/#\/schema\/person\/36ab0979449956132d3e5b517ea76ac8"},"headline":"TCDF investiga falhas nos gastos e no alcance de metas","datePublished":"2023-09-23T03:00:26+00:00","dateModified":"2023-09-23T05:08:28+00:00","mainEntityOfPage":{"@id":"https:\/\/www.notibras.com\/site\/tcdf-investiga-falhas-nos-gastos-e-no-alcance-de-metas\/"},"wordCount":384,"publisher":{"@id":"https:\/\/www.notibras.com\/site\/#organization"},"image":{"@id":"https:\/\/www.notibras.com\/site\/tcdf-investiga-falhas-nos-gastos-e-no-alcance-de-metas\/#primaryimage"},"thumbnailUrl":"https:\/\/www.notibras.com\/site\/wp-content\/uploads\/2018\/06\/upa-sol-nascente.jpg","articleSection":["Quadradinho em Foco"],"inLanguage":"pt-BR"},{"@type":"WebPage","@id":"https:\/\/www.notibras.com\/site\/tcdf-investiga-falhas-nos-gastos-e-no-alcance-de-metas\/","url":"https:\/\/www.notibras.com\/site\/tcdf-investiga-falhas-nos-gastos-e-no-alcance-de-metas\/","name":"TCDF investiga falhas nos gastos e no alcance de metas - Notibras","isPartOf":{"@id":"https:\/\/www.notibras.com\/site\/#website"},"primaryImageOfPage":{"@id":"https:\/\/www.notibras.com\/site\/tcdf-investiga-falhas-nos-gastos-e-no-alcance-de-metas\/#primaryimage"},"image":{"@id":"https:\/\/www.notibras.com\/site\/tcdf-investiga-falhas-nos-gastos-e-no-alcance-de-metas\/#primaryimage"},"thumbnailUrl":"https:\/\/www.notibras.com\/site\/wp-content\/uploads\/2018\/06\/upa-sol-nascente.jpg","datePublished":"2023-09-23T03:00:26+00:00","dateModified":"2023-09-23T05:08:28+00:00","breadcrumb":{"@id":"https:\/\/www.notibras.com\/site\/tcdf-investiga-falhas-nos-gastos-e-no-alcance-de-metas\/#breadcrumb"},"inLanguage":"pt-BR","potentialAction":[{"@type":"ReadAction","target":["https:\/\/www.notibras.com\/site\/tcdf-investiga-falhas-nos-gastos-e-no-alcance-de-metas\/"]}]},{"@type":"ImageObject","inLanguage":"pt-BR","@id":"https:\/\/www.notibras.com\/site\/tcdf-investiga-falhas-nos-gastos-e-no-alcance-de-metas\/#primaryimage","url":"https:\/\/www.notibras.com\/site\/wp-content\/uploads\/2018\/06\/upa-sol-nascente.jpg","contentUrl":"https:\/\/www.notibras.com\/site\/wp-content\/uploads\/2018\/06\/upa-sol-nascente.jpg","width":768,"height":512,"caption":"Foto: Tony Winston\/Ag\u00eancia Bras\u00edlia"},{"@type":"BreadcrumbList","@id":"https:\/\/www.notibras.com\/site\/tcdf-investiga-falhas-nos-gastos-e-no-alcance-de-metas\/#breadcrumb","itemListElement":[{"@type":"ListItem","position":1,"name":"In\u00edcio","item":"https:\/\/www.notibras.com\/site\/"},{"@type":"ListItem","position":2,"name":"TCDF investiga falhas nos gastos e no alcance de metas"}]},{"@type":"WebSite","@id":"https:\/\/www.notibras.com\/site\/#website","url":"https:\/\/www.notibras.com\/site\/","name":"Notibras","description":"Not\u00edcias de Bras\u00edlia, do Brasil e do Mundo","publisher":{"@id":"https:\/\/www.notibras.com\/site\/#organization"},"potentialAction":[{"@type":"SearchAction","target":{"@type":"EntryPoint","urlTemplate":"https:\/\/www.notibras.com\/site\/?s={search_term_string}"},"query-input":{"@type":"PropertyValueSpecification","valueRequired":true,"valueName":"search_term_string"}}],"inLanguage":"pt-BR"},{"@type":"Organization","@id":"https:\/\/www.notibras.com\/site\/#organization","name":"Grupo Notibras de Comunica\u00e7\u00e3o","url":"https:\/\/www.notibras.com\/site\/","logo":{"@type":"ImageObject","inLanguage":"pt-BR","@id":"https:\/\/www.notibras.com\/site\/#\/schema\/logo\/image\/","url":"https:\/\/www.notibras.com\/site\/wp-content\/uploads\/2023\/01\/notibras23.png","contentUrl":"https:\/\/www.notibras.com\/site\/wp-content\/uploads\/2023\/01\/notibras23.png","width":350,"height":87,"caption":"Grupo Notibras de Comunica\u00e7\u00e3o"},"image":{"@id":"https:\/\/www.notibras.com\/site\/#\/schema\/logo\/image\/"},"sameAs":["https:\/\/www.facebook.com\/notibras\/","https:\/\/x.com\/Notibras","https:\/\/www.instagram.com\/notibras\/"]},{"@type":"Person","@id":"https:\/\/www.notibras.com\/site\/#\/schema\/person\/36ab0979449956132d3e5b517ea76ac8","name":"Reda\u00e7\u00e3o","image":{"@type":"ImageObject","inLanguage":"pt-BR","@id":"https:\/\/secure.gravatar.com\/avatar\/e0a867bdedb85fd243eadf09663511f96fc81e0720a4a42581f334ad4303aa6b?s=96&d=mm&r=g","url":"https:\/\/secure.gravatar.com\/avatar\/e0a867bdedb85fd243eadf09663511f96fc81e0720a4a42581f334ad4303aa6b?s=96&d=mm&r=g","contentUrl":"https:\/\/secure.gravatar.com\/avatar\/e0a867bdedb85fd243eadf09663511f96fc81e0720a4a42581f334ad4303aa6b?s=96&d=mm&r=g","caption":"Reda\u00e7\u00e3o"}}]}},"amp_enabled":true,"_links":{"self":[{"href":"https:\/\/www.notibras.com\/site\/wp-json\/wp\/v2\/posts\/313345","targetHints":{"allow":["GET"]}}],"collection":[{"href":"https:\/\/www.notibras.com\/site\/wp-json\/wp\/v2\/posts"}],"about":[{"href":"https:\/\/www.notibras.com\/site\/wp-json\/wp\/v2\/types\/post"}],"author":[{"embeddable":true,"href":"https:\/\/www.notibras.com\/site\/wp-json\/wp\/v2\/users\/2"}],"replies":[{"embeddable":true,"href":"https:\/\/www.notibras.com\/site\/wp-json\/wp\/v2\/comments?post=313345"}],"version-history":[{"count":1,"href":"https:\/\/www.notibras.com\/site\/wp-json\/wp\/v2\/posts\/313345\/revisions"}],"predecessor-version":[{"id":313346,"href":"https:\/\/www.notibras.com\/site\/wp-json\/wp\/v2\/posts\/313345\/revisions\/313346"}],"wp:featuredmedia":[{"embeddable":true,"href":"https:\/\/www.notibras.com\/site\/wp-json\/wp\/v2\/media\/183882"}],"wp:attachment":[{"href":"https:\/\/www.notibras.com\/site\/wp-json\/wp\/v2\/media?parent=313345"}],"wp:term":[{"taxonomy":"category","embeddable":true,"href":"https:\/\/www.notibras.com\/site\/wp-json\/wp\/v2\/categories?post=313345"},{"taxonomy":"post_tag","embeddable":true,"href":"https:\/\/www.notibras.com\/site\/wp-json\/wp\/v2\/tags?post=313345"}],"curies":[{"name":"wp","href":"https:\/\/api.w.org\/{rel}","templated":true}]}}