{"id":313356,"date":"2023-09-23T03:23:16","date_gmt":"2023-09-23T06:23:16","guid":{"rendered":"https:\/\/www.notibras.com\/site\/?p=313356"},"modified":"2023-09-23T09:25:35","modified_gmt":"2023-09-23T12:25:35","slug":"malulinha-nasce-com-brilho-do-sol-e-coroa-de-rainha","status":"publish","type":"post","link":"https:\/\/www.notibras.com\/site\/malulinha-nasce-com-brilho-do-sol-e-coroa-de-rainha\/","title":{"rendered":"Malulinha nasce com brilho do Sol e coroa de rainha"},"content":{"rendered":"<p>Sou aquariano, com Merc\u00fario e V\u00eanus em Aqu\u00e1rio, ou seja, o t\u00edpico aquariano. Por conta disso, confesso que estava preocupado com a chegada de uma virginiana na fam\u00edlia, justamente a minha filha, Maria Luiza, a Malu, que eu apenas chamo de Malulinha. Por isso, recorri \u00e0 expertise do meu grande amigo Francisco Seabra, a quem sempre chamo de Meu Guru.<\/p>\n<p>Astr\u00f3logo de renome internacional, o Francisco me tranquilizou, pois disse que a Malu iria me ensinar a ser mais organizado. Ali\u00e1s, mais organizado \u00e9 modo de dizer, j\u00e1 que eu nem organizado sou. Tanto \u00e9 que a minha mulher, a famosa Dona Irene, vive me dando broncas porque deixo as coisas espalhadas por todo o apartamento.<\/p>\n<p>Pois bem, a minha filha \u00e9 virginiana, com ascendente em Sagit\u00e1rio, Lua em \u00c1ries na casa 5. \u00c9 \u00f3bvio que n\u00e3o entendo muito bem de astrologia e, provavelmente, voc\u00ea, que est\u00e1 me lendo, tamb\u00e9m n\u00e3o. Ent\u00e3o, para encurtar a hist\u00f3ria, o meu amigo me disse que a Malulinha tem o cora\u00e7\u00e3o quente como a cabe\u00e7a de palitos de f\u00f3sforo, ou seja, ser\u00e1 muito namoradeira. Que seja! O mundo precisa mesmo de amor!<\/p>\n<p>Outra quest\u00e3o apontada no mapa astral da Maria Luiza \u00e9 em rela\u00e7\u00e3o ao trabalho. O Meu Guru disse que ela ser\u00e1 do tipo perfeccionista e excelente profissional, com capacidade para ci\u00eancia e tudo o que \u00e9 l\u00f3gico e racional. O que n\u00e3o entendi \u00e9 que ele me falou que a minha filha ir\u00e1 puxar essa gana por trabalho de mim e da minha esposa. Que a Dona Irene \u00e9 trabalhadora, isso bem sei. No entanto, apesar de trabalhar muito, o meu sonho sempre foi passar a vida em frente \u00e0 praia.<\/p>\n<p>Al\u00e9m desse lado trabalhador, a Malulinha tamb\u00e9m ter\u00e1 um temperamento art\u00edstico, j\u00e1 que V\u00eanus, astro ligado ao amor e \u00e0 beleza, se encontra no resplandecente signo de Le\u00e3o. Adorei esse ponto, j\u00e1 que adoro artes. Provavelmente nos daremos muito bem por conta disso.<\/p>\n<p>Criar filhos \u00e9, afinal, um grande aprendizado. Ainda hoje me pego em conflitos com as minhas filhas maiores. A Ana Maria, a quem s\u00f3 chamo de Ninica, por exemplo, \u00e9 ariana, o que nos coloca em confronto algumas vezes. Todavia, ela tem o ascendente em Peixes, algo que nos une que nem unha e carne. J\u00e1 a do meio, a Mariana, que s\u00f3 chamo de Torresminho, \u00e9 aquariana com ascendente em Le\u00e3o. A Dona Irene? Bem, ela \u00e9 Capric\u00f3rnio com ascendente em Peixes.<\/p>\n<p>Conviver com a diversidade \u00e9 algo fant\u00e1stico. Tanto \u00e9 que a minha esposa \u00e9 de Teresina, enquanto as minhas duas primeiras filhas e eu nascemos no Rio. Isso, ali\u00e1s, foi uma quest\u00e3o levantada pelas minhas herdeiras, que tentaram de tudo para que a irm\u00e3zinha tamb\u00e9m fosse carioca. Que nada, nasceu ga\u00facha, a primeira da fam\u00edlia em 103 anos. E viva a diversidade!<\/p>\n","protected":false},"excerpt":{"rendered":"<p>Sou aquariano, com Merc\u00fario e V\u00eanus em Aqu\u00e1rio, ou seja, o t\u00edpico aquariano. Por conta disso, confesso que estava preocupado com a chegada de uma virginiana na fam\u00edlia, justamente a minha filha, Maria Luiza, a Malu, que eu apenas chamo de Malulinha. Por isso, recorri \u00e0 expertise do meu grande amigo Francisco Seabra, a quem [&hellip;]<\/p>\n","protected":false},"author":2,"featured_media":313361,"comment_status":"closed","ping_status":"closed","sticky":false,"template":"","format":"standard","meta":{"_acf_changed":false,"footnotes":""},"categories":[161],"tags":[],"class_list":["post-313356","post","type-post","status-publish","format-standard","has-post-thumbnail","hentry","category-quadradinho-em-foco"],"acf":[],"yoast_head":"<!-- This site is optimized with the Yoast SEO plugin v27.2 - https:\/\/yoast.com\/product\/yoast-seo-wordpress\/ -->\n<title>Malulinha nasce com brilho do Sol e coroa de rainha - Notibras<\/title>\n<meta name=\"robots\" content=\"index, follow, max-snippet:-1, max-image-preview:large, max-video-preview:-1\" \/>\n<link rel=\"canonical\" href=\"https:\/\/www.notibras.com\/site\/malulinha-nasce-com-brilho-do-sol-e-coroa-de-rainha\/\" \/>\n<meta property=\"og:locale\" content=\"pt_BR\" \/>\n<meta property=\"og:type\" content=\"article\" \/>\n<meta property=\"og:title\" content=\"Malulinha nasce com brilho do Sol e coroa de rainha - Notibras\" \/>\n<meta property=\"og:description\" content=\"Sou aquariano, com Merc\u00fario e V\u00eanus em Aqu\u00e1rio, ou seja, o t\u00edpico aquariano. Por conta disso, confesso que estava preocupado com a chegada de uma virginiana na fam\u00edlia, justamente a minha filha, Maria Luiza, a Malu, que eu apenas chamo de Malulinha. Por isso, recorri \u00e0 expertise do meu grande amigo Francisco Seabra, a quem [&hellip;]\" \/>\n<meta property=\"og:url\" content=\"https:\/\/www.notibras.com\/site\/malulinha-nasce-com-brilho-do-sol-e-coroa-de-rainha\/\" \/>\n<meta property=\"og:site_name\" content=\"Notibras\" \/>\n<meta property=\"article:publisher\" content=\"https:\/\/www.facebook.com\/notibras\/\" \/>\n<meta property=\"article:published_time\" content=\"2023-09-23T06:23:16+00:00\" \/>\n<meta property=\"article:modified_time\" content=\"2023-09-23T12:25:35+00:00\" \/>\n<meta property=\"og:image\" content=\"https:\/\/www.notibras.com\/site\/wp-content\/uploads\/2023\/09\/maluluzinha-1000x600-2.jpg\" \/>\n\t<meta property=\"og:image:width\" content=\"1000\" \/>\n\t<meta property=\"og:image:height\" content=\"600\" \/>\n\t<meta property=\"og:image:type\" content=\"image\/jpeg\" \/>\n<meta name=\"author\" content=\"Reda\u00e7\u00e3o\" \/>\n<meta name=\"twitter:card\" content=\"summary_large_image\" \/>\n<meta name=\"twitter:creator\" content=\"@Notibras\" \/>\n<meta name=\"twitter:site\" content=\"@Notibras\" \/>\n<meta name=\"twitter:label1\" content=\"Escrito por\" \/>\n\t<meta name=\"twitter:data1\" content=\"Reda\u00e7\u00e3o\" \/>\n\t<meta name=\"twitter:label2\" content=\"Est. tempo de leitura\" \/>\n\t<meta name=\"twitter:data2\" content=\"3 minutos\" \/>\n<script type=\"application\/ld+json\" class=\"yoast-schema-graph\">{\"@context\":\"https:\/\/schema.org\",\"@graph\":[{\"@type\":\"Article\",\"@id\":\"https:\/\/www.notibras.com\/site\/malulinha-nasce-com-brilho-do-sol-e-coroa-de-rainha\/#article\",\"isPartOf\":{\"@id\":\"https:\/\/www.notibras.com\/site\/malulinha-nasce-com-brilho-do-sol-e-coroa-de-rainha\/\"},\"author\":{\"name\":\"Reda\u00e7\u00e3o\",\"@id\":\"https:\/\/www.notibras.com\/site\/#\/schema\/person\/36ab0979449956132d3e5b517ea76ac8\"},\"headline\":\"Malulinha nasce com brilho do Sol e coroa de rainha\",\"datePublished\":\"2023-09-23T06:23:16+00:00\",\"dateModified\":\"2023-09-23T12:25:35+00:00\",\"mainEntityOfPage\":{\"@id\":\"https:\/\/www.notibras.com\/site\/malulinha-nasce-com-brilho-do-sol-e-coroa-de-rainha\/\"},\"wordCount\":492,\"publisher\":{\"@id\":\"https:\/\/www.notibras.com\/site\/#organization\"},\"image\":{\"@id\":\"https:\/\/www.notibras.com\/site\/malulinha-nasce-com-brilho-do-sol-e-coroa-de-rainha\/#primaryimage\"},\"thumbnailUrl\":\"https:\/\/www.notibras.com\/site\/wp-content\/uploads\/2023\/09\/maluluzinha-1000x600-2.jpg\",\"articleSection\":[\"Quadradinho em Foco\"],\"inLanguage\":\"pt-BR\"},{\"@type\":\"WebPage\",\"@id\":\"https:\/\/www.notibras.com\/site\/malulinha-nasce-com-brilho-do-sol-e-coroa-de-rainha\/\",\"url\":\"https:\/\/www.notibras.com\/site\/malulinha-nasce-com-brilho-do-sol-e-coroa-de-rainha\/\",\"name\":\"Malulinha nasce com brilho do Sol e coroa de rainha - Notibras\",\"isPartOf\":{\"@id\":\"https:\/\/www.notibras.com\/site\/#website\"},\"primaryImageOfPage\":{\"@id\":\"https:\/\/www.notibras.com\/site\/malulinha-nasce-com-brilho-do-sol-e-coroa-de-rainha\/#primaryimage\"},\"image\":{\"@id\":\"https:\/\/www.notibras.com\/site\/malulinha-nasce-com-brilho-do-sol-e-coroa-de-rainha\/#primaryimage\"},\"thumbnailUrl\":\"https:\/\/www.notibras.com\/site\/wp-content\/uploads\/2023\/09\/maluluzinha-1000x600-2.jpg\",\"datePublished\":\"2023-09-23T06:23:16+00:00\",\"dateModified\":\"2023-09-23T12:25:35+00:00\",\"breadcrumb\":{\"@id\":\"https:\/\/www.notibras.com\/site\/malulinha-nasce-com-brilho-do-sol-e-coroa-de-rainha\/#breadcrumb\"},\"inLanguage\":\"pt-BR\",\"potentialAction\":[{\"@type\":\"ReadAction\",\"target\":[\"https:\/\/www.notibras.com\/site\/malulinha-nasce-com-brilho-do-sol-e-coroa-de-rainha\/\"]}]},{\"@type\":\"ImageObject\",\"inLanguage\":\"pt-BR\",\"@id\":\"https:\/\/www.notibras.com\/site\/malulinha-nasce-com-brilho-do-sol-e-coroa-de-rainha\/#primaryimage\",\"url\":\"https:\/\/www.notibras.com\/site\/wp-content\/uploads\/2023\/09\/maluluzinha-1000x600-2.jpg\",\"contentUrl\":\"https:\/\/www.notibras.com\/site\/wp-content\/uploads\/2023\/09\/maluluzinha-1000x600-2.jpg\",\"width\":1000,\"height\":600},{\"@type\":\"BreadcrumbList\",\"@id\":\"https:\/\/www.notibras.com\/site\/malulinha-nasce-com-brilho-do-sol-e-coroa-de-rainha\/#breadcrumb\",\"itemListElement\":[{\"@type\":\"ListItem\",\"position\":1,\"name\":\"In\u00edcio\",\"item\":\"https:\/\/www.notibras.com\/site\/\"},{\"@type\":\"ListItem\",\"position\":2,\"name\":\"Malulinha nasce com brilho do Sol e coroa de rainha\"}]},{\"@type\":\"WebSite\",\"@id\":\"https:\/\/www.notibras.com\/site\/#website\",\"url\":\"https:\/\/www.notibras.com\/site\/\",\"name\":\"Notibras\",\"description\":\"Not\u00edcias de Bras\u00edlia, do Brasil e do Mundo\",\"publisher\":{\"@id\":\"https:\/\/www.notibras.com\/site\/#organization\"},\"potentialAction\":[{\"@type\":\"SearchAction\",\"target\":{\"@type\":\"EntryPoint\",\"urlTemplate\":\"https:\/\/www.notibras.com\/site\/?s={search_term_string}\"},\"query-input\":{\"@type\":\"PropertyValueSpecification\",\"valueRequired\":true,\"valueName\":\"search_term_string\"}}],\"inLanguage\":\"pt-BR\"},{\"@type\":\"Organization\",\"@id\":\"https:\/\/www.notibras.com\/site\/#organization\",\"name\":\"Grupo Notibras de Comunica\u00e7\u00e3o\",\"url\":\"https:\/\/www.notibras.com\/site\/\",\"logo\":{\"@type\":\"ImageObject\",\"inLanguage\":\"pt-BR\",\"@id\":\"https:\/\/www.notibras.com\/site\/#\/schema\/logo\/image\/\",\"url\":\"https:\/\/www.notibras.com\/site\/wp-content\/uploads\/2023\/01\/notibras23.png\",\"contentUrl\":\"https:\/\/www.notibras.com\/site\/wp-content\/uploads\/2023\/01\/notibras23.png\",\"width\":350,\"height\":87,\"caption\":\"Grupo Notibras de Comunica\u00e7\u00e3o\"},\"image\":{\"@id\":\"https:\/\/www.notibras.com\/site\/#\/schema\/logo\/image\/\"},\"sameAs\":[\"https:\/\/www.facebook.com\/notibras\/\",\"https:\/\/x.com\/Notibras\",\"https:\/\/www.instagram.com\/notibras\/\"]},{\"@type\":\"Person\",\"@id\":\"https:\/\/www.notibras.com\/site\/#\/schema\/person\/36ab0979449956132d3e5b517ea76ac8\",\"name\":\"Reda\u00e7\u00e3o\",\"image\":{\"@type\":\"ImageObject\",\"inLanguage\":\"pt-BR\",\"@id\":\"https:\/\/secure.gravatar.com\/avatar\/e0a867bdedb85fd243eadf09663511f96fc81e0720a4a42581f334ad4303aa6b?s=96&d=mm&r=g\",\"url\":\"https:\/\/secure.gravatar.com\/avatar\/e0a867bdedb85fd243eadf09663511f96fc81e0720a4a42581f334ad4303aa6b?s=96&d=mm&r=g\",\"contentUrl\":\"https:\/\/secure.gravatar.com\/avatar\/e0a867bdedb85fd243eadf09663511f96fc81e0720a4a42581f334ad4303aa6b?s=96&d=mm&r=g\",\"caption\":\"Reda\u00e7\u00e3o\"}}]}<\/script>\n<!-- \/ Yoast SEO plugin. -->","yoast_head_json":{"title":"Malulinha nasce com brilho do Sol e coroa de rainha - Notibras","robots":{"index":"index","follow":"follow","max-snippet":"max-snippet:-1","max-image-preview":"max-image-preview:large","max-video-preview":"max-video-preview:-1"},"canonical":"https:\/\/www.notibras.com\/site\/malulinha-nasce-com-brilho-do-sol-e-coroa-de-rainha\/","og_locale":"pt_BR","og_type":"article","og_title":"Malulinha nasce com brilho do Sol e coroa de rainha - Notibras","og_description":"Sou aquariano, com Merc\u00fario e V\u00eanus em Aqu\u00e1rio, ou seja, o t\u00edpico aquariano. Por conta disso, confesso que estava preocupado com a chegada de uma virginiana na fam\u00edlia, justamente a minha filha, Maria Luiza, a Malu, que eu apenas chamo de Malulinha. Por isso, recorri \u00e0 expertise do meu grande amigo Francisco Seabra, a quem [&hellip;]","og_url":"https:\/\/www.notibras.com\/site\/malulinha-nasce-com-brilho-do-sol-e-coroa-de-rainha\/","og_site_name":"Notibras","article_publisher":"https:\/\/www.facebook.com\/notibras\/","article_published_time":"2023-09-23T06:23:16+00:00","article_modified_time":"2023-09-23T12:25:35+00:00","og_image":[{"width":1000,"height":600,"url":"https:\/\/www.notibras.com\/site\/wp-content\/uploads\/2023\/09\/maluluzinha-1000x600-2.jpg","type":"image\/jpeg"}],"author":"Reda\u00e7\u00e3o","twitter_card":"summary_large_image","twitter_creator":"@Notibras","twitter_site":"@Notibras","twitter_misc":{"Escrito por":"Reda\u00e7\u00e3o","Est. tempo de leitura":"3 minutos"},"schema":{"@context":"https:\/\/schema.org","@graph":[{"@type":"Article","@id":"https:\/\/www.notibras.com\/site\/malulinha-nasce-com-brilho-do-sol-e-coroa-de-rainha\/#article","isPartOf":{"@id":"https:\/\/www.notibras.com\/site\/malulinha-nasce-com-brilho-do-sol-e-coroa-de-rainha\/"},"author":{"name":"Reda\u00e7\u00e3o","@id":"https:\/\/www.notibras.com\/site\/#\/schema\/person\/36ab0979449956132d3e5b517ea76ac8"},"headline":"Malulinha nasce com brilho do Sol e coroa de rainha","datePublished":"2023-09-23T06:23:16+00:00","dateModified":"2023-09-23T12:25:35+00:00","mainEntityOfPage":{"@id":"https:\/\/www.notibras.com\/site\/malulinha-nasce-com-brilho-do-sol-e-coroa-de-rainha\/"},"wordCount":492,"publisher":{"@id":"https:\/\/www.notibras.com\/site\/#organization"},"image":{"@id":"https:\/\/www.notibras.com\/site\/malulinha-nasce-com-brilho-do-sol-e-coroa-de-rainha\/#primaryimage"},"thumbnailUrl":"https:\/\/www.notibras.com\/site\/wp-content\/uploads\/2023\/09\/maluluzinha-1000x600-2.jpg","articleSection":["Quadradinho em Foco"],"inLanguage":"pt-BR"},{"@type":"WebPage","@id":"https:\/\/www.notibras.com\/site\/malulinha-nasce-com-brilho-do-sol-e-coroa-de-rainha\/","url":"https:\/\/www.notibras.com\/site\/malulinha-nasce-com-brilho-do-sol-e-coroa-de-rainha\/","name":"Malulinha nasce com brilho do Sol e coroa de rainha - Notibras","isPartOf":{"@id":"https:\/\/www.notibras.com\/site\/#website"},"primaryImageOfPage":{"@id":"https:\/\/www.notibras.com\/site\/malulinha-nasce-com-brilho-do-sol-e-coroa-de-rainha\/#primaryimage"},"image":{"@id":"https:\/\/www.notibras.com\/site\/malulinha-nasce-com-brilho-do-sol-e-coroa-de-rainha\/#primaryimage"},"thumbnailUrl":"https:\/\/www.notibras.com\/site\/wp-content\/uploads\/2023\/09\/maluluzinha-1000x600-2.jpg","datePublished":"2023-09-23T06:23:16+00:00","dateModified":"2023-09-23T12:25:35+00:00","breadcrumb":{"@id":"https:\/\/www.notibras.com\/site\/malulinha-nasce-com-brilho-do-sol-e-coroa-de-rainha\/#breadcrumb"},"inLanguage":"pt-BR","potentialAction":[{"@type":"ReadAction","target":["https:\/\/www.notibras.com\/site\/malulinha-nasce-com-brilho-do-sol-e-coroa-de-rainha\/"]}]},{"@type":"ImageObject","inLanguage":"pt-BR","@id":"https:\/\/www.notibras.com\/site\/malulinha-nasce-com-brilho-do-sol-e-coroa-de-rainha\/#primaryimage","url":"https:\/\/www.notibras.com\/site\/wp-content\/uploads\/2023\/09\/maluluzinha-1000x600-2.jpg","contentUrl":"https:\/\/www.notibras.com\/site\/wp-content\/uploads\/2023\/09\/maluluzinha-1000x600-2.jpg","width":1000,"height":600},{"@type":"BreadcrumbList","@id":"https:\/\/www.notibras.com\/site\/malulinha-nasce-com-brilho-do-sol-e-coroa-de-rainha\/#breadcrumb","itemListElement":[{"@type":"ListItem","position":1,"name":"In\u00edcio","item":"https:\/\/www.notibras.com\/site\/"},{"@type":"ListItem","position":2,"name":"Malulinha nasce com brilho do Sol e coroa de rainha"}]},{"@type":"WebSite","@id":"https:\/\/www.notibras.com\/site\/#website","url":"https:\/\/www.notibras.com\/site\/","name":"Notibras","description":"Not\u00edcias de Bras\u00edlia, do Brasil e do Mundo","publisher":{"@id":"https:\/\/www.notibras.com\/site\/#organization"},"potentialAction":[{"@type":"SearchAction","target":{"@type":"EntryPoint","urlTemplate":"https:\/\/www.notibras.com\/site\/?s={search_term_string}"},"query-input":{"@type":"PropertyValueSpecification","valueRequired":true,"valueName":"search_term_string"}}],"inLanguage":"pt-BR"},{"@type":"Organization","@id":"https:\/\/www.notibras.com\/site\/#organization","name":"Grupo Notibras de Comunica\u00e7\u00e3o","url":"https:\/\/www.notibras.com\/site\/","logo":{"@type":"ImageObject","inLanguage":"pt-BR","@id":"https:\/\/www.notibras.com\/site\/#\/schema\/logo\/image\/","url":"https:\/\/www.notibras.com\/site\/wp-content\/uploads\/2023\/01\/notibras23.png","contentUrl":"https:\/\/www.notibras.com\/site\/wp-content\/uploads\/2023\/01\/notibras23.png","width":350,"height":87,"caption":"Grupo Notibras de Comunica\u00e7\u00e3o"},"image":{"@id":"https:\/\/www.notibras.com\/site\/#\/schema\/logo\/image\/"},"sameAs":["https:\/\/www.facebook.com\/notibras\/","https:\/\/x.com\/Notibras","https:\/\/www.instagram.com\/notibras\/"]},{"@type":"Person","@id":"https:\/\/www.notibras.com\/site\/#\/schema\/person\/36ab0979449956132d3e5b517ea76ac8","name":"Reda\u00e7\u00e3o","image":{"@type":"ImageObject","inLanguage":"pt-BR","@id":"https:\/\/secure.gravatar.com\/avatar\/e0a867bdedb85fd243eadf09663511f96fc81e0720a4a42581f334ad4303aa6b?s=96&d=mm&r=g","url":"https:\/\/secure.gravatar.com\/avatar\/e0a867bdedb85fd243eadf09663511f96fc81e0720a4a42581f334ad4303aa6b?s=96&d=mm&r=g","contentUrl":"https:\/\/secure.gravatar.com\/avatar\/e0a867bdedb85fd243eadf09663511f96fc81e0720a4a42581f334ad4303aa6b?s=96&d=mm&r=g","caption":"Reda\u00e7\u00e3o"}}]}},"amp_enabled":true,"_links":{"self":[{"href":"https:\/\/www.notibras.com\/site\/wp-json\/wp\/v2\/posts\/313356","targetHints":{"allow":["GET"]}}],"collection":[{"href":"https:\/\/www.notibras.com\/site\/wp-json\/wp\/v2\/posts"}],"about":[{"href":"https:\/\/www.notibras.com\/site\/wp-json\/wp\/v2\/types\/post"}],"author":[{"embeddable":true,"href":"https:\/\/www.notibras.com\/site\/wp-json\/wp\/v2\/users\/2"}],"replies":[{"embeddable":true,"href":"https:\/\/www.notibras.com\/site\/wp-json\/wp\/v2\/comments?post=313356"}],"version-history":[{"count":4,"href":"https:\/\/www.notibras.com\/site\/wp-json\/wp\/v2\/posts\/313356\/revisions"}],"predecessor-version":[{"id":313369,"href":"https:\/\/www.notibras.com\/site\/wp-json\/wp\/v2\/posts\/313356\/revisions\/313369"}],"wp:featuredmedia":[{"embeddable":true,"href":"https:\/\/www.notibras.com\/site\/wp-json\/wp\/v2\/media\/313361"}],"wp:attachment":[{"href":"https:\/\/www.notibras.com\/site\/wp-json\/wp\/v2\/media?parent=313356"}],"wp:term":[{"taxonomy":"category","embeddable":true,"href":"https:\/\/www.notibras.com\/site\/wp-json\/wp\/v2\/categories?post=313356"},{"taxonomy":"post_tag","embeddable":true,"href":"https:\/\/www.notibras.com\/site\/wp-json\/wp\/v2\/tags?post=313356"}],"curies":[{"name":"wp","href":"https:\/\/api.w.org\/{rel}","templated":true}]}}