{"id":313408,"date":"2023-09-24T05:29:32","date_gmt":"2023-09-24T08:29:32","guid":{"rendered":"https:\/\/www.notibras.com\/site\/?p=313408"},"modified":"2023-09-25T07:39:17","modified_gmt":"2023-09-25T10:39:17","slug":"falta-de-diagnosticos-para-preocupa-os-especialistas","status":"publish","type":"post","link":"https:\/\/www.notibras.com\/site\/falta-de-diagnosticos-para-preocupa-os-especialistas\/","title":{"rendered":"Falta de diagn\u00f3sticos para preocupa os especialistas"},"content":{"rendered":"<p>Dados do 1\u00ba Relat\u00f3rio Nacional de Dem\u00eancias &#8211; a serem publicados at\u00e9 o fim de 2023 &#8211; devem mostrar uma situa\u00e7\u00e3o preocupante para a sa\u00fade p\u00fablica no Brasil. A quantidade de pessoas n\u00e3o diagnosticadas com a Doen\u00e7a de Alzheimer deve estar na faixa de 75% a 95%, dependendo da regi\u00e3o brasileira, segundo adiantou \u00e0 Ag\u00eancia Brasil a m\u00e9dica e pesquisadora Claudia Suemoto, da Universidade de S\u00e3o Paulo (USP).<\/p>\n<p>O relat\u00f3rio encomendado pelo Minist\u00e9rio da Sa\u00fade &#8211; e coordenado pela professora Cleusa Ferrim da Universidade Federal de S\u00e3o Paulo &#8211; deve apontar, por exemplo, que o n\u00famero de pessoas com a doen\u00e7a pode estar na faixa dos 2,4 milh\u00f5es. A doen\u00e7a \u00e9 conhecida pela perda progressiva de mem\u00f3ria, entre outras consequ\u00eancias. A incid\u00eancia \u00e9 majoritariamente entre pessoas idosas.<\/p>\n<p>\u201cAs taxas de n\u00e3o diagn\u00f3stico no Brasil s\u00e3o alarmantes. Quando vimos inicialmente os dados, pensamos que estavam errados. Recalculamos e era isso mesmo. A gente precisa ter mais conscientiza\u00e7\u00e3o sobre o Alzheimer. H\u00e1 ainda estigmas\u201d, afirma a pesquisadora. A campanha de 2023 para o M\u00eas de Conscientiza\u00e7\u00e3o para o Alzheimer (Setembro Roxo) traz o tema \u201cNunca \u00e9 cedo demais, nunca \u00e9 tarde demais\u201d, com foco maior na preven\u00e7\u00e3o.<\/p>\n<p>\u201cQuanto mais a gente falar, muito menos n\u00e3o diagn\u00f3sticos a gente vai ter. Haver\u00e1 menos estigma e mais preven\u00e7\u00e3o\u201d, afirmou a professora.<\/p>\n<p>O professor de medicina Einstein de Camargos, da Universidade de Bras\u00edlia, explica que a realiza\u00e7\u00e3o do diagn\u00f3stico precoce possibilita mais possibilidades de interven\u00e7\u00f5es. \u201cN\u00e3o s\u00f3 com medicamentos, mas sobretudo com terapias cognitivas, estimula\u00e7\u00e3o, terapia ocupacional, exerc\u00edcio f\u00edsico, fazendo com que esse processo seja mais lento\u201d. Ele entende que, mesmo havendo subnotifica\u00e7\u00e3o da doen\u00e7a, h\u00e1 maior visibilidade dos casos de Alzheimer.<\/p>\n<p>Maior fator de risco<br \/>\nEspecialistas apontam que h\u00e1 um consenso de que, dentre os fatores de risco para a doen\u00e7a, h\u00e1 um deles que n\u00e3o \u00e9 propriamente da \u00e1rea de sa\u00fade: a baixa educa\u00e7\u00e3o.<\/p>\n<p>\u201cEsse \u00e9 um fator modific\u00e1vel para os quadros demenciais (como \u00e9 a doen\u00e7a de Alzheimer). Se a gente melhorar a qualidade da educa\u00e7\u00e3o, por exemplo, do povo brasileiro, a gente vai diminuir os risco para dem\u00eancia. Inclusive esse \u00e9 o fator de risco mais importante no Brasil\u201d, afirma a professora Claudia Suemoto.<\/p>\n<p>O professor Einstein de Camargos, da UnB, entende que esse dado \u00e9 extremamente importante porque mostra que a maior preven\u00e7\u00e3o n\u00e3o est\u00e1 dentro da \u00e1rea da sa\u00fade em si. A escolaridade pode ser transformadora para a sa\u00fade em diferentes sentidos. E nesse caso \u00e9 org\u00e2nico.<\/p>\n<p>Os m\u00e9dicos explicam que a resist\u00eancia aos efeitos do adoecimento devem estar relacionados \u00e0 reserva cognitiva que uma pessoa tem. \u201cSe a pessoa teve uma maior estimula\u00e7\u00e3o cognitiva durante a vida, vai ter uma \u2018poupan\u00e7a\u2019 maior, com grande n\u00famero de neur\u00f4nios\u201d, afirma a professora<\/p>\n<p><strong>Resist\u00eancia<\/strong><br \/>\nO que se observa no c\u00e9rebro de pessoas que desenvolveram a doen\u00e7a de Alzheimer \u00e9 o ac\u00famulo de prote\u00edna beta-amil\u00f3ides. Quanto maior a \u201cfor\u00e7a\u201d cerebral mais resist\u00eancia haver\u00e1 contra a presen\u00e7a da prote\u00edna. Camargos elenca que essa resist\u00eancia est\u00e1, al\u00e9m do aumento da escolaridade, na redu\u00e7\u00e3o do tabagismo, no controle do diabetes e da press\u00e3o arterial.<\/p>\n<p>\u00c9, ent\u00e3o, boa not\u00edcia que s\u00e3o fatores de risco modific\u00e1veis na vida do indiv\u00edduo e da sociedade. Claudia Suemoto aponta que se estima que 48% dos casos s\u00e3o relacionados a fatores de in\u00edcio de vida (baixa escolaridade), da meia idade (hipertens\u00e3o arterial, perda auditiva, traumatismo craniano, obesidade e consumo excessivo de \u00e1lcool) e da terceira idade (diabetes, tabagismo, depress\u00e3o, isolamento social, polui\u00e7\u00e3o ambiental e falta da atividade f\u00edsica).<\/p>\n<p>\u201cS\u00e3o todos fatores simples, mas bastante prevalentes. Se a gente modificasse a frequ\u00eancia deles na popula\u00e7\u00e3o, a gente estaria prevenindo dem\u00eancia, com certeza\u201d, diz a professora. Uma boa not\u00edcia \u00e9 que as melhores condi\u00e7\u00f5es de vida diminuem os casos novos.<\/p>\n<p><strong>Evolu\u00e7\u00f5es<\/strong><br \/>\nSe, por um lado, h\u00e1 subnotifica\u00e7\u00e3o, segundo a professora Claudia, o que tem acontecido nos \u00faltimos 10 anos principalmente para a doen\u00e7a de Alzheimer \u00e9 que tem melhorado muito o diagn\u00f3stico. Na d\u00e9cada passada, quando havia uma queixa de mem\u00f3ria, a pessoa fazia alguns testes no consult\u00f3rio.<\/p>\n<p>\u201cS\u00f3 que atualmente a gente consegue medir prote\u00ednas depositadas no c\u00e9rebro e que s\u00e3o associadas a doen\u00e7a de Alzheimer&#8221;. Foi o m\u00e9dico Alois Alzheimer quem descreveu a doen\u00e7a no in\u00edcio do s\u00e9culo 20, identificando les\u00f5es cerebrais.<\/p>\n<p>Antes, por\u00e9m, n\u00e3o era poss\u00edvel medir essas prote\u00ednas com pessoas vivas. Atualmente j\u00e1 \u00e9 poss\u00edvel medir essas prote\u00ednas no liquor (o l\u00edquido que envolve o c\u00e9rebro). Mas, para fazer o exame era preciso um procedimento muito invasivo. Hoje, o exame se tornou mais acess\u00edvel com aux\u00edlio da medicina nuclear.<\/p>\n<p><strong>Rem\u00e9dios<\/strong><br \/>\nA m\u00e9dica Claudia Suemoto entende que h\u00e1 tamb\u00e9m alguma evolu\u00e7\u00e3o nos medicamentos. \u201cHoje em dia, a gente j\u00e1 tem tr\u00eas drogas que limpam essa prote\u00edna beta-amil\u00f3ide com resultados promissores. Limpam essas prote\u00ednas em pessoas com a doen\u00e7a mais leve. Ent\u00e3o, a gente est\u00e1 tentando entender quais s\u00e3o os efeitos a longo prazo\u201d, avalia Claudia.<\/p>\n<p>Ela contextualiza que existe efeito colateral nessas drogas que precisam ser avaliados. \u201c\u00c9 tudo muito novo, mas finalmente a gente tem uma medica\u00e7\u00e3o que parece mexer no mecanismo da doen\u00e7a\u201d, opina.<\/p>\n<p>Einstein de Camargos avalia que os medicamentos ainda saem muito caros e est\u00e3o longe ainda da aplicabilidade.<\/p>\n<p><strong>Procura por ajuda<\/strong><br \/>\nOs m\u00e9dicos explicam que queixas de mem\u00f3ria s\u00e3o sintomas mais conhecidos relacionados \u00e0 doen\u00e7a. Lembran\u00e7as do presente, fatos importantes do passado, nomes de pessoas tornam-se desconhecidos para quem tem a doen\u00e7a. Mas \u00e9 poss\u00edvel identificar como poss\u00edveis sintomas tamb\u00e9m pela perda de planejamento e confus\u00e3o mental.<\/p>\n<p>\u201cA pessoa tinha afazeres dom\u00e9sticos e est\u00e1 tendo uma certa dificuldade. N\u00e3o consegue mais dirigir, lembrar a rotina\u2026 Esses fatores s\u00e3o os que mais chamam aten\u00e7\u00e3o no dia a dia. Fora isso, deve-se ter aten\u00e7\u00e3o do ponto de vista do comportamento fora do habitual. A pessoa deve procurar um m\u00e9dico para afastar a doen\u00e7a de Alzheimer como primeira causa\u201d, exemplifica Camargos.<\/p>\n<p><strong>Sono e atividade f\u00edsica<\/strong><br \/>\nEspecialistas concordam ainda que existem medidas de preven\u00e7\u00e3o fundamentais para evitar a doen\u00e7a, e passam tamb\u00e9m por necessidade de repousar. \u201cQuem dorme menos de seis horas por noite aumenta o risco em 35% de ter dem\u00eancia. Pesquisas dos \u00faltimos 10 anos mostraram que dormir bem faz o c\u00e9rebro limpar as toxinas do dia\u201d, revela.<\/p>\n<p>E quando se est\u00e1 acordado, \u00e9 importante atividade f\u00edsica. Pesquisadores da Universidade de Bras\u00edlia est\u00e3o desenvolvendo um estudo detalhado para apontar a influ\u00eancia do exerc\u00edcio f\u00edsico nesse sistema de limpeza cerebral. \u201cEu vou usar um termo simples. Precisamos encontrar os garis do c\u00e9rebro que precisam trabalhar melhor e com mais condi\u00e7\u00f5es. Assim, a gente vai ter uma redu\u00e7\u00e3o dessa doen\u00e7a\u201d, finaliza.<\/p>\n","protected":false},"excerpt":{"rendered":"<p>Dados do 1\u00ba Relat\u00f3rio Nacional de Dem\u00eancias &#8211; a serem publicados at\u00e9 o fim de 2023 &#8211; devem mostrar uma situa\u00e7\u00e3o preocupante para a sa\u00fade p\u00fablica no Brasil. A quantidade de pessoas n\u00e3o diagnosticadas com a Doen\u00e7a de Alzheimer deve estar na faixa de 75% a 95%, dependendo da regi\u00e3o brasileira, segundo adiantou \u00e0 Ag\u00eancia [&hellip;]<\/p>\n","protected":false},"author":2,"featured_media":313409,"comment_status":"closed","ping_status":"closed","sticky":false,"template":"","format":"standard","meta":{"_acf_changed":false,"footnotes":""},"categories":[161],"tags":[],"class_list":["post-313408","post","type-post","status-publish","format-standard","has-post-thumbnail","hentry","category-quadradinho-em-foco"],"acf":[],"yoast_head":"<!-- This site is optimized with the Yoast SEO plugin v27.2 - https:\/\/yoast.com\/product\/yoast-seo-wordpress\/ -->\n<title>Falta de diagn\u00f3sticos para preocupa os especialistas - Notibras<\/title>\n<meta name=\"robots\" content=\"index, follow, max-snippet:-1, max-image-preview:large, max-video-preview:-1\" \/>\n<link rel=\"canonical\" href=\"https:\/\/www.notibras.com\/site\/falta-de-diagnosticos-para-preocupa-os-especialistas\/\" \/>\n<meta property=\"og:locale\" content=\"pt_BR\" \/>\n<meta property=\"og:type\" content=\"article\" \/>\n<meta property=\"og:title\" content=\"Falta de diagn\u00f3sticos para preocupa os especialistas - Notibras\" \/>\n<meta property=\"og:description\" content=\"Dados do 1\u00ba Relat\u00f3rio Nacional de Dem\u00eancias &#8211; a serem publicados at\u00e9 o fim de 2023 &#8211; devem mostrar uma situa\u00e7\u00e3o preocupante para a sa\u00fade p\u00fablica no Brasil. A quantidade de pessoas n\u00e3o diagnosticadas com a Doen\u00e7a de Alzheimer deve estar na faixa de 75% a 95%, dependendo da regi\u00e3o brasileira, segundo adiantou \u00e0 Ag\u00eancia [&hellip;]\" \/>\n<meta property=\"og:url\" content=\"https:\/\/www.notibras.com\/site\/falta-de-diagnosticos-para-preocupa-os-especialistas\/\" \/>\n<meta property=\"og:site_name\" content=\"Notibras\" \/>\n<meta property=\"article:publisher\" content=\"https:\/\/www.facebook.com\/notibras\/\" \/>\n<meta property=\"article:published_time\" content=\"2023-09-24T08:29:32+00:00\" \/>\n<meta property=\"article:modified_time\" content=\"2023-09-25T10:39:17+00:00\" \/>\n<meta property=\"og:image\" content=\"https:\/\/www.notibras.com\/site\/wp-content\/uploads\/2023\/09\/natalia-duarte-alzheimer_mcamgo_abr_22092023-7.jpg\" \/>\n\t<meta property=\"og:image:width\" content=\"1170\" \/>\n\t<meta property=\"og:image:height\" content=\"700\" \/>\n\t<meta property=\"og:image:type\" content=\"image\/jpeg\" \/>\n<meta name=\"author\" content=\"Reda\u00e7\u00e3o\" \/>\n<meta name=\"twitter:card\" content=\"summary_large_image\" \/>\n<meta name=\"twitter:creator\" content=\"@Notibras\" \/>\n<meta name=\"twitter:site\" content=\"@Notibras\" \/>\n<meta name=\"twitter:label1\" content=\"Escrito por\" \/>\n\t<meta name=\"twitter:data1\" content=\"Reda\u00e7\u00e3o\" \/>\n\t<meta name=\"twitter:label2\" content=\"Est. tempo de leitura\" \/>\n\t<meta name=\"twitter:data2\" content=\"6 minutos\" \/>\n<script type=\"application\/ld+json\" class=\"yoast-schema-graph\">{\"@context\":\"https:\/\/schema.org\",\"@graph\":[{\"@type\":\"Article\",\"@id\":\"https:\/\/www.notibras.com\/site\/falta-de-diagnosticos-para-preocupa-os-especialistas\/#article\",\"isPartOf\":{\"@id\":\"https:\/\/www.notibras.com\/site\/falta-de-diagnosticos-para-preocupa-os-especialistas\/\"},\"author\":{\"name\":\"Reda\u00e7\u00e3o\",\"@id\":\"https:\/\/www.notibras.com\/site\/#\/schema\/person\/36ab0979449956132d3e5b517ea76ac8\"},\"headline\":\"Falta de diagn\u00f3sticos para preocupa os especialistas\",\"datePublished\":\"2023-09-24T08:29:32+00:00\",\"dateModified\":\"2023-09-25T10:39:17+00:00\",\"mainEntityOfPage\":{\"@id\":\"https:\/\/www.notibras.com\/site\/falta-de-diagnosticos-para-preocupa-os-especialistas\/\"},\"wordCount\":1223,\"publisher\":{\"@id\":\"https:\/\/www.notibras.com\/site\/#organization\"},\"image\":{\"@id\":\"https:\/\/www.notibras.com\/site\/falta-de-diagnosticos-para-preocupa-os-especialistas\/#primaryimage\"},\"thumbnailUrl\":\"https:\/\/www.notibras.com\/site\/wp-content\/uploads\/2023\/09\/natalia-duarte-alzheimer_mcamgo_abr_22092023-7.jpg\",\"articleSection\":[\"Quadradinho em Foco\"],\"inLanguage\":\"pt-BR\"},{\"@type\":\"WebPage\",\"@id\":\"https:\/\/www.notibras.com\/site\/falta-de-diagnosticos-para-preocupa-os-especialistas\/\",\"url\":\"https:\/\/www.notibras.com\/site\/falta-de-diagnosticos-para-preocupa-os-especialistas\/\",\"name\":\"Falta de diagn\u00f3sticos para preocupa os especialistas - Notibras\",\"isPartOf\":{\"@id\":\"https:\/\/www.notibras.com\/site\/#website\"},\"primaryImageOfPage\":{\"@id\":\"https:\/\/www.notibras.com\/site\/falta-de-diagnosticos-para-preocupa-os-especialistas\/#primaryimage\"},\"image\":{\"@id\":\"https:\/\/www.notibras.com\/site\/falta-de-diagnosticos-para-preocupa-os-especialistas\/#primaryimage\"},\"thumbnailUrl\":\"https:\/\/www.notibras.com\/site\/wp-content\/uploads\/2023\/09\/natalia-duarte-alzheimer_mcamgo_abr_22092023-7.jpg\",\"datePublished\":\"2023-09-24T08:29:32+00:00\",\"dateModified\":\"2023-09-25T10:39:17+00:00\",\"breadcrumb\":{\"@id\":\"https:\/\/www.notibras.com\/site\/falta-de-diagnosticos-para-preocupa-os-especialistas\/#breadcrumb\"},\"inLanguage\":\"pt-BR\",\"potentialAction\":[{\"@type\":\"ReadAction\",\"target\":[\"https:\/\/www.notibras.com\/site\/falta-de-diagnosticos-para-preocupa-os-especialistas\/\"]}]},{\"@type\":\"ImageObject\",\"inLanguage\":\"pt-BR\",\"@id\":\"https:\/\/www.notibras.com\/site\/falta-de-diagnosticos-para-preocupa-os-especialistas\/#primaryimage\",\"url\":\"https:\/\/www.notibras.com\/site\/wp-content\/uploads\/2023\/09\/natalia-duarte-alzheimer_mcamgo_abr_22092023-7.jpg\",\"contentUrl\":\"https:\/\/www.notibras.com\/site\/wp-content\/uploads\/2023\/09\/natalia-duarte-alzheimer_mcamgo_abr_22092023-7.jpg\",\"width\":1170,\"height\":700,\"caption\":\"Bras\u00edlia (DF), 22\/09\/2023 - Nat\u00e1lia Duarte e seu pai, \u00cdtalo, que tem a doen\u00e7a de Alzheimer. Foto: Marcelo Camargo\/Ag\u00eancia Brasil\"},{\"@type\":\"BreadcrumbList\",\"@id\":\"https:\/\/www.notibras.com\/site\/falta-de-diagnosticos-para-preocupa-os-especialistas\/#breadcrumb\",\"itemListElement\":[{\"@type\":\"ListItem\",\"position\":1,\"name\":\"In\u00edcio\",\"item\":\"https:\/\/www.notibras.com\/site\/\"},{\"@type\":\"ListItem\",\"position\":2,\"name\":\"Falta de diagn\u00f3sticos para preocupa os especialistas\"}]},{\"@type\":\"WebSite\",\"@id\":\"https:\/\/www.notibras.com\/site\/#website\",\"url\":\"https:\/\/www.notibras.com\/site\/\",\"name\":\"Notibras\",\"description\":\"Not\u00edcias de Bras\u00edlia, do Brasil e do Mundo\",\"publisher\":{\"@id\":\"https:\/\/www.notibras.com\/site\/#organization\"},\"potentialAction\":[{\"@type\":\"SearchAction\",\"target\":{\"@type\":\"EntryPoint\",\"urlTemplate\":\"https:\/\/www.notibras.com\/site\/?s={search_term_string}\"},\"query-input\":{\"@type\":\"PropertyValueSpecification\",\"valueRequired\":true,\"valueName\":\"search_term_string\"}}],\"inLanguage\":\"pt-BR\"},{\"@type\":\"Organization\",\"@id\":\"https:\/\/www.notibras.com\/site\/#organization\",\"name\":\"Grupo Notibras de Comunica\u00e7\u00e3o\",\"url\":\"https:\/\/www.notibras.com\/site\/\",\"logo\":{\"@type\":\"ImageObject\",\"inLanguage\":\"pt-BR\",\"@id\":\"https:\/\/www.notibras.com\/site\/#\/schema\/logo\/image\/\",\"url\":\"https:\/\/www.notibras.com\/site\/wp-content\/uploads\/2023\/01\/notibras23.png\",\"contentUrl\":\"https:\/\/www.notibras.com\/site\/wp-content\/uploads\/2023\/01\/notibras23.png\",\"width\":350,\"height\":87,\"caption\":\"Grupo Notibras de Comunica\u00e7\u00e3o\"},\"image\":{\"@id\":\"https:\/\/www.notibras.com\/site\/#\/schema\/logo\/image\/\"},\"sameAs\":[\"https:\/\/www.facebook.com\/notibras\/\",\"https:\/\/x.com\/Notibras\",\"https:\/\/www.instagram.com\/notibras\/\"]},{\"@type\":\"Person\",\"@id\":\"https:\/\/www.notibras.com\/site\/#\/schema\/person\/36ab0979449956132d3e5b517ea76ac8\",\"name\":\"Reda\u00e7\u00e3o\",\"image\":{\"@type\":\"ImageObject\",\"inLanguage\":\"pt-BR\",\"@id\":\"https:\/\/secure.gravatar.com\/avatar\/e0a867bdedb85fd243eadf09663511f96fc81e0720a4a42581f334ad4303aa6b?s=96&d=mm&r=g\",\"url\":\"https:\/\/secure.gravatar.com\/avatar\/e0a867bdedb85fd243eadf09663511f96fc81e0720a4a42581f334ad4303aa6b?s=96&d=mm&r=g\",\"contentUrl\":\"https:\/\/secure.gravatar.com\/avatar\/e0a867bdedb85fd243eadf09663511f96fc81e0720a4a42581f334ad4303aa6b?s=96&d=mm&r=g\",\"caption\":\"Reda\u00e7\u00e3o\"}}]}<\/script>\n<!-- \/ Yoast SEO plugin. -->","yoast_head_json":{"title":"Falta de diagn\u00f3sticos para preocupa os especialistas - Notibras","robots":{"index":"index","follow":"follow","max-snippet":"max-snippet:-1","max-image-preview":"max-image-preview:large","max-video-preview":"max-video-preview:-1"},"canonical":"https:\/\/www.notibras.com\/site\/falta-de-diagnosticos-para-preocupa-os-especialistas\/","og_locale":"pt_BR","og_type":"article","og_title":"Falta de diagn\u00f3sticos para preocupa os especialistas - Notibras","og_description":"Dados do 1\u00ba Relat\u00f3rio Nacional de Dem\u00eancias &#8211; a serem publicados at\u00e9 o fim de 2023 &#8211; devem mostrar uma situa\u00e7\u00e3o preocupante para a sa\u00fade p\u00fablica no Brasil. A quantidade de pessoas n\u00e3o diagnosticadas com a Doen\u00e7a de Alzheimer deve estar na faixa de 75% a 95%, dependendo da regi\u00e3o brasileira, segundo adiantou \u00e0 Ag\u00eancia [&hellip;]","og_url":"https:\/\/www.notibras.com\/site\/falta-de-diagnosticos-para-preocupa-os-especialistas\/","og_site_name":"Notibras","article_publisher":"https:\/\/www.facebook.com\/notibras\/","article_published_time":"2023-09-24T08:29:32+00:00","article_modified_time":"2023-09-25T10:39:17+00:00","og_image":[{"width":1170,"height":700,"url":"https:\/\/www.notibras.com\/site\/wp-content\/uploads\/2023\/09\/natalia-duarte-alzheimer_mcamgo_abr_22092023-7.jpg","type":"image\/jpeg"}],"author":"Reda\u00e7\u00e3o","twitter_card":"summary_large_image","twitter_creator":"@Notibras","twitter_site":"@Notibras","twitter_misc":{"Escrito por":"Reda\u00e7\u00e3o","Est. tempo de leitura":"6 minutos"},"schema":{"@context":"https:\/\/schema.org","@graph":[{"@type":"Article","@id":"https:\/\/www.notibras.com\/site\/falta-de-diagnosticos-para-preocupa-os-especialistas\/#article","isPartOf":{"@id":"https:\/\/www.notibras.com\/site\/falta-de-diagnosticos-para-preocupa-os-especialistas\/"},"author":{"name":"Reda\u00e7\u00e3o","@id":"https:\/\/www.notibras.com\/site\/#\/schema\/person\/36ab0979449956132d3e5b517ea76ac8"},"headline":"Falta de diagn\u00f3sticos para preocupa os especialistas","datePublished":"2023-09-24T08:29:32+00:00","dateModified":"2023-09-25T10:39:17+00:00","mainEntityOfPage":{"@id":"https:\/\/www.notibras.com\/site\/falta-de-diagnosticos-para-preocupa-os-especialistas\/"},"wordCount":1223,"publisher":{"@id":"https:\/\/www.notibras.com\/site\/#organization"},"image":{"@id":"https:\/\/www.notibras.com\/site\/falta-de-diagnosticos-para-preocupa-os-especialistas\/#primaryimage"},"thumbnailUrl":"https:\/\/www.notibras.com\/site\/wp-content\/uploads\/2023\/09\/natalia-duarte-alzheimer_mcamgo_abr_22092023-7.jpg","articleSection":["Quadradinho em Foco"],"inLanguage":"pt-BR"},{"@type":"WebPage","@id":"https:\/\/www.notibras.com\/site\/falta-de-diagnosticos-para-preocupa-os-especialistas\/","url":"https:\/\/www.notibras.com\/site\/falta-de-diagnosticos-para-preocupa-os-especialistas\/","name":"Falta de diagn\u00f3sticos para preocupa os especialistas - Notibras","isPartOf":{"@id":"https:\/\/www.notibras.com\/site\/#website"},"primaryImageOfPage":{"@id":"https:\/\/www.notibras.com\/site\/falta-de-diagnosticos-para-preocupa-os-especialistas\/#primaryimage"},"image":{"@id":"https:\/\/www.notibras.com\/site\/falta-de-diagnosticos-para-preocupa-os-especialistas\/#primaryimage"},"thumbnailUrl":"https:\/\/www.notibras.com\/site\/wp-content\/uploads\/2023\/09\/natalia-duarte-alzheimer_mcamgo_abr_22092023-7.jpg","datePublished":"2023-09-24T08:29:32+00:00","dateModified":"2023-09-25T10:39:17+00:00","breadcrumb":{"@id":"https:\/\/www.notibras.com\/site\/falta-de-diagnosticos-para-preocupa-os-especialistas\/#breadcrumb"},"inLanguage":"pt-BR","potentialAction":[{"@type":"ReadAction","target":["https:\/\/www.notibras.com\/site\/falta-de-diagnosticos-para-preocupa-os-especialistas\/"]}]},{"@type":"ImageObject","inLanguage":"pt-BR","@id":"https:\/\/www.notibras.com\/site\/falta-de-diagnosticos-para-preocupa-os-especialistas\/#primaryimage","url":"https:\/\/www.notibras.com\/site\/wp-content\/uploads\/2023\/09\/natalia-duarte-alzheimer_mcamgo_abr_22092023-7.jpg","contentUrl":"https:\/\/www.notibras.com\/site\/wp-content\/uploads\/2023\/09\/natalia-duarte-alzheimer_mcamgo_abr_22092023-7.jpg","width":1170,"height":700,"caption":"Bras\u00edlia (DF), 22\/09\/2023 - Nat\u00e1lia Duarte e seu pai, \u00cdtalo, que tem a doen\u00e7a de Alzheimer. Foto: Marcelo Camargo\/Ag\u00eancia Brasil"},{"@type":"BreadcrumbList","@id":"https:\/\/www.notibras.com\/site\/falta-de-diagnosticos-para-preocupa-os-especialistas\/#breadcrumb","itemListElement":[{"@type":"ListItem","position":1,"name":"In\u00edcio","item":"https:\/\/www.notibras.com\/site\/"},{"@type":"ListItem","position":2,"name":"Falta de diagn\u00f3sticos para preocupa os especialistas"}]},{"@type":"WebSite","@id":"https:\/\/www.notibras.com\/site\/#website","url":"https:\/\/www.notibras.com\/site\/","name":"Notibras","description":"Not\u00edcias de Bras\u00edlia, do Brasil e do Mundo","publisher":{"@id":"https:\/\/www.notibras.com\/site\/#organization"},"potentialAction":[{"@type":"SearchAction","target":{"@type":"EntryPoint","urlTemplate":"https:\/\/www.notibras.com\/site\/?s={search_term_string}"},"query-input":{"@type":"PropertyValueSpecification","valueRequired":true,"valueName":"search_term_string"}}],"inLanguage":"pt-BR"},{"@type":"Organization","@id":"https:\/\/www.notibras.com\/site\/#organization","name":"Grupo Notibras de Comunica\u00e7\u00e3o","url":"https:\/\/www.notibras.com\/site\/","logo":{"@type":"ImageObject","inLanguage":"pt-BR","@id":"https:\/\/www.notibras.com\/site\/#\/schema\/logo\/image\/","url":"https:\/\/www.notibras.com\/site\/wp-content\/uploads\/2023\/01\/notibras23.png","contentUrl":"https:\/\/www.notibras.com\/site\/wp-content\/uploads\/2023\/01\/notibras23.png","width":350,"height":87,"caption":"Grupo Notibras de Comunica\u00e7\u00e3o"},"image":{"@id":"https:\/\/www.notibras.com\/site\/#\/schema\/logo\/image\/"},"sameAs":["https:\/\/www.facebook.com\/notibras\/","https:\/\/x.com\/Notibras","https:\/\/www.instagram.com\/notibras\/"]},{"@type":"Person","@id":"https:\/\/www.notibras.com\/site\/#\/schema\/person\/36ab0979449956132d3e5b517ea76ac8","name":"Reda\u00e7\u00e3o","image":{"@type":"ImageObject","inLanguage":"pt-BR","@id":"https:\/\/secure.gravatar.com\/avatar\/e0a867bdedb85fd243eadf09663511f96fc81e0720a4a42581f334ad4303aa6b?s=96&d=mm&r=g","url":"https:\/\/secure.gravatar.com\/avatar\/e0a867bdedb85fd243eadf09663511f96fc81e0720a4a42581f334ad4303aa6b?s=96&d=mm&r=g","contentUrl":"https:\/\/secure.gravatar.com\/avatar\/e0a867bdedb85fd243eadf09663511f96fc81e0720a4a42581f334ad4303aa6b?s=96&d=mm&r=g","caption":"Reda\u00e7\u00e3o"}}]}},"amp_enabled":true,"_links":{"self":[{"href":"https:\/\/www.notibras.com\/site\/wp-json\/wp\/v2\/posts\/313408","targetHints":{"allow":["GET"]}}],"collection":[{"href":"https:\/\/www.notibras.com\/site\/wp-json\/wp\/v2\/posts"}],"about":[{"href":"https:\/\/www.notibras.com\/site\/wp-json\/wp\/v2\/types\/post"}],"author":[{"embeddable":true,"href":"https:\/\/www.notibras.com\/site\/wp-json\/wp\/v2\/users\/2"}],"replies":[{"embeddable":true,"href":"https:\/\/www.notibras.com\/site\/wp-json\/wp\/v2\/comments?post=313408"}],"version-history":[{"count":1,"href":"https:\/\/www.notibras.com\/site\/wp-json\/wp\/v2\/posts\/313408\/revisions"}],"predecessor-version":[{"id":313410,"href":"https:\/\/www.notibras.com\/site\/wp-json\/wp\/v2\/posts\/313408\/revisions\/313410"}],"wp:featuredmedia":[{"embeddable":true,"href":"https:\/\/www.notibras.com\/site\/wp-json\/wp\/v2\/media\/313409"}],"wp:attachment":[{"href":"https:\/\/www.notibras.com\/site\/wp-json\/wp\/v2\/media?parent=313408"}],"wp:term":[{"taxonomy":"category","embeddable":true,"href":"https:\/\/www.notibras.com\/site\/wp-json\/wp\/v2\/categories?post=313408"},{"taxonomy":"post_tag","embeddable":true,"href":"https:\/\/www.notibras.com\/site\/wp-json\/wp\/v2\/tags?post=313408"}],"curies":[{"name":"wp","href":"https:\/\/api.w.org\/{rel}","templated":true}]}}