{"id":313411,"date":"2023-09-24T00:00:55","date_gmt":"2023-09-24T03:00:55","guid":{"rendered":"https:\/\/www.notibras.com\/site\/?p=313411"},"modified":"2023-09-24T05:01:17","modified_gmt":"2023-09-24T08:01:17","slug":"como-vulnerabilidades-produzem-exclusao-vacinal","status":"publish","type":"post","link":"https:\/\/www.notibras.com\/site\/como-vulnerabilidades-produzem-exclusao-vacinal\/","title":{"rendered":"Como vulnerabilidades produzem exclus\u00e3o vacinal"},"content":{"rendered":"<p>A cobertura de 77% contra a poliomielite indica que praticamente um em cada quatro beb\u00eas n\u00e3o tomou essa vacina em 2022 no Brasil &#8211; uma propor\u00e7\u00e3o bem distante do objetivo de 95%. J\u00e1 a meta alcan\u00e7ada de vacinar 90% dos beb\u00eas com a BCG, apesar de ser um dado positivo, ainda indica que uma em cada dez n\u00e3o recebeu essa importante prote\u00e7\u00e3o contra a tuberculose.<\/p>\n<p>Embora sejam os principais par\u00e2metros para acompanhar a imuniza\u00e7\u00e3o, as coberturas escondem que um grupo de crian\u00e7as acumula vulnerabilidades de toda ordem e est\u00e1 exposto a todos os agentes infecciosos imunopreven\u00edveis, devido \u00e0s desigualdades sociais, raciais e econ\u00f4micas.<\/p>\n<p>Para jogar luz sobre essa invisibilidade, organismos internacionais trabalham com o conceito de crian\u00e7as \u201czero dose\u201d. Em todo o mundo, mais de 14 milh\u00f5es de crian\u00e7as se enquadram nessa situa\u00e7\u00e3o e s\u00e3o consideradas totalmente exclu\u00eddas das a\u00e7\u00f5es e programas de imuniza\u00e7\u00e3o.<\/p>\n<p>Apesar do nome, o conceito n\u00e3o significa necessariamente que essas crian\u00e7as n\u00e3o receberam nenhuma dose de vacina. A primeira dose da vacina DTP, contra difteria, t\u00e9tano e coqueluche, \u00e9 tomada como refer\u00eancia para essa medi\u00e7\u00e3o. Por ser uma vacina de baixo custo, com d\u00e9cadas de uso, adotada em praticamente todo o mundo e prescrita para o segundo m\u00eas de vida, os cientistas consideram que uma crian\u00e7a que n\u00e3o teve acesso \u00e0 dose 1 da DTP no primeiro ano de vida \u00e9 uma crian\u00e7a zero dose.<\/p>\n<p><strong>Meta global<\/strong><br \/>\nNo Brasil, a imuniza\u00e7\u00e3o com DTP est\u00e1 inclu\u00edda na vacina pentavalente, que adiciona as prote\u00e7\u00f5es contra a hepatite B e a bact\u00e9ria haemophilus influenza B, causadora de um tipo de meningite. Apesar de ter o maior sistema p\u00fablico de sa\u00fade do mundo, o SUS, e o mais amplo programa gratuito de imuniza\u00e7\u00f5es do mundo, o PNI, o pa\u00eds tem mais de 430 mil crian\u00e7as nessa situa\u00e7\u00e3o, sendo o oitavo do mundo em n\u00fameros absolutos.<\/p>\n<p>Integrante do grupo consultivo de vacinas da Organiza\u00e7\u00e3o Mundial da Sa\u00fade (Sage\/OMS), Cristiana Toscano explica que o indicador de zero doses \u00e9 atualmente a principal medida da inequidade no acesso \u00e0s vacinas. A Agenda de Imuniza\u00e7\u00f5es de 2030, tra\u00e7ada globalmente com objetivos ambiciosos, pretende reduzir esse grupo de crian\u00e7as pela metade at\u00e9 o fim da d\u00e9cada.<\/p>\n<p>\u201cEsse dado significa que a crian\u00e7a n\u00e3o teve acesso \u00e0 vacina\u00e7\u00e3o. Tem as subvacinadas, mas a zero dose \u00e9 um marcador extremo de desigualdade. \u00c9 por isso que essa \u00e9 uma meta muito importante\u201d, definiu, em apresenta\u00e7\u00e3o na Jornada Nacional de Imuniza\u00e7\u00f5es, realizada pela Sociedade Brasileira de Imuniza\u00e7\u00f5es (SBIm) em Florian\u00f3polis.<\/p>\n<p>Ainda que tenha havido uma melhora em rela\u00e7\u00e3o ao ano passado, quando havia 18 milh\u00f5es de crian\u00e7as zero dose, o mundo ainda est\u00e1 longe de cumprir essa meta. Em 2019, quando foi pactuada a agenda, eram quase 13 milh\u00f5es de crian\u00e7as sem a dose 1 da DTP, o que significa que os esfor\u00e7os feitos at\u00e9 agora n\u00e3o apenas n\u00e3o reduziram a desigualdade como ainda aumentou no per\u00edodo, marcado pela pandemia de covid-19.<\/p>\n<p><strong>Bols\u00f5es e periferias<\/strong><br \/>\nEssas crian\u00e7as n\u00e3o est\u00e3o apenas em pa\u00edses de renda mais baixa, mas tamb\u00e9m em zonas de conflito e bols\u00f5es de pobreza em pa\u00edses de renda m\u00e9dia e at\u00e9 renda alta. A chefe de sa\u00fade do Fundo das Na\u00e7\u00f5es Unidas para a Inf\u00e2ncia (Unicef) no Brasil, Luciana Phebo, conta que, no Brasil, elas tamb\u00e9m n\u00e3o est\u00e3o necessariamente nos estados e munic\u00edpios mais pobres, mas tamb\u00e9m nas periferias das cidades mais ricas do pa\u00eds.<\/p>\n<p>\u201cNo Brasil, elas est\u00e3o principalmente nos estados mais populosos, nas periferias. S\u00e3o Paulo e Rio de Janeiro, apesar de serem mais ricos, s\u00e3o tamb\u00e9m mais populosos. O n\u00famero zero dose traz essa combina\u00e7\u00e3o de maior n\u00famero, e por isso o Brasil est\u00e1 no ranking, mas tamb\u00e9m de pa\u00edses pobres e territ\u00f3rios pobres\u201d.<\/p>\n<p>Nesse contexto, a chefe de sa\u00fade do Unicef acrescenta que estar nos territ\u00f3rios mais empobrecidos \u00e9 apenas uma das caracter\u00edsticas que marcam essas crian\u00e7as expostas a tal n\u00edvel de exclus\u00e3o. \u201cEm todos os vieses que falam de empobrecimento e vulnerabilidade, n\u00e3o s\u00f3 dentro do Brasil, mas no mundo, voc\u00ea vai encontrar as crian\u00e7as zero dose. Tem um vi\u00e9s claro de ra\u00e7a, etnia e pobreza\u201d.<\/p>\n<p>Se fosse um munic\u00edpio, a cidade das crian\u00e7as zero dose estaria entre as 60 mais populosas do pa\u00eds. Mesmo assim, o n\u00famero atual de 430 mil representa uma melhora em rela\u00e7\u00e3o a 2021, quando havia 710 mil crian\u00e7as nessa situa\u00e7\u00e3o. Luciana Phebo afirma que esse avan\u00e7o j\u00e1 \u00e9 reflexo da recupera\u00e7\u00e3o das coberturas vacinais, que ainda tem um longo caminho pela frente.<\/p>\n<p><strong>Salvar vidas<\/strong><br \/>\nO problema da baixa na imuniza\u00e7\u00e3o n\u00e3o \u00e9 exclusivo do Brasil, e os dados da Agenda de Imuniza\u00e7\u00e3o 2030 apontam que a velocidade com que as metas est\u00e3o sendo perseguidas n\u00e3o tem sido suficiente para que o mundo alcance os objetivos da d\u00e9cada.<\/p>\n<p>Cristiana Toscano exemplifica que o n\u00famero de vidas salvas pelas vacinas est\u00e1 aumentando em velocidade menor do que a necess\u00e1ria para chegar ao total de 50 milh\u00f5es desejado para 2030. Entre essas milh\u00f5es, muitas precisam ser as de crian\u00e7as zero dose.<\/p>\n<p>\u201cAs not\u00edcias n\u00e3o s\u00e3o boas. Surtos de doen\u00e7as preven\u00edveis por vacinas est\u00e3o aumentando. Os surtos grandes de sarampo duplicaram em 12 meses, saindo de 16 e chegando a 33 entre maio de 2022 e maio de 2023. As lacunas da vacina\u00e7\u00e3o do sarampo est\u00e3o causando um grande impacto no surgimento de novos surtos em todas as regi\u00f5es\u201d, lamenta a pesquisadora, que defende mais coopera\u00e7\u00e3o internacional. \u201cA gente n\u00e3o consegue s\u00f3 cuidar da nossa casa, a gente precisa olhar para os nossos vizinhos e para todos para avan\u00e7ar\u201d, afirma.<\/p>\n","protected":false},"excerpt":{"rendered":"<p>A cobertura de 77% contra a poliomielite indica que praticamente um em cada quatro beb\u00eas n\u00e3o tomou essa vacina em 2022 no Brasil &#8211; uma propor\u00e7\u00e3o bem distante do objetivo de 95%. J\u00e1 a meta alcan\u00e7ada de vacinar 90% dos beb\u00eas com a BCG, apesar de ser um dado positivo, ainda indica que uma em [&hellip;]<\/p>\n","protected":false},"author":2,"featured_media":313412,"comment_status":"closed","ping_status":"closed","sticky":false,"template":"","format":"standard","meta":{"_acf_changed":false,"footnotes":""},"categories":[161],"tags":[],"class_list":["post-313411","post","type-post","status-publish","format-standard","has-post-thumbnail","hentry","category-quadradinho-em-foco"],"acf":[],"yoast_head":"<!-- This site is optimized with the Yoast SEO plugin v27.2 - https:\/\/yoast.com\/product\/yoast-seo-wordpress\/ -->\n<title>Como vulnerabilidades produzem exclus\u00e3o vacinal - Notibras<\/title>\n<meta name=\"robots\" content=\"index, follow, max-snippet:-1, max-image-preview:large, max-video-preview:-1\" \/>\n<link rel=\"canonical\" href=\"https:\/\/www.notibras.com\/site\/como-vulnerabilidades-produzem-exclusao-vacinal\/\" \/>\n<meta property=\"og:locale\" content=\"pt_BR\" \/>\n<meta property=\"og:type\" content=\"article\" \/>\n<meta property=\"og:title\" content=\"Como vulnerabilidades produzem exclus\u00e3o vacinal - Notibras\" \/>\n<meta property=\"og:description\" content=\"A cobertura de 77% contra a poliomielite indica que praticamente um em cada quatro beb\u00eas n\u00e3o tomou essa vacina em 2022 no Brasil &#8211; uma propor\u00e7\u00e3o bem distante do objetivo de 95%. J\u00e1 a meta alcan\u00e7ada de vacinar 90% dos beb\u00eas com a BCG, apesar de ser um dado positivo, ainda indica que uma em [&hellip;]\" \/>\n<meta property=\"og:url\" content=\"https:\/\/www.notibras.com\/site\/como-vulnerabilidades-produzem-exclusao-vacinal\/\" \/>\n<meta property=\"og:site_name\" content=\"Notibras\" \/>\n<meta property=\"article:publisher\" content=\"https:\/\/www.facebook.com\/notibras\/\" \/>\n<meta property=\"article:published_time\" content=\"2023-09-24T03:00:55+00:00\" \/>\n<meta property=\"article:modified_time\" content=\"2023-09-24T08:01:17+00:00\" \/>\n<meta property=\"og:image\" content=\"https:\/\/www.notibras.com\/site\/wp-content\/uploads\/2023\/09\/pzzb8873.jpeg\" \/>\n\t<meta property=\"og:image:width\" content=\"1170\" \/>\n\t<meta property=\"og:image:height\" content=\"700\" \/>\n\t<meta property=\"og:image:type\" content=\"image\/jpeg\" \/>\n<meta name=\"author\" content=\"Reda\u00e7\u00e3o\" \/>\n<meta name=\"twitter:card\" content=\"summary_large_image\" \/>\n<meta name=\"twitter:creator\" content=\"@Notibras\" \/>\n<meta name=\"twitter:site\" content=\"@Notibras\" \/>\n<meta name=\"twitter:label1\" content=\"Escrito por\" \/>\n\t<meta name=\"twitter:data1\" content=\"Reda\u00e7\u00e3o\" \/>\n\t<meta name=\"twitter:label2\" content=\"Est. tempo de leitura\" \/>\n\t<meta name=\"twitter:data2\" content=\"6 minutos\" \/>\n<script type=\"application\/ld+json\" class=\"yoast-schema-graph\">{\"@context\":\"https:\/\/schema.org\",\"@graph\":[{\"@type\":\"Article\",\"@id\":\"https:\/\/www.notibras.com\/site\/como-vulnerabilidades-produzem-exclusao-vacinal\/#article\",\"isPartOf\":{\"@id\":\"https:\/\/www.notibras.com\/site\/como-vulnerabilidades-produzem-exclusao-vacinal\/\"},\"author\":{\"name\":\"Reda\u00e7\u00e3o\",\"@id\":\"https:\/\/www.notibras.com\/site\/#\/schema\/person\/36ab0979449956132d3e5b517ea76ac8\"},\"headline\":\"Como vulnerabilidades produzem exclus\u00e3o vacinal\",\"datePublished\":\"2023-09-24T03:00:55+00:00\",\"dateModified\":\"2023-09-24T08:01:17+00:00\",\"mainEntityOfPage\":{\"@id\":\"https:\/\/www.notibras.com\/site\/como-vulnerabilidades-produzem-exclusao-vacinal\/\"},\"wordCount\":1017,\"publisher\":{\"@id\":\"https:\/\/www.notibras.com\/site\/#organization\"},\"image\":{\"@id\":\"https:\/\/www.notibras.com\/site\/como-vulnerabilidades-produzem-exclusao-vacinal\/#primaryimage\"},\"thumbnailUrl\":\"https:\/\/www.notibras.com\/site\/wp-content\/uploads\/2023\/09\/pzzb8873.jpeg\",\"articleSection\":[\"Quadradinho em Foco\"],\"inLanguage\":\"pt-BR\"},{\"@type\":\"WebPage\",\"@id\":\"https:\/\/www.notibras.com\/site\/como-vulnerabilidades-produzem-exclusao-vacinal\/\",\"url\":\"https:\/\/www.notibras.com\/site\/como-vulnerabilidades-produzem-exclusao-vacinal\/\",\"name\":\"Como vulnerabilidades produzem exclus\u00e3o vacinal - Notibras\",\"isPartOf\":{\"@id\":\"https:\/\/www.notibras.com\/site\/#website\"},\"primaryImageOfPage\":{\"@id\":\"https:\/\/www.notibras.com\/site\/como-vulnerabilidades-produzem-exclusao-vacinal\/#primaryimage\"},\"image\":{\"@id\":\"https:\/\/www.notibras.com\/site\/como-vulnerabilidades-produzem-exclusao-vacinal\/#primaryimage\"},\"thumbnailUrl\":\"https:\/\/www.notibras.com\/site\/wp-content\/uploads\/2023\/09\/pzzb8873.jpeg\",\"datePublished\":\"2023-09-24T03:00:55+00:00\",\"dateModified\":\"2023-09-24T08:01:17+00:00\",\"breadcrumb\":{\"@id\":\"https:\/\/www.notibras.com\/site\/como-vulnerabilidades-produzem-exclusao-vacinal\/#breadcrumb\"},\"inLanguage\":\"pt-BR\",\"potentialAction\":[{\"@type\":\"ReadAction\",\"target\":[\"https:\/\/www.notibras.com\/site\/como-vulnerabilidades-produzem-exclusao-vacinal\/\"]}]},{\"@type\":\"ImageObject\",\"inLanguage\":\"pt-BR\",\"@id\":\"https:\/\/www.notibras.com\/site\/como-vulnerabilidades-produzem-exclusao-vacinal\/#primaryimage\",\"url\":\"https:\/\/www.notibras.com\/site\/wp-content\/uploads\/2023\/09\/pzzb8873.jpeg\",\"contentUrl\":\"https:\/\/www.notibras.com\/site\/wp-content\/uploads\/2023\/09\/pzzb8873.jpeg\",\"width\":1170,\"height\":700,\"caption\":\"O Distrito Federal come\u00e7ou a vacinar crian\u00e7as acima de 6 anos contra a covid-19\"},{\"@type\":\"BreadcrumbList\",\"@id\":\"https:\/\/www.notibras.com\/site\/como-vulnerabilidades-produzem-exclusao-vacinal\/#breadcrumb\",\"itemListElement\":[{\"@type\":\"ListItem\",\"position\":1,\"name\":\"In\u00edcio\",\"item\":\"https:\/\/www.notibras.com\/site\/\"},{\"@type\":\"ListItem\",\"position\":2,\"name\":\"Como vulnerabilidades produzem exclus\u00e3o vacinal\"}]},{\"@type\":\"WebSite\",\"@id\":\"https:\/\/www.notibras.com\/site\/#website\",\"url\":\"https:\/\/www.notibras.com\/site\/\",\"name\":\"Notibras\",\"description\":\"Not\u00edcias de Bras\u00edlia, do Brasil e do Mundo\",\"publisher\":{\"@id\":\"https:\/\/www.notibras.com\/site\/#organization\"},\"potentialAction\":[{\"@type\":\"SearchAction\",\"target\":{\"@type\":\"EntryPoint\",\"urlTemplate\":\"https:\/\/www.notibras.com\/site\/?s={search_term_string}\"},\"query-input\":{\"@type\":\"PropertyValueSpecification\",\"valueRequired\":true,\"valueName\":\"search_term_string\"}}],\"inLanguage\":\"pt-BR\"},{\"@type\":\"Organization\",\"@id\":\"https:\/\/www.notibras.com\/site\/#organization\",\"name\":\"Grupo Notibras de Comunica\u00e7\u00e3o\",\"url\":\"https:\/\/www.notibras.com\/site\/\",\"logo\":{\"@type\":\"ImageObject\",\"inLanguage\":\"pt-BR\",\"@id\":\"https:\/\/www.notibras.com\/site\/#\/schema\/logo\/image\/\",\"url\":\"https:\/\/www.notibras.com\/site\/wp-content\/uploads\/2023\/01\/notibras23.png\",\"contentUrl\":\"https:\/\/www.notibras.com\/site\/wp-content\/uploads\/2023\/01\/notibras23.png\",\"width\":350,\"height\":87,\"caption\":\"Grupo Notibras de Comunica\u00e7\u00e3o\"},\"image\":{\"@id\":\"https:\/\/www.notibras.com\/site\/#\/schema\/logo\/image\/\"},\"sameAs\":[\"https:\/\/www.facebook.com\/notibras\/\",\"https:\/\/x.com\/Notibras\",\"https:\/\/www.instagram.com\/notibras\/\"]},{\"@type\":\"Person\",\"@id\":\"https:\/\/www.notibras.com\/site\/#\/schema\/person\/36ab0979449956132d3e5b517ea76ac8\",\"name\":\"Reda\u00e7\u00e3o\",\"image\":{\"@type\":\"ImageObject\",\"inLanguage\":\"pt-BR\",\"@id\":\"https:\/\/secure.gravatar.com\/avatar\/e0a867bdedb85fd243eadf09663511f96fc81e0720a4a42581f334ad4303aa6b?s=96&d=mm&r=g\",\"url\":\"https:\/\/secure.gravatar.com\/avatar\/e0a867bdedb85fd243eadf09663511f96fc81e0720a4a42581f334ad4303aa6b?s=96&d=mm&r=g\",\"contentUrl\":\"https:\/\/secure.gravatar.com\/avatar\/e0a867bdedb85fd243eadf09663511f96fc81e0720a4a42581f334ad4303aa6b?s=96&d=mm&r=g\",\"caption\":\"Reda\u00e7\u00e3o\"}}]}<\/script>\n<!-- \/ Yoast SEO plugin. -->","yoast_head_json":{"title":"Como vulnerabilidades produzem exclus\u00e3o vacinal - Notibras","robots":{"index":"index","follow":"follow","max-snippet":"max-snippet:-1","max-image-preview":"max-image-preview:large","max-video-preview":"max-video-preview:-1"},"canonical":"https:\/\/www.notibras.com\/site\/como-vulnerabilidades-produzem-exclusao-vacinal\/","og_locale":"pt_BR","og_type":"article","og_title":"Como vulnerabilidades produzem exclus\u00e3o vacinal - Notibras","og_description":"A cobertura de 77% contra a poliomielite indica que praticamente um em cada quatro beb\u00eas n\u00e3o tomou essa vacina em 2022 no Brasil &#8211; uma propor\u00e7\u00e3o bem distante do objetivo de 95%. J\u00e1 a meta alcan\u00e7ada de vacinar 90% dos beb\u00eas com a BCG, apesar de ser um dado positivo, ainda indica que uma em [&hellip;]","og_url":"https:\/\/www.notibras.com\/site\/como-vulnerabilidades-produzem-exclusao-vacinal\/","og_site_name":"Notibras","article_publisher":"https:\/\/www.facebook.com\/notibras\/","article_published_time":"2023-09-24T03:00:55+00:00","article_modified_time":"2023-09-24T08:01:17+00:00","og_image":[{"width":1170,"height":700,"url":"https:\/\/www.notibras.com\/site\/wp-content\/uploads\/2023\/09\/pzzb8873.jpeg","type":"image\/jpeg"}],"author":"Reda\u00e7\u00e3o","twitter_card":"summary_large_image","twitter_creator":"@Notibras","twitter_site":"@Notibras","twitter_misc":{"Escrito por":"Reda\u00e7\u00e3o","Est. tempo de leitura":"6 minutos"},"schema":{"@context":"https:\/\/schema.org","@graph":[{"@type":"Article","@id":"https:\/\/www.notibras.com\/site\/como-vulnerabilidades-produzem-exclusao-vacinal\/#article","isPartOf":{"@id":"https:\/\/www.notibras.com\/site\/como-vulnerabilidades-produzem-exclusao-vacinal\/"},"author":{"name":"Reda\u00e7\u00e3o","@id":"https:\/\/www.notibras.com\/site\/#\/schema\/person\/36ab0979449956132d3e5b517ea76ac8"},"headline":"Como vulnerabilidades produzem exclus\u00e3o vacinal","datePublished":"2023-09-24T03:00:55+00:00","dateModified":"2023-09-24T08:01:17+00:00","mainEntityOfPage":{"@id":"https:\/\/www.notibras.com\/site\/como-vulnerabilidades-produzem-exclusao-vacinal\/"},"wordCount":1017,"publisher":{"@id":"https:\/\/www.notibras.com\/site\/#organization"},"image":{"@id":"https:\/\/www.notibras.com\/site\/como-vulnerabilidades-produzem-exclusao-vacinal\/#primaryimage"},"thumbnailUrl":"https:\/\/www.notibras.com\/site\/wp-content\/uploads\/2023\/09\/pzzb8873.jpeg","articleSection":["Quadradinho em Foco"],"inLanguage":"pt-BR"},{"@type":"WebPage","@id":"https:\/\/www.notibras.com\/site\/como-vulnerabilidades-produzem-exclusao-vacinal\/","url":"https:\/\/www.notibras.com\/site\/como-vulnerabilidades-produzem-exclusao-vacinal\/","name":"Como vulnerabilidades produzem exclus\u00e3o vacinal - Notibras","isPartOf":{"@id":"https:\/\/www.notibras.com\/site\/#website"},"primaryImageOfPage":{"@id":"https:\/\/www.notibras.com\/site\/como-vulnerabilidades-produzem-exclusao-vacinal\/#primaryimage"},"image":{"@id":"https:\/\/www.notibras.com\/site\/como-vulnerabilidades-produzem-exclusao-vacinal\/#primaryimage"},"thumbnailUrl":"https:\/\/www.notibras.com\/site\/wp-content\/uploads\/2023\/09\/pzzb8873.jpeg","datePublished":"2023-09-24T03:00:55+00:00","dateModified":"2023-09-24T08:01:17+00:00","breadcrumb":{"@id":"https:\/\/www.notibras.com\/site\/como-vulnerabilidades-produzem-exclusao-vacinal\/#breadcrumb"},"inLanguage":"pt-BR","potentialAction":[{"@type":"ReadAction","target":["https:\/\/www.notibras.com\/site\/como-vulnerabilidades-produzem-exclusao-vacinal\/"]}]},{"@type":"ImageObject","inLanguage":"pt-BR","@id":"https:\/\/www.notibras.com\/site\/como-vulnerabilidades-produzem-exclusao-vacinal\/#primaryimage","url":"https:\/\/www.notibras.com\/site\/wp-content\/uploads\/2023\/09\/pzzb8873.jpeg","contentUrl":"https:\/\/www.notibras.com\/site\/wp-content\/uploads\/2023\/09\/pzzb8873.jpeg","width":1170,"height":700,"caption":"O Distrito Federal come\u00e7ou a vacinar crian\u00e7as acima de 6 anos contra a covid-19"},{"@type":"BreadcrumbList","@id":"https:\/\/www.notibras.com\/site\/como-vulnerabilidades-produzem-exclusao-vacinal\/#breadcrumb","itemListElement":[{"@type":"ListItem","position":1,"name":"In\u00edcio","item":"https:\/\/www.notibras.com\/site\/"},{"@type":"ListItem","position":2,"name":"Como vulnerabilidades produzem exclus\u00e3o vacinal"}]},{"@type":"WebSite","@id":"https:\/\/www.notibras.com\/site\/#website","url":"https:\/\/www.notibras.com\/site\/","name":"Notibras","description":"Not\u00edcias de Bras\u00edlia, do Brasil e do Mundo","publisher":{"@id":"https:\/\/www.notibras.com\/site\/#organization"},"potentialAction":[{"@type":"SearchAction","target":{"@type":"EntryPoint","urlTemplate":"https:\/\/www.notibras.com\/site\/?s={search_term_string}"},"query-input":{"@type":"PropertyValueSpecification","valueRequired":true,"valueName":"search_term_string"}}],"inLanguage":"pt-BR"},{"@type":"Organization","@id":"https:\/\/www.notibras.com\/site\/#organization","name":"Grupo Notibras de Comunica\u00e7\u00e3o","url":"https:\/\/www.notibras.com\/site\/","logo":{"@type":"ImageObject","inLanguage":"pt-BR","@id":"https:\/\/www.notibras.com\/site\/#\/schema\/logo\/image\/","url":"https:\/\/www.notibras.com\/site\/wp-content\/uploads\/2023\/01\/notibras23.png","contentUrl":"https:\/\/www.notibras.com\/site\/wp-content\/uploads\/2023\/01\/notibras23.png","width":350,"height":87,"caption":"Grupo Notibras de Comunica\u00e7\u00e3o"},"image":{"@id":"https:\/\/www.notibras.com\/site\/#\/schema\/logo\/image\/"},"sameAs":["https:\/\/www.facebook.com\/notibras\/","https:\/\/x.com\/Notibras","https:\/\/www.instagram.com\/notibras\/"]},{"@type":"Person","@id":"https:\/\/www.notibras.com\/site\/#\/schema\/person\/36ab0979449956132d3e5b517ea76ac8","name":"Reda\u00e7\u00e3o","image":{"@type":"ImageObject","inLanguage":"pt-BR","@id":"https:\/\/secure.gravatar.com\/avatar\/e0a867bdedb85fd243eadf09663511f96fc81e0720a4a42581f334ad4303aa6b?s=96&d=mm&r=g","url":"https:\/\/secure.gravatar.com\/avatar\/e0a867bdedb85fd243eadf09663511f96fc81e0720a4a42581f334ad4303aa6b?s=96&d=mm&r=g","contentUrl":"https:\/\/secure.gravatar.com\/avatar\/e0a867bdedb85fd243eadf09663511f96fc81e0720a4a42581f334ad4303aa6b?s=96&d=mm&r=g","caption":"Reda\u00e7\u00e3o"}}]}},"amp_enabled":true,"_links":{"self":[{"href":"https:\/\/www.notibras.com\/site\/wp-json\/wp\/v2\/posts\/313411","targetHints":{"allow":["GET"]}}],"collection":[{"href":"https:\/\/www.notibras.com\/site\/wp-json\/wp\/v2\/posts"}],"about":[{"href":"https:\/\/www.notibras.com\/site\/wp-json\/wp\/v2\/types\/post"}],"author":[{"embeddable":true,"href":"https:\/\/www.notibras.com\/site\/wp-json\/wp\/v2\/users\/2"}],"replies":[{"embeddable":true,"href":"https:\/\/www.notibras.com\/site\/wp-json\/wp\/v2\/comments?post=313411"}],"version-history":[{"count":1,"href":"https:\/\/www.notibras.com\/site\/wp-json\/wp\/v2\/posts\/313411\/revisions"}],"predecessor-version":[{"id":313413,"href":"https:\/\/www.notibras.com\/site\/wp-json\/wp\/v2\/posts\/313411\/revisions\/313413"}],"wp:featuredmedia":[{"embeddable":true,"href":"https:\/\/www.notibras.com\/site\/wp-json\/wp\/v2\/media\/313412"}],"wp:attachment":[{"href":"https:\/\/www.notibras.com\/site\/wp-json\/wp\/v2\/media?parent=313411"}],"wp:term":[{"taxonomy":"category","embeddable":true,"href":"https:\/\/www.notibras.com\/site\/wp-json\/wp\/v2\/categories?post=313411"},{"taxonomy":"post_tag","embeddable":true,"href":"https:\/\/www.notibras.com\/site\/wp-json\/wp\/v2\/tags?post=313411"}],"curies":[{"name":"wp","href":"https:\/\/api.w.org\/{rel}","templated":true}]}}