{"id":313417,"date":"2023-09-24T05:26:04","date_gmt":"2023-09-24T08:26:04","guid":{"rendered":"https:\/\/www.notibras.com\/site\/?p=313417"},"modified":"2023-09-24T05:26:04","modified_gmt":"2023-09-24T08:26:04","slug":"amor-de-carnaval-some-em-caixao-de-defunto","status":"publish","type":"post","link":"https:\/\/www.notibras.com\/site\/amor-de-carnaval-some-em-caixao-de-defunto\/","title":{"rendered":"Amor de carnaval some em caix\u00e3o de defunto"},"content":{"rendered":"<p>Alberico Entrudo, mal sabia, carregava os festejos carnavalescos no singular nome de fam\u00edlia. Entrudo! Talvez por isso, uma euforia tomava conta do seu corpo poucos dias antes do feriado prolongado, quando pulava dia e noite, noite e dia, madrugada adentro. Ele se esbaldava por inteiro e mais um tiquinho, caso houvesse espa\u00e7o para tanto.<\/p>\n<p>Carioca de m\u00e3e baiana e pai pernambucano, Alberico herdara a ginga do ax\u00e9 e do frevo, que desfilava pelas avenidas e ruelas da Cidade Maravilhosa. De Padre Miguel a Copacabana, ele n\u00e3o perdia oportunidade para mostrar todo aquele talento dos seus p\u00e9s, ligeiros, que n\u00e3o atravessavam o compasso, nem depois de tantos goles.<\/p>\n<p>Ao menor sinal de batucada, uma onda fren\u00e9tica o empurrava para aquela chuva de confetes e serpentinas. A felicidade do seu sorriso branco, rodeado de l\u00e1bios vistosos, n\u00e3o passava despercebida nem mesmo pela mais linda sambista do grupo. Invariavelmente, os homens o invejavam, pois sabiam que estavam diante de um concorrente imbat\u00edvel quando o assunto era samba no p\u00e9 ou golpe certeiro na capoeira.<\/p>\n<p>Uma das suas m\u00fasicas favoritas era &#8220;N\u00e3o deixe o samba morrer&#8221;, seja na voz do lend\u00e1rio Jamel\u00e3o, seja na rouquid\u00e3o maranhense da Alcione. Alberico, apesar de tantas benevol\u00eancias adquiridas gra\u00e7as \u00e0 natureza herdada especialmente da m\u00e3e, n\u00e3o nascera com o vozerio de encher quarteir\u00e3o daqueles dois \u00eddolos do cancioneiro popular. N\u00e3o que fosse desafinado, pelo contr\u00e1rio. A voz mansa at\u00e9 era do agrado dos que a escutavam. Na verdade, era um charme s\u00f3!<\/p>\n<p>N\u00e3o se sabe ao certo se o que se deu foi no carnaval de 1996 ou 1997. H\u00e1 os que juram de p\u00e9s juntos que foi muito antes, bem como os que afirmam categoricamente que foi logo ap\u00f3s a virada do s\u00e9culo. Seja como for, tal precis\u00e3o n\u00e3o interfere na hist\u00f3ria, pois, como diria um amigo meu, o Johnny Botafogo, esse acontecido \u00e9 atemporal.<\/p>\n<p>Tamb\u00e9m n\u00e3o \u00e9 poss\u00edvel afirmar por qual escola de samba o Alberico havia desfilado naquele ano. N\u00e3o que ele n\u00e3o tivesse uma preferida. O homem gostava de falar que era Salgueiro desde que estava na barriga da m\u00e3e. Todavia, n\u00e3o era do tipo de renegar um olhar mais atrevido da Portela, da Mangueira ou mesmo da S\u00e3o Clemente. E l\u00e1 ia o gajo, cheio de ginga, abrilhantar ainda mais o desfile dessas guerreiras do mais famoso carnaval do mundo.<\/p>\n<p>Apaixonado pela Vermelho e Branco, Alberico prometia juras de amor eterno para a namorada de longa data, a Gabriela. No entanto, a sua natureza infiel fazia com que ele tamb\u00e9m fizesse tal promessa para a Rosana, a Gorete, a Manuela e at\u00e9 para a Rute, a linda mulher que havia acabado de conhecer no trem para a Central do Brasil. Obviamente, que todas desconheciam a exist\u00eancia das outras.<\/p>\n<p>Cinco mulheres completamente apaixonadas pelo mais not\u00f3rio passista que o carnaval carioca conheceu desde o inesquec\u00edvel Claudionor Marcelino. Tudo ia muito bem, pois Alberico esbanjava sa\u00fade, como provava as noites de alcova com direito at\u00e9 a quatro ou cinco desfiles por vez, dependendo da vontade da amada. Que vigor!!!<\/p>\n<p>O malabarista conseguiu ludibriar as suas mulheres durante algum tempo, at\u00e9 que chegou aquele carnaval. Ele deu seus pulinhos pra c\u00e1, outros tantos pra l\u00e1. Tudo parecia muito bem, at\u00e9 que os amigos lhe fizeram um convite irrecus\u00e1vel para o bloco Suvaco do Cristo. Pois \u00e9, Suvaco e n\u00e3o Sovaco, como poderia tentar corrigir algum desavisado.<\/p>\n<p>Para n\u00e3o gerar suspeitas, Alberico fez quest\u00e3o de passar na casa de cada uma das suas cinco mulheres. Ensaiou os passos ao menos duas vezes com cada uma. Mal sabiam elas que o Alberico planejava passar a noite toda dan\u00e7ando, talvez com alguma outra.<\/p>\n<p>O Suvaco do Cristo estava a todo vapor, quando Alberico despontou. Seus p\u00e9s faceiros o guiaram para o meio da multid\u00e3o, que o recebeu de bra\u00e7os abertos. Que felicidade! N\u00e3o demorou, uma francesa desengon\u00e7ada tentava engatinhar seus primeiros passos. Alberico sorriu aquele sorriso mais certeiro que flecha de Cupido. Cheia de desejos, a estrangeira agarrou o pesco\u00e7o do homem e o levou para um canto. Amaram-se tanto, que ela saiu com as pernas bambas, mas com a express\u00e3o mais feliz do mundo.<\/p>\n<p>O vigor daquele homem parecia inabal\u00e1vel. N\u00e3o se sabe se era o excesso de testosterona ou apenas o efeito daquela batucada inebriante. E l\u00e1 estava o Alberico no meio daquele povo, quando, de repente, percebe que logo ali estava a Rute. A mulher j\u00e1 o notara h\u00e1 alguns minutos. Os dois se olharam, e, n\u00e3o demorou, estavam sambando juntos.<\/p>\n<p>Rute quis confirmar se os ensaios de mais cedo haviam surtido efeito. Ent\u00e3o, na primeira oportunidade, levou o seu homem para um canto. Amaram-se com direito a repeteco. Quase exausta e com a garganta seca, a mulher fez o amado ir lhe buscar uma cerveja. E l\u00e1 foi o Alberico fazer mais esse desejo da sua namorada.<\/p>\n<p>Com dois copos na m\u00e3o, o homem procurava pela Rute na multid\u00e3o, mas acabou sendo arrastado pelo meio da muvuca. Eis que se depara com a Gabriela, que lhe sorri e, esticando o bra\u00e7o, lhe agradece pela cerveja. Ela toma tudo quase de um gole. Em seguida, Gabriela agarra Alberico e lhe tasca um beijo na boca. Os dois arrumam um cantinho para se amarem.<\/p>\n<p>Adormecida debaixo de uma amendoeira, Gabriela nem percebeu quando Alberico se levantou e, em seguida, seu amado se deparou com outra de suas namoradas. Pois \u00e9, Manuela tamb\u00e9m estava ali. Dizem que ela, a princ\u00edpio, ficou meio aborrecida por encontrar o Alberico naquele lugar. Entretanto, para evitar tamb\u00e9m dar explica\u00e7\u00f5es para o amante, preferiu se agarrar ao seu corpo e sambar. Sambaram, sambaram, at\u00e9 que os desejos afloraram e, em outro canto, se amaram, se amaram, se amaram.<\/p>\n<p>Que coincid\u00eancia tr\u00eas das namoradas do Alberico estarem no mesmo local ao mesmo tempo. Pois \u00e9, mas dizem que besteira pouca \u00e9 bobagem. Tanto \u00e9 que a Gorete e a Rosana tamb\u00e9m n\u00e3o quiseram perder o alvoro\u00e7o do Suvaco do Cristo, que, j\u00e1 naquela \u00e9poca, era um dos maiores blocos de carnaval do Rio de Janeiro.<\/p>\n<p>Ele esbarrou primeiro com a Gorete, talvez a mais ardente das suas cinco mulheres. Dizem que ela n\u00e3o se contentou com os dois desfiles que fizeram no canto. Gorete quis mais dois e, se Alberico ainda tivesse \u00e2nimo, provavelmente afinariam os instrumentos para ao menos outros tr\u00eas. Quase desfalecido, ele mal percebeu quando a mulher se levantou e foi se meter no meio da galera, que a arrastou.<\/p>\n<p>Alberico foi despertado pelo beijo da Rosana. Ele sorriu um sorriso cansado para a namorada, que lhe retribuiu com um beijo apaixonado. A mulher, n\u00e3o se sabe com que milagre, conseguiu fazer com que o amante tirasse for\u00e7as para mais um desfile. Ali\u00e1s, o derradeiro desfile de um dos maiores sambistas do carnaval carioca. J\u00e1 deitado, Alberico n\u00e3o mais conseguiu se levantar depois daquele \u00faltimo suspiro. Morreu ali mesmo naquele canto.<\/p>\n","protected":false},"excerpt":{"rendered":"<p>Alberico Entrudo, mal sabia, carregava os festejos carnavalescos no singular nome de fam\u00edlia. Entrudo! Talvez por isso, uma euforia tomava conta do seu corpo poucos dias antes do feriado prolongado, quando pulava dia e noite, noite e dia, madrugada adentro. Ele se esbaldava por inteiro e mais um tiquinho, caso houvesse espa\u00e7o para tanto. Carioca [&hellip;]<\/p>\n","protected":false},"author":2,"featured_media":313419,"comment_status":"closed","ping_status":"closed","sticky":false,"template":"","format":"standard","meta":{"_acf_changed":false,"footnotes":""},"categories":[161],"tags":[],"class_list":["post-313417","post","type-post","status-publish","format-standard","has-post-thumbnail","hentry","category-quadradinho-em-foco"],"acf":[],"yoast_head":"<!-- This site is optimized with the Yoast SEO plugin v27.2 - https:\/\/yoast.com\/product\/yoast-seo-wordpress\/ -->\n<title>Amor de carnaval some em caix\u00e3o de defunto - Notibras<\/title>\n<meta name=\"robots\" content=\"index, follow, max-snippet:-1, max-image-preview:large, max-video-preview:-1\" \/>\n<link rel=\"canonical\" href=\"https:\/\/www.notibras.com\/site\/amor-de-carnaval-some-em-caixao-de-defunto\/\" \/>\n<meta property=\"og:locale\" content=\"pt_BR\" \/>\n<meta property=\"og:type\" content=\"article\" \/>\n<meta property=\"og:title\" content=\"Amor de carnaval some em caix\u00e3o de defunto - Notibras\" \/>\n<meta property=\"og:description\" content=\"Alberico Entrudo, mal sabia, carregava os festejos carnavalescos no singular nome de fam\u00edlia. Entrudo! Talvez por isso, uma euforia tomava conta do seu corpo poucos dias antes do feriado prolongado, quando pulava dia e noite, noite e dia, madrugada adentro. Ele se esbaldava por inteiro e mais um tiquinho, caso houvesse espa\u00e7o para tanto. Carioca [&hellip;]\" \/>\n<meta property=\"og:url\" content=\"https:\/\/www.notibras.com\/site\/amor-de-carnaval-some-em-caixao-de-defunto\/\" \/>\n<meta property=\"og:site_name\" content=\"Notibras\" \/>\n<meta property=\"article:publisher\" content=\"https:\/\/www.facebook.com\/notibras\/\" \/>\n<meta property=\"article:published_time\" content=\"2023-09-24T08:26:04+00:00\" \/>\n<meta property=\"og:image\" content=\"https:\/\/www.notibras.com\/site\/wp-content\/uploads\/2023\/09\/DESENHO.jpg\" \/>\n\t<meta property=\"og:image:width\" content=\"956\" \/>\n\t<meta property=\"og:image:height\" content=\"500\" \/>\n\t<meta property=\"og:image:type\" content=\"image\/jpeg\" \/>\n<meta name=\"author\" content=\"Reda\u00e7\u00e3o\" \/>\n<meta name=\"twitter:card\" content=\"summary_large_image\" \/>\n<meta name=\"twitter:creator\" content=\"@Notibras\" \/>\n<meta name=\"twitter:site\" content=\"@Notibras\" \/>\n<meta name=\"twitter:label1\" content=\"Escrito por\" \/>\n\t<meta name=\"twitter:data1\" content=\"Reda\u00e7\u00e3o\" \/>\n\t<meta name=\"twitter:label2\" content=\"Est. tempo de leitura\" \/>\n\t<meta name=\"twitter:data2\" content=\"7 minutos\" \/>\n<script type=\"application\/ld+json\" class=\"yoast-schema-graph\">{\"@context\":\"https:\/\/schema.org\",\"@graph\":[{\"@type\":\"Article\",\"@id\":\"https:\/\/www.notibras.com\/site\/amor-de-carnaval-some-em-caixao-de-defunto\/#article\",\"isPartOf\":{\"@id\":\"https:\/\/www.notibras.com\/site\/amor-de-carnaval-some-em-caixao-de-defunto\/\"},\"author\":{\"name\":\"Reda\u00e7\u00e3o\",\"@id\":\"https:\/\/www.notibras.com\/site\/#\/schema\/person\/36ab0979449956132d3e5b517ea76ac8\"},\"headline\":\"Amor de carnaval some em caix\u00e3o de defunto\",\"datePublished\":\"2023-09-24T08:26:04+00:00\",\"mainEntityOfPage\":{\"@id\":\"https:\/\/www.notibras.com\/site\/amor-de-carnaval-some-em-caixao-de-defunto\/\"},\"wordCount\":1215,\"publisher\":{\"@id\":\"https:\/\/www.notibras.com\/site\/#organization\"},\"image\":{\"@id\":\"https:\/\/www.notibras.com\/site\/amor-de-carnaval-some-em-caixao-de-defunto\/#primaryimage\"},\"thumbnailUrl\":\"https:\/\/www.notibras.com\/site\/wp-content\/uploads\/2023\/09\/DESENHO.jpg\",\"articleSection\":[\"Quadradinho em Foco\"],\"inLanguage\":\"pt-BR\"},{\"@type\":\"WebPage\",\"@id\":\"https:\/\/www.notibras.com\/site\/amor-de-carnaval-some-em-caixao-de-defunto\/\",\"url\":\"https:\/\/www.notibras.com\/site\/amor-de-carnaval-some-em-caixao-de-defunto\/\",\"name\":\"Amor de carnaval some em caix\u00e3o de defunto - Notibras\",\"isPartOf\":{\"@id\":\"https:\/\/www.notibras.com\/site\/#website\"},\"primaryImageOfPage\":{\"@id\":\"https:\/\/www.notibras.com\/site\/amor-de-carnaval-some-em-caixao-de-defunto\/#primaryimage\"},\"image\":{\"@id\":\"https:\/\/www.notibras.com\/site\/amor-de-carnaval-some-em-caixao-de-defunto\/#primaryimage\"},\"thumbnailUrl\":\"https:\/\/www.notibras.com\/site\/wp-content\/uploads\/2023\/09\/DESENHO.jpg\",\"datePublished\":\"2023-09-24T08:26:04+00:00\",\"breadcrumb\":{\"@id\":\"https:\/\/www.notibras.com\/site\/amor-de-carnaval-some-em-caixao-de-defunto\/#breadcrumb\"},\"inLanguage\":\"pt-BR\",\"potentialAction\":[{\"@type\":\"ReadAction\",\"target\":[\"https:\/\/www.notibras.com\/site\/amor-de-carnaval-some-em-caixao-de-defunto\/\"]}]},{\"@type\":\"ImageObject\",\"inLanguage\":\"pt-BR\",\"@id\":\"https:\/\/www.notibras.com\/site\/amor-de-carnaval-some-em-caixao-de-defunto\/#primaryimage\",\"url\":\"https:\/\/www.notibras.com\/site\/wp-content\/uploads\/2023\/09\/DESENHO.jpg\",\"contentUrl\":\"https:\/\/www.notibras.com\/site\/wp-content\/uploads\/2023\/09\/DESENHO.jpg\",\"width\":956,\"height\":500},{\"@type\":\"BreadcrumbList\",\"@id\":\"https:\/\/www.notibras.com\/site\/amor-de-carnaval-some-em-caixao-de-defunto\/#breadcrumb\",\"itemListElement\":[{\"@type\":\"ListItem\",\"position\":1,\"name\":\"In\u00edcio\",\"item\":\"https:\/\/www.notibras.com\/site\/\"},{\"@type\":\"ListItem\",\"position\":2,\"name\":\"Amor de carnaval some em caix\u00e3o de defunto\"}]},{\"@type\":\"WebSite\",\"@id\":\"https:\/\/www.notibras.com\/site\/#website\",\"url\":\"https:\/\/www.notibras.com\/site\/\",\"name\":\"Notibras\",\"description\":\"Not\u00edcias de Bras\u00edlia, do Brasil e do Mundo\",\"publisher\":{\"@id\":\"https:\/\/www.notibras.com\/site\/#organization\"},\"potentialAction\":[{\"@type\":\"SearchAction\",\"target\":{\"@type\":\"EntryPoint\",\"urlTemplate\":\"https:\/\/www.notibras.com\/site\/?s={search_term_string}\"},\"query-input\":{\"@type\":\"PropertyValueSpecification\",\"valueRequired\":true,\"valueName\":\"search_term_string\"}}],\"inLanguage\":\"pt-BR\"},{\"@type\":\"Organization\",\"@id\":\"https:\/\/www.notibras.com\/site\/#organization\",\"name\":\"Grupo Notibras de Comunica\u00e7\u00e3o\",\"url\":\"https:\/\/www.notibras.com\/site\/\",\"logo\":{\"@type\":\"ImageObject\",\"inLanguage\":\"pt-BR\",\"@id\":\"https:\/\/www.notibras.com\/site\/#\/schema\/logo\/image\/\",\"url\":\"https:\/\/www.notibras.com\/site\/wp-content\/uploads\/2023\/01\/notibras23.png\",\"contentUrl\":\"https:\/\/www.notibras.com\/site\/wp-content\/uploads\/2023\/01\/notibras23.png\",\"width\":350,\"height\":87,\"caption\":\"Grupo Notibras de Comunica\u00e7\u00e3o\"},\"image\":{\"@id\":\"https:\/\/www.notibras.com\/site\/#\/schema\/logo\/image\/\"},\"sameAs\":[\"https:\/\/www.facebook.com\/notibras\/\",\"https:\/\/x.com\/Notibras\",\"https:\/\/www.instagram.com\/notibras\/\"]},{\"@type\":\"Person\",\"@id\":\"https:\/\/www.notibras.com\/site\/#\/schema\/person\/36ab0979449956132d3e5b517ea76ac8\",\"name\":\"Reda\u00e7\u00e3o\",\"image\":{\"@type\":\"ImageObject\",\"inLanguage\":\"pt-BR\",\"@id\":\"https:\/\/secure.gravatar.com\/avatar\/e0a867bdedb85fd243eadf09663511f96fc81e0720a4a42581f334ad4303aa6b?s=96&d=mm&r=g\",\"url\":\"https:\/\/secure.gravatar.com\/avatar\/e0a867bdedb85fd243eadf09663511f96fc81e0720a4a42581f334ad4303aa6b?s=96&d=mm&r=g\",\"contentUrl\":\"https:\/\/secure.gravatar.com\/avatar\/e0a867bdedb85fd243eadf09663511f96fc81e0720a4a42581f334ad4303aa6b?s=96&d=mm&r=g\",\"caption\":\"Reda\u00e7\u00e3o\"}}]}<\/script>\n<!-- \/ Yoast SEO plugin. -->","yoast_head_json":{"title":"Amor de carnaval some em caix\u00e3o de defunto - Notibras","robots":{"index":"index","follow":"follow","max-snippet":"max-snippet:-1","max-image-preview":"max-image-preview:large","max-video-preview":"max-video-preview:-1"},"canonical":"https:\/\/www.notibras.com\/site\/amor-de-carnaval-some-em-caixao-de-defunto\/","og_locale":"pt_BR","og_type":"article","og_title":"Amor de carnaval some em caix\u00e3o de defunto - Notibras","og_description":"Alberico Entrudo, mal sabia, carregava os festejos carnavalescos no singular nome de fam\u00edlia. Entrudo! Talvez por isso, uma euforia tomava conta do seu corpo poucos dias antes do feriado prolongado, quando pulava dia e noite, noite e dia, madrugada adentro. Ele se esbaldava por inteiro e mais um tiquinho, caso houvesse espa\u00e7o para tanto. Carioca [&hellip;]","og_url":"https:\/\/www.notibras.com\/site\/amor-de-carnaval-some-em-caixao-de-defunto\/","og_site_name":"Notibras","article_publisher":"https:\/\/www.facebook.com\/notibras\/","article_published_time":"2023-09-24T08:26:04+00:00","og_image":[{"width":956,"height":500,"url":"https:\/\/www.notibras.com\/site\/wp-content\/uploads\/2023\/09\/DESENHO.jpg","type":"image\/jpeg"}],"author":"Reda\u00e7\u00e3o","twitter_card":"summary_large_image","twitter_creator":"@Notibras","twitter_site":"@Notibras","twitter_misc":{"Escrito por":"Reda\u00e7\u00e3o","Est. tempo de leitura":"7 minutos"},"schema":{"@context":"https:\/\/schema.org","@graph":[{"@type":"Article","@id":"https:\/\/www.notibras.com\/site\/amor-de-carnaval-some-em-caixao-de-defunto\/#article","isPartOf":{"@id":"https:\/\/www.notibras.com\/site\/amor-de-carnaval-some-em-caixao-de-defunto\/"},"author":{"name":"Reda\u00e7\u00e3o","@id":"https:\/\/www.notibras.com\/site\/#\/schema\/person\/36ab0979449956132d3e5b517ea76ac8"},"headline":"Amor de carnaval some em caix\u00e3o de defunto","datePublished":"2023-09-24T08:26:04+00:00","mainEntityOfPage":{"@id":"https:\/\/www.notibras.com\/site\/amor-de-carnaval-some-em-caixao-de-defunto\/"},"wordCount":1215,"publisher":{"@id":"https:\/\/www.notibras.com\/site\/#organization"},"image":{"@id":"https:\/\/www.notibras.com\/site\/amor-de-carnaval-some-em-caixao-de-defunto\/#primaryimage"},"thumbnailUrl":"https:\/\/www.notibras.com\/site\/wp-content\/uploads\/2023\/09\/DESENHO.jpg","articleSection":["Quadradinho em Foco"],"inLanguage":"pt-BR"},{"@type":"WebPage","@id":"https:\/\/www.notibras.com\/site\/amor-de-carnaval-some-em-caixao-de-defunto\/","url":"https:\/\/www.notibras.com\/site\/amor-de-carnaval-some-em-caixao-de-defunto\/","name":"Amor de carnaval some em caix\u00e3o de defunto - Notibras","isPartOf":{"@id":"https:\/\/www.notibras.com\/site\/#website"},"primaryImageOfPage":{"@id":"https:\/\/www.notibras.com\/site\/amor-de-carnaval-some-em-caixao-de-defunto\/#primaryimage"},"image":{"@id":"https:\/\/www.notibras.com\/site\/amor-de-carnaval-some-em-caixao-de-defunto\/#primaryimage"},"thumbnailUrl":"https:\/\/www.notibras.com\/site\/wp-content\/uploads\/2023\/09\/DESENHO.jpg","datePublished":"2023-09-24T08:26:04+00:00","breadcrumb":{"@id":"https:\/\/www.notibras.com\/site\/amor-de-carnaval-some-em-caixao-de-defunto\/#breadcrumb"},"inLanguage":"pt-BR","potentialAction":[{"@type":"ReadAction","target":["https:\/\/www.notibras.com\/site\/amor-de-carnaval-some-em-caixao-de-defunto\/"]}]},{"@type":"ImageObject","inLanguage":"pt-BR","@id":"https:\/\/www.notibras.com\/site\/amor-de-carnaval-some-em-caixao-de-defunto\/#primaryimage","url":"https:\/\/www.notibras.com\/site\/wp-content\/uploads\/2023\/09\/DESENHO.jpg","contentUrl":"https:\/\/www.notibras.com\/site\/wp-content\/uploads\/2023\/09\/DESENHO.jpg","width":956,"height":500},{"@type":"BreadcrumbList","@id":"https:\/\/www.notibras.com\/site\/amor-de-carnaval-some-em-caixao-de-defunto\/#breadcrumb","itemListElement":[{"@type":"ListItem","position":1,"name":"In\u00edcio","item":"https:\/\/www.notibras.com\/site\/"},{"@type":"ListItem","position":2,"name":"Amor de carnaval some em caix\u00e3o de defunto"}]},{"@type":"WebSite","@id":"https:\/\/www.notibras.com\/site\/#website","url":"https:\/\/www.notibras.com\/site\/","name":"Notibras","description":"Not\u00edcias de Bras\u00edlia, do Brasil e do Mundo","publisher":{"@id":"https:\/\/www.notibras.com\/site\/#organization"},"potentialAction":[{"@type":"SearchAction","target":{"@type":"EntryPoint","urlTemplate":"https:\/\/www.notibras.com\/site\/?s={search_term_string}"},"query-input":{"@type":"PropertyValueSpecification","valueRequired":true,"valueName":"search_term_string"}}],"inLanguage":"pt-BR"},{"@type":"Organization","@id":"https:\/\/www.notibras.com\/site\/#organization","name":"Grupo Notibras de Comunica\u00e7\u00e3o","url":"https:\/\/www.notibras.com\/site\/","logo":{"@type":"ImageObject","inLanguage":"pt-BR","@id":"https:\/\/www.notibras.com\/site\/#\/schema\/logo\/image\/","url":"https:\/\/www.notibras.com\/site\/wp-content\/uploads\/2023\/01\/notibras23.png","contentUrl":"https:\/\/www.notibras.com\/site\/wp-content\/uploads\/2023\/01\/notibras23.png","width":350,"height":87,"caption":"Grupo Notibras de Comunica\u00e7\u00e3o"},"image":{"@id":"https:\/\/www.notibras.com\/site\/#\/schema\/logo\/image\/"},"sameAs":["https:\/\/www.facebook.com\/notibras\/","https:\/\/x.com\/Notibras","https:\/\/www.instagram.com\/notibras\/"]},{"@type":"Person","@id":"https:\/\/www.notibras.com\/site\/#\/schema\/person\/36ab0979449956132d3e5b517ea76ac8","name":"Reda\u00e7\u00e3o","image":{"@type":"ImageObject","inLanguage":"pt-BR","@id":"https:\/\/secure.gravatar.com\/avatar\/e0a867bdedb85fd243eadf09663511f96fc81e0720a4a42581f334ad4303aa6b?s=96&d=mm&r=g","url":"https:\/\/secure.gravatar.com\/avatar\/e0a867bdedb85fd243eadf09663511f96fc81e0720a4a42581f334ad4303aa6b?s=96&d=mm&r=g","contentUrl":"https:\/\/secure.gravatar.com\/avatar\/e0a867bdedb85fd243eadf09663511f96fc81e0720a4a42581f334ad4303aa6b?s=96&d=mm&r=g","caption":"Reda\u00e7\u00e3o"}}]}},"amp_enabled":true,"_links":{"self":[{"href":"https:\/\/www.notibras.com\/site\/wp-json\/wp\/v2\/posts\/313417","targetHints":{"allow":["GET"]}}],"collection":[{"href":"https:\/\/www.notibras.com\/site\/wp-json\/wp\/v2\/posts"}],"about":[{"href":"https:\/\/www.notibras.com\/site\/wp-json\/wp\/v2\/types\/post"}],"author":[{"embeddable":true,"href":"https:\/\/www.notibras.com\/site\/wp-json\/wp\/v2\/users\/2"}],"replies":[{"embeddable":true,"href":"https:\/\/www.notibras.com\/site\/wp-json\/wp\/v2\/comments?post=313417"}],"version-history":[{"count":1,"href":"https:\/\/www.notibras.com\/site\/wp-json\/wp\/v2\/posts\/313417\/revisions"}],"predecessor-version":[{"id":313420,"href":"https:\/\/www.notibras.com\/site\/wp-json\/wp\/v2\/posts\/313417\/revisions\/313420"}],"wp:featuredmedia":[{"embeddable":true,"href":"https:\/\/www.notibras.com\/site\/wp-json\/wp\/v2\/media\/313419"}],"wp:attachment":[{"href":"https:\/\/www.notibras.com\/site\/wp-json\/wp\/v2\/media?parent=313417"}],"wp:term":[{"taxonomy":"category","embeddable":true,"href":"https:\/\/www.notibras.com\/site\/wp-json\/wp\/v2\/categories?post=313417"},{"taxonomy":"post_tag","embeddable":true,"href":"https:\/\/www.notibras.com\/site\/wp-json\/wp\/v2\/tags?post=313417"}],"curies":[{"name":"wp","href":"https:\/\/api.w.org\/{rel}","templated":true}]}}