{"id":313424,"date":"2023-09-25T07:25:39","date_gmt":"2023-09-25T10:25:39","guid":{"rendered":"https:\/\/www.notibras.com\/site\/?p=313424"},"modified":"2023-09-25T07:25:39","modified_gmt":"2023-09-25T10:25:39","slug":"buldogue-faz-vezes-de-filha-e-toma-lugar-na-cama","status":"publish","type":"post","link":"https:\/\/www.notibras.com\/site\/buldogue-faz-vezes-de-filha-e-toma-lugar-na-cama\/","title":{"rendered":"Buldogue faz vezes de filha e toma lugar na cama"},"content":{"rendered":"<p>Aquela buldogue havia sido um presente de casamento. Madalena, que ainda n\u00e3o era m\u00e3e, se sentiu como se fosse, tamanha a afinidade que lhe despertou ao se deparar com aquele cativante focinho achatado. A atra\u00e7\u00e3o, diga-se de passagem, foi rec\u00edproca, tanto \u00e9 que o enciumado Jonas, a princ\u00edpio, pensou que tal regalo teria sido um equ\u00edvoco. Todavia, n\u00e3o demorou, tamb\u00e9m foi conquistado por aquele nariz gelado na sua orelha.<\/p>\n<p>Apesar das in\u00fameras tentativas do homem de se tornar o queridinho da cadelinha, esta sempre preferia a companhia da esposa. &#8220;Olha como a Bluiblui gosta do meu colo, amor!&#8221; Jonas lan\u00e7ava um olhar torto em dire\u00e7\u00e3o \u00e0 cachorra, at\u00e9 que terminava por soltar um suspiro de puro encantamento. Afinal, como era poss\u00edvel algu\u00e9m n\u00e3o ficar apaixonado por aquela coisinha mais fofa?<\/p>\n<p>Madalena adorava encher a buldogue de mimos. Era bolinha daqui, ossinho dali. No entanto, o que a Blublui mais amava eram os biscoitos caninos de sabores diversos. Mas n\u00e3o pense voc\u00ea que ela os devorava na mesma hora. N\u00e3o mesmo! Precavida como ela s\u00f3, gostava de enterr\u00e1-los debaixo do tapete da sala, talvez esperando por dias de vacas magras.<\/p>\n<p>Durante os passeios di\u00e1rios, a cadela corria como doida varrida em dire\u00e7\u00e3o ao Lobinho, um vira-lata que morava debaixo de uma goiabeira. Contudo, at\u00e9 onde se sabe, o cachorro n\u00e3o degustava as goiabas, mas adorava se deitar ao lado da Blublui, enquanto os passarinhos bicavam os frutos. N\u00e3o se pode afirmar se pensavam em ca\u00e7ar os gulosos, mas, de vez em quando, saltavam tentando alcan\u00e7\u00e1-los. Sem sucesso, para al\u00edvio de Madalena, que a tudo observava.<\/p>\n<p>N\u00e3o tardava, um grupo de crian\u00e7as se aproximava da Bluiblui, que saltava parecendo mola. Lobinho, mais arredio, aproveitava a ocasi\u00e3o e ia buscar um peda\u00e7o de qualquer sandu\u00edche abandonado por algu\u00e9m enfastiado. A cadela, depois de bons minutos ao lado daqueles filhotes de seres humanos, ouvia o assobio da tutora. Era o fim da brincadeira.<\/p>\n<p>Essa rotina intensa fazia com que, ao final do dia, as energias se esva\u00edssem do corpo da buldogue. Hora de dormir, ela se deitava aos p\u00e9s de Madalena na enorme cama de casal. Entretanto, de madrugada, a Bluiblui ainda guardava uma carta na manga.<\/p>\n<p>Invariavelmente, Jonas se levantava para esvaziar a bexiga. Coitado! Assim que retornava para a cama, eis que a cachorra havia lhe tomado o lugar. Sem coragem para acordar a Bluiblui, o homem se deitava aos p\u00e9s da esposa. Sem demora, acabava adormecendo ouvindo o ronco dorminhoco da sua filha de quatro patas. E era dessa maneira que acontecia. E tudo ficava bem.<\/p>\n","protected":false},"excerpt":{"rendered":"<p>Aquela buldogue havia sido um presente de casamento. Madalena, que ainda n\u00e3o era m\u00e3e, se sentiu como se fosse, tamanha a afinidade que lhe despertou ao se deparar com aquele cativante focinho achatado. A atra\u00e7\u00e3o, diga-se de passagem, foi rec\u00edproca, tanto \u00e9 que o enciumado Jonas, a princ\u00edpio, pensou que tal regalo teria sido um [&hellip;]<\/p>\n","protected":false},"author":2,"featured_media":313425,"comment_status":"closed","ping_status":"closed","sticky":false,"template":"","format":"standard","meta":{"_acf_changed":false,"footnotes":""},"categories":[161],"tags":[],"class_list":["post-313424","post","type-post","status-publish","format-standard","has-post-thumbnail","hentry","category-quadradinho-em-foco"],"acf":[],"yoast_head":"<!-- This site is optimized with the Yoast SEO plugin v27.2 - https:\/\/yoast.com\/product\/yoast-seo-wordpress\/ -->\n<title>Buldogue faz vezes de filha e toma lugar na cama - Notibras<\/title>\n<meta name=\"robots\" content=\"index, follow, max-snippet:-1, max-image-preview:large, max-video-preview:-1\" \/>\n<link rel=\"canonical\" href=\"https:\/\/www.notibras.com\/site\/buldogue-faz-vezes-de-filha-e-toma-lugar-na-cama\/\" \/>\n<meta property=\"og:locale\" content=\"pt_BR\" \/>\n<meta property=\"og:type\" content=\"article\" \/>\n<meta property=\"og:title\" content=\"Buldogue faz vezes de filha e toma lugar na cama - Notibras\" \/>\n<meta property=\"og:description\" content=\"Aquela buldogue havia sido um presente de casamento. Madalena, que ainda n\u00e3o era m\u00e3e, se sentiu como se fosse, tamanha a afinidade que lhe despertou ao se deparar com aquele cativante focinho achatado. A atra\u00e7\u00e3o, diga-se de passagem, foi rec\u00edproca, tanto \u00e9 que o enciumado Jonas, a princ\u00edpio, pensou que tal regalo teria sido um [&hellip;]\" \/>\n<meta property=\"og:url\" content=\"https:\/\/www.notibras.com\/site\/buldogue-faz-vezes-de-filha-e-toma-lugar-na-cama\/\" \/>\n<meta property=\"og:site_name\" content=\"Notibras\" \/>\n<meta property=\"article:publisher\" content=\"https:\/\/www.facebook.com\/notibras\/\" \/>\n<meta property=\"article:published_time\" content=\"2023-09-25T10:25:39+00:00\" \/>\n<meta property=\"og:image\" content=\"https:\/\/www.notibras.com\/site\/wp-content\/uploads\/2023\/09\/e500cd9a-65f7-49ef-84e9-c03bff5b82d2.jpg\" \/>\n\t<meta property=\"og:image:width\" content=\"1024\" \/>\n\t<meta property=\"og:image:height\" content=\"768\" \/>\n\t<meta property=\"og:image:type\" content=\"image\/jpeg\" \/>\n<meta name=\"author\" content=\"Reda\u00e7\u00e3o\" \/>\n<meta name=\"twitter:card\" content=\"summary_large_image\" \/>\n<meta name=\"twitter:creator\" content=\"@Notibras\" \/>\n<meta name=\"twitter:site\" content=\"@Notibras\" \/>\n<meta name=\"twitter:label1\" content=\"Escrito por\" \/>\n\t<meta name=\"twitter:data1\" content=\"Reda\u00e7\u00e3o\" \/>\n\t<meta name=\"twitter:label2\" content=\"Est. tempo de leitura\" \/>\n\t<meta name=\"twitter:data2\" content=\"3 minutos\" \/>\n<script type=\"application\/ld+json\" class=\"yoast-schema-graph\">{\"@context\":\"https:\/\/schema.org\",\"@graph\":[{\"@type\":\"Article\",\"@id\":\"https:\/\/www.notibras.com\/site\/buldogue-faz-vezes-de-filha-e-toma-lugar-na-cama\/#article\",\"isPartOf\":{\"@id\":\"https:\/\/www.notibras.com\/site\/buldogue-faz-vezes-de-filha-e-toma-lugar-na-cama\/\"},\"author\":{\"name\":\"Reda\u00e7\u00e3o\",\"@id\":\"https:\/\/www.notibras.com\/site\/#\/schema\/person\/36ab0979449956132d3e5b517ea76ac8\"},\"headline\":\"Buldogue faz vezes de filha e toma lugar na cama\",\"datePublished\":\"2023-09-25T10:25:39+00:00\",\"mainEntityOfPage\":{\"@id\":\"https:\/\/www.notibras.com\/site\/buldogue-faz-vezes-de-filha-e-toma-lugar-na-cama\/\"},\"wordCount\":466,\"publisher\":{\"@id\":\"https:\/\/www.notibras.com\/site\/#organization\"},\"image\":{\"@id\":\"https:\/\/www.notibras.com\/site\/buldogue-faz-vezes-de-filha-e-toma-lugar-na-cama\/#primaryimage\"},\"thumbnailUrl\":\"https:\/\/www.notibras.com\/site\/wp-content\/uploads\/2023\/09\/e500cd9a-65f7-49ef-84e9-c03bff5b82d2.jpg\",\"articleSection\":[\"Quadradinho em Foco\"],\"inLanguage\":\"pt-BR\"},{\"@type\":\"WebPage\",\"@id\":\"https:\/\/www.notibras.com\/site\/buldogue-faz-vezes-de-filha-e-toma-lugar-na-cama\/\",\"url\":\"https:\/\/www.notibras.com\/site\/buldogue-faz-vezes-de-filha-e-toma-lugar-na-cama\/\",\"name\":\"Buldogue faz vezes de filha e toma lugar na cama - Notibras\",\"isPartOf\":{\"@id\":\"https:\/\/www.notibras.com\/site\/#website\"},\"primaryImageOfPage\":{\"@id\":\"https:\/\/www.notibras.com\/site\/buldogue-faz-vezes-de-filha-e-toma-lugar-na-cama\/#primaryimage\"},\"image\":{\"@id\":\"https:\/\/www.notibras.com\/site\/buldogue-faz-vezes-de-filha-e-toma-lugar-na-cama\/#primaryimage\"},\"thumbnailUrl\":\"https:\/\/www.notibras.com\/site\/wp-content\/uploads\/2023\/09\/e500cd9a-65f7-49ef-84e9-c03bff5b82d2.jpg\",\"datePublished\":\"2023-09-25T10:25:39+00:00\",\"breadcrumb\":{\"@id\":\"https:\/\/www.notibras.com\/site\/buldogue-faz-vezes-de-filha-e-toma-lugar-na-cama\/#breadcrumb\"},\"inLanguage\":\"pt-BR\",\"potentialAction\":[{\"@type\":\"ReadAction\",\"target\":[\"https:\/\/www.notibras.com\/site\/buldogue-faz-vezes-de-filha-e-toma-lugar-na-cama\/\"]}]},{\"@type\":\"ImageObject\",\"inLanguage\":\"pt-BR\",\"@id\":\"https:\/\/www.notibras.com\/site\/buldogue-faz-vezes-de-filha-e-toma-lugar-na-cama\/#primaryimage\",\"url\":\"https:\/\/www.notibras.com\/site\/wp-content\/uploads\/2023\/09\/e500cd9a-65f7-49ef-84e9-c03bff5b82d2.jpg\",\"contentUrl\":\"https:\/\/www.notibras.com\/site\/wp-content\/uploads\/2023\/09\/e500cd9a-65f7-49ef-84e9-c03bff5b82d2.jpg\",\"width\":1024,\"height\":768},{\"@type\":\"BreadcrumbList\",\"@id\":\"https:\/\/www.notibras.com\/site\/buldogue-faz-vezes-de-filha-e-toma-lugar-na-cama\/#breadcrumb\",\"itemListElement\":[{\"@type\":\"ListItem\",\"position\":1,\"name\":\"In\u00edcio\",\"item\":\"https:\/\/www.notibras.com\/site\/\"},{\"@type\":\"ListItem\",\"position\":2,\"name\":\"Buldogue faz vezes de filha e toma lugar na cama\"}]},{\"@type\":\"WebSite\",\"@id\":\"https:\/\/www.notibras.com\/site\/#website\",\"url\":\"https:\/\/www.notibras.com\/site\/\",\"name\":\"Notibras\",\"description\":\"Not\u00edcias de Bras\u00edlia, do Brasil e do Mundo\",\"publisher\":{\"@id\":\"https:\/\/www.notibras.com\/site\/#organization\"},\"potentialAction\":[{\"@type\":\"SearchAction\",\"target\":{\"@type\":\"EntryPoint\",\"urlTemplate\":\"https:\/\/www.notibras.com\/site\/?s={search_term_string}\"},\"query-input\":{\"@type\":\"PropertyValueSpecification\",\"valueRequired\":true,\"valueName\":\"search_term_string\"}}],\"inLanguage\":\"pt-BR\"},{\"@type\":\"Organization\",\"@id\":\"https:\/\/www.notibras.com\/site\/#organization\",\"name\":\"Grupo Notibras de Comunica\u00e7\u00e3o\",\"url\":\"https:\/\/www.notibras.com\/site\/\",\"logo\":{\"@type\":\"ImageObject\",\"inLanguage\":\"pt-BR\",\"@id\":\"https:\/\/www.notibras.com\/site\/#\/schema\/logo\/image\/\",\"url\":\"https:\/\/www.notibras.com\/site\/wp-content\/uploads\/2023\/01\/notibras23.png\",\"contentUrl\":\"https:\/\/www.notibras.com\/site\/wp-content\/uploads\/2023\/01\/notibras23.png\",\"width\":350,\"height\":87,\"caption\":\"Grupo Notibras de Comunica\u00e7\u00e3o\"},\"image\":{\"@id\":\"https:\/\/www.notibras.com\/site\/#\/schema\/logo\/image\/\"},\"sameAs\":[\"https:\/\/www.facebook.com\/notibras\/\",\"https:\/\/x.com\/Notibras\",\"https:\/\/www.instagram.com\/notibras\/\"]},{\"@type\":\"Person\",\"@id\":\"https:\/\/www.notibras.com\/site\/#\/schema\/person\/36ab0979449956132d3e5b517ea76ac8\",\"name\":\"Reda\u00e7\u00e3o\",\"image\":{\"@type\":\"ImageObject\",\"inLanguage\":\"pt-BR\",\"@id\":\"https:\/\/secure.gravatar.com\/avatar\/e0a867bdedb85fd243eadf09663511f96fc81e0720a4a42581f334ad4303aa6b?s=96&d=mm&r=g\",\"url\":\"https:\/\/secure.gravatar.com\/avatar\/e0a867bdedb85fd243eadf09663511f96fc81e0720a4a42581f334ad4303aa6b?s=96&d=mm&r=g\",\"contentUrl\":\"https:\/\/secure.gravatar.com\/avatar\/e0a867bdedb85fd243eadf09663511f96fc81e0720a4a42581f334ad4303aa6b?s=96&d=mm&r=g\",\"caption\":\"Reda\u00e7\u00e3o\"}}]}<\/script>\n<!-- \/ Yoast SEO plugin. -->","yoast_head_json":{"title":"Buldogue faz vezes de filha e toma lugar na cama - Notibras","robots":{"index":"index","follow":"follow","max-snippet":"max-snippet:-1","max-image-preview":"max-image-preview:large","max-video-preview":"max-video-preview:-1"},"canonical":"https:\/\/www.notibras.com\/site\/buldogue-faz-vezes-de-filha-e-toma-lugar-na-cama\/","og_locale":"pt_BR","og_type":"article","og_title":"Buldogue faz vezes de filha e toma lugar na cama - Notibras","og_description":"Aquela buldogue havia sido um presente de casamento. Madalena, que ainda n\u00e3o era m\u00e3e, se sentiu como se fosse, tamanha a afinidade que lhe despertou ao se deparar com aquele cativante focinho achatado. A atra\u00e7\u00e3o, diga-se de passagem, foi rec\u00edproca, tanto \u00e9 que o enciumado Jonas, a princ\u00edpio, pensou que tal regalo teria sido um [&hellip;]","og_url":"https:\/\/www.notibras.com\/site\/buldogue-faz-vezes-de-filha-e-toma-lugar-na-cama\/","og_site_name":"Notibras","article_publisher":"https:\/\/www.facebook.com\/notibras\/","article_published_time":"2023-09-25T10:25:39+00:00","og_image":[{"width":1024,"height":768,"url":"https:\/\/www.notibras.com\/site\/wp-content\/uploads\/2023\/09\/e500cd9a-65f7-49ef-84e9-c03bff5b82d2.jpg","type":"image\/jpeg"}],"author":"Reda\u00e7\u00e3o","twitter_card":"summary_large_image","twitter_creator":"@Notibras","twitter_site":"@Notibras","twitter_misc":{"Escrito por":"Reda\u00e7\u00e3o","Est. tempo de leitura":"3 minutos"},"schema":{"@context":"https:\/\/schema.org","@graph":[{"@type":"Article","@id":"https:\/\/www.notibras.com\/site\/buldogue-faz-vezes-de-filha-e-toma-lugar-na-cama\/#article","isPartOf":{"@id":"https:\/\/www.notibras.com\/site\/buldogue-faz-vezes-de-filha-e-toma-lugar-na-cama\/"},"author":{"name":"Reda\u00e7\u00e3o","@id":"https:\/\/www.notibras.com\/site\/#\/schema\/person\/36ab0979449956132d3e5b517ea76ac8"},"headline":"Buldogue faz vezes de filha e toma lugar na cama","datePublished":"2023-09-25T10:25:39+00:00","mainEntityOfPage":{"@id":"https:\/\/www.notibras.com\/site\/buldogue-faz-vezes-de-filha-e-toma-lugar-na-cama\/"},"wordCount":466,"publisher":{"@id":"https:\/\/www.notibras.com\/site\/#organization"},"image":{"@id":"https:\/\/www.notibras.com\/site\/buldogue-faz-vezes-de-filha-e-toma-lugar-na-cama\/#primaryimage"},"thumbnailUrl":"https:\/\/www.notibras.com\/site\/wp-content\/uploads\/2023\/09\/e500cd9a-65f7-49ef-84e9-c03bff5b82d2.jpg","articleSection":["Quadradinho em Foco"],"inLanguage":"pt-BR"},{"@type":"WebPage","@id":"https:\/\/www.notibras.com\/site\/buldogue-faz-vezes-de-filha-e-toma-lugar-na-cama\/","url":"https:\/\/www.notibras.com\/site\/buldogue-faz-vezes-de-filha-e-toma-lugar-na-cama\/","name":"Buldogue faz vezes de filha e toma lugar na cama - Notibras","isPartOf":{"@id":"https:\/\/www.notibras.com\/site\/#website"},"primaryImageOfPage":{"@id":"https:\/\/www.notibras.com\/site\/buldogue-faz-vezes-de-filha-e-toma-lugar-na-cama\/#primaryimage"},"image":{"@id":"https:\/\/www.notibras.com\/site\/buldogue-faz-vezes-de-filha-e-toma-lugar-na-cama\/#primaryimage"},"thumbnailUrl":"https:\/\/www.notibras.com\/site\/wp-content\/uploads\/2023\/09\/e500cd9a-65f7-49ef-84e9-c03bff5b82d2.jpg","datePublished":"2023-09-25T10:25:39+00:00","breadcrumb":{"@id":"https:\/\/www.notibras.com\/site\/buldogue-faz-vezes-de-filha-e-toma-lugar-na-cama\/#breadcrumb"},"inLanguage":"pt-BR","potentialAction":[{"@type":"ReadAction","target":["https:\/\/www.notibras.com\/site\/buldogue-faz-vezes-de-filha-e-toma-lugar-na-cama\/"]}]},{"@type":"ImageObject","inLanguage":"pt-BR","@id":"https:\/\/www.notibras.com\/site\/buldogue-faz-vezes-de-filha-e-toma-lugar-na-cama\/#primaryimage","url":"https:\/\/www.notibras.com\/site\/wp-content\/uploads\/2023\/09\/e500cd9a-65f7-49ef-84e9-c03bff5b82d2.jpg","contentUrl":"https:\/\/www.notibras.com\/site\/wp-content\/uploads\/2023\/09\/e500cd9a-65f7-49ef-84e9-c03bff5b82d2.jpg","width":1024,"height":768},{"@type":"BreadcrumbList","@id":"https:\/\/www.notibras.com\/site\/buldogue-faz-vezes-de-filha-e-toma-lugar-na-cama\/#breadcrumb","itemListElement":[{"@type":"ListItem","position":1,"name":"In\u00edcio","item":"https:\/\/www.notibras.com\/site\/"},{"@type":"ListItem","position":2,"name":"Buldogue faz vezes de filha e toma lugar na cama"}]},{"@type":"WebSite","@id":"https:\/\/www.notibras.com\/site\/#website","url":"https:\/\/www.notibras.com\/site\/","name":"Notibras","description":"Not\u00edcias de Bras\u00edlia, do Brasil e do Mundo","publisher":{"@id":"https:\/\/www.notibras.com\/site\/#organization"},"potentialAction":[{"@type":"SearchAction","target":{"@type":"EntryPoint","urlTemplate":"https:\/\/www.notibras.com\/site\/?s={search_term_string}"},"query-input":{"@type":"PropertyValueSpecification","valueRequired":true,"valueName":"search_term_string"}}],"inLanguage":"pt-BR"},{"@type":"Organization","@id":"https:\/\/www.notibras.com\/site\/#organization","name":"Grupo Notibras de Comunica\u00e7\u00e3o","url":"https:\/\/www.notibras.com\/site\/","logo":{"@type":"ImageObject","inLanguage":"pt-BR","@id":"https:\/\/www.notibras.com\/site\/#\/schema\/logo\/image\/","url":"https:\/\/www.notibras.com\/site\/wp-content\/uploads\/2023\/01\/notibras23.png","contentUrl":"https:\/\/www.notibras.com\/site\/wp-content\/uploads\/2023\/01\/notibras23.png","width":350,"height":87,"caption":"Grupo Notibras de Comunica\u00e7\u00e3o"},"image":{"@id":"https:\/\/www.notibras.com\/site\/#\/schema\/logo\/image\/"},"sameAs":["https:\/\/www.facebook.com\/notibras\/","https:\/\/x.com\/Notibras","https:\/\/www.instagram.com\/notibras\/"]},{"@type":"Person","@id":"https:\/\/www.notibras.com\/site\/#\/schema\/person\/36ab0979449956132d3e5b517ea76ac8","name":"Reda\u00e7\u00e3o","image":{"@type":"ImageObject","inLanguage":"pt-BR","@id":"https:\/\/secure.gravatar.com\/avatar\/e0a867bdedb85fd243eadf09663511f96fc81e0720a4a42581f334ad4303aa6b?s=96&d=mm&r=g","url":"https:\/\/secure.gravatar.com\/avatar\/e0a867bdedb85fd243eadf09663511f96fc81e0720a4a42581f334ad4303aa6b?s=96&d=mm&r=g","contentUrl":"https:\/\/secure.gravatar.com\/avatar\/e0a867bdedb85fd243eadf09663511f96fc81e0720a4a42581f334ad4303aa6b?s=96&d=mm&r=g","caption":"Reda\u00e7\u00e3o"}}]}},"amp_enabled":true,"_links":{"self":[{"href":"https:\/\/www.notibras.com\/site\/wp-json\/wp\/v2\/posts\/313424","targetHints":{"allow":["GET"]}}],"collection":[{"href":"https:\/\/www.notibras.com\/site\/wp-json\/wp\/v2\/posts"}],"about":[{"href":"https:\/\/www.notibras.com\/site\/wp-json\/wp\/v2\/types\/post"}],"author":[{"embeddable":true,"href":"https:\/\/www.notibras.com\/site\/wp-json\/wp\/v2\/users\/2"}],"replies":[{"embeddable":true,"href":"https:\/\/www.notibras.com\/site\/wp-json\/wp\/v2\/comments?post=313424"}],"version-history":[{"count":2,"href":"https:\/\/www.notibras.com\/site\/wp-json\/wp\/v2\/posts\/313424\/revisions"}],"predecessor-version":[{"id":313452,"href":"https:\/\/www.notibras.com\/site\/wp-json\/wp\/v2\/posts\/313424\/revisions\/313452"}],"wp:featuredmedia":[{"embeddable":true,"href":"https:\/\/www.notibras.com\/site\/wp-json\/wp\/v2\/media\/313425"}],"wp:attachment":[{"href":"https:\/\/www.notibras.com\/site\/wp-json\/wp\/v2\/media?parent=313424"}],"wp:term":[{"taxonomy":"category","embeddable":true,"href":"https:\/\/www.notibras.com\/site\/wp-json\/wp\/v2\/categories?post=313424"},{"taxonomy":"post_tag","embeddable":true,"href":"https:\/\/www.notibras.com\/site\/wp-json\/wp\/v2\/tags?post=313424"}],"curies":[{"name":"wp","href":"https:\/\/api.w.org\/{rel}","templated":true}]}}