{"id":313476,"date":"2023-09-26T06:35:49","date_gmt":"2023-09-26T09:35:49","guid":{"rendered":"https:\/\/www.notibras.com\/site\/?p=313476"},"modified":"2023-09-26T06:36:42","modified_gmt":"2023-09-26T09:36:42","slug":"subir-sem-ter-caido-e-porque-e-bom-e-faz-sucesso","status":"publish","type":"post","link":"https:\/\/www.notibras.com\/site\/subir-sem-ter-caido-e-porque-e-bom-e-faz-sucesso\/","title":{"rendered":"Subir sem ter ca\u00eddo \u00e9 porque \u00e9 bom e faz sucesso"},"content":{"rendered":"<p>Recentemente, um colega me disse que come\u00e7aria a ler meus textos quando eu ficasse famoso. A princ\u00edpio, pensei que o que ele estava dizendo era uma grande bobagem, como tamb\u00e9m a minha esposa, a Dona Irene, me falou depois que lhe contei o ocorrido. A minha filha do meio, pior, xingou esse meu colega sem nem mesmo nunca t\u00ea-lo visto. O palavr\u00e3o? Creio que nem vale a pena mencionar, mesmo porque o objetivo aqui n\u00e3o \u00e9 crucificar o meu amigo, que prefiro manter no anonimato.<\/p>\n<p>Pois bem, depois de algum tempo, percebi que o meu colega n\u00e3o estava de todo errado. Quer dizer, n\u00e3o digo que n\u00e3o estivesse, talvez eu tenha escolhido as palavras erradas. O que quero dizer \u00e9 que a atitude dele \u00e9 comum entre boa parte das pessoas, que prefere ser direcionada por algum &#8220;especialista&#8221; para o que \u00e9 bom ou n\u00e3o. Isso \u00e9 p\u00e9ssimo!!!<\/p>\n<p>Provavelmente voc\u00ea deve estar com a pulga atr\u00e1s da orelha. Afinal, quem sou eu para ir contra a an\u00e1lise quase cient\u00edfica de um cr\u00edtico, seja musical, seja liter\u00e1rio, seja de qual especialidade mais lhe convier? Bem, \u00e9 simplesmente porque quem faz sucesso n\u00e3o \u00e9 necessariamente bom. Ali\u00e1s, tem muitos artistas, alguns bem famosos, que s\u00e3o p\u00e9ssimos! Todos sabemos disso, mas a maioria n\u00e3o se atreve a dizer. Obviamente que tamb\u00e9m h\u00e1 aqueles incrivelmente talentosos, que podem ou n\u00e3o ter fama.<\/p>\n<p>Para n\u00e3o me alongar, vou citar um artista n\u00e3o famoso, que \u00e9 um dos cantores dos quais mais aprecio. J\u00e1 cansei de assistir a shows e mais shows dele. O nome da criatura? Ah, Lindy Naldo! Talvez voc\u00ea, que more no Rio de Janeiro, j\u00e1 tenha assistido a algum espet\u00e1culo do Lindy, ainda mais se frequenta Copacabana. Excelente cantor, muito ecl\u00e9tico, carism\u00e1tico, \u00e9 o que costumamos dizer tudo de bom!!!<\/p>\n<p>Aproveitando que estamos falando de Copacabana, basta bater perna pelo cal\u00e7ad\u00e3o mais famoso do mundo, onde voc\u00ea poder\u00e1 facilmente se deparar com v\u00e1rios artistas maravilhosos, sejam pintores, escultores, m\u00fasicos. Tal local \u00e9 um reflexo do que ocorre no restante do pa\u00eds, repleto de pessoas extremamente talentosas, mas que ainda n\u00e3o tiveram o reconhecimento de um &#8220;especialista&#8221; para se consagrarem. Provavelmente, nunca ter\u00e3o.<\/p>\n<p>Da Cidade Maravilhosa, vamos dar um pulo at\u00e9 a linda Porto Alegre. Pois \u00e9, ali mora um grande m\u00fasico chamado Marcio Petracco. \u00c9 poss\u00edvel que esse nome n\u00e3o lhe seja estranho, j\u00e1 que o Marcio foi integrante da antiga banda TNT, que apareceu at\u00e9 mesmo no Show da Xuxa, entre outros programas da televis\u00e3o.<\/p>\n<p>O TNT n\u00e3o existe h\u00e1 tempos, para desespero de alguns f\u00e3s, que ainda hoje pedem o seu retorno. Acreditem!!! Isso \u00e9 verdade, ainda mais se voc\u00ea \u00e9 da capital ga\u00facha. Creio que o TNT est\u00e1 para Porto Alegre assim como os Beatles est\u00e3o para Liverpool. Exagero? Talvez seja.<\/p>\n<p>A antiga banda do Marcio era ruim? N\u00e3o. Era boa? Prefiro n\u00e3o responder, mas voc\u00ea pode facilmente fazer uma pesquisa na internet ou acessar algumas m\u00fasicas no Spotify. Tire as suas pr\u00f3prias conclus\u00f5es. Afinal, n\u00e3o sou um &#8220;especialista&#8221; no assunto. Todavia, j\u00e1 que voc\u00ea est\u00e1 t\u00e3o disposto para descobrir coisas sobre o TNT, aproveite e busque algo tamb\u00e9m sobre o que o Marcio Petracco anda fazendo.<\/p>\n<p>Pois \u00e9, o antigo guitarrista dessa extinta banda ga\u00facha, na sua incessante busca musical, trilhou caminhos que, talvez, n\u00e3o chame a aten\u00e7\u00e3o daquele tal &#8220;especialista&#8221;. \u00c9 que o Marcio est\u00e1 longe das rimas f\u00e1ceis, das batidas previs\u00edveis, da &#8220;nova onda&#8221; que a todos contagia, desde que respaldada pelo consentimento pr\u00e9vio do &#8220;especialista&#8221;. \u00c9 verdade que o Marcio quase n\u00e3o aparece na m\u00eddia, especialmente na televis\u00e3o. Entretanto, toda vez que se apresenta, a plateia, mesmo que seja composta por apenas algumas dezenas de indiv\u00edduos, fica extremamente euf\u00f3rica. O cara \u00e9 bom!!!<\/p>\n<p>Outra quest\u00e3o sobre a fama \u00e9 a situa\u00e7\u00e3o do artista que se torna ref\u00e9m do pr\u00f3prio sucesso. N\u00e3o raro, um cantor \u00e9 quase obrigado pelo p\u00fablico a cantar sempre as mesmas m\u00fasicas. Isso, ali\u00e1s, pode tornar sua carreira extremamente limitada, pois muitos temem a rejei\u00e7\u00e3o do pr\u00f3prio p\u00fablico que o aplaude.<\/p>\n<p>Artistas extremamente famosos, inclusive megaestrelas mundiais, s\u00e3o afetados por isso. Caso voc\u00ea n\u00e3o acredite, fa\u00e7a uma pequena busca na internet e assista aos shows do Elvis ou dos Rolling Stones. As m\u00fasicas, at\u00e9 em espa\u00e7os de anos, se repetem. O pr\u00f3prio Marcio sofre um pouco com esse quadro, j\u00e1 que \u00e9 comum ele se apresentar em algum local e as pessoas o instigarem a cantar os antigos sucessos do TNT.<\/p>\n<p>Voltando ao meu amigo an\u00f4nimo, que se chama Almeidinha, parece que ele anda lendo minhas cr\u00f4nicas e contos. N\u00e3o sei o que o levou a mudar de ideia. Talvez seja porque soube que alguns textos de minha autoria andam saindo em <strong>Notibras<\/strong>.<\/p>\n","protected":false},"excerpt":{"rendered":"<p>Recentemente, um colega me disse que come\u00e7aria a ler meus textos quando eu ficasse famoso. A princ\u00edpio, pensei que o que ele estava dizendo era uma grande bobagem, como tamb\u00e9m a minha esposa, a Dona Irene, me falou depois que lhe contei o ocorrido. A minha filha do meio, pior, xingou esse meu colega sem [&hellip;]<\/p>\n","protected":false},"author":2,"featured_media":313477,"comment_status":"closed","ping_status":"closed","sticky":false,"template":"","format":"standard","meta":{"_acf_changed":false,"footnotes":""},"categories":[161],"tags":[],"class_list":["post-313476","post","type-post","status-publish","format-standard","has-post-thumbnail","hentry","category-quadradinho-em-foco"],"acf":[],"yoast_head":"<!-- This site is optimized with the Yoast SEO plugin v27.2 - https:\/\/yoast.com\/product\/yoast-seo-wordpress\/ -->\n<title>Subir sem ter ca\u00eddo \u00e9 porque \u00e9 bom e faz sucesso - Notibras<\/title>\n<meta name=\"robots\" content=\"index, follow, max-snippet:-1, max-image-preview:large, max-video-preview:-1\" \/>\n<link rel=\"canonical\" href=\"https:\/\/www.notibras.com\/site\/subir-sem-ter-caido-e-porque-e-bom-e-faz-sucesso\/\" \/>\n<meta property=\"og:locale\" content=\"pt_BR\" \/>\n<meta property=\"og:type\" content=\"article\" \/>\n<meta property=\"og:title\" content=\"Subir sem ter ca\u00eddo \u00e9 porque \u00e9 bom e faz sucesso - Notibras\" \/>\n<meta property=\"og:description\" content=\"Recentemente, um colega me disse que come\u00e7aria a ler meus textos quando eu ficasse famoso. A princ\u00edpio, pensei que o que ele estava dizendo era uma grande bobagem, como tamb\u00e9m a minha esposa, a Dona Irene, me falou depois que lhe contei o ocorrido. A minha filha do meio, pior, xingou esse meu colega sem [&hellip;]\" \/>\n<meta property=\"og:url\" content=\"https:\/\/www.notibras.com\/site\/subir-sem-ter-caido-e-porque-e-bom-e-faz-sucesso\/\" \/>\n<meta property=\"og:site_name\" content=\"Notibras\" \/>\n<meta property=\"article:publisher\" content=\"https:\/\/www.facebook.com\/notibras\/\" \/>\n<meta property=\"article:published_time\" content=\"2023-09-26T09:35:49+00:00\" \/>\n<meta property=\"article:modified_time\" content=\"2023-09-26T09:36:42+00:00\" \/>\n<meta property=\"og:image\" content=\"https:\/\/www.notibras.com\/site\/wp-content\/uploads\/2023\/09\/2ef7348c-9cb6-49cb-8cdd-072fd1ebc943.jpg\" \/>\n\t<meta property=\"og:image:width\" content=\"922\" \/>\n\t<meta property=\"og:image:height\" content=\"922\" \/>\n\t<meta property=\"og:image:type\" content=\"image\/jpeg\" \/>\n<meta name=\"author\" content=\"Reda\u00e7\u00e3o\" \/>\n<meta name=\"twitter:card\" content=\"summary_large_image\" \/>\n<meta name=\"twitter:creator\" content=\"@Notibras\" \/>\n<meta name=\"twitter:site\" content=\"@Notibras\" \/>\n<meta name=\"twitter:label1\" content=\"Escrito por\" \/>\n\t<meta name=\"twitter:data1\" content=\"Reda\u00e7\u00e3o\" \/>\n\t<meta name=\"twitter:label2\" content=\"Est. tempo de leitura\" \/>\n\t<meta name=\"twitter:data2\" content=\"5 minutos\" \/>\n<script type=\"application\/ld+json\" class=\"yoast-schema-graph\">{\"@context\":\"https:\/\/schema.org\",\"@graph\":[{\"@type\":\"Article\",\"@id\":\"https:\/\/www.notibras.com\/site\/subir-sem-ter-caido-e-porque-e-bom-e-faz-sucesso\/#article\",\"isPartOf\":{\"@id\":\"https:\/\/www.notibras.com\/site\/subir-sem-ter-caido-e-porque-e-bom-e-faz-sucesso\/\"},\"author\":{\"name\":\"Reda\u00e7\u00e3o\",\"@id\":\"https:\/\/www.notibras.com\/site\/#\/schema\/person\/36ab0979449956132d3e5b517ea76ac8\"},\"headline\":\"Subir sem ter ca\u00eddo \u00e9 porque \u00e9 bom e faz sucesso\",\"datePublished\":\"2023-09-26T09:35:49+00:00\",\"dateModified\":\"2023-09-26T09:36:42+00:00\",\"mainEntityOfPage\":{\"@id\":\"https:\/\/www.notibras.com\/site\/subir-sem-ter-caido-e-porque-e-bom-e-faz-sucesso\/\"},\"wordCount\":852,\"publisher\":{\"@id\":\"https:\/\/www.notibras.com\/site\/#organization\"},\"image\":{\"@id\":\"https:\/\/www.notibras.com\/site\/subir-sem-ter-caido-e-porque-e-bom-e-faz-sucesso\/#primaryimage\"},\"thumbnailUrl\":\"https:\/\/www.notibras.com\/site\/wp-content\/uploads\/2023\/09\/2ef7348c-9cb6-49cb-8cdd-072fd1ebc943.jpg\",\"articleSection\":[\"Quadradinho em Foco\"],\"inLanguage\":\"pt-BR\"},{\"@type\":\"WebPage\",\"@id\":\"https:\/\/www.notibras.com\/site\/subir-sem-ter-caido-e-porque-e-bom-e-faz-sucesso\/\",\"url\":\"https:\/\/www.notibras.com\/site\/subir-sem-ter-caido-e-porque-e-bom-e-faz-sucesso\/\",\"name\":\"Subir sem ter ca\u00eddo \u00e9 porque \u00e9 bom e faz sucesso - Notibras\",\"isPartOf\":{\"@id\":\"https:\/\/www.notibras.com\/site\/#website\"},\"primaryImageOfPage\":{\"@id\":\"https:\/\/www.notibras.com\/site\/subir-sem-ter-caido-e-porque-e-bom-e-faz-sucesso\/#primaryimage\"},\"image\":{\"@id\":\"https:\/\/www.notibras.com\/site\/subir-sem-ter-caido-e-porque-e-bom-e-faz-sucesso\/#primaryimage\"},\"thumbnailUrl\":\"https:\/\/www.notibras.com\/site\/wp-content\/uploads\/2023\/09\/2ef7348c-9cb6-49cb-8cdd-072fd1ebc943.jpg\",\"datePublished\":\"2023-09-26T09:35:49+00:00\",\"dateModified\":\"2023-09-26T09:36:42+00:00\",\"breadcrumb\":{\"@id\":\"https:\/\/www.notibras.com\/site\/subir-sem-ter-caido-e-porque-e-bom-e-faz-sucesso\/#breadcrumb\"},\"inLanguage\":\"pt-BR\",\"potentialAction\":[{\"@type\":\"ReadAction\",\"target\":[\"https:\/\/www.notibras.com\/site\/subir-sem-ter-caido-e-porque-e-bom-e-faz-sucesso\/\"]}]},{\"@type\":\"ImageObject\",\"inLanguage\":\"pt-BR\",\"@id\":\"https:\/\/www.notibras.com\/site\/subir-sem-ter-caido-e-porque-e-bom-e-faz-sucesso\/#primaryimage\",\"url\":\"https:\/\/www.notibras.com\/site\/wp-content\/uploads\/2023\/09\/2ef7348c-9cb6-49cb-8cdd-072fd1ebc943.jpg\",\"contentUrl\":\"https:\/\/www.notibras.com\/site\/wp-content\/uploads\/2023\/09\/2ef7348c-9cb6-49cb-8cdd-072fd1ebc943.jpg\",\"width\":922,\"height\":922},{\"@type\":\"BreadcrumbList\",\"@id\":\"https:\/\/www.notibras.com\/site\/subir-sem-ter-caido-e-porque-e-bom-e-faz-sucesso\/#breadcrumb\",\"itemListElement\":[{\"@type\":\"ListItem\",\"position\":1,\"name\":\"In\u00edcio\",\"item\":\"https:\/\/www.notibras.com\/site\/\"},{\"@type\":\"ListItem\",\"position\":2,\"name\":\"Subir sem ter ca\u00eddo \u00e9 porque \u00e9 bom e faz sucesso\"}]},{\"@type\":\"WebSite\",\"@id\":\"https:\/\/www.notibras.com\/site\/#website\",\"url\":\"https:\/\/www.notibras.com\/site\/\",\"name\":\"Notibras\",\"description\":\"Not\u00edcias de Bras\u00edlia, do Brasil e do Mundo\",\"publisher\":{\"@id\":\"https:\/\/www.notibras.com\/site\/#organization\"},\"potentialAction\":[{\"@type\":\"SearchAction\",\"target\":{\"@type\":\"EntryPoint\",\"urlTemplate\":\"https:\/\/www.notibras.com\/site\/?s={search_term_string}\"},\"query-input\":{\"@type\":\"PropertyValueSpecification\",\"valueRequired\":true,\"valueName\":\"search_term_string\"}}],\"inLanguage\":\"pt-BR\"},{\"@type\":\"Organization\",\"@id\":\"https:\/\/www.notibras.com\/site\/#organization\",\"name\":\"Grupo Notibras de Comunica\u00e7\u00e3o\",\"url\":\"https:\/\/www.notibras.com\/site\/\",\"logo\":{\"@type\":\"ImageObject\",\"inLanguage\":\"pt-BR\",\"@id\":\"https:\/\/www.notibras.com\/site\/#\/schema\/logo\/image\/\",\"url\":\"https:\/\/www.notibras.com\/site\/wp-content\/uploads\/2023\/01\/notibras23.png\",\"contentUrl\":\"https:\/\/www.notibras.com\/site\/wp-content\/uploads\/2023\/01\/notibras23.png\",\"width\":350,\"height\":87,\"caption\":\"Grupo Notibras de Comunica\u00e7\u00e3o\"},\"image\":{\"@id\":\"https:\/\/www.notibras.com\/site\/#\/schema\/logo\/image\/\"},\"sameAs\":[\"https:\/\/www.facebook.com\/notibras\/\",\"https:\/\/x.com\/Notibras\",\"https:\/\/www.instagram.com\/notibras\/\"]},{\"@type\":\"Person\",\"@id\":\"https:\/\/www.notibras.com\/site\/#\/schema\/person\/36ab0979449956132d3e5b517ea76ac8\",\"name\":\"Reda\u00e7\u00e3o\",\"image\":{\"@type\":\"ImageObject\",\"inLanguage\":\"pt-BR\",\"@id\":\"https:\/\/secure.gravatar.com\/avatar\/e0a867bdedb85fd243eadf09663511f96fc81e0720a4a42581f334ad4303aa6b?s=96&d=mm&r=g\",\"url\":\"https:\/\/secure.gravatar.com\/avatar\/e0a867bdedb85fd243eadf09663511f96fc81e0720a4a42581f334ad4303aa6b?s=96&d=mm&r=g\",\"contentUrl\":\"https:\/\/secure.gravatar.com\/avatar\/e0a867bdedb85fd243eadf09663511f96fc81e0720a4a42581f334ad4303aa6b?s=96&d=mm&r=g\",\"caption\":\"Reda\u00e7\u00e3o\"}}]}<\/script>\n<!-- \/ Yoast SEO plugin. -->","yoast_head_json":{"title":"Subir sem ter ca\u00eddo \u00e9 porque \u00e9 bom e faz sucesso - Notibras","robots":{"index":"index","follow":"follow","max-snippet":"max-snippet:-1","max-image-preview":"max-image-preview:large","max-video-preview":"max-video-preview:-1"},"canonical":"https:\/\/www.notibras.com\/site\/subir-sem-ter-caido-e-porque-e-bom-e-faz-sucesso\/","og_locale":"pt_BR","og_type":"article","og_title":"Subir sem ter ca\u00eddo \u00e9 porque \u00e9 bom e faz sucesso - Notibras","og_description":"Recentemente, um colega me disse que come\u00e7aria a ler meus textos quando eu ficasse famoso. A princ\u00edpio, pensei que o que ele estava dizendo era uma grande bobagem, como tamb\u00e9m a minha esposa, a Dona Irene, me falou depois que lhe contei o ocorrido. A minha filha do meio, pior, xingou esse meu colega sem [&hellip;]","og_url":"https:\/\/www.notibras.com\/site\/subir-sem-ter-caido-e-porque-e-bom-e-faz-sucesso\/","og_site_name":"Notibras","article_publisher":"https:\/\/www.facebook.com\/notibras\/","article_published_time":"2023-09-26T09:35:49+00:00","article_modified_time":"2023-09-26T09:36:42+00:00","og_image":[{"width":922,"height":922,"url":"https:\/\/www.notibras.com\/site\/wp-content\/uploads\/2023\/09\/2ef7348c-9cb6-49cb-8cdd-072fd1ebc943.jpg","type":"image\/jpeg"}],"author":"Reda\u00e7\u00e3o","twitter_card":"summary_large_image","twitter_creator":"@Notibras","twitter_site":"@Notibras","twitter_misc":{"Escrito por":"Reda\u00e7\u00e3o","Est. tempo de leitura":"5 minutos"},"schema":{"@context":"https:\/\/schema.org","@graph":[{"@type":"Article","@id":"https:\/\/www.notibras.com\/site\/subir-sem-ter-caido-e-porque-e-bom-e-faz-sucesso\/#article","isPartOf":{"@id":"https:\/\/www.notibras.com\/site\/subir-sem-ter-caido-e-porque-e-bom-e-faz-sucesso\/"},"author":{"name":"Reda\u00e7\u00e3o","@id":"https:\/\/www.notibras.com\/site\/#\/schema\/person\/36ab0979449956132d3e5b517ea76ac8"},"headline":"Subir sem ter ca\u00eddo \u00e9 porque \u00e9 bom e faz sucesso","datePublished":"2023-09-26T09:35:49+00:00","dateModified":"2023-09-26T09:36:42+00:00","mainEntityOfPage":{"@id":"https:\/\/www.notibras.com\/site\/subir-sem-ter-caido-e-porque-e-bom-e-faz-sucesso\/"},"wordCount":852,"publisher":{"@id":"https:\/\/www.notibras.com\/site\/#organization"},"image":{"@id":"https:\/\/www.notibras.com\/site\/subir-sem-ter-caido-e-porque-e-bom-e-faz-sucesso\/#primaryimage"},"thumbnailUrl":"https:\/\/www.notibras.com\/site\/wp-content\/uploads\/2023\/09\/2ef7348c-9cb6-49cb-8cdd-072fd1ebc943.jpg","articleSection":["Quadradinho em Foco"],"inLanguage":"pt-BR"},{"@type":"WebPage","@id":"https:\/\/www.notibras.com\/site\/subir-sem-ter-caido-e-porque-e-bom-e-faz-sucesso\/","url":"https:\/\/www.notibras.com\/site\/subir-sem-ter-caido-e-porque-e-bom-e-faz-sucesso\/","name":"Subir sem ter ca\u00eddo \u00e9 porque \u00e9 bom e faz sucesso - Notibras","isPartOf":{"@id":"https:\/\/www.notibras.com\/site\/#website"},"primaryImageOfPage":{"@id":"https:\/\/www.notibras.com\/site\/subir-sem-ter-caido-e-porque-e-bom-e-faz-sucesso\/#primaryimage"},"image":{"@id":"https:\/\/www.notibras.com\/site\/subir-sem-ter-caido-e-porque-e-bom-e-faz-sucesso\/#primaryimage"},"thumbnailUrl":"https:\/\/www.notibras.com\/site\/wp-content\/uploads\/2023\/09\/2ef7348c-9cb6-49cb-8cdd-072fd1ebc943.jpg","datePublished":"2023-09-26T09:35:49+00:00","dateModified":"2023-09-26T09:36:42+00:00","breadcrumb":{"@id":"https:\/\/www.notibras.com\/site\/subir-sem-ter-caido-e-porque-e-bom-e-faz-sucesso\/#breadcrumb"},"inLanguage":"pt-BR","potentialAction":[{"@type":"ReadAction","target":["https:\/\/www.notibras.com\/site\/subir-sem-ter-caido-e-porque-e-bom-e-faz-sucesso\/"]}]},{"@type":"ImageObject","inLanguage":"pt-BR","@id":"https:\/\/www.notibras.com\/site\/subir-sem-ter-caido-e-porque-e-bom-e-faz-sucesso\/#primaryimage","url":"https:\/\/www.notibras.com\/site\/wp-content\/uploads\/2023\/09\/2ef7348c-9cb6-49cb-8cdd-072fd1ebc943.jpg","contentUrl":"https:\/\/www.notibras.com\/site\/wp-content\/uploads\/2023\/09\/2ef7348c-9cb6-49cb-8cdd-072fd1ebc943.jpg","width":922,"height":922},{"@type":"BreadcrumbList","@id":"https:\/\/www.notibras.com\/site\/subir-sem-ter-caido-e-porque-e-bom-e-faz-sucesso\/#breadcrumb","itemListElement":[{"@type":"ListItem","position":1,"name":"In\u00edcio","item":"https:\/\/www.notibras.com\/site\/"},{"@type":"ListItem","position":2,"name":"Subir sem ter ca\u00eddo \u00e9 porque \u00e9 bom e faz sucesso"}]},{"@type":"WebSite","@id":"https:\/\/www.notibras.com\/site\/#website","url":"https:\/\/www.notibras.com\/site\/","name":"Notibras","description":"Not\u00edcias de Bras\u00edlia, do Brasil e do Mundo","publisher":{"@id":"https:\/\/www.notibras.com\/site\/#organization"},"potentialAction":[{"@type":"SearchAction","target":{"@type":"EntryPoint","urlTemplate":"https:\/\/www.notibras.com\/site\/?s={search_term_string}"},"query-input":{"@type":"PropertyValueSpecification","valueRequired":true,"valueName":"search_term_string"}}],"inLanguage":"pt-BR"},{"@type":"Organization","@id":"https:\/\/www.notibras.com\/site\/#organization","name":"Grupo Notibras de Comunica\u00e7\u00e3o","url":"https:\/\/www.notibras.com\/site\/","logo":{"@type":"ImageObject","inLanguage":"pt-BR","@id":"https:\/\/www.notibras.com\/site\/#\/schema\/logo\/image\/","url":"https:\/\/www.notibras.com\/site\/wp-content\/uploads\/2023\/01\/notibras23.png","contentUrl":"https:\/\/www.notibras.com\/site\/wp-content\/uploads\/2023\/01\/notibras23.png","width":350,"height":87,"caption":"Grupo Notibras de Comunica\u00e7\u00e3o"},"image":{"@id":"https:\/\/www.notibras.com\/site\/#\/schema\/logo\/image\/"},"sameAs":["https:\/\/www.facebook.com\/notibras\/","https:\/\/x.com\/Notibras","https:\/\/www.instagram.com\/notibras\/"]},{"@type":"Person","@id":"https:\/\/www.notibras.com\/site\/#\/schema\/person\/36ab0979449956132d3e5b517ea76ac8","name":"Reda\u00e7\u00e3o","image":{"@type":"ImageObject","inLanguage":"pt-BR","@id":"https:\/\/secure.gravatar.com\/avatar\/e0a867bdedb85fd243eadf09663511f96fc81e0720a4a42581f334ad4303aa6b?s=96&d=mm&r=g","url":"https:\/\/secure.gravatar.com\/avatar\/e0a867bdedb85fd243eadf09663511f96fc81e0720a4a42581f334ad4303aa6b?s=96&d=mm&r=g","contentUrl":"https:\/\/secure.gravatar.com\/avatar\/e0a867bdedb85fd243eadf09663511f96fc81e0720a4a42581f334ad4303aa6b?s=96&d=mm&r=g","caption":"Reda\u00e7\u00e3o"}}]}},"amp_enabled":true,"_links":{"self":[{"href":"https:\/\/www.notibras.com\/site\/wp-json\/wp\/v2\/posts\/313476","targetHints":{"allow":["GET"]}}],"collection":[{"href":"https:\/\/www.notibras.com\/site\/wp-json\/wp\/v2\/posts"}],"about":[{"href":"https:\/\/www.notibras.com\/site\/wp-json\/wp\/v2\/types\/post"}],"author":[{"embeddable":true,"href":"https:\/\/www.notibras.com\/site\/wp-json\/wp\/v2\/users\/2"}],"replies":[{"embeddable":true,"href":"https:\/\/www.notibras.com\/site\/wp-json\/wp\/v2\/comments?post=313476"}],"version-history":[{"count":4,"href":"https:\/\/www.notibras.com\/site\/wp-json\/wp\/v2\/posts\/313476\/revisions"}],"predecessor-version":[{"id":313515,"href":"https:\/\/www.notibras.com\/site\/wp-json\/wp\/v2\/posts\/313476\/revisions\/313515"}],"wp:featuredmedia":[{"embeddable":true,"href":"https:\/\/www.notibras.com\/site\/wp-json\/wp\/v2\/media\/313477"}],"wp:attachment":[{"href":"https:\/\/www.notibras.com\/site\/wp-json\/wp\/v2\/media?parent=313476"}],"wp:term":[{"taxonomy":"category","embeddable":true,"href":"https:\/\/www.notibras.com\/site\/wp-json\/wp\/v2\/categories?post=313476"},{"taxonomy":"post_tag","embeddable":true,"href":"https:\/\/www.notibras.com\/site\/wp-json\/wp\/v2\/tags?post=313476"}],"curies":[{"name":"wp","href":"https:\/\/api.w.org\/{rel}","templated":true}]}}