{"id":31352,"date":"2014-12-16T14:01:10","date_gmt":"2014-12-16T17:01:10","guid":{"rendered":"http:\/\/www.notibras.com\/site\/?p=31352"},"modified":"2014-12-16T15:57:32","modified_gmt":"2014-12-16T18:57:32","slug":"juiz-aceita-denuncia-contra-mais-11-acusados-na-operacao-lava-jato","status":"publish","type":"post","link":"https:\/\/www.notibras.com\/site\/juiz-aceita-denuncia-contra-mais-11-acusados-na-operacao-lava-jato\/","title":{"rendered":"Juiz aceita den\u00fancia contra mais 11 da Opera\u00e7\u00e3o Lava Jato"},"content":{"rendered":"<p>O juiz federal S\u00e9rgio Moro, respons\u00e1vel pelas investiga\u00e7\u00f5es da Opera\u00e7\u00e3o Lava Jato na primeira inst\u00e2ncia, aceitou nesta ter\u00e7a (16) den\u00fancia oferecida pelo Minist\u00e9rio P\u00fablico Federal (MPF) contra 11 pessoas por suspeita de participa\u00e7\u00e3o em crimes como corrup\u00e7\u00e3o, forma\u00e7\u00e3o de organiza\u00e7\u00e3o criminosa e lavagem de dinheiro. Outras cinco pessoas, que j\u00e1 viraram r\u00e9us em outras a\u00e7\u00f5es, tamb\u00e9m tiveram esta den\u00fancia aceita.<\/p>\n<p>Moro aceitou den\u00fancias contra os seguintes suspeitos:<\/p>\n<blockquote><p><strong>Alberto Youssef<\/strong>,<br \/>\nsuspeito de chefiar o esquema de corrup\u00e7\u00e3o e r\u00e9u em outros processos ligados a Lava Jato;<\/p>\n<p><strong>Paulo Roberto Costa<\/strong>,<br \/>\nex-diretor de Abastecimento da Petrobras e r\u00e9u em outros processos ligados a Lava Jato;<\/p>\n<p><strong>Waldomiro de Oliveira<\/strong>,<br \/>\ndono da empresa MO Consultoria e r\u00e9u em outros processos ligados a Lava Jato;<\/p>\n<p><strong>Carlos Alberto Pereira da Costa<\/strong>,<br \/>\nrepresentante formal da GFD Investimentos, pertencente a Alberto Youssef e r\u00e9u em outros processos ligados a Lava Jato;<\/p>\n<p><strong>Enivaldo Quadrado<\/strong>,<br \/>\nex-dono da corretora B\u00f4nus Banval, que atuava na \u00e1rea financeira da GFD e r\u00e9u em outros processos ligados a Lava Jato;<\/p>\n<p><strong>Jo\u00e3o Proc\u00f3pio de Almeida Prado<\/strong>,<br \/>\napontado como operador das contas de Youssef no exterior;<\/p>\n<p><strong>Sergio Cunha Mendes<\/strong>,<br \/>\nvice-presidente executivo da Mendes J\u00fanior;<\/p>\n<p><strong>Rog\u00e9rio Cunha de Oliveira<\/strong>,<br \/>\ndiretor da \u00e1rea de \u00f3leo e g\u00e1s da Mendes J\u00fanior;<\/p>\n<p><strong>\u00c2ngelo Alves Mendes<\/strong>,<br \/>\nvice-presidente da Mendes J\u00fanior;<\/p>\n<p><strong>Alberto El\u00edsio Vila\u00e7a Gomes<\/strong>,<br \/>\nexecutivo da Mendes J\u00fanior;<\/p>\n<p><strong>Jos\u00e9 Humberto Cruvinel Resende<\/strong>,<br \/>\nfuncion\u00e1rio da Mendes J\u00fanior;<\/p>\n<p><strong>Ant\u00f4nio Carlos Fioravante Brasil Pieruccini<\/strong>,<br \/>\nadvogado que teria recebido propina de Alberto Youssef;<\/p>\n<p><strong>Mario L\u00facio de Oliveira<\/strong>,<br \/>\ndiretor de uma ag\u00eancia de viagens que atuava na empresa GFD, segundo dela\u00e7\u00e3o de Alberto Youssef;<\/p>\n<p><strong>Ricardo Ribeiro Pessoa<\/strong>,<br \/>\npresidente da construtora UTC, suposto chefe do &#8220;clube&#8221; de empreiteiras que atuava na Petrobras;<\/p>\n<p><strong>Jo\u00e3o de Teive e Argollo<\/strong>,<br \/>\ndiretor de Novos Neg\u00f3cios na UTC;<\/p>\n<p><strong>Sandra Raphael Guimar\u00e3es<\/strong>,<br \/>\nfuncion\u00e1ria da UTC.<\/p><\/blockquote>\n<p>Os investigados passam agora \u00e0 condi\u00e7\u00e3o de r\u00e9us no processo. Nesta segunda (15), Moro j\u00e1 havia aceitado outras duas den\u00fancias contra dez pessoas investigadas no processo. Entre eles estavam executivos da Galv\u00e3o Engenharia e da OAS. Na sexta (12), Moro aceitou a primeira den\u00fancia, contra nove pessoas, dentre elas, quatro executivos da construtora Engevix.<\/p>\n<p>Com a decis\u00e3o do magistrado, dos 39 investigados no processo e que foram denunciados pelo Minist\u00e9rio P\u00fablico, apenas nove n\u00e3o se tornaram r\u00e9us no processo. S\u00e3o eles:<\/p>\n<blockquote><p><strong>Adarico Negromonte Filho<\/strong>,<br \/>\nirm\u00e3o do ex-ministro das Cidades M\u00e1rio Negromonte (PP-BA), apontado como emiss\u00e1rio de Youssef;<\/p>\n<p><strong>Dalton Santos Avancini<\/strong>,<br \/>\npresidente da Camargo Corr\u00eaa;<\/p>\n<p><strong>Eduardo Hermelino Leite<\/strong>,<br \/>\nvice-presidente da Camargo Corr\u00eaa;<\/p>\n<p><strong>Fernando Soares<\/strong>,<br \/>\nlobista conhecido como Fernando Baiano, apontado como um dos operadores do esquema de corrup\u00e7\u00e3o na Petrobras;<\/p>\n<p><strong>Jo\u00e3o Ricardo Auler<\/strong>,<br \/>\npresidente do Conselho de Administra\u00e7\u00e3o da Camargo Corr\u00eaa;<\/p>\n<p><strong>J\u00falio Camargo<\/strong>,<br \/>\nexecutivo da Toyo Setal;<\/p>\n<p><strong>M\u00e1rio Andrade Bonilho<\/strong>,<br \/>\ns\u00f3cio e administrador da empresa Sanko-Sider;<\/p>\n<p><strong>Nestor Cerver\u00f3<\/strong>,<br \/>\nex-diretor da \u00e1rea Internacional da Petrobras;<\/p>\n<p><strong>Jayme Alves de Oliveira Filho<\/strong>,<br \/>\nsuspeito de envolvimento com Youssef na pr\u00e1tica de lavagem de dinheiro.<\/p><\/blockquote>\n<p>O Minist\u00e9rio P\u00fablico dividiu os 39 denunciados em seis diferentes a\u00e7\u00f5es. Alberto Youssef, Paulo Roberto Costa e Waldomiro de Oliveira s\u00e3o citados nas cinco den\u00fancias apresentadas na \u00faltima quinta-feira (11). Elas foram divididas de acordo com a participa\u00e7\u00e3o de cada empreiteira no esquema, segundo o MPF. Enquanto Youssef e Oliveira foram apontados como operadores do dinheiro pago pelas empreiteiras, Paulo Roberto Costa era diretor de Abastecimento da Petrobras &#8211; n\u00facleo que foi alvo da primeira leva de den\u00fancias. At\u00e9 o momento, os tr\u00eas j\u00e1 viraram r\u00e9us em quatro processos.<\/p>\n","protected":false},"excerpt":{"rendered":"<p>O juiz federal S\u00e9rgio Moro, respons\u00e1vel pelas investiga\u00e7\u00f5es da Opera\u00e7\u00e3o Lava Jato na primeira inst\u00e2ncia, aceitou nesta ter\u00e7a (16) den\u00fancia oferecida pelo Minist\u00e9rio P\u00fablico Federal (MPF) contra 11 pessoas por suspeita de participa\u00e7\u00e3o em crimes como corrup\u00e7\u00e3o, forma\u00e7\u00e3o de organiza\u00e7\u00e3o criminosa e lavagem de dinheiro. Outras cinco pessoas, que j\u00e1 viraram r\u00e9us em outras a\u00e7\u00f5es, [&hellip;]<\/p>\n","protected":false},"author":1,"featured_media":31353,"comment_status":"open","ping_status":"closed","sticky":false,"template":"","format":"standard","meta":{"_acf_changed":false,"footnotes":""},"categories":[16],"tags":[],"class_list":["post-31352","post","type-post","status-publish","format-standard","has-post-thumbnail","hentry","category-brasil"],"acf":[],"yoast_head":"<!-- This site is optimized with the Yoast SEO plugin v27.2 - https:\/\/yoast.com\/product\/yoast-seo-wordpress\/ -->\n<title>Juiz aceita den\u00fancia contra mais 11 da Opera\u00e7\u00e3o Lava Jato - Notibras<\/title>\n<meta name=\"robots\" content=\"index, follow, max-snippet:-1, max-image-preview:large, max-video-preview:-1\" \/>\n<link rel=\"canonical\" href=\"https:\/\/www.notibras.com\/site\/juiz-aceita-denuncia-contra-mais-11-acusados-na-operacao-lava-jato\/\" \/>\n<meta property=\"og:locale\" content=\"pt_BR\" \/>\n<meta property=\"og:type\" content=\"article\" \/>\n<meta property=\"og:title\" content=\"Juiz aceita den\u00fancia contra mais 11 da Opera\u00e7\u00e3o Lava Jato - Notibras\" \/>\n<meta property=\"og:description\" content=\"O juiz federal S\u00e9rgio Moro, respons\u00e1vel pelas investiga\u00e7\u00f5es da Opera\u00e7\u00e3o Lava Jato na primeira inst\u00e2ncia, aceitou nesta ter\u00e7a (16) den\u00fancia oferecida pelo Minist\u00e9rio P\u00fablico Federal (MPF) contra 11 pessoas por suspeita de participa\u00e7\u00e3o em crimes como corrup\u00e7\u00e3o, forma\u00e7\u00e3o de organiza\u00e7\u00e3o criminosa e lavagem de dinheiro. Outras cinco pessoas, que j\u00e1 viraram r\u00e9us em outras a\u00e7\u00f5es, [&hellip;]\" \/>\n<meta property=\"og:url\" content=\"https:\/\/www.notibras.com\/site\/juiz-aceita-denuncia-contra-mais-11-acusados-na-operacao-lava-jato\/\" \/>\n<meta property=\"og:site_name\" content=\"Notibras\" \/>\n<meta property=\"article:publisher\" content=\"https:\/\/www.facebook.com\/notibras\/\" \/>\n<meta property=\"article:published_time\" content=\"2014-12-16T17:01:10+00:00\" \/>\n<meta property=\"article:modified_time\" content=\"2014-12-16T18:57:32+00:00\" \/>\n<meta property=\"og:image\" content=\"https:\/\/www.notibras.com\/site\/wp-content\/uploads\/2014\/12\/Sem-t\u00edtulo-16.jpg\" \/>\n\t<meta property=\"og:image:width\" content=\"680\" \/>\n\t<meta property=\"og:image:height\" content=\"455\" \/>\n\t<meta property=\"og:image:type\" content=\"image\/jpeg\" \/>\n<meta name=\"author\" content=\"Reda\u00e7\u00e3o\" \/>\n<meta name=\"twitter:card\" content=\"summary_large_image\" \/>\n<meta name=\"twitter:creator\" content=\"@Notibras\" \/>\n<meta name=\"twitter:site\" content=\"@Notibras\" \/>\n<meta name=\"twitter:label1\" content=\"Escrito por\" \/>\n\t<meta name=\"twitter:data1\" content=\"Reda\u00e7\u00e3o\" \/>\n\t<meta name=\"twitter:label2\" content=\"Est. tempo de leitura\" \/>\n\t<meta name=\"twitter:data2\" content=\"3 minutos\" \/>\n<script type=\"application\/ld+json\" class=\"yoast-schema-graph\">{\"@context\":\"https:\/\/schema.org\",\"@graph\":[{\"@type\":\"Article\",\"@id\":\"https:\/\/www.notibras.com\/site\/juiz-aceita-denuncia-contra-mais-11-acusados-na-operacao-lava-jato\/#article\",\"isPartOf\":{\"@id\":\"https:\/\/www.notibras.com\/site\/juiz-aceita-denuncia-contra-mais-11-acusados-na-operacao-lava-jato\/\"},\"author\":{\"name\":\"Reda\u00e7\u00e3o\",\"@id\":\"https:\/\/www.notibras.com\/site\/#\/schema\/person\/00b8e1aa08f9ef6563e878c5159d01cf\"},\"headline\":\"Juiz aceita den\u00fancia contra mais 11 da Opera\u00e7\u00e3o Lava Jato\",\"datePublished\":\"2014-12-16T17:01:10+00:00\",\"dateModified\":\"2014-12-16T18:57:32+00:00\",\"mainEntityOfPage\":{\"@id\":\"https:\/\/www.notibras.com\/site\/juiz-aceita-denuncia-contra-mais-11-acusados-na-operacao-lava-jato\/\"},\"wordCount\":641,\"commentCount\":0,\"publisher\":{\"@id\":\"https:\/\/www.notibras.com\/site\/#organization\"},\"image\":{\"@id\":\"https:\/\/www.notibras.com\/site\/juiz-aceita-denuncia-contra-mais-11-acusados-na-operacao-lava-jato\/#primaryimage\"},\"thumbnailUrl\":\"https:\/\/www.notibras.com\/site\/wp-content\/uploads\/2014\/12\/Sem-t\u00edtulo-16.jpg\",\"articleSection\":[\"Brasil\"],\"inLanguage\":\"pt-BR\",\"potentialAction\":[{\"@type\":\"CommentAction\",\"name\":\"Comment\",\"target\":[\"https:\/\/www.notibras.com\/site\/juiz-aceita-denuncia-contra-mais-11-acusados-na-operacao-lava-jato\/#respond\"]}]},{\"@type\":\"WebPage\",\"@id\":\"https:\/\/www.notibras.com\/site\/juiz-aceita-denuncia-contra-mais-11-acusados-na-operacao-lava-jato\/\",\"url\":\"https:\/\/www.notibras.com\/site\/juiz-aceita-denuncia-contra-mais-11-acusados-na-operacao-lava-jato\/\",\"name\":\"Juiz aceita den\u00fancia contra mais 11 da Opera\u00e7\u00e3o Lava Jato - Notibras\",\"isPartOf\":{\"@id\":\"https:\/\/www.notibras.com\/site\/#website\"},\"primaryImageOfPage\":{\"@id\":\"https:\/\/www.notibras.com\/site\/juiz-aceita-denuncia-contra-mais-11-acusados-na-operacao-lava-jato\/#primaryimage\"},\"image\":{\"@id\":\"https:\/\/www.notibras.com\/site\/juiz-aceita-denuncia-contra-mais-11-acusados-na-operacao-lava-jato\/#primaryimage\"},\"thumbnailUrl\":\"https:\/\/www.notibras.com\/site\/wp-content\/uploads\/2014\/12\/Sem-t\u00edtulo-16.jpg\",\"datePublished\":\"2014-12-16T17:01:10+00:00\",\"dateModified\":\"2014-12-16T18:57:32+00:00\",\"breadcrumb\":{\"@id\":\"https:\/\/www.notibras.com\/site\/juiz-aceita-denuncia-contra-mais-11-acusados-na-operacao-lava-jato\/#breadcrumb\"},\"inLanguage\":\"pt-BR\",\"potentialAction\":[{\"@type\":\"ReadAction\",\"target\":[\"https:\/\/www.notibras.com\/site\/juiz-aceita-denuncia-contra-mais-11-acusados-na-operacao-lava-jato\/\"]}]},{\"@type\":\"ImageObject\",\"inLanguage\":\"pt-BR\",\"@id\":\"https:\/\/www.notibras.com\/site\/juiz-aceita-denuncia-contra-mais-11-acusados-na-operacao-lava-jato\/#primaryimage\",\"url\":\"https:\/\/www.notibras.com\/site\/wp-content\/uploads\/2014\/12\/Sem-t\u00edtulo-16.jpg\",\"contentUrl\":\"https:\/\/www.notibras.com\/site\/wp-content\/uploads\/2014\/12\/Sem-t\u00edtulo-16.jpg\",\"width\":680,\"height\":455},{\"@type\":\"BreadcrumbList\",\"@id\":\"https:\/\/www.notibras.com\/site\/juiz-aceita-denuncia-contra-mais-11-acusados-na-operacao-lava-jato\/#breadcrumb\",\"itemListElement\":[{\"@type\":\"ListItem\",\"position\":1,\"name\":\"In\u00edcio\",\"item\":\"https:\/\/www.notibras.com\/site\/\"},{\"@type\":\"ListItem\",\"position\":2,\"name\":\"Juiz aceita den\u00fancia contra mais 11 da Opera\u00e7\u00e3o Lava Jato\"}]},{\"@type\":\"WebSite\",\"@id\":\"https:\/\/www.notibras.com\/site\/#website\",\"url\":\"https:\/\/www.notibras.com\/site\/\",\"name\":\"Notibras\",\"description\":\"Not\u00edcias de Bras\u00edlia, do Brasil e do Mundo\",\"publisher\":{\"@id\":\"https:\/\/www.notibras.com\/site\/#organization\"},\"potentialAction\":[{\"@type\":\"SearchAction\",\"target\":{\"@type\":\"EntryPoint\",\"urlTemplate\":\"https:\/\/www.notibras.com\/site\/?s={search_term_string}\"},\"query-input\":{\"@type\":\"PropertyValueSpecification\",\"valueRequired\":true,\"valueName\":\"search_term_string\"}}],\"inLanguage\":\"pt-BR\"},{\"@type\":\"Organization\",\"@id\":\"https:\/\/www.notibras.com\/site\/#organization\",\"name\":\"Grupo Notibras de Comunica\u00e7\u00e3o\",\"url\":\"https:\/\/www.notibras.com\/site\/\",\"logo\":{\"@type\":\"ImageObject\",\"inLanguage\":\"pt-BR\",\"@id\":\"https:\/\/www.notibras.com\/site\/#\/schema\/logo\/image\/\",\"url\":\"https:\/\/www.notibras.com\/site\/wp-content\/uploads\/2023\/01\/notibras23.png\",\"contentUrl\":\"https:\/\/www.notibras.com\/site\/wp-content\/uploads\/2023\/01\/notibras23.png\",\"width\":350,\"height\":87,\"caption\":\"Grupo Notibras de Comunica\u00e7\u00e3o\"},\"image\":{\"@id\":\"https:\/\/www.notibras.com\/site\/#\/schema\/logo\/image\/\"},\"sameAs\":[\"https:\/\/www.facebook.com\/notibras\/\",\"https:\/\/x.com\/Notibras\",\"https:\/\/www.instagram.com\/notibras\/\"]},{\"@type\":\"Person\",\"@id\":\"https:\/\/www.notibras.com\/site\/#\/schema\/person\/00b8e1aa08f9ef6563e878c5159d01cf\",\"name\":\"Reda\u00e7\u00e3o\",\"image\":{\"@type\":\"ImageObject\",\"inLanguage\":\"pt-BR\",\"@id\":\"https:\/\/secure.gravatar.com\/avatar\/ac5a707d5b47784a5ed426c6e213e201423c750890f64e4c379114dade67dfb9?s=96&d=mm&r=g\",\"url\":\"https:\/\/secure.gravatar.com\/avatar\/ac5a707d5b47784a5ed426c6e213e201423c750890f64e4c379114dade67dfb9?s=96&d=mm&r=g\",\"contentUrl\":\"https:\/\/secure.gravatar.com\/avatar\/ac5a707d5b47784a5ed426c6e213e201423c750890f64e4c379114dade67dfb9?s=96&d=mm&r=g\",\"caption\":\"Reda\u00e7\u00e3o\"}}]}<\/script>\n<!-- \/ Yoast SEO plugin. -->","yoast_head_json":{"title":"Juiz aceita den\u00fancia contra mais 11 da Opera\u00e7\u00e3o Lava Jato - Notibras","robots":{"index":"index","follow":"follow","max-snippet":"max-snippet:-1","max-image-preview":"max-image-preview:large","max-video-preview":"max-video-preview:-1"},"canonical":"https:\/\/www.notibras.com\/site\/juiz-aceita-denuncia-contra-mais-11-acusados-na-operacao-lava-jato\/","og_locale":"pt_BR","og_type":"article","og_title":"Juiz aceita den\u00fancia contra mais 11 da Opera\u00e7\u00e3o Lava Jato - Notibras","og_description":"O juiz federal S\u00e9rgio Moro, respons\u00e1vel pelas investiga\u00e7\u00f5es da Opera\u00e7\u00e3o Lava Jato na primeira inst\u00e2ncia, aceitou nesta ter\u00e7a (16) den\u00fancia oferecida pelo Minist\u00e9rio P\u00fablico Federal (MPF) contra 11 pessoas por suspeita de participa\u00e7\u00e3o em crimes como corrup\u00e7\u00e3o, forma\u00e7\u00e3o de organiza\u00e7\u00e3o criminosa e lavagem de dinheiro. Outras cinco pessoas, que j\u00e1 viraram r\u00e9us em outras a\u00e7\u00f5es, [&hellip;]","og_url":"https:\/\/www.notibras.com\/site\/juiz-aceita-denuncia-contra-mais-11-acusados-na-operacao-lava-jato\/","og_site_name":"Notibras","article_publisher":"https:\/\/www.facebook.com\/notibras\/","article_published_time":"2014-12-16T17:01:10+00:00","article_modified_time":"2014-12-16T18:57:32+00:00","og_image":[{"width":680,"height":455,"url":"https:\/\/www.notibras.com\/site\/wp-content\/uploads\/2014\/12\/Sem-t\u00edtulo-16.jpg","type":"image\/jpeg"}],"author":"Reda\u00e7\u00e3o","twitter_card":"summary_large_image","twitter_creator":"@Notibras","twitter_site":"@Notibras","twitter_misc":{"Escrito por":"Reda\u00e7\u00e3o","Est. tempo de leitura":"3 minutos"},"schema":{"@context":"https:\/\/schema.org","@graph":[{"@type":"Article","@id":"https:\/\/www.notibras.com\/site\/juiz-aceita-denuncia-contra-mais-11-acusados-na-operacao-lava-jato\/#article","isPartOf":{"@id":"https:\/\/www.notibras.com\/site\/juiz-aceita-denuncia-contra-mais-11-acusados-na-operacao-lava-jato\/"},"author":{"name":"Reda\u00e7\u00e3o","@id":"https:\/\/www.notibras.com\/site\/#\/schema\/person\/00b8e1aa08f9ef6563e878c5159d01cf"},"headline":"Juiz aceita den\u00fancia contra mais 11 da Opera\u00e7\u00e3o Lava Jato","datePublished":"2014-12-16T17:01:10+00:00","dateModified":"2014-12-16T18:57:32+00:00","mainEntityOfPage":{"@id":"https:\/\/www.notibras.com\/site\/juiz-aceita-denuncia-contra-mais-11-acusados-na-operacao-lava-jato\/"},"wordCount":641,"commentCount":0,"publisher":{"@id":"https:\/\/www.notibras.com\/site\/#organization"},"image":{"@id":"https:\/\/www.notibras.com\/site\/juiz-aceita-denuncia-contra-mais-11-acusados-na-operacao-lava-jato\/#primaryimage"},"thumbnailUrl":"https:\/\/www.notibras.com\/site\/wp-content\/uploads\/2014\/12\/Sem-t\u00edtulo-16.jpg","articleSection":["Brasil"],"inLanguage":"pt-BR","potentialAction":[{"@type":"CommentAction","name":"Comment","target":["https:\/\/www.notibras.com\/site\/juiz-aceita-denuncia-contra-mais-11-acusados-na-operacao-lava-jato\/#respond"]}]},{"@type":"WebPage","@id":"https:\/\/www.notibras.com\/site\/juiz-aceita-denuncia-contra-mais-11-acusados-na-operacao-lava-jato\/","url":"https:\/\/www.notibras.com\/site\/juiz-aceita-denuncia-contra-mais-11-acusados-na-operacao-lava-jato\/","name":"Juiz aceita den\u00fancia contra mais 11 da Opera\u00e7\u00e3o Lava Jato - Notibras","isPartOf":{"@id":"https:\/\/www.notibras.com\/site\/#website"},"primaryImageOfPage":{"@id":"https:\/\/www.notibras.com\/site\/juiz-aceita-denuncia-contra-mais-11-acusados-na-operacao-lava-jato\/#primaryimage"},"image":{"@id":"https:\/\/www.notibras.com\/site\/juiz-aceita-denuncia-contra-mais-11-acusados-na-operacao-lava-jato\/#primaryimage"},"thumbnailUrl":"https:\/\/www.notibras.com\/site\/wp-content\/uploads\/2014\/12\/Sem-t\u00edtulo-16.jpg","datePublished":"2014-12-16T17:01:10+00:00","dateModified":"2014-12-16T18:57:32+00:00","breadcrumb":{"@id":"https:\/\/www.notibras.com\/site\/juiz-aceita-denuncia-contra-mais-11-acusados-na-operacao-lava-jato\/#breadcrumb"},"inLanguage":"pt-BR","potentialAction":[{"@type":"ReadAction","target":["https:\/\/www.notibras.com\/site\/juiz-aceita-denuncia-contra-mais-11-acusados-na-operacao-lava-jato\/"]}]},{"@type":"ImageObject","inLanguage":"pt-BR","@id":"https:\/\/www.notibras.com\/site\/juiz-aceita-denuncia-contra-mais-11-acusados-na-operacao-lava-jato\/#primaryimage","url":"https:\/\/www.notibras.com\/site\/wp-content\/uploads\/2014\/12\/Sem-t\u00edtulo-16.jpg","contentUrl":"https:\/\/www.notibras.com\/site\/wp-content\/uploads\/2014\/12\/Sem-t\u00edtulo-16.jpg","width":680,"height":455},{"@type":"BreadcrumbList","@id":"https:\/\/www.notibras.com\/site\/juiz-aceita-denuncia-contra-mais-11-acusados-na-operacao-lava-jato\/#breadcrumb","itemListElement":[{"@type":"ListItem","position":1,"name":"In\u00edcio","item":"https:\/\/www.notibras.com\/site\/"},{"@type":"ListItem","position":2,"name":"Juiz aceita den\u00fancia contra mais 11 da Opera\u00e7\u00e3o Lava Jato"}]},{"@type":"WebSite","@id":"https:\/\/www.notibras.com\/site\/#website","url":"https:\/\/www.notibras.com\/site\/","name":"Notibras","description":"Not\u00edcias de Bras\u00edlia, do Brasil e do Mundo","publisher":{"@id":"https:\/\/www.notibras.com\/site\/#organization"},"potentialAction":[{"@type":"SearchAction","target":{"@type":"EntryPoint","urlTemplate":"https:\/\/www.notibras.com\/site\/?s={search_term_string}"},"query-input":{"@type":"PropertyValueSpecification","valueRequired":true,"valueName":"search_term_string"}}],"inLanguage":"pt-BR"},{"@type":"Organization","@id":"https:\/\/www.notibras.com\/site\/#organization","name":"Grupo Notibras de Comunica\u00e7\u00e3o","url":"https:\/\/www.notibras.com\/site\/","logo":{"@type":"ImageObject","inLanguage":"pt-BR","@id":"https:\/\/www.notibras.com\/site\/#\/schema\/logo\/image\/","url":"https:\/\/www.notibras.com\/site\/wp-content\/uploads\/2023\/01\/notibras23.png","contentUrl":"https:\/\/www.notibras.com\/site\/wp-content\/uploads\/2023\/01\/notibras23.png","width":350,"height":87,"caption":"Grupo Notibras de Comunica\u00e7\u00e3o"},"image":{"@id":"https:\/\/www.notibras.com\/site\/#\/schema\/logo\/image\/"},"sameAs":["https:\/\/www.facebook.com\/notibras\/","https:\/\/x.com\/Notibras","https:\/\/www.instagram.com\/notibras\/"]},{"@type":"Person","@id":"https:\/\/www.notibras.com\/site\/#\/schema\/person\/00b8e1aa08f9ef6563e878c5159d01cf","name":"Reda\u00e7\u00e3o","image":{"@type":"ImageObject","inLanguage":"pt-BR","@id":"https:\/\/secure.gravatar.com\/avatar\/ac5a707d5b47784a5ed426c6e213e201423c750890f64e4c379114dade67dfb9?s=96&d=mm&r=g","url":"https:\/\/secure.gravatar.com\/avatar\/ac5a707d5b47784a5ed426c6e213e201423c750890f64e4c379114dade67dfb9?s=96&d=mm&r=g","contentUrl":"https:\/\/secure.gravatar.com\/avatar\/ac5a707d5b47784a5ed426c6e213e201423c750890f64e4c379114dade67dfb9?s=96&d=mm&r=g","caption":"Reda\u00e7\u00e3o"}}]}},"amp_enabled":true,"_links":{"self":[{"href":"https:\/\/www.notibras.com\/site\/wp-json\/wp\/v2\/posts\/31352","targetHints":{"allow":["GET"]}}],"collection":[{"href":"https:\/\/www.notibras.com\/site\/wp-json\/wp\/v2\/posts"}],"about":[{"href":"https:\/\/www.notibras.com\/site\/wp-json\/wp\/v2\/types\/post"}],"author":[{"embeddable":true,"href":"https:\/\/www.notibras.com\/site\/wp-json\/wp\/v2\/users\/1"}],"replies":[{"embeddable":true,"href":"https:\/\/www.notibras.com\/site\/wp-json\/wp\/v2\/comments?post=31352"}],"version-history":[{"count":0,"href":"https:\/\/www.notibras.com\/site\/wp-json\/wp\/v2\/posts\/31352\/revisions"}],"wp:featuredmedia":[{"embeddable":true,"href":"https:\/\/www.notibras.com\/site\/wp-json\/wp\/v2\/media\/31353"}],"wp:attachment":[{"href":"https:\/\/www.notibras.com\/site\/wp-json\/wp\/v2\/media?parent=31352"}],"wp:term":[{"taxonomy":"category","embeddable":true,"href":"https:\/\/www.notibras.com\/site\/wp-json\/wp\/v2\/categories?post=31352"},{"taxonomy":"post_tag","embeddable":true,"href":"https:\/\/www.notibras.com\/site\/wp-json\/wp\/v2\/tags?post=31352"}],"curies":[{"name":"wp","href":"https:\/\/api.w.org\/{rel}","templated":true}]}}