{"id":313549,"date":"2023-09-27T08:50:50","date_gmt":"2023-09-27T11:50:50","guid":{"rendered":"https:\/\/www.notibras.com\/site\/?p=313549"},"modified":"2023-09-28T09:53:05","modified_gmt":"2023-09-28T12:53:05","slug":"consumo-fora-de-casa-ultrapassa-niveis-pre-pandemia","status":"publish","type":"post","link":"https:\/\/www.notibras.com\/site\/consumo-fora-de-casa-ultrapassa-niveis-pre-pandemia\/","title":{"rendered":"Consumo fora de casa ultrapassa n\u00edveis pr\u00e9-pandemia"},"content":{"rendered":"<p>O consumo dentro do lar apresentou maior patamar de crescimento hist\u00f3rico e o fora de casa superou o pr\u00e9-pandemia pela primeira vez. Entre o primeiro semestre de 2022 e o mesmo per\u00edodo deste ano, houve alta de 9,8% em unidades em ambos os momentos. As informa\u00e7\u00f5es fazem parte do levantamento Consumer Insights 2023, produzido pela Kantar.<\/p>\n<p>Fora do lar, a conveni\u00eancia e o h\u00e1bito ganham for\u00e7a no consumo \u2013 a conveni\u00eancia, que tinha 26% das ocasi\u00f5es no primeiro semestre de 2022, passa a ter 29% no mesmo per\u00edodo de 2023; j\u00e1 o h\u00e1bito, que tinha 9% das ocasi\u00f5es, passa a ter 12%. Dentro de casa, por sua vez, o destaque fica para a busca pelo sabor, que, de 19% das ocasi\u00f5es, passou a ocupar 25% delas.<\/p>\n<p>Somando o consumo dentro e fora do lar, foi observado um crescimento total de 9,8% em unidades, puxado principalmente pelas categorias de indulg\u00eancia. Os produtos mais consumidos s\u00e3o refrigerantes (+2,4%), chocolates (+1,7%) e biscoitos e bolachas (+1%).<\/p>\n<p>O consumo fora de casa retoma acompanhado de um gasto que cresce acima da infla\u00e7\u00e3o. Entre o primeiro semestre de 2022 e o mesmo per\u00edodo deste ano, houve alta de 28% no valor e de 3,8% em unidades.<\/p>\n<p>Diversas alavancas foram chave para a volta desse consumo. Entre elas, destacam-se a contribui\u00e7\u00e3o das camadas mais altas (aumento de 6,2% em unidades adquiridas pelas classes A e B), o retorno da rotina matinal (caf\u00e9 da manh\u00e3 cresce 36% em ocasi\u00f5es) e o compartilhamento de refei\u00e7\u00f5es (alta de 14%).<\/p>\n<p>\u00c9 v\u00e1lido destacar que a omnicanalidade se tornou realidade tamb\u00e9m no consumo fora do lar. No primeiro semestre de 2023, 63% dos brasileiros mixaram oito ou mais canais. O n\u00famero era de 39% no primeiro semestre de 2020.<\/p>\n<p>O consumo dentro de casa cresce \u00e0 medida que o carrinho de compras avan\u00e7a. Na compara\u00e7\u00e3o entre o primeiro semestre de 2022 e o mesmo per\u00edodo deste ano, notou-se alta de 20% em valor e de 9,3% em unidades.<\/p>\n<p>O fechamento do primeiro semestre de 2023 \u00e9 marcado por maiores gastos com Alimentos Perec\u00edveis (+4,2% em valor na compara\u00e7\u00e3o com o mesmo per\u00edodo do ano passado), Higiene e Beleza (+3,6%) e Mercearia Doce (+3,4%).<\/p>\n<p>Ainda \u00e9 importante ressaltar que todas as classes sociais contribuem para a acelera\u00e7\u00e3o do consumo \u2013 com maior destaque para unidades no m\u00e9dio prazo, com 9,3% de varia\u00e7\u00e3o. Tamb\u00e9m buscam, principalmente, por marcas econ\u00f4micas, que apresentaram alta de 12,3% em unidades.<\/p>\n<p><strong>Metodologia<\/strong><br \/>\nOs dados acima s\u00e3o do relat\u00f3rio trimestral Consumer Insights da Kantar, que acompanha o comportamento do comprador brasileiro de maneira cont\u00ednua, trazendo uma vis\u00e3o do consumo em 360 graus dos bens de consumo massivo \u2013 alimentos, bebidas, artigos de limpeza do lar e itens de higiene e beleza pessoal.<\/p>\n<p>Para dados dentro do lar, o estudo re\u00fane 11.300 domic\u00edlios de todas as regi\u00f5es e classes sociais do Pa\u00eds, representando 60 milh\u00f5es de lares. Enquanto para fora do lar, a empresa acompanha o comportamento de 43 milh\u00f5es de indiv\u00edduos.<\/p>\n","protected":false},"excerpt":{"rendered":"<p>O consumo dentro do lar apresentou maior patamar de crescimento hist\u00f3rico e o fora de casa superou o pr\u00e9-pandemia pela primeira vez. Entre o primeiro semestre de 2022 e o mesmo per\u00edodo deste ano, houve alta de 9,8% em unidades em ambos os momentos. As informa\u00e7\u00f5es fazem parte do levantamento Consumer Insights 2023, produzido pela [&hellip;]<\/p>\n","protected":false},"author":2,"featured_media":291361,"comment_status":"closed","ping_status":"closed","sticky":false,"template":"","format":"standard","meta":{"_acf_changed":false,"footnotes":""},"categories":[161],"tags":[95],"class_list":["post-313549","post","type-post","status-publish","format-standard","has-post-thumbnail","hentry","category-quadradinho-em-foco","tag-capa"],"acf":[],"yoast_head":"<!-- This site is optimized with the Yoast SEO plugin v27.2 - https:\/\/yoast.com\/product\/yoast-seo-wordpress\/ -->\n<title>Consumo fora de casa ultrapassa n\u00edveis pr\u00e9-pandemia - Notibras<\/title>\n<meta name=\"robots\" content=\"index, follow, max-snippet:-1, max-image-preview:large, max-video-preview:-1\" \/>\n<link rel=\"canonical\" href=\"https:\/\/www.notibras.com\/site\/consumo-fora-de-casa-ultrapassa-niveis-pre-pandemia\/\" \/>\n<meta property=\"og:locale\" content=\"pt_BR\" \/>\n<meta property=\"og:type\" content=\"article\" \/>\n<meta property=\"og:title\" content=\"Consumo fora de casa ultrapassa n\u00edveis pr\u00e9-pandemia - Notibras\" \/>\n<meta property=\"og:description\" content=\"O consumo dentro do lar apresentou maior patamar de crescimento hist\u00f3rico e o fora de casa superou o pr\u00e9-pandemia pela primeira vez. Entre o primeiro semestre de 2022 e o mesmo per\u00edodo deste ano, houve alta de 9,8% em unidades em ambos os momentos. As informa\u00e7\u00f5es fazem parte do levantamento Consumer Insights 2023, produzido pela [&hellip;]\" \/>\n<meta property=\"og:url\" content=\"https:\/\/www.notibras.com\/site\/consumo-fora-de-casa-ultrapassa-niveis-pre-pandemia\/\" \/>\n<meta property=\"og:site_name\" content=\"Notibras\" \/>\n<meta property=\"article:publisher\" content=\"https:\/\/www.facebook.com\/notibras\/\" \/>\n<meta property=\"article:published_time\" content=\"2023-09-27T11:50:50+00:00\" \/>\n<meta property=\"article:modified_time\" content=\"2023-09-28T12:53:05+00:00\" \/>\n<meta property=\"og:image\" content=\"https:\/\/www.notibras.com\/site\/wp-content\/uploads\/2022\/09\/17-09-2020_comida_restaurante-8.jpg\" \/>\n\t<meta property=\"og:image:width\" content=\"1170\" \/>\n\t<meta property=\"og:image:height\" content=\"700\" \/>\n\t<meta property=\"og:image:type\" content=\"image\/jpeg\" \/>\n<meta name=\"author\" content=\"Reda\u00e7\u00e3o\" \/>\n<meta name=\"twitter:card\" content=\"summary_large_image\" \/>\n<meta name=\"twitter:creator\" content=\"@Notibras\" \/>\n<meta name=\"twitter:site\" content=\"@Notibras\" \/>\n<meta name=\"twitter:label1\" content=\"Escrito por\" \/>\n\t<meta name=\"twitter:data1\" content=\"Reda\u00e7\u00e3o\" \/>\n\t<meta name=\"twitter:label2\" content=\"Est. tempo de leitura\" \/>\n\t<meta name=\"twitter:data2\" content=\"3 minutos\" \/>\n<script type=\"application\/ld+json\" class=\"yoast-schema-graph\">{\"@context\":\"https:\/\/schema.org\",\"@graph\":[{\"@type\":\"Article\",\"@id\":\"https:\/\/www.notibras.com\/site\/consumo-fora-de-casa-ultrapassa-niveis-pre-pandemia\/#article\",\"isPartOf\":{\"@id\":\"https:\/\/www.notibras.com\/site\/consumo-fora-de-casa-ultrapassa-niveis-pre-pandemia\/\"},\"author\":{\"name\":\"Reda\u00e7\u00e3o\",\"@id\":\"https:\/\/www.notibras.com\/site\/#\/schema\/person\/36ab0979449956132d3e5b517ea76ac8\"},\"headline\":\"Consumo fora de casa ultrapassa n\u00edveis pr\u00e9-pandemia\",\"datePublished\":\"2023-09-27T11:50:50+00:00\",\"dateModified\":\"2023-09-28T12:53:05+00:00\",\"mainEntityOfPage\":{\"@id\":\"https:\/\/www.notibras.com\/site\/consumo-fora-de-casa-ultrapassa-niveis-pre-pandemia\/\"},\"wordCount\":501,\"publisher\":{\"@id\":\"https:\/\/www.notibras.com\/site\/#organization\"},\"image\":{\"@id\":\"https:\/\/www.notibras.com\/site\/consumo-fora-de-casa-ultrapassa-niveis-pre-pandemia\/#primaryimage\"},\"thumbnailUrl\":\"https:\/\/www.notibras.com\/site\/wp-content\/uploads\/2022\/09\/17-09-2020_comida_restaurante-8.jpg\",\"keywords\":[\"capa\"],\"articleSection\":[\"Quadradinho em Foco\"],\"inLanguage\":\"pt-BR\"},{\"@type\":\"WebPage\",\"@id\":\"https:\/\/www.notibras.com\/site\/consumo-fora-de-casa-ultrapassa-niveis-pre-pandemia\/\",\"url\":\"https:\/\/www.notibras.com\/site\/consumo-fora-de-casa-ultrapassa-niveis-pre-pandemia\/\",\"name\":\"Consumo fora de casa ultrapassa n\u00edveis pr\u00e9-pandemia - Notibras\",\"isPartOf\":{\"@id\":\"https:\/\/www.notibras.com\/site\/#website\"},\"primaryImageOfPage\":{\"@id\":\"https:\/\/www.notibras.com\/site\/consumo-fora-de-casa-ultrapassa-niveis-pre-pandemia\/#primaryimage\"},\"image\":{\"@id\":\"https:\/\/www.notibras.com\/site\/consumo-fora-de-casa-ultrapassa-niveis-pre-pandemia\/#primaryimage\"},\"thumbnailUrl\":\"https:\/\/www.notibras.com\/site\/wp-content\/uploads\/2022\/09\/17-09-2020_comida_restaurante-8.jpg\",\"datePublished\":\"2023-09-27T11:50:50+00:00\",\"dateModified\":\"2023-09-28T12:53:05+00:00\",\"breadcrumb\":{\"@id\":\"https:\/\/www.notibras.com\/site\/consumo-fora-de-casa-ultrapassa-niveis-pre-pandemia\/#breadcrumb\"},\"inLanguage\":\"pt-BR\",\"potentialAction\":[{\"@type\":\"ReadAction\",\"target\":[\"https:\/\/www.notibras.com\/site\/consumo-fora-de-casa-ultrapassa-niveis-pre-pandemia\/\"]}]},{\"@type\":\"ImageObject\",\"inLanguage\":\"pt-BR\",\"@id\":\"https:\/\/www.notibras.com\/site\/consumo-fora-de-casa-ultrapassa-niveis-pre-pandemia\/#primaryimage\",\"url\":\"https:\/\/www.notibras.com\/site\/wp-content\/uploads\/2022\/09\/17-09-2020_comida_restaurante-8.jpg\",\"contentUrl\":\"https:\/\/www.notibras.com\/site\/wp-content\/uploads\/2022\/09\/17-09-2020_comida_restaurante-8.jpg\",\"width\":1170,\"height\":700,\"caption\":\"Comida servida em restaurante em Bras\u00edlia.\"},{\"@type\":\"BreadcrumbList\",\"@id\":\"https:\/\/www.notibras.com\/site\/consumo-fora-de-casa-ultrapassa-niveis-pre-pandemia\/#breadcrumb\",\"itemListElement\":[{\"@type\":\"ListItem\",\"position\":1,\"name\":\"In\u00edcio\",\"item\":\"https:\/\/www.notibras.com\/site\/\"},{\"@type\":\"ListItem\",\"position\":2,\"name\":\"Consumo fora de casa ultrapassa n\u00edveis pr\u00e9-pandemia\"}]},{\"@type\":\"WebSite\",\"@id\":\"https:\/\/www.notibras.com\/site\/#website\",\"url\":\"https:\/\/www.notibras.com\/site\/\",\"name\":\"Notibras\",\"description\":\"Not\u00edcias de Bras\u00edlia, do Brasil e do Mundo\",\"publisher\":{\"@id\":\"https:\/\/www.notibras.com\/site\/#organization\"},\"potentialAction\":[{\"@type\":\"SearchAction\",\"target\":{\"@type\":\"EntryPoint\",\"urlTemplate\":\"https:\/\/www.notibras.com\/site\/?s={search_term_string}\"},\"query-input\":{\"@type\":\"PropertyValueSpecification\",\"valueRequired\":true,\"valueName\":\"search_term_string\"}}],\"inLanguage\":\"pt-BR\"},{\"@type\":\"Organization\",\"@id\":\"https:\/\/www.notibras.com\/site\/#organization\",\"name\":\"Grupo Notibras de Comunica\u00e7\u00e3o\",\"url\":\"https:\/\/www.notibras.com\/site\/\",\"logo\":{\"@type\":\"ImageObject\",\"inLanguage\":\"pt-BR\",\"@id\":\"https:\/\/www.notibras.com\/site\/#\/schema\/logo\/image\/\",\"url\":\"https:\/\/www.notibras.com\/site\/wp-content\/uploads\/2023\/01\/notibras23.png\",\"contentUrl\":\"https:\/\/www.notibras.com\/site\/wp-content\/uploads\/2023\/01\/notibras23.png\",\"width\":350,\"height\":87,\"caption\":\"Grupo Notibras de Comunica\u00e7\u00e3o\"},\"image\":{\"@id\":\"https:\/\/www.notibras.com\/site\/#\/schema\/logo\/image\/\"},\"sameAs\":[\"https:\/\/www.facebook.com\/notibras\/\",\"https:\/\/x.com\/Notibras\",\"https:\/\/www.instagram.com\/notibras\/\"]},{\"@type\":\"Person\",\"@id\":\"https:\/\/www.notibras.com\/site\/#\/schema\/person\/36ab0979449956132d3e5b517ea76ac8\",\"name\":\"Reda\u00e7\u00e3o\",\"image\":{\"@type\":\"ImageObject\",\"inLanguage\":\"pt-BR\",\"@id\":\"https:\/\/secure.gravatar.com\/avatar\/e0a867bdedb85fd243eadf09663511f96fc81e0720a4a42581f334ad4303aa6b?s=96&d=mm&r=g\",\"url\":\"https:\/\/secure.gravatar.com\/avatar\/e0a867bdedb85fd243eadf09663511f96fc81e0720a4a42581f334ad4303aa6b?s=96&d=mm&r=g\",\"contentUrl\":\"https:\/\/secure.gravatar.com\/avatar\/e0a867bdedb85fd243eadf09663511f96fc81e0720a4a42581f334ad4303aa6b?s=96&d=mm&r=g\",\"caption\":\"Reda\u00e7\u00e3o\"}}]}<\/script>\n<!-- \/ Yoast SEO plugin. -->","yoast_head_json":{"title":"Consumo fora de casa ultrapassa n\u00edveis pr\u00e9-pandemia - Notibras","robots":{"index":"index","follow":"follow","max-snippet":"max-snippet:-1","max-image-preview":"max-image-preview:large","max-video-preview":"max-video-preview:-1"},"canonical":"https:\/\/www.notibras.com\/site\/consumo-fora-de-casa-ultrapassa-niveis-pre-pandemia\/","og_locale":"pt_BR","og_type":"article","og_title":"Consumo fora de casa ultrapassa n\u00edveis pr\u00e9-pandemia - Notibras","og_description":"O consumo dentro do lar apresentou maior patamar de crescimento hist\u00f3rico e o fora de casa superou o pr\u00e9-pandemia pela primeira vez. Entre o primeiro semestre de 2022 e o mesmo per\u00edodo deste ano, houve alta de 9,8% em unidades em ambos os momentos. As informa\u00e7\u00f5es fazem parte do levantamento Consumer Insights 2023, produzido pela [&hellip;]","og_url":"https:\/\/www.notibras.com\/site\/consumo-fora-de-casa-ultrapassa-niveis-pre-pandemia\/","og_site_name":"Notibras","article_publisher":"https:\/\/www.facebook.com\/notibras\/","article_published_time":"2023-09-27T11:50:50+00:00","article_modified_time":"2023-09-28T12:53:05+00:00","og_image":[{"width":1170,"height":700,"url":"https:\/\/www.notibras.com\/site\/wp-content\/uploads\/2022\/09\/17-09-2020_comida_restaurante-8.jpg","type":"image\/jpeg"}],"author":"Reda\u00e7\u00e3o","twitter_card":"summary_large_image","twitter_creator":"@Notibras","twitter_site":"@Notibras","twitter_misc":{"Escrito por":"Reda\u00e7\u00e3o","Est. tempo de leitura":"3 minutos"},"schema":{"@context":"https:\/\/schema.org","@graph":[{"@type":"Article","@id":"https:\/\/www.notibras.com\/site\/consumo-fora-de-casa-ultrapassa-niveis-pre-pandemia\/#article","isPartOf":{"@id":"https:\/\/www.notibras.com\/site\/consumo-fora-de-casa-ultrapassa-niveis-pre-pandemia\/"},"author":{"name":"Reda\u00e7\u00e3o","@id":"https:\/\/www.notibras.com\/site\/#\/schema\/person\/36ab0979449956132d3e5b517ea76ac8"},"headline":"Consumo fora de casa ultrapassa n\u00edveis pr\u00e9-pandemia","datePublished":"2023-09-27T11:50:50+00:00","dateModified":"2023-09-28T12:53:05+00:00","mainEntityOfPage":{"@id":"https:\/\/www.notibras.com\/site\/consumo-fora-de-casa-ultrapassa-niveis-pre-pandemia\/"},"wordCount":501,"publisher":{"@id":"https:\/\/www.notibras.com\/site\/#organization"},"image":{"@id":"https:\/\/www.notibras.com\/site\/consumo-fora-de-casa-ultrapassa-niveis-pre-pandemia\/#primaryimage"},"thumbnailUrl":"https:\/\/www.notibras.com\/site\/wp-content\/uploads\/2022\/09\/17-09-2020_comida_restaurante-8.jpg","keywords":["capa"],"articleSection":["Quadradinho em Foco"],"inLanguage":"pt-BR"},{"@type":"WebPage","@id":"https:\/\/www.notibras.com\/site\/consumo-fora-de-casa-ultrapassa-niveis-pre-pandemia\/","url":"https:\/\/www.notibras.com\/site\/consumo-fora-de-casa-ultrapassa-niveis-pre-pandemia\/","name":"Consumo fora de casa ultrapassa n\u00edveis pr\u00e9-pandemia - Notibras","isPartOf":{"@id":"https:\/\/www.notibras.com\/site\/#website"},"primaryImageOfPage":{"@id":"https:\/\/www.notibras.com\/site\/consumo-fora-de-casa-ultrapassa-niveis-pre-pandemia\/#primaryimage"},"image":{"@id":"https:\/\/www.notibras.com\/site\/consumo-fora-de-casa-ultrapassa-niveis-pre-pandemia\/#primaryimage"},"thumbnailUrl":"https:\/\/www.notibras.com\/site\/wp-content\/uploads\/2022\/09\/17-09-2020_comida_restaurante-8.jpg","datePublished":"2023-09-27T11:50:50+00:00","dateModified":"2023-09-28T12:53:05+00:00","breadcrumb":{"@id":"https:\/\/www.notibras.com\/site\/consumo-fora-de-casa-ultrapassa-niveis-pre-pandemia\/#breadcrumb"},"inLanguage":"pt-BR","potentialAction":[{"@type":"ReadAction","target":["https:\/\/www.notibras.com\/site\/consumo-fora-de-casa-ultrapassa-niveis-pre-pandemia\/"]}]},{"@type":"ImageObject","inLanguage":"pt-BR","@id":"https:\/\/www.notibras.com\/site\/consumo-fora-de-casa-ultrapassa-niveis-pre-pandemia\/#primaryimage","url":"https:\/\/www.notibras.com\/site\/wp-content\/uploads\/2022\/09\/17-09-2020_comida_restaurante-8.jpg","contentUrl":"https:\/\/www.notibras.com\/site\/wp-content\/uploads\/2022\/09\/17-09-2020_comida_restaurante-8.jpg","width":1170,"height":700,"caption":"Comida servida em restaurante em Bras\u00edlia."},{"@type":"BreadcrumbList","@id":"https:\/\/www.notibras.com\/site\/consumo-fora-de-casa-ultrapassa-niveis-pre-pandemia\/#breadcrumb","itemListElement":[{"@type":"ListItem","position":1,"name":"In\u00edcio","item":"https:\/\/www.notibras.com\/site\/"},{"@type":"ListItem","position":2,"name":"Consumo fora de casa ultrapassa n\u00edveis pr\u00e9-pandemia"}]},{"@type":"WebSite","@id":"https:\/\/www.notibras.com\/site\/#website","url":"https:\/\/www.notibras.com\/site\/","name":"Notibras","description":"Not\u00edcias de Bras\u00edlia, do Brasil e do Mundo","publisher":{"@id":"https:\/\/www.notibras.com\/site\/#organization"},"potentialAction":[{"@type":"SearchAction","target":{"@type":"EntryPoint","urlTemplate":"https:\/\/www.notibras.com\/site\/?s={search_term_string}"},"query-input":{"@type":"PropertyValueSpecification","valueRequired":true,"valueName":"search_term_string"}}],"inLanguage":"pt-BR"},{"@type":"Organization","@id":"https:\/\/www.notibras.com\/site\/#organization","name":"Grupo Notibras de Comunica\u00e7\u00e3o","url":"https:\/\/www.notibras.com\/site\/","logo":{"@type":"ImageObject","inLanguage":"pt-BR","@id":"https:\/\/www.notibras.com\/site\/#\/schema\/logo\/image\/","url":"https:\/\/www.notibras.com\/site\/wp-content\/uploads\/2023\/01\/notibras23.png","contentUrl":"https:\/\/www.notibras.com\/site\/wp-content\/uploads\/2023\/01\/notibras23.png","width":350,"height":87,"caption":"Grupo Notibras de Comunica\u00e7\u00e3o"},"image":{"@id":"https:\/\/www.notibras.com\/site\/#\/schema\/logo\/image\/"},"sameAs":["https:\/\/www.facebook.com\/notibras\/","https:\/\/x.com\/Notibras","https:\/\/www.instagram.com\/notibras\/"]},{"@type":"Person","@id":"https:\/\/www.notibras.com\/site\/#\/schema\/person\/36ab0979449956132d3e5b517ea76ac8","name":"Reda\u00e7\u00e3o","image":{"@type":"ImageObject","inLanguage":"pt-BR","@id":"https:\/\/secure.gravatar.com\/avatar\/e0a867bdedb85fd243eadf09663511f96fc81e0720a4a42581f334ad4303aa6b?s=96&d=mm&r=g","url":"https:\/\/secure.gravatar.com\/avatar\/e0a867bdedb85fd243eadf09663511f96fc81e0720a4a42581f334ad4303aa6b?s=96&d=mm&r=g","contentUrl":"https:\/\/secure.gravatar.com\/avatar\/e0a867bdedb85fd243eadf09663511f96fc81e0720a4a42581f334ad4303aa6b?s=96&d=mm&r=g","caption":"Reda\u00e7\u00e3o"}}]}},"amp_enabled":true,"_links":{"self":[{"href":"https:\/\/www.notibras.com\/site\/wp-json\/wp\/v2\/posts\/313549","targetHints":{"allow":["GET"]}}],"collection":[{"href":"https:\/\/www.notibras.com\/site\/wp-json\/wp\/v2\/posts"}],"about":[{"href":"https:\/\/www.notibras.com\/site\/wp-json\/wp\/v2\/types\/post"}],"author":[{"embeddable":true,"href":"https:\/\/www.notibras.com\/site\/wp-json\/wp\/v2\/users\/2"}],"replies":[{"embeddable":true,"href":"https:\/\/www.notibras.com\/site\/wp-json\/wp\/v2\/comments?post=313549"}],"version-history":[{"count":1,"href":"https:\/\/www.notibras.com\/site\/wp-json\/wp\/v2\/posts\/313549\/revisions"}],"predecessor-version":[{"id":313550,"href":"https:\/\/www.notibras.com\/site\/wp-json\/wp\/v2\/posts\/313549\/revisions\/313550"}],"wp:featuredmedia":[{"embeddable":true,"href":"https:\/\/www.notibras.com\/site\/wp-json\/wp\/v2\/media\/291361"}],"wp:attachment":[{"href":"https:\/\/www.notibras.com\/site\/wp-json\/wp\/v2\/media?parent=313549"}],"wp:term":[{"taxonomy":"category","embeddable":true,"href":"https:\/\/www.notibras.com\/site\/wp-json\/wp\/v2\/categories?post=313549"},{"taxonomy":"post_tag","embeddable":true,"href":"https:\/\/www.notibras.com\/site\/wp-json\/wp\/v2\/tags?post=313549"}],"curies":[{"name":"wp","href":"https:\/\/api.w.org\/{rel}","templated":true}]}}