{"id":313567,"date":"2023-09-27T00:20:03","date_gmt":"2023-09-27T03:20:03","guid":{"rendered":"https:\/\/www.notibras.com\/site\/?p=313567"},"modified":"2023-09-27T09:23:11","modified_gmt":"2023-09-27T12:23:11","slug":"funarte-quer-ampliar-inclusao-de-pessoas-com-deficiencia","status":"publish","type":"post","link":"https:\/\/www.notibras.com\/site\/funarte-quer-ampliar-inclusao-de-pessoas-com-deficiencia\/","title":{"rendered":"Funarte quer ampliar inclus\u00e3o de pessoas com defici\u00eancia"},"content":{"rendered":"<p>A Funda\u00e7\u00e3o Nacional de Artes (Funarte) criou grupo de trabalho (GT) para pensar medidas, a\u00e7\u00f5es e pol\u00edticas de acessibilidade junto com agentes da arte Def &#8211; que se refere \u00e0 produ\u00e7\u00e3o de pessoas com defici\u00eancia no mercado cultural, incluindo artistas, t\u00e9cnicos, produtores, pesquisadores, entre outros profissionais. O objetivo \u00e9 discutir, planejar, propor, articular, acompanhar, potencializar e promover a acessibilidade.<\/p>\n<p>A presidente da Funarte, Maria Marighella, disse que uma imagem que a mobiliza \u201c\u00e9 a do presidente Lula subindo a rampa do Pal\u00e1cio do Planalto, no dia 1\u00ba de janeiro deste ano, e recebendo das m\u00e3os do povo a faixa presidencial, em ato \u00fanico no Brasil, como um s\u00edmbolo de que o pr\u00f3prio povo brasileiro toma a democracia com as pr\u00f3prias m\u00e3os e promove um processo de transi\u00e7\u00e3o democr\u00e1tica. Isso fala sobre a pol\u00edtica que nos orienta. \u00c9 uma imagem que est\u00e1 viva conosco diuturnamente\u201d.<\/p>\n<p>Maria Marighella disse ainda que a reivindica\u00e7\u00e3o de uma agenda de direitos na formula\u00e7\u00e3o de pol\u00edticas no campo das artes, da Funarte especialmente, precisa reestruturar e retomar o que foi devastado e fazer apontamentos de futuro, embora reconhe\u00e7a que \u201ca democracia brasileira ainda \u00e9 fr\u00e1gil e precisa chegar a mais pessoas em sua diversidade\u201d.<\/p>\n<p>Ela afirmou que as artes t\u00eam que ser vistas entre os direitos \u00e0 cultura e aos direitos humanos, previstos na Constitui\u00e7\u00e3o brasileira e na Declara\u00e7\u00e3o Universal dos Direitos Humanos. \u201cA gente se apoia muito na ideia da cultura como um ativo da democracia brasileira, na promo\u00e7\u00e3o de igualdade\u201d.<\/p>\n<p><strong>Den\u00fancia<\/strong><br \/>\nOutro fato que motivou a cria\u00e7\u00e3o do grupo ocorreu na Universidade Federal da Bahia (UFBA), em Salvador, em maio deste ano, durante a regulamenta\u00e7\u00e3o da Lei Paulo Gustavo. Na ocasi\u00e3o, a presidente da Funarte ouviu reivindica\u00e7\u00e3o dos artistas e agentes Def e den\u00fancia de que n\u00e3o havia naquele ato o reconhecimento da presen\u00e7a desses agentes. A Funarte deu in\u00edcio ali \u00e0s primeiras reuni\u00f5es com um conjunto de ativistas, grupos, coletivos, de diversas regi\u00f5es do pa\u00eds, com diversidade racial, de g\u00eanero, sexual, com linguagens distintas e ativismos diferentes em rela\u00e7\u00e3o a essa produ\u00e7\u00e3o.<\/p>\n<p>\u201cL\u00e1, j\u00e1 nos comprometemos na cria\u00e7\u00e3o desse processo de trabalho\u201d. O primeiro desafio foi entender que a Funarte precisaria adequar os espa\u00e7os p\u00fablicos e seus encontros em locais acess\u00edveis. Foi aberto ent\u00e3o processo de contrata\u00e7\u00e3o para que todas as atividades da funda\u00e7\u00e3o levem em conta recursos de acessibilidade. \u201cE fomos entendendo que a acessibilidade n\u00e3o \u00e9 um tema parado. Ele se modifica. \u00c9 um espa\u00e7o vivo\u201d.<\/p>\n<p>Embora o Brasil j\u00e1 tenha leis para essa parcela da popula\u00e7\u00e3o, \u201cque precisam ser cumpridas\u201d, Maria destacou que existe algo muito vivo na din\u00e2mica dessa cultura, que al\u00e9m de reivindicar acessibilidade e acesso, tem no centro do debate a constru\u00e7\u00e3o de uma sociedade anticapacitista. \u201cA ideia n\u00e3o \u00e9 criar um grupo apenas para tratar de procedimentos, tecnologias e media\u00e7\u00f5es. No centro desse trabalho est\u00e1 a ideia que as pol\u00edticas p\u00fablicas n\u00e3o podem aderir a uma ideia capacitista [preconceito social contra pessoas com alguma defici\u00eancia]\u201d.<\/p>\n<p>Ela destacou que uma agenda de acessibilidade n\u00e3o fala apenas com os sujeitos que precisam ou est\u00e3o reivindicando acessibilidade. \u201cA pauta fala a todos n\u00f3s, a toda a sociedade, quando encaramos esse debate de uma cultura anticapacitista. Estamos falando de inf\u00e2ncia, de experi\u00eancia de pessoas idosas, de pessoas com mobilidade reduzida, com defici\u00eancia tempor\u00e1ria, de corpos dissidentes, diversos. Estamos falando de um conjunto da sociedade que existe em n\u00famero e posi\u00e7\u00f5es variadas. N\u00e3o apenas de uma ideia de criar acesso, o que j\u00e1 \u00e9 previsto em lei, mas de criar perspectiva, uma subjetividade colocada na produ\u00e7\u00e3o art\u00edstica, n\u00e3o apenas para dar acesso a algu\u00e9m que tem defici\u00eancia mas, sobretudo, produzir uma est\u00e9tica, uma \u00e9tica, uma pol\u00edtica para uma sociedade anticapacitista\u201d. Da\u00ed surgiu a ideia de um grupo de trabalho mais operante, com participa\u00e7\u00e3o de agentes com defici\u00eancia, para incidir nessas pol\u00edticas. A portaria criando o grupo de trabalho nasceu desse trabalho coletivo, iniciado em maio.<\/p>\n<p><strong>Constitui\u00e7\u00e3o<\/strong><br \/>\nO grupo ser\u00e1 formado por 20 pessoas da sociedade civil, sendo dez titulares e dez suplentes. Essas pessoas ser\u00e3o de regi\u00f5es, disciplinas e linguagens distintas, com repert\u00f3rios variados, oriundas dos movimentos e grupos organizados, pessoas que s\u00e3o refer\u00eancia ou convivem com indiv\u00edduos com defici\u00eancia. \u201c\u00c9 o sujeito anunciador da pol\u00edtica que reivindica que est\u00e1 no grupo, entendendo que se trata de uma agenda que n\u00e3o pode ser tutelada\u201d, explicou a presidente da Funarte. Far\u00e3o parte tamb\u00e9m do grupo 20 representantes do Minist\u00e9rio da Cultura.<\/p>\n<p>Os integrantes do grupo de trabalho ainda n\u00e3o foram nomeados. Maria Marighella acredita que isso ocorrer\u00e1 em breve. \u201cH\u00e1 grande expectativa\u201d. Muitas reuni\u00f5es j\u00e1 foram feitas e com efeitos s\u00f3lidos, disse. Um deles \u00e9 que todos os mecanismos de fomento da Funarte neste ano j\u00e1 sa\u00edram com reserva de vagas de 10% para pessoas com defici\u00eancia na escolha de projetos. \u201cO que nos interessa muito, al\u00e9m das pol\u00edticas de acessibilidade, \u00e9 garantir as condi\u00e7\u00f5es para que os artistas sejam protagonistas da cria\u00e7\u00e3o e da produ\u00e7\u00e3o. Que estejam em todos os grupos e companhias, em todas as propostas, reservando 10% das vagas para esse protagonismo\u201d.<\/p>\n<p>O grupo ser\u00e1 conduzido pela diretoria de Projetos da Funarte e j\u00e1 tem um plano definido. O processo de trabalho j\u00e1 existe e ter\u00e1 continuidade, refor\u00e7ou a presidente da funda\u00e7\u00e3o. \u201c\u00c9 como se j\u00e1 houvesse uma rotina de trabalho, com pautas. Agora, por\u00e9m, ele deixa de ser um espa\u00e7o livre para ser um espa\u00e7o institucional\u201d.<\/p>\n<p>Entre as dez atribui\u00e7\u00f5es do grupo est\u00e3o o mapeamento dos diferentes agentes com defici\u00eancia da rede produtiva das artes e suas demandas por pol\u00edticas p\u00fablicas de cultura; reivindica\u00e7\u00e3o de recursos financeiros e or\u00e7ament\u00e1rios; e acompanhamento da execu\u00e7\u00e3o de pol\u00edticas p\u00fablicas de acessibilidade cultural junto \u00e0 Funarte e outros \u00f3rg\u00e3os.<\/p>\n<p><strong>L\u00e1pis de Seda<\/strong><br \/>\nA diretora da Companhia de Dan\u00e7a L\u00e1pis de Seda, Ana Luiza Ciscato, disse que o GT da Funarte \u00e9 necess\u00e1rio. &#8220;Espero que d\u00ea efeitos concretos. Acho que isso pode ser o in\u00edcio de um grande movimento\u201d.<\/p>\n<p>A Cia. L\u00e1pis de Seda foi criada h\u00e1 14 anos em Florian\u00f3polis e seu elenco \u00e9 formado por jovens bailarinos portadores de defici\u00eancia intelectual ou motora. O projeto visa o desenvolvimento humano e a promo\u00e7\u00e3o da criatividade. A companhia, que percorre todo o Brasil com espet\u00e1culos, acaba de fazer interc\u00e2mbio com um grupo de Fortaleza que trabalha com pessoas autistas, em iniciativa do Servi\u00e7o Social do Com\u00e9rcio (Sesc). Agora, Ana Ciscato aguarda o resultado de editais de cultura, al\u00e9m de buscar capta\u00e7\u00e3o para os projetos j\u00e1 aprovados.<\/p>\n","protected":false},"excerpt":{"rendered":"<p>A Funda\u00e7\u00e3o Nacional de Artes (Funarte) criou grupo de trabalho (GT) para pensar medidas, a\u00e7\u00f5es e pol\u00edticas de acessibilidade junto com agentes da arte Def &#8211; que se refere \u00e0 produ\u00e7\u00e3o de pessoas com defici\u00eancia no mercado cultural, incluindo artistas, t\u00e9cnicos, produtores, pesquisadores, entre outros profissionais. O objetivo \u00e9 discutir, planejar, propor, articular, acompanhar, potencializar [&hellip;]<\/p>\n","protected":false},"author":2,"featured_media":313568,"comment_status":"closed","ping_status":"closed","sticky":false,"template":"","format":"standard","meta":{"_acf_changed":false,"footnotes":""},"categories":[161],"tags":[],"class_list":["post-313567","post","type-post","status-publish","format-standard","has-post-thumbnail","hentry","category-quadradinho-em-foco"],"acf":[],"yoast_head":"<!-- This site is optimized with the Yoast SEO plugin v27.2 - https:\/\/yoast.com\/product\/yoast-seo-wordpress\/ -->\n<title>Funarte quer ampliar inclus\u00e3o de pessoas com defici\u00eancia - Notibras<\/title>\n<meta name=\"robots\" content=\"index, follow, max-snippet:-1, max-image-preview:large, max-video-preview:-1\" \/>\n<link rel=\"canonical\" href=\"https:\/\/www.notibras.com\/site\/funarte-quer-ampliar-inclusao-de-pessoas-com-deficiencia\/\" \/>\n<meta property=\"og:locale\" content=\"pt_BR\" \/>\n<meta property=\"og:type\" content=\"article\" \/>\n<meta property=\"og:title\" content=\"Funarte quer ampliar inclus\u00e3o de pessoas com defici\u00eancia - Notibras\" \/>\n<meta property=\"og:description\" content=\"A Funda\u00e7\u00e3o Nacional de Artes (Funarte) criou grupo de trabalho (GT) para pensar medidas, a\u00e7\u00f5es e pol\u00edticas de acessibilidade junto com agentes da arte Def &#8211; que se refere \u00e0 produ\u00e7\u00e3o de pessoas com defici\u00eancia no mercado cultural, incluindo artistas, t\u00e9cnicos, produtores, pesquisadores, entre outros profissionais. O objetivo \u00e9 discutir, planejar, propor, articular, acompanhar, potencializar [&hellip;]\" \/>\n<meta property=\"og:url\" content=\"https:\/\/www.notibras.com\/site\/funarte-quer-ampliar-inclusao-de-pessoas-com-deficiencia\/\" \/>\n<meta property=\"og:site_name\" content=\"Notibras\" \/>\n<meta property=\"article:publisher\" content=\"https:\/\/www.facebook.com\/notibras\/\" \/>\n<meta property=\"article:published_time\" content=\"2023-09-27T03:20:03+00:00\" \/>\n<meta property=\"article:modified_time\" content=\"2023-09-27T12:23:11+00:00\" \/>\n<meta property=\"og:image\" content=\"https:\/\/www.notibras.com\/site\/wp-content\/uploads\/2023\/09\/mg_3459.jpg\" \/>\n\t<meta property=\"og:image:width\" content=\"1170\" \/>\n\t<meta property=\"og:image:height\" content=\"700\" \/>\n\t<meta property=\"og:image:type\" content=\"image\/jpeg\" \/>\n<meta name=\"author\" content=\"Reda\u00e7\u00e3o\" \/>\n<meta name=\"twitter:card\" content=\"summary_large_image\" \/>\n<meta name=\"twitter:creator\" content=\"@Notibras\" \/>\n<meta name=\"twitter:site\" content=\"@Notibras\" \/>\n<meta name=\"twitter:label1\" content=\"Escrito por\" \/>\n\t<meta name=\"twitter:data1\" content=\"Reda\u00e7\u00e3o\" \/>\n\t<meta name=\"twitter:label2\" content=\"Est. tempo de leitura\" \/>\n\t<meta name=\"twitter:data2\" content=\"6 minutos\" \/>\n<script type=\"application\/ld+json\" class=\"yoast-schema-graph\">{\"@context\":\"https:\/\/schema.org\",\"@graph\":[{\"@type\":\"Article\",\"@id\":\"https:\/\/www.notibras.com\/site\/funarte-quer-ampliar-inclusao-de-pessoas-com-deficiencia\/#article\",\"isPartOf\":{\"@id\":\"https:\/\/www.notibras.com\/site\/funarte-quer-ampliar-inclusao-de-pessoas-com-deficiencia\/\"},\"author\":{\"name\":\"Reda\u00e7\u00e3o\",\"@id\":\"https:\/\/www.notibras.com\/site\/#\/schema\/person\/36ab0979449956132d3e5b517ea76ac8\"},\"headline\":\"Funarte quer ampliar inclus\u00e3o de pessoas com defici\u00eancia\",\"datePublished\":\"2023-09-27T03:20:03+00:00\",\"dateModified\":\"2023-09-27T12:23:11+00:00\",\"mainEntityOfPage\":{\"@id\":\"https:\/\/www.notibras.com\/site\/funarte-quer-ampliar-inclusao-de-pessoas-com-deficiencia\/\"},\"wordCount\":1183,\"publisher\":{\"@id\":\"https:\/\/www.notibras.com\/site\/#organization\"},\"image\":{\"@id\":\"https:\/\/www.notibras.com\/site\/funarte-quer-ampliar-inclusao-de-pessoas-com-deficiencia\/#primaryimage\"},\"thumbnailUrl\":\"https:\/\/www.notibras.com\/site\/wp-content\/uploads\/2023\/09\/mg_3459.jpg\",\"articleSection\":[\"Quadradinho em Foco\"],\"inLanguage\":\"pt-BR\"},{\"@type\":\"WebPage\",\"@id\":\"https:\/\/www.notibras.com\/site\/funarte-quer-ampliar-inclusao-de-pessoas-com-deficiencia\/\",\"url\":\"https:\/\/www.notibras.com\/site\/funarte-quer-ampliar-inclusao-de-pessoas-com-deficiencia\/\",\"name\":\"Funarte quer ampliar inclus\u00e3o de pessoas com defici\u00eancia - Notibras\",\"isPartOf\":{\"@id\":\"https:\/\/www.notibras.com\/site\/#website\"},\"primaryImageOfPage\":{\"@id\":\"https:\/\/www.notibras.com\/site\/funarte-quer-ampliar-inclusao-de-pessoas-com-deficiencia\/#primaryimage\"},\"image\":{\"@id\":\"https:\/\/www.notibras.com\/site\/funarte-quer-ampliar-inclusao-de-pessoas-com-deficiencia\/#primaryimage\"},\"thumbnailUrl\":\"https:\/\/www.notibras.com\/site\/wp-content\/uploads\/2023\/09\/mg_3459.jpg\",\"datePublished\":\"2023-09-27T03:20:03+00:00\",\"dateModified\":\"2023-09-27T12:23:11+00:00\",\"breadcrumb\":{\"@id\":\"https:\/\/www.notibras.com\/site\/funarte-quer-ampliar-inclusao-de-pessoas-com-deficiencia\/#breadcrumb\"},\"inLanguage\":\"pt-BR\",\"potentialAction\":[{\"@type\":\"ReadAction\",\"target\":[\"https:\/\/www.notibras.com\/site\/funarte-quer-ampliar-inclusao-de-pessoas-com-deficiencia\/\"]}]},{\"@type\":\"ImageObject\",\"inLanguage\":\"pt-BR\",\"@id\":\"https:\/\/www.notibras.com\/site\/funarte-quer-ampliar-inclusao-de-pessoas-com-deficiencia\/#primaryimage\",\"url\":\"https:\/\/www.notibras.com\/site\/wp-content\/uploads\/2023\/09\/mg_3459.jpg\",\"contentUrl\":\"https:\/\/www.notibras.com\/site\/wp-content\/uploads\/2023\/09\/mg_3459.jpg\",\"width\":1170,\"height\":700,\"caption\":\"Rio de Janeiro (RJ), 10\/07\/2023 - A presidenta da Funarte, Maria Marighella, lan\u00e7a o Funarte Retomada: Programas de Fomento da Pol\u00edtica Nacional das Artes. Foto: Fernando Fraz\u00e3o\/Ag\u00eancia Brasil\"},{\"@type\":\"BreadcrumbList\",\"@id\":\"https:\/\/www.notibras.com\/site\/funarte-quer-ampliar-inclusao-de-pessoas-com-deficiencia\/#breadcrumb\",\"itemListElement\":[{\"@type\":\"ListItem\",\"position\":1,\"name\":\"In\u00edcio\",\"item\":\"https:\/\/www.notibras.com\/site\/\"},{\"@type\":\"ListItem\",\"position\":2,\"name\":\"Funarte quer ampliar inclus\u00e3o de pessoas com defici\u00eancia\"}]},{\"@type\":\"WebSite\",\"@id\":\"https:\/\/www.notibras.com\/site\/#website\",\"url\":\"https:\/\/www.notibras.com\/site\/\",\"name\":\"Notibras\",\"description\":\"Not\u00edcias de Bras\u00edlia, do Brasil e do Mundo\",\"publisher\":{\"@id\":\"https:\/\/www.notibras.com\/site\/#organization\"},\"potentialAction\":[{\"@type\":\"SearchAction\",\"target\":{\"@type\":\"EntryPoint\",\"urlTemplate\":\"https:\/\/www.notibras.com\/site\/?s={search_term_string}\"},\"query-input\":{\"@type\":\"PropertyValueSpecification\",\"valueRequired\":true,\"valueName\":\"search_term_string\"}}],\"inLanguage\":\"pt-BR\"},{\"@type\":\"Organization\",\"@id\":\"https:\/\/www.notibras.com\/site\/#organization\",\"name\":\"Grupo Notibras de Comunica\u00e7\u00e3o\",\"url\":\"https:\/\/www.notibras.com\/site\/\",\"logo\":{\"@type\":\"ImageObject\",\"inLanguage\":\"pt-BR\",\"@id\":\"https:\/\/www.notibras.com\/site\/#\/schema\/logo\/image\/\",\"url\":\"https:\/\/www.notibras.com\/site\/wp-content\/uploads\/2023\/01\/notibras23.png\",\"contentUrl\":\"https:\/\/www.notibras.com\/site\/wp-content\/uploads\/2023\/01\/notibras23.png\",\"width\":350,\"height\":87,\"caption\":\"Grupo Notibras de Comunica\u00e7\u00e3o\"},\"image\":{\"@id\":\"https:\/\/www.notibras.com\/site\/#\/schema\/logo\/image\/\"},\"sameAs\":[\"https:\/\/www.facebook.com\/notibras\/\",\"https:\/\/x.com\/Notibras\",\"https:\/\/www.instagram.com\/notibras\/\"]},{\"@type\":\"Person\",\"@id\":\"https:\/\/www.notibras.com\/site\/#\/schema\/person\/36ab0979449956132d3e5b517ea76ac8\",\"name\":\"Reda\u00e7\u00e3o\",\"image\":{\"@type\":\"ImageObject\",\"inLanguage\":\"pt-BR\",\"@id\":\"https:\/\/secure.gravatar.com\/avatar\/e0a867bdedb85fd243eadf09663511f96fc81e0720a4a42581f334ad4303aa6b?s=96&d=mm&r=g\",\"url\":\"https:\/\/secure.gravatar.com\/avatar\/e0a867bdedb85fd243eadf09663511f96fc81e0720a4a42581f334ad4303aa6b?s=96&d=mm&r=g\",\"contentUrl\":\"https:\/\/secure.gravatar.com\/avatar\/e0a867bdedb85fd243eadf09663511f96fc81e0720a4a42581f334ad4303aa6b?s=96&d=mm&r=g\",\"caption\":\"Reda\u00e7\u00e3o\"}}]}<\/script>\n<!-- \/ Yoast SEO plugin. -->","yoast_head_json":{"title":"Funarte quer ampliar inclus\u00e3o de pessoas com defici\u00eancia - Notibras","robots":{"index":"index","follow":"follow","max-snippet":"max-snippet:-1","max-image-preview":"max-image-preview:large","max-video-preview":"max-video-preview:-1"},"canonical":"https:\/\/www.notibras.com\/site\/funarte-quer-ampliar-inclusao-de-pessoas-com-deficiencia\/","og_locale":"pt_BR","og_type":"article","og_title":"Funarte quer ampliar inclus\u00e3o de pessoas com defici\u00eancia - Notibras","og_description":"A Funda\u00e7\u00e3o Nacional de Artes (Funarte) criou grupo de trabalho (GT) para pensar medidas, a\u00e7\u00f5es e pol\u00edticas de acessibilidade junto com agentes da arte Def &#8211; que se refere \u00e0 produ\u00e7\u00e3o de pessoas com defici\u00eancia no mercado cultural, incluindo artistas, t\u00e9cnicos, produtores, pesquisadores, entre outros profissionais. O objetivo \u00e9 discutir, planejar, propor, articular, acompanhar, potencializar [&hellip;]","og_url":"https:\/\/www.notibras.com\/site\/funarte-quer-ampliar-inclusao-de-pessoas-com-deficiencia\/","og_site_name":"Notibras","article_publisher":"https:\/\/www.facebook.com\/notibras\/","article_published_time":"2023-09-27T03:20:03+00:00","article_modified_time":"2023-09-27T12:23:11+00:00","og_image":[{"width":1170,"height":700,"url":"https:\/\/www.notibras.com\/site\/wp-content\/uploads\/2023\/09\/mg_3459.jpg","type":"image\/jpeg"}],"author":"Reda\u00e7\u00e3o","twitter_card":"summary_large_image","twitter_creator":"@Notibras","twitter_site":"@Notibras","twitter_misc":{"Escrito por":"Reda\u00e7\u00e3o","Est. tempo de leitura":"6 minutos"},"schema":{"@context":"https:\/\/schema.org","@graph":[{"@type":"Article","@id":"https:\/\/www.notibras.com\/site\/funarte-quer-ampliar-inclusao-de-pessoas-com-deficiencia\/#article","isPartOf":{"@id":"https:\/\/www.notibras.com\/site\/funarte-quer-ampliar-inclusao-de-pessoas-com-deficiencia\/"},"author":{"name":"Reda\u00e7\u00e3o","@id":"https:\/\/www.notibras.com\/site\/#\/schema\/person\/36ab0979449956132d3e5b517ea76ac8"},"headline":"Funarte quer ampliar inclus\u00e3o de pessoas com defici\u00eancia","datePublished":"2023-09-27T03:20:03+00:00","dateModified":"2023-09-27T12:23:11+00:00","mainEntityOfPage":{"@id":"https:\/\/www.notibras.com\/site\/funarte-quer-ampliar-inclusao-de-pessoas-com-deficiencia\/"},"wordCount":1183,"publisher":{"@id":"https:\/\/www.notibras.com\/site\/#organization"},"image":{"@id":"https:\/\/www.notibras.com\/site\/funarte-quer-ampliar-inclusao-de-pessoas-com-deficiencia\/#primaryimage"},"thumbnailUrl":"https:\/\/www.notibras.com\/site\/wp-content\/uploads\/2023\/09\/mg_3459.jpg","articleSection":["Quadradinho em Foco"],"inLanguage":"pt-BR"},{"@type":"WebPage","@id":"https:\/\/www.notibras.com\/site\/funarte-quer-ampliar-inclusao-de-pessoas-com-deficiencia\/","url":"https:\/\/www.notibras.com\/site\/funarte-quer-ampliar-inclusao-de-pessoas-com-deficiencia\/","name":"Funarte quer ampliar inclus\u00e3o de pessoas com defici\u00eancia - Notibras","isPartOf":{"@id":"https:\/\/www.notibras.com\/site\/#website"},"primaryImageOfPage":{"@id":"https:\/\/www.notibras.com\/site\/funarte-quer-ampliar-inclusao-de-pessoas-com-deficiencia\/#primaryimage"},"image":{"@id":"https:\/\/www.notibras.com\/site\/funarte-quer-ampliar-inclusao-de-pessoas-com-deficiencia\/#primaryimage"},"thumbnailUrl":"https:\/\/www.notibras.com\/site\/wp-content\/uploads\/2023\/09\/mg_3459.jpg","datePublished":"2023-09-27T03:20:03+00:00","dateModified":"2023-09-27T12:23:11+00:00","breadcrumb":{"@id":"https:\/\/www.notibras.com\/site\/funarte-quer-ampliar-inclusao-de-pessoas-com-deficiencia\/#breadcrumb"},"inLanguage":"pt-BR","potentialAction":[{"@type":"ReadAction","target":["https:\/\/www.notibras.com\/site\/funarte-quer-ampliar-inclusao-de-pessoas-com-deficiencia\/"]}]},{"@type":"ImageObject","inLanguage":"pt-BR","@id":"https:\/\/www.notibras.com\/site\/funarte-quer-ampliar-inclusao-de-pessoas-com-deficiencia\/#primaryimage","url":"https:\/\/www.notibras.com\/site\/wp-content\/uploads\/2023\/09\/mg_3459.jpg","contentUrl":"https:\/\/www.notibras.com\/site\/wp-content\/uploads\/2023\/09\/mg_3459.jpg","width":1170,"height":700,"caption":"Rio de Janeiro (RJ), 10\/07\/2023 - A presidenta da Funarte, Maria Marighella, lan\u00e7a o Funarte Retomada: Programas de Fomento da Pol\u00edtica Nacional das Artes. Foto: Fernando Fraz\u00e3o\/Ag\u00eancia Brasil"},{"@type":"BreadcrumbList","@id":"https:\/\/www.notibras.com\/site\/funarte-quer-ampliar-inclusao-de-pessoas-com-deficiencia\/#breadcrumb","itemListElement":[{"@type":"ListItem","position":1,"name":"In\u00edcio","item":"https:\/\/www.notibras.com\/site\/"},{"@type":"ListItem","position":2,"name":"Funarte quer ampliar inclus\u00e3o de pessoas com defici\u00eancia"}]},{"@type":"WebSite","@id":"https:\/\/www.notibras.com\/site\/#website","url":"https:\/\/www.notibras.com\/site\/","name":"Notibras","description":"Not\u00edcias de Bras\u00edlia, do Brasil e do Mundo","publisher":{"@id":"https:\/\/www.notibras.com\/site\/#organization"},"potentialAction":[{"@type":"SearchAction","target":{"@type":"EntryPoint","urlTemplate":"https:\/\/www.notibras.com\/site\/?s={search_term_string}"},"query-input":{"@type":"PropertyValueSpecification","valueRequired":true,"valueName":"search_term_string"}}],"inLanguage":"pt-BR"},{"@type":"Organization","@id":"https:\/\/www.notibras.com\/site\/#organization","name":"Grupo Notibras de Comunica\u00e7\u00e3o","url":"https:\/\/www.notibras.com\/site\/","logo":{"@type":"ImageObject","inLanguage":"pt-BR","@id":"https:\/\/www.notibras.com\/site\/#\/schema\/logo\/image\/","url":"https:\/\/www.notibras.com\/site\/wp-content\/uploads\/2023\/01\/notibras23.png","contentUrl":"https:\/\/www.notibras.com\/site\/wp-content\/uploads\/2023\/01\/notibras23.png","width":350,"height":87,"caption":"Grupo Notibras de Comunica\u00e7\u00e3o"},"image":{"@id":"https:\/\/www.notibras.com\/site\/#\/schema\/logo\/image\/"},"sameAs":["https:\/\/www.facebook.com\/notibras\/","https:\/\/x.com\/Notibras","https:\/\/www.instagram.com\/notibras\/"]},{"@type":"Person","@id":"https:\/\/www.notibras.com\/site\/#\/schema\/person\/36ab0979449956132d3e5b517ea76ac8","name":"Reda\u00e7\u00e3o","image":{"@type":"ImageObject","inLanguage":"pt-BR","@id":"https:\/\/secure.gravatar.com\/avatar\/e0a867bdedb85fd243eadf09663511f96fc81e0720a4a42581f334ad4303aa6b?s=96&d=mm&r=g","url":"https:\/\/secure.gravatar.com\/avatar\/e0a867bdedb85fd243eadf09663511f96fc81e0720a4a42581f334ad4303aa6b?s=96&d=mm&r=g","contentUrl":"https:\/\/secure.gravatar.com\/avatar\/e0a867bdedb85fd243eadf09663511f96fc81e0720a4a42581f334ad4303aa6b?s=96&d=mm&r=g","caption":"Reda\u00e7\u00e3o"}}]}},"amp_enabled":true,"_links":{"self":[{"href":"https:\/\/www.notibras.com\/site\/wp-json\/wp\/v2\/posts\/313567","targetHints":{"allow":["GET"]}}],"collection":[{"href":"https:\/\/www.notibras.com\/site\/wp-json\/wp\/v2\/posts"}],"about":[{"href":"https:\/\/www.notibras.com\/site\/wp-json\/wp\/v2\/types\/post"}],"author":[{"embeddable":true,"href":"https:\/\/www.notibras.com\/site\/wp-json\/wp\/v2\/users\/2"}],"replies":[{"embeddable":true,"href":"https:\/\/www.notibras.com\/site\/wp-json\/wp\/v2\/comments?post=313567"}],"version-history":[{"count":1,"href":"https:\/\/www.notibras.com\/site\/wp-json\/wp\/v2\/posts\/313567\/revisions"}],"predecessor-version":[{"id":313569,"href":"https:\/\/www.notibras.com\/site\/wp-json\/wp\/v2\/posts\/313567\/revisions\/313569"}],"wp:featuredmedia":[{"embeddable":true,"href":"https:\/\/www.notibras.com\/site\/wp-json\/wp\/v2\/media\/313568"}],"wp:attachment":[{"href":"https:\/\/www.notibras.com\/site\/wp-json\/wp\/v2\/media?parent=313567"}],"wp:term":[{"taxonomy":"category","embeddable":true,"href":"https:\/\/www.notibras.com\/site\/wp-json\/wp\/v2\/categories?post=313567"},{"taxonomy":"post_tag","embeddable":true,"href":"https:\/\/www.notibras.com\/site\/wp-json\/wp\/v2\/tags?post=313567"}],"curies":[{"name":"wp","href":"https:\/\/api.w.org\/{rel}","templated":true}]}}