{"id":313585,"date":"2023-09-29T08:44:23","date_gmt":"2023-09-29T11:44:23","guid":{"rendered":"https:\/\/www.notibras.com\/site\/?p=313585"},"modified":"2023-09-29T09:18:34","modified_gmt":"2023-09-29T12:18:34","slug":"dandan-machado","status":"publish","type":"post","link":"https:\/\/www.notibras.com\/site\/dandan-machado\/","title":{"rendered":"Reencarna\u00e7\u00e3o de Machado de Assis mora no M\u00e9ier"},"content":{"rendered":"<p>N\u00e3o sou religioso e, muito menos, esp\u00edrita. No entanto, caso fosse, afirmaria com todas as letras e mais algumas que conhe\u00e7o h\u00e1 mais de 40 anos a reencarna\u00e7\u00e3o de Machado de Assis. Estou louco? Provavelmente, mas isso n\u00e3o me impede, ali\u00e1s, at\u00e9 me autoriza a assegurar que o esp\u00edrito do maior escritor do mundo encontrou ref\u00fagio bem ali no M\u00e9ier, famoso bairro carioca, no corpo do filho prod\u00edgio dos meus padrinhos. Vem a ser Daniel Marchi de Oliveira.<\/p>\n<p>G\u00eanio! G\u00eanio, sim, senhor! Mas, como tudo tem um por\u00e9m, posso lhe garantir algo que talvez o decepcione. O que \u00e9? Calma! Vou explicar! Afinal, tamb\u00e9m quero exibir um pouco da minha verve liter\u00e1ria com esta cr\u00f4nica que, tenho certeza, voc\u00ea est\u00e1 lendo justamente agora.<\/p>\n<p>Caso voc\u00ea conhe\u00e7a a obra do mais Imortal da Academia Brasileira de Letras, sabe que \u00e9 extremamente extensa. Completa facilmente uma prateleira inteirinha de uma estante de bom tamanho. E, posso afian\u00e7ar, dificilmente voc\u00ea encontrar\u00e1 uma cr\u00f4nica ou um conto que n\u00e3o mere\u00e7a, no m\u00ednimo, a nota m\u00e1xima repleta de estrelinhas. Quanto aos romances, nem preciso comentar, pois s\u00e3o divinos e eternos.<\/p>\n<p>Mas, voltemos ao meu grande amigo Daniel. At\u00e9 adivinho o que voc\u00ea est\u00e1 pensando. Se ele \u00e9 a tal encarna\u00e7\u00e3o, por que n\u00e3o poderia, ao menos, se igualar ao Bruxo do Cosme Velho? Hum&#8230; vou at\u00e9 dar uma longa bebericada no meu caf\u00e9 gourmet para satisfazer a sua curiosidade.<\/p>\n<p>Pois bem, para responder tal pergunta, vou lhe contar um pequeno interl\u00fadio que tive com o Jos\u00e9 Seabra. L\u00e1 est\u00e1vamos falando sobre alguns dos mais not\u00e1veis colaboradores de <strong>Notibras<\/strong>, quando ele insistiu em me tecer elogios, que, na verdade, nem sou t\u00e3o merecedor. Para encurtar a hist\u00f3ria, foi mais ou menos assim que aconteceu ou, pelo menos, \u00e9 como me recordo.<\/p>\n<p>&#8211; Seabra, sabe que eu estava pensando justamente nisso hoje? Pois \u00e9, sou o do arroz e feij\u00e3o, o do rango do dia a dia, que precisa manter o povo alimentado. O Mathuzal\u00e9m e o Wenceslau s\u00e3o os cozinheiros dos domingos. Quanto ao Daniel, ele \u00e9 aquele mestre-cuca que aparece uma vez a cada seis meses.<\/p>\n<p>&#8211; P\u00f4, Dudu, e eu sou o qu\u00ea? O cara do pf (n\u00e3o d\u00e1, mas do prato feito)?<\/p>\n<p>&#8211; \u00d3bvio que n\u00e3o! Voc\u00ea \u00e9 o dono e o propriet\u00e1rio desse grande restaurante jornal\u00edstico chamado <strong>Notibras<\/strong>.<\/p>\n<p>Isso mesmo que voc\u00ea leu. O Daniel \u00e9 como um lapidador de diamantes raros. Ele leva tempo para aparecer com mais uma pedra preciosa, mas, quando o faz, todos n\u00f3s ficamos boquiabertos como \u00e9 que ele conseguiu ser ainda melhor do que imagin\u00e1vamos.<\/p>\n<p>Talvez voc\u00ea, que ainda deve estar me seguindo neste \u00faltimo par\u00e1grafo, esteja sorrindo aquele sorriso de quem achou uma falha na minha teoria. Ah, ent\u00e3o, o Daniel n\u00e3o \u00e9 a reencarna\u00e7\u00e3o do Machado de Assis? \u00c9 mais do que \u00f3bvio que \u00e9. S\u00f3 que \u00e9 uma reencarna\u00e7\u00e3o um pouco pregui\u00e7osa.<\/p>\n","protected":false},"excerpt":{"rendered":"<p>N\u00e3o sou religioso e, muito menos, esp\u00edrita. No entanto, caso fosse, afirmaria com todas as letras e mais algumas que conhe\u00e7o h\u00e1 mais de 40 anos a reencarna\u00e7\u00e3o de Machado de Assis. Estou louco? Provavelmente, mas isso n\u00e3o me impede, ali\u00e1s, at\u00e9 me autoriza a assegurar que o esp\u00edrito do maior escritor do mundo encontrou [&hellip;]<\/p>\n","protected":false},"author":2,"featured_media":313586,"comment_status":"closed","ping_status":"closed","sticky":false,"template":"","format":"standard","meta":{"_acf_changed":false,"footnotes":""},"categories":[161],"tags":[],"class_list":["post-313585","post","type-post","status-publish","format-standard","has-post-thumbnail","hentry","category-quadradinho-em-foco"],"acf":[],"yoast_head":"<!-- This site is optimized with the Yoast SEO plugin v27.2 - https:\/\/yoast.com\/product\/yoast-seo-wordpress\/ -->\n<title>Reencarna\u00e7\u00e3o de Machado de Assis mora no M\u00e9ier - Notibras<\/title>\n<meta name=\"robots\" content=\"index, follow, max-snippet:-1, max-image-preview:large, max-video-preview:-1\" \/>\n<link rel=\"canonical\" href=\"https:\/\/www.notibras.com\/site\/dandan-machado\/\" \/>\n<meta property=\"og:locale\" content=\"pt_BR\" \/>\n<meta property=\"og:type\" content=\"article\" \/>\n<meta property=\"og:title\" content=\"Reencarna\u00e7\u00e3o de Machado de Assis mora no M\u00e9ier - Notibras\" \/>\n<meta property=\"og:description\" content=\"N\u00e3o sou religioso e, muito menos, esp\u00edrita. No entanto, caso fosse, afirmaria com todas as letras e mais algumas que conhe\u00e7o h\u00e1 mais de 40 anos a reencarna\u00e7\u00e3o de Machado de Assis. Estou louco? Provavelmente, mas isso n\u00e3o me impede, ali\u00e1s, at\u00e9 me autoriza a assegurar que o esp\u00edrito do maior escritor do mundo encontrou [&hellip;]\" \/>\n<meta property=\"og:url\" content=\"https:\/\/www.notibras.com\/site\/dandan-machado\/\" \/>\n<meta property=\"og:site_name\" content=\"Notibras\" \/>\n<meta property=\"article:publisher\" content=\"https:\/\/www.facebook.com\/notibras\/\" \/>\n<meta property=\"article:published_time\" content=\"2023-09-29T11:44:23+00:00\" \/>\n<meta property=\"article:modified_time\" content=\"2023-09-29T12:18:34+00:00\" \/>\n<meta property=\"og:image\" content=\"https:\/\/www.notibras.com\/site\/wp-content\/uploads\/2023\/09\/daniel.not_.jpg\" \/>\n\t<meta property=\"og:image:width\" content=\"960\" \/>\n\t<meta property=\"og:image:height\" content=\"960\" \/>\n\t<meta property=\"og:image:type\" content=\"image\/jpeg\" \/>\n<meta name=\"author\" content=\"Reda\u00e7\u00e3o\" \/>\n<meta name=\"twitter:card\" content=\"summary_large_image\" \/>\n<meta name=\"twitter:creator\" content=\"@Notibras\" \/>\n<meta name=\"twitter:site\" content=\"@Notibras\" \/>\n<meta name=\"twitter:label1\" content=\"Escrito por\" \/>\n\t<meta name=\"twitter:data1\" content=\"Reda\u00e7\u00e3o\" \/>\n\t<meta name=\"twitter:label2\" content=\"Est. tempo de leitura\" \/>\n\t<meta name=\"twitter:data2\" content=\"3 minutos\" \/>\n<script type=\"application\/ld+json\" class=\"yoast-schema-graph\">{\"@context\":\"https:\/\/schema.org\",\"@graph\":[{\"@type\":\"Article\",\"@id\":\"https:\/\/www.notibras.com\/site\/dandan-machado\/#article\",\"isPartOf\":{\"@id\":\"https:\/\/www.notibras.com\/site\/dandan-machado\/\"},\"author\":{\"name\":\"Reda\u00e7\u00e3o\",\"@id\":\"https:\/\/www.notibras.com\/site\/#\/schema\/person\/36ab0979449956132d3e5b517ea76ac8\"},\"headline\":\"Reencarna\u00e7\u00e3o de Machado de Assis mora no M\u00e9ier\",\"datePublished\":\"2023-09-29T11:44:23+00:00\",\"dateModified\":\"2023-09-29T12:18:34+00:00\",\"mainEntityOfPage\":{\"@id\":\"https:\/\/www.notibras.com\/site\/dandan-machado\/\"},\"wordCount\":521,\"publisher\":{\"@id\":\"https:\/\/www.notibras.com\/site\/#organization\"},\"image\":{\"@id\":\"https:\/\/www.notibras.com\/site\/dandan-machado\/#primaryimage\"},\"thumbnailUrl\":\"https:\/\/www.notibras.com\/site\/wp-content\/uploads\/2023\/09\/daniel.not_.jpg\",\"articleSection\":[\"Quadradinho em Foco\"],\"inLanguage\":\"pt-BR\"},{\"@type\":\"WebPage\",\"@id\":\"https:\/\/www.notibras.com\/site\/dandan-machado\/\",\"url\":\"https:\/\/www.notibras.com\/site\/dandan-machado\/\",\"name\":\"Reencarna\u00e7\u00e3o de Machado de Assis mora no M\u00e9ier - Notibras\",\"isPartOf\":{\"@id\":\"https:\/\/www.notibras.com\/site\/#website\"},\"primaryImageOfPage\":{\"@id\":\"https:\/\/www.notibras.com\/site\/dandan-machado\/#primaryimage\"},\"image\":{\"@id\":\"https:\/\/www.notibras.com\/site\/dandan-machado\/#primaryimage\"},\"thumbnailUrl\":\"https:\/\/www.notibras.com\/site\/wp-content\/uploads\/2023\/09\/daniel.not_.jpg\",\"datePublished\":\"2023-09-29T11:44:23+00:00\",\"dateModified\":\"2023-09-29T12:18:34+00:00\",\"breadcrumb\":{\"@id\":\"https:\/\/www.notibras.com\/site\/dandan-machado\/#breadcrumb\"},\"inLanguage\":\"pt-BR\",\"potentialAction\":[{\"@type\":\"ReadAction\",\"target\":[\"https:\/\/www.notibras.com\/site\/dandan-machado\/\"]}]},{\"@type\":\"ImageObject\",\"inLanguage\":\"pt-BR\",\"@id\":\"https:\/\/www.notibras.com\/site\/dandan-machado\/#primaryimage\",\"url\":\"https:\/\/www.notibras.com\/site\/wp-content\/uploads\/2023\/09\/daniel.not_.jpg\",\"contentUrl\":\"https:\/\/www.notibras.com\/site\/wp-content\/uploads\/2023\/09\/daniel.not_.jpg\",\"width\":960,\"height\":960},{\"@type\":\"BreadcrumbList\",\"@id\":\"https:\/\/www.notibras.com\/site\/dandan-machado\/#breadcrumb\",\"itemListElement\":[{\"@type\":\"ListItem\",\"position\":1,\"name\":\"In\u00edcio\",\"item\":\"https:\/\/www.notibras.com\/site\/\"},{\"@type\":\"ListItem\",\"position\":2,\"name\":\"Reencarna\u00e7\u00e3o de Machado de Assis mora no M\u00e9ier\"}]},{\"@type\":\"WebSite\",\"@id\":\"https:\/\/www.notibras.com\/site\/#website\",\"url\":\"https:\/\/www.notibras.com\/site\/\",\"name\":\"Notibras\",\"description\":\"Not\u00edcias de Bras\u00edlia, do Brasil e do Mundo\",\"publisher\":{\"@id\":\"https:\/\/www.notibras.com\/site\/#organization\"},\"potentialAction\":[{\"@type\":\"SearchAction\",\"target\":{\"@type\":\"EntryPoint\",\"urlTemplate\":\"https:\/\/www.notibras.com\/site\/?s={search_term_string}\"},\"query-input\":{\"@type\":\"PropertyValueSpecification\",\"valueRequired\":true,\"valueName\":\"search_term_string\"}}],\"inLanguage\":\"pt-BR\"},{\"@type\":\"Organization\",\"@id\":\"https:\/\/www.notibras.com\/site\/#organization\",\"name\":\"Grupo Notibras de Comunica\u00e7\u00e3o\",\"url\":\"https:\/\/www.notibras.com\/site\/\",\"logo\":{\"@type\":\"ImageObject\",\"inLanguage\":\"pt-BR\",\"@id\":\"https:\/\/www.notibras.com\/site\/#\/schema\/logo\/image\/\",\"url\":\"https:\/\/www.notibras.com\/site\/wp-content\/uploads\/2023\/01\/notibras23.png\",\"contentUrl\":\"https:\/\/www.notibras.com\/site\/wp-content\/uploads\/2023\/01\/notibras23.png\",\"width\":350,\"height\":87,\"caption\":\"Grupo Notibras de Comunica\u00e7\u00e3o\"},\"image\":{\"@id\":\"https:\/\/www.notibras.com\/site\/#\/schema\/logo\/image\/\"},\"sameAs\":[\"https:\/\/www.facebook.com\/notibras\/\",\"https:\/\/x.com\/Notibras\",\"https:\/\/www.instagram.com\/notibras\/\"]},{\"@type\":\"Person\",\"@id\":\"https:\/\/www.notibras.com\/site\/#\/schema\/person\/36ab0979449956132d3e5b517ea76ac8\",\"name\":\"Reda\u00e7\u00e3o\",\"image\":{\"@type\":\"ImageObject\",\"inLanguage\":\"pt-BR\",\"@id\":\"https:\/\/secure.gravatar.com\/avatar\/e0a867bdedb85fd243eadf09663511f96fc81e0720a4a42581f334ad4303aa6b?s=96&d=mm&r=g\",\"url\":\"https:\/\/secure.gravatar.com\/avatar\/e0a867bdedb85fd243eadf09663511f96fc81e0720a4a42581f334ad4303aa6b?s=96&d=mm&r=g\",\"contentUrl\":\"https:\/\/secure.gravatar.com\/avatar\/e0a867bdedb85fd243eadf09663511f96fc81e0720a4a42581f334ad4303aa6b?s=96&d=mm&r=g\",\"caption\":\"Reda\u00e7\u00e3o\"}}]}<\/script>\n<!-- \/ Yoast SEO plugin. -->","yoast_head_json":{"title":"Reencarna\u00e7\u00e3o de Machado de Assis mora no M\u00e9ier - Notibras","robots":{"index":"index","follow":"follow","max-snippet":"max-snippet:-1","max-image-preview":"max-image-preview:large","max-video-preview":"max-video-preview:-1"},"canonical":"https:\/\/www.notibras.com\/site\/dandan-machado\/","og_locale":"pt_BR","og_type":"article","og_title":"Reencarna\u00e7\u00e3o de Machado de Assis mora no M\u00e9ier - Notibras","og_description":"N\u00e3o sou religioso e, muito menos, esp\u00edrita. No entanto, caso fosse, afirmaria com todas as letras e mais algumas que conhe\u00e7o h\u00e1 mais de 40 anos a reencarna\u00e7\u00e3o de Machado de Assis. Estou louco? Provavelmente, mas isso n\u00e3o me impede, ali\u00e1s, at\u00e9 me autoriza a assegurar que o esp\u00edrito do maior escritor do mundo encontrou [&hellip;]","og_url":"https:\/\/www.notibras.com\/site\/dandan-machado\/","og_site_name":"Notibras","article_publisher":"https:\/\/www.facebook.com\/notibras\/","article_published_time":"2023-09-29T11:44:23+00:00","article_modified_time":"2023-09-29T12:18:34+00:00","og_image":[{"width":960,"height":960,"url":"https:\/\/www.notibras.com\/site\/wp-content\/uploads\/2023\/09\/daniel.not_.jpg","type":"image\/jpeg"}],"author":"Reda\u00e7\u00e3o","twitter_card":"summary_large_image","twitter_creator":"@Notibras","twitter_site":"@Notibras","twitter_misc":{"Escrito por":"Reda\u00e7\u00e3o","Est. tempo de leitura":"3 minutos"},"schema":{"@context":"https:\/\/schema.org","@graph":[{"@type":"Article","@id":"https:\/\/www.notibras.com\/site\/dandan-machado\/#article","isPartOf":{"@id":"https:\/\/www.notibras.com\/site\/dandan-machado\/"},"author":{"name":"Reda\u00e7\u00e3o","@id":"https:\/\/www.notibras.com\/site\/#\/schema\/person\/36ab0979449956132d3e5b517ea76ac8"},"headline":"Reencarna\u00e7\u00e3o de Machado de Assis mora no M\u00e9ier","datePublished":"2023-09-29T11:44:23+00:00","dateModified":"2023-09-29T12:18:34+00:00","mainEntityOfPage":{"@id":"https:\/\/www.notibras.com\/site\/dandan-machado\/"},"wordCount":521,"publisher":{"@id":"https:\/\/www.notibras.com\/site\/#organization"},"image":{"@id":"https:\/\/www.notibras.com\/site\/dandan-machado\/#primaryimage"},"thumbnailUrl":"https:\/\/www.notibras.com\/site\/wp-content\/uploads\/2023\/09\/daniel.not_.jpg","articleSection":["Quadradinho em Foco"],"inLanguage":"pt-BR"},{"@type":"WebPage","@id":"https:\/\/www.notibras.com\/site\/dandan-machado\/","url":"https:\/\/www.notibras.com\/site\/dandan-machado\/","name":"Reencarna\u00e7\u00e3o de Machado de Assis mora no M\u00e9ier - Notibras","isPartOf":{"@id":"https:\/\/www.notibras.com\/site\/#website"},"primaryImageOfPage":{"@id":"https:\/\/www.notibras.com\/site\/dandan-machado\/#primaryimage"},"image":{"@id":"https:\/\/www.notibras.com\/site\/dandan-machado\/#primaryimage"},"thumbnailUrl":"https:\/\/www.notibras.com\/site\/wp-content\/uploads\/2023\/09\/daniel.not_.jpg","datePublished":"2023-09-29T11:44:23+00:00","dateModified":"2023-09-29T12:18:34+00:00","breadcrumb":{"@id":"https:\/\/www.notibras.com\/site\/dandan-machado\/#breadcrumb"},"inLanguage":"pt-BR","potentialAction":[{"@type":"ReadAction","target":["https:\/\/www.notibras.com\/site\/dandan-machado\/"]}]},{"@type":"ImageObject","inLanguage":"pt-BR","@id":"https:\/\/www.notibras.com\/site\/dandan-machado\/#primaryimage","url":"https:\/\/www.notibras.com\/site\/wp-content\/uploads\/2023\/09\/daniel.not_.jpg","contentUrl":"https:\/\/www.notibras.com\/site\/wp-content\/uploads\/2023\/09\/daniel.not_.jpg","width":960,"height":960},{"@type":"BreadcrumbList","@id":"https:\/\/www.notibras.com\/site\/dandan-machado\/#breadcrumb","itemListElement":[{"@type":"ListItem","position":1,"name":"In\u00edcio","item":"https:\/\/www.notibras.com\/site\/"},{"@type":"ListItem","position":2,"name":"Reencarna\u00e7\u00e3o de Machado de Assis mora no M\u00e9ier"}]},{"@type":"WebSite","@id":"https:\/\/www.notibras.com\/site\/#website","url":"https:\/\/www.notibras.com\/site\/","name":"Notibras","description":"Not\u00edcias de Bras\u00edlia, do Brasil e do Mundo","publisher":{"@id":"https:\/\/www.notibras.com\/site\/#organization"},"potentialAction":[{"@type":"SearchAction","target":{"@type":"EntryPoint","urlTemplate":"https:\/\/www.notibras.com\/site\/?s={search_term_string}"},"query-input":{"@type":"PropertyValueSpecification","valueRequired":true,"valueName":"search_term_string"}}],"inLanguage":"pt-BR"},{"@type":"Organization","@id":"https:\/\/www.notibras.com\/site\/#organization","name":"Grupo Notibras de Comunica\u00e7\u00e3o","url":"https:\/\/www.notibras.com\/site\/","logo":{"@type":"ImageObject","inLanguage":"pt-BR","@id":"https:\/\/www.notibras.com\/site\/#\/schema\/logo\/image\/","url":"https:\/\/www.notibras.com\/site\/wp-content\/uploads\/2023\/01\/notibras23.png","contentUrl":"https:\/\/www.notibras.com\/site\/wp-content\/uploads\/2023\/01\/notibras23.png","width":350,"height":87,"caption":"Grupo Notibras de Comunica\u00e7\u00e3o"},"image":{"@id":"https:\/\/www.notibras.com\/site\/#\/schema\/logo\/image\/"},"sameAs":["https:\/\/www.facebook.com\/notibras\/","https:\/\/x.com\/Notibras","https:\/\/www.instagram.com\/notibras\/"]},{"@type":"Person","@id":"https:\/\/www.notibras.com\/site\/#\/schema\/person\/36ab0979449956132d3e5b517ea76ac8","name":"Reda\u00e7\u00e3o","image":{"@type":"ImageObject","inLanguage":"pt-BR","@id":"https:\/\/secure.gravatar.com\/avatar\/e0a867bdedb85fd243eadf09663511f96fc81e0720a4a42581f334ad4303aa6b?s=96&d=mm&r=g","url":"https:\/\/secure.gravatar.com\/avatar\/e0a867bdedb85fd243eadf09663511f96fc81e0720a4a42581f334ad4303aa6b?s=96&d=mm&r=g","contentUrl":"https:\/\/secure.gravatar.com\/avatar\/e0a867bdedb85fd243eadf09663511f96fc81e0720a4a42581f334ad4303aa6b?s=96&d=mm&r=g","caption":"Reda\u00e7\u00e3o"}}]}},"amp_enabled":true,"_links":{"self":[{"href":"https:\/\/www.notibras.com\/site\/wp-json\/wp\/v2\/posts\/313585","targetHints":{"allow":["GET"]}}],"collection":[{"href":"https:\/\/www.notibras.com\/site\/wp-json\/wp\/v2\/posts"}],"about":[{"href":"https:\/\/www.notibras.com\/site\/wp-json\/wp\/v2\/types\/post"}],"author":[{"embeddable":true,"href":"https:\/\/www.notibras.com\/site\/wp-json\/wp\/v2\/users\/2"}],"replies":[{"embeddable":true,"href":"https:\/\/www.notibras.com\/site\/wp-json\/wp\/v2\/comments?post=313585"}],"version-history":[{"count":5,"href":"https:\/\/www.notibras.com\/site\/wp-json\/wp\/v2\/posts\/313585\/revisions"}],"predecessor-version":[{"id":313686,"href":"https:\/\/www.notibras.com\/site\/wp-json\/wp\/v2\/posts\/313585\/revisions\/313686"}],"wp:featuredmedia":[{"embeddable":true,"href":"https:\/\/www.notibras.com\/site\/wp-json\/wp\/v2\/media\/313586"}],"wp:attachment":[{"href":"https:\/\/www.notibras.com\/site\/wp-json\/wp\/v2\/media?parent=313585"}],"wp:term":[{"taxonomy":"category","embeddable":true,"href":"https:\/\/www.notibras.com\/site\/wp-json\/wp\/v2\/categories?post=313585"},{"taxonomy":"post_tag","embeddable":true,"href":"https:\/\/www.notibras.com\/site\/wp-json\/wp\/v2\/tags?post=313585"}],"curies":[{"name":"wp","href":"https:\/\/api.w.org\/{rel}","templated":true}]}}