{"id":313611,"date":"2023-09-28T09:50:19","date_gmt":"2023-09-28T12:50:19","guid":{"rendered":"https:\/\/www.notibras.com\/site\/?p=313611"},"modified":"2023-09-28T09:50:19","modified_gmt":"2023-09-28T12:50:19","slug":"se-aquiles-fosse-como-socrates-a-historia-seria-outra","status":"publish","type":"post","link":"https:\/\/www.notibras.com\/site\/se-aquiles-fosse-como-socrates-a-historia-seria-outra\/","title":{"rendered":"Se Aquiles fosse como S\u00f3crates, a hist\u00f3ria seria outra"},"content":{"rendered":"<p>Era uma mania nos anos finais de 1970 nas peladas. Todos queriam dar de calcanhar, mesmo que o companheiro de pelada estivesse a um metro de dist\u00e2ncia. No in\u00edcio era algo meio complicado de se fazer, mesmo para os mais habilidosos. O calcanhar \u00e9 seco e, quando a bola era chutada, ou melhor, calcaneada (se o Guimar\u00e3es Rosa podia&#8230;), muitas vezes espirrava. Mas ningu\u00e9m reclamava, pois era uma febre recente, e todos pareciam doentes.<\/p>\n<p>S\u00f3crates! Doutor S\u00f3crates! Doutor! Magr\u00e3o! Alto que nem um varapau, lembrava mais um jogador de basquete. Driblava muito bem, cabeceava muito bem, chutava muito bem. Tudo isso ele fazia muito bem! Mas o calcanhar calcaneava divinamente!<\/p>\n<p>O que era aquilo? Com certeza ele n\u00e3o havia inventado o ato de calcanear, isso qualquer um poderia afirmar sem qualquer sombra de d\u00favida. Mas esse ato singelo e pouco comum, pelo menos at\u00e9 ent\u00e3o, jamais havia sido executado com tamanha maestria. Por isso, n\u00e3o seria qualquer blasf\u00eamia afirmar que foi o Doutor S\u00f3crates o grande divulgador da calcaneada.<\/p>\n<p>Essa jogada n\u00e3o era apenas reproduzida, mesmo que toscamente, nos campinhos de v\u00e1rzea, nos becos das quadras, nos terrenos baldios. Outros craques ou n\u00e3o t\u00e3o craques assim tamb\u00e9m tentavam utilizar essa jogada maestral, mas sem a mesma categoria do craque do Corinthians. Seja como for, todos tentavam. At\u00e9 mesmo os mais t\u00edmidos e desconcertados. Ningu\u00e9m queria ficar de fora.<\/p>\n<p>Fizeram at\u00e9 um programa com o S\u00f3crates, onde ele batia alguns p\u00eanaltis de calcanhar. Incr\u00edvel, ele acertava todos! Gol!!! E isso virou nova mania! Os p\u00eanaltis das peladas tamb\u00e9m passaram a ser batidos assim. Que sorte dos goleiros, pois raramente uma bola rumava certeira.<\/p>\n<p>Pois \u00e9, os gols de p\u00eanalti se tornaram raros entre os peladeiros. Obviamente, de vez em quando, muito raramente para falar a verdade, um ou outro conseguia fazer com que a bola balan\u00e7asse a rede, mesmo que esta realmente n\u00e3o existisse na maior parte das metas. Ningu\u00e9m ligava! Todos precisavam arriscar para, ent\u00e3o, contar vantagem depois: \u201cFiz um gol \u00e0 la S\u00f3crates!\u201d<\/p>\n<p>Situa\u00e7\u00f5es hil\u00e1rias aconteciam com muita frequ\u00eancia. Furadas humilhantes, desequil\u00edbrios ao rodopiar o corpo na \u00e2nsia de dar uma calcaneada, frequentes quedas. Ningu\u00e9m realmente dava a m\u00ednima para esses erros grotescos. N\u00e3o havia um sequer que executava com a classe do S\u00f3crates. At\u00e9 mesmo o Zico, quando fazia suas calcaneadas, estava longe de faz\u00ea-las com a eleg\u00e2ncia pr\u00f3pria do Magr\u00e3o.<\/p>\n<p>Havia uma d\u00favida na ocasi\u00e3o sobre quem era melhor: o craque do Flamengo ou o Doutor? Fizeram essa pergunta para o Zico, que n\u00e3o respondeu com exatid\u00e3o. O S\u00f3crates n\u00e3o titubeou e afirmou, com todas as letras, que o Galinho era o melhor. Ou seja, o Magr\u00e3o, com a eleg\u00e2ncia costumeira, deu outra calcaneada nessa pergunta sem muito nexo e disse: \u201cO Zico!\u201d<\/p>\n<p>\u00c9 como querer discutir quem \u00e9 mais importante: o arroz ou o feij\u00e3o? Os dois craca\u00e7os eram, sem qualquer sombra de d\u00favida, fenomenais. No entanto, a evid\u00eancia naquele momento era mesmo o calcanhar do Magr\u00e3o. Provavelmente, at\u00e9 mesmo o Zico fazia parte dos que estavam com febre e, portanto, deveria sonhar em fazer um gol de p\u00eanalti ou de falta dando uma calcaneada \u00e0 la Doutor S\u00f3crates.<\/p>\n","protected":false},"excerpt":{"rendered":"<p>Era uma mania nos anos finais de 1970 nas peladas. Todos queriam dar de calcanhar, mesmo que o companheiro de pelada estivesse a um metro de dist\u00e2ncia. No in\u00edcio era algo meio complicado de se fazer, mesmo para os mais habilidosos. O calcanhar \u00e9 seco e, quando a bola era chutada, ou melhor, calcaneada (se [&hellip;]<\/p>\n","protected":false},"author":2,"featured_media":313613,"comment_status":"closed","ping_status":"closed","sticky":false,"template":"","format":"standard","meta":{"_acf_changed":false,"footnotes":""},"categories":[161],"tags":[],"class_list":["post-313611","post","type-post","status-publish","format-standard","has-post-thumbnail","hentry","category-quadradinho-em-foco"],"acf":[],"yoast_head":"<!-- This site is optimized with the Yoast SEO plugin v27.2 - https:\/\/yoast.com\/product\/yoast-seo-wordpress\/ -->\n<title>Se Aquiles fosse como S\u00f3crates, a hist\u00f3ria seria outra - Notibras<\/title>\n<meta name=\"robots\" content=\"index, follow, max-snippet:-1, max-image-preview:large, max-video-preview:-1\" \/>\n<link rel=\"canonical\" href=\"https:\/\/www.notibras.com\/site\/se-aquiles-fosse-como-socrates-a-historia-seria-outra\/\" \/>\n<meta property=\"og:locale\" content=\"pt_BR\" \/>\n<meta property=\"og:type\" content=\"article\" \/>\n<meta property=\"og:title\" content=\"Se Aquiles fosse como S\u00f3crates, a hist\u00f3ria seria outra - Notibras\" \/>\n<meta property=\"og:description\" content=\"Era uma mania nos anos finais de 1970 nas peladas. Todos queriam dar de calcanhar, mesmo que o companheiro de pelada estivesse a um metro de dist\u00e2ncia. No in\u00edcio era algo meio complicado de se fazer, mesmo para os mais habilidosos. O calcanhar \u00e9 seco e, quando a bola era chutada, ou melhor, calcaneada (se [&hellip;]\" \/>\n<meta property=\"og:url\" content=\"https:\/\/www.notibras.com\/site\/se-aquiles-fosse-como-socrates-a-historia-seria-outra\/\" \/>\n<meta property=\"og:site_name\" content=\"Notibras\" \/>\n<meta property=\"article:publisher\" content=\"https:\/\/www.facebook.com\/notibras\/\" \/>\n<meta property=\"article:published_time\" content=\"2023-09-28T12:50:19+00:00\" \/>\n<meta property=\"og:image\" content=\"https:\/\/www.notibras.com\/site\/wp-content\/uploads\/2023\/09\/20200420171137_193.jpeg\" \/>\n\t<meta property=\"og:image:width\" content=\"910\" \/>\n\t<meta property=\"og:image:height\" content=\"653\" \/>\n\t<meta property=\"og:image:type\" content=\"image\/jpeg\" \/>\n<meta name=\"author\" content=\"Reda\u00e7\u00e3o\" \/>\n<meta name=\"twitter:card\" content=\"summary_large_image\" \/>\n<meta name=\"twitter:creator\" content=\"@Notibras\" \/>\n<meta name=\"twitter:site\" content=\"@Notibras\" \/>\n<meta name=\"twitter:label1\" content=\"Escrito por\" \/>\n\t<meta name=\"twitter:data1\" content=\"Reda\u00e7\u00e3o\" \/>\n\t<meta name=\"twitter:label2\" content=\"Est. tempo de leitura\" \/>\n\t<meta name=\"twitter:data2\" content=\"3 minutos\" \/>\n<script type=\"application\/ld+json\" class=\"yoast-schema-graph\">{\"@context\":\"https:\/\/schema.org\",\"@graph\":[{\"@type\":\"Article\",\"@id\":\"https:\/\/www.notibras.com\/site\/se-aquiles-fosse-como-socrates-a-historia-seria-outra\/#article\",\"isPartOf\":{\"@id\":\"https:\/\/www.notibras.com\/site\/se-aquiles-fosse-como-socrates-a-historia-seria-outra\/\"},\"author\":{\"name\":\"Reda\u00e7\u00e3o\",\"@id\":\"https:\/\/www.notibras.com\/site\/#\/schema\/person\/36ab0979449956132d3e5b517ea76ac8\"},\"headline\":\"Se Aquiles fosse como S\u00f3crates, a hist\u00f3ria seria outra\",\"datePublished\":\"2023-09-28T12:50:19+00:00\",\"mainEntityOfPage\":{\"@id\":\"https:\/\/www.notibras.com\/site\/se-aquiles-fosse-como-socrates-a-historia-seria-outra\/\"},\"wordCount\":585,\"publisher\":{\"@id\":\"https:\/\/www.notibras.com\/site\/#organization\"},\"image\":{\"@id\":\"https:\/\/www.notibras.com\/site\/se-aquiles-fosse-como-socrates-a-historia-seria-outra\/#primaryimage\"},\"thumbnailUrl\":\"https:\/\/www.notibras.com\/site\/wp-content\/uploads\/2023\/09\/20200420171137_193.jpeg\",\"articleSection\":[\"Quadradinho em Foco\"],\"inLanguage\":\"pt-BR\"},{\"@type\":\"WebPage\",\"@id\":\"https:\/\/www.notibras.com\/site\/se-aquiles-fosse-como-socrates-a-historia-seria-outra\/\",\"url\":\"https:\/\/www.notibras.com\/site\/se-aquiles-fosse-como-socrates-a-historia-seria-outra\/\",\"name\":\"Se Aquiles fosse como S\u00f3crates, a hist\u00f3ria seria outra - Notibras\",\"isPartOf\":{\"@id\":\"https:\/\/www.notibras.com\/site\/#website\"},\"primaryImageOfPage\":{\"@id\":\"https:\/\/www.notibras.com\/site\/se-aquiles-fosse-como-socrates-a-historia-seria-outra\/#primaryimage\"},\"image\":{\"@id\":\"https:\/\/www.notibras.com\/site\/se-aquiles-fosse-como-socrates-a-historia-seria-outra\/#primaryimage\"},\"thumbnailUrl\":\"https:\/\/www.notibras.com\/site\/wp-content\/uploads\/2023\/09\/20200420171137_193.jpeg\",\"datePublished\":\"2023-09-28T12:50:19+00:00\",\"breadcrumb\":{\"@id\":\"https:\/\/www.notibras.com\/site\/se-aquiles-fosse-como-socrates-a-historia-seria-outra\/#breadcrumb\"},\"inLanguage\":\"pt-BR\",\"potentialAction\":[{\"@type\":\"ReadAction\",\"target\":[\"https:\/\/www.notibras.com\/site\/se-aquiles-fosse-como-socrates-a-historia-seria-outra\/\"]}]},{\"@type\":\"ImageObject\",\"inLanguage\":\"pt-BR\",\"@id\":\"https:\/\/www.notibras.com\/site\/se-aquiles-fosse-como-socrates-a-historia-seria-outra\/#primaryimage\",\"url\":\"https:\/\/www.notibras.com\/site\/wp-content\/uploads\/2023\/09\/20200420171137_193.jpeg\",\"contentUrl\":\"https:\/\/www.notibras.com\/site\/wp-content\/uploads\/2023\/09\/20200420171137_193.jpeg\",\"width\":910,\"height\":653},{\"@type\":\"BreadcrumbList\",\"@id\":\"https:\/\/www.notibras.com\/site\/se-aquiles-fosse-como-socrates-a-historia-seria-outra\/#breadcrumb\",\"itemListElement\":[{\"@type\":\"ListItem\",\"position\":1,\"name\":\"In\u00edcio\",\"item\":\"https:\/\/www.notibras.com\/site\/\"},{\"@type\":\"ListItem\",\"position\":2,\"name\":\"Se Aquiles fosse como S\u00f3crates, a hist\u00f3ria seria outra\"}]},{\"@type\":\"WebSite\",\"@id\":\"https:\/\/www.notibras.com\/site\/#website\",\"url\":\"https:\/\/www.notibras.com\/site\/\",\"name\":\"Notibras\",\"description\":\"Not\u00edcias de Bras\u00edlia, do Brasil e do Mundo\",\"publisher\":{\"@id\":\"https:\/\/www.notibras.com\/site\/#organization\"},\"potentialAction\":[{\"@type\":\"SearchAction\",\"target\":{\"@type\":\"EntryPoint\",\"urlTemplate\":\"https:\/\/www.notibras.com\/site\/?s={search_term_string}\"},\"query-input\":{\"@type\":\"PropertyValueSpecification\",\"valueRequired\":true,\"valueName\":\"search_term_string\"}}],\"inLanguage\":\"pt-BR\"},{\"@type\":\"Organization\",\"@id\":\"https:\/\/www.notibras.com\/site\/#organization\",\"name\":\"Grupo Notibras de Comunica\u00e7\u00e3o\",\"url\":\"https:\/\/www.notibras.com\/site\/\",\"logo\":{\"@type\":\"ImageObject\",\"inLanguage\":\"pt-BR\",\"@id\":\"https:\/\/www.notibras.com\/site\/#\/schema\/logo\/image\/\",\"url\":\"https:\/\/www.notibras.com\/site\/wp-content\/uploads\/2023\/01\/notibras23.png\",\"contentUrl\":\"https:\/\/www.notibras.com\/site\/wp-content\/uploads\/2023\/01\/notibras23.png\",\"width\":350,\"height\":87,\"caption\":\"Grupo Notibras de Comunica\u00e7\u00e3o\"},\"image\":{\"@id\":\"https:\/\/www.notibras.com\/site\/#\/schema\/logo\/image\/\"},\"sameAs\":[\"https:\/\/www.facebook.com\/notibras\/\",\"https:\/\/x.com\/Notibras\",\"https:\/\/www.instagram.com\/notibras\/\"]},{\"@type\":\"Person\",\"@id\":\"https:\/\/www.notibras.com\/site\/#\/schema\/person\/36ab0979449956132d3e5b517ea76ac8\",\"name\":\"Reda\u00e7\u00e3o\",\"image\":{\"@type\":\"ImageObject\",\"inLanguage\":\"pt-BR\",\"@id\":\"https:\/\/secure.gravatar.com\/avatar\/e0a867bdedb85fd243eadf09663511f96fc81e0720a4a42581f334ad4303aa6b?s=96&d=mm&r=g\",\"url\":\"https:\/\/secure.gravatar.com\/avatar\/e0a867bdedb85fd243eadf09663511f96fc81e0720a4a42581f334ad4303aa6b?s=96&d=mm&r=g\",\"contentUrl\":\"https:\/\/secure.gravatar.com\/avatar\/e0a867bdedb85fd243eadf09663511f96fc81e0720a4a42581f334ad4303aa6b?s=96&d=mm&r=g\",\"caption\":\"Reda\u00e7\u00e3o\"}}]}<\/script>\n<!-- \/ Yoast SEO plugin. -->","yoast_head_json":{"title":"Se Aquiles fosse como S\u00f3crates, a hist\u00f3ria seria outra - Notibras","robots":{"index":"index","follow":"follow","max-snippet":"max-snippet:-1","max-image-preview":"max-image-preview:large","max-video-preview":"max-video-preview:-1"},"canonical":"https:\/\/www.notibras.com\/site\/se-aquiles-fosse-como-socrates-a-historia-seria-outra\/","og_locale":"pt_BR","og_type":"article","og_title":"Se Aquiles fosse como S\u00f3crates, a hist\u00f3ria seria outra - Notibras","og_description":"Era uma mania nos anos finais de 1970 nas peladas. Todos queriam dar de calcanhar, mesmo que o companheiro de pelada estivesse a um metro de dist\u00e2ncia. No in\u00edcio era algo meio complicado de se fazer, mesmo para os mais habilidosos. O calcanhar \u00e9 seco e, quando a bola era chutada, ou melhor, calcaneada (se [&hellip;]","og_url":"https:\/\/www.notibras.com\/site\/se-aquiles-fosse-como-socrates-a-historia-seria-outra\/","og_site_name":"Notibras","article_publisher":"https:\/\/www.facebook.com\/notibras\/","article_published_time":"2023-09-28T12:50:19+00:00","og_image":[{"width":910,"height":653,"url":"https:\/\/www.notibras.com\/site\/wp-content\/uploads\/2023\/09\/20200420171137_193.jpeg","type":"image\/jpeg"}],"author":"Reda\u00e7\u00e3o","twitter_card":"summary_large_image","twitter_creator":"@Notibras","twitter_site":"@Notibras","twitter_misc":{"Escrito por":"Reda\u00e7\u00e3o","Est. tempo de leitura":"3 minutos"},"schema":{"@context":"https:\/\/schema.org","@graph":[{"@type":"Article","@id":"https:\/\/www.notibras.com\/site\/se-aquiles-fosse-como-socrates-a-historia-seria-outra\/#article","isPartOf":{"@id":"https:\/\/www.notibras.com\/site\/se-aquiles-fosse-como-socrates-a-historia-seria-outra\/"},"author":{"name":"Reda\u00e7\u00e3o","@id":"https:\/\/www.notibras.com\/site\/#\/schema\/person\/36ab0979449956132d3e5b517ea76ac8"},"headline":"Se Aquiles fosse como S\u00f3crates, a hist\u00f3ria seria outra","datePublished":"2023-09-28T12:50:19+00:00","mainEntityOfPage":{"@id":"https:\/\/www.notibras.com\/site\/se-aquiles-fosse-como-socrates-a-historia-seria-outra\/"},"wordCount":585,"publisher":{"@id":"https:\/\/www.notibras.com\/site\/#organization"},"image":{"@id":"https:\/\/www.notibras.com\/site\/se-aquiles-fosse-como-socrates-a-historia-seria-outra\/#primaryimage"},"thumbnailUrl":"https:\/\/www.notibras.com\/site\/wp-content\/uploads\/2023\/09\/20200420171137_193.jpeg","articleSection":["Quadradinho em Foco"],"inLanguage":"pt-BR"},{"@type":"WebPage","@id":"https:\/\/www.notibras.com\/site\/se-aquiles-fosse-como-socrates-a-historia-seria-outra\/","url":"https:\/\/www.notibras.com\/site\/se-aquiles-fosse-como-socrates-a-historia-seria-outra\/","name":"Se Aquiles fosse como S\u00f3crates, a hist\u00f3ria seria outra - Notibras","isPartOf":{"@id":"https:\/\/www.notibras.com\/site\/#website"},"primaryImageOfPage":{"@id":"https:\/\/www.notibras.com\/site\/se-aquiles-fosse-como-socrates-a-historia-seria-outra\/#primaryimage"},"image":{"@id":"https:\/\/www.notibras.com\/site\/se-aquiles-fosse-como-socrates-a-historia-seria-outra\/#primaryimage"},"thumbnailUrl":"https:\/\/www.notibras.com\/site\/wp-content\/uploads\/2023\/09\/20200420171137_193.jpeg","datePublished":"2023-09-28T12:50:19+00:00","breadcrumb":{"@id":"https:\/\/www.notibras.com\/site\/se-aquiles-fosse-como-socrates-a-historia-seria-outra\/#breadcrumb"},"inLanguage":"pt-BR","potentialAction":[{"@type":"ReadAction","target":["https:\/\/www.notibras.com\/site\/se-aquiles-fosse-como-socrates-a-historia-seria-outra\/"]}]},{"@type":"ImageObject","inLanguage":"pt-BR","@id":"https:\/\/www.notibras.com\/site\/se-aquiles-fosse-como-socrates-a-historia-seria-outra\/#primaryimage","url":"https:\/\/www.notibras.com\/site\/wp-content\/uploads\/2023\/09\/20200420171137_193.jpeg","contentUrl":"https:\/\/www.notibras.com\/site\/wp-content\/uploads\/2023\/09\/20200420171137_193.jpeg","width":910,"height":653},{"@type":"BreadcrumbList","@id":"https:\/\/www.notibras.com\/site\/se-aquiles-fosse-como-socrates-a-historia-seria-outra\/#breadcrumb","itemListElement":[{"@type":"ListItem","position":1,"name":"In\u00edcio","item":"https:\/\/www.notibras.com\/site\/"},{"@type":"ListItem","position":2,"name":"Se Aquiles fosse como S\u00f3crates, a hist\u00f3ria seria outra"}]},{"@type":"WebSite","@id":"https:\/\/www.notibras.com\/site\/#website","url":"https:\/\/www.notibras.com\/site\/","name":"Notibras","description":"Not\u00edcias de Bras\u00edlia, do Brasil e do Mundo","publisher":{"@id":"https:\/\/www.notibras.com\/site\/#organization"},"potentialAction":[{"@type":"SearchAction","target":{"@type":"EntryPoint","urlTemplate":"https:\/\/www.notibras.com\/site\/?s={search_term_string}"},"query-input":{"@type":"PropertyValueSpecification","valueRequired":true,"valueName":"search_term_string"}}],"inLanguage":"pt-BR"},{"@type":"Organization","@id":"https:\/\/www.notibras.com\/site\/#organization","name":"Grupo Notibras de Comunica\u00e7\u00e3o","url":"https:\/\/www.notibras.com\/site\/","logo":{"@type":"ImageObject","inLanguage":"pt-BR","@id":"https:\/\/www.notibras.com\/site\/#\/schema\/logo\/image\/","url":"https:\/\/www.notibras.com\/site\/wp-content\/uploads\/2023\/01\/notibras23.png","contentUrl":"https:\/\/www.notibras.com\/site\/wp-content\/uploads\/2023\/01\/notibras23.png","width":350,"height":87,"caption":"Grupo Notibras de Comunica\u00e7\u00e3o"},"image":{"@id":"https:\/\/www.notibras.com\/site\/#\/schema\/logo\/image\/"},"sameAs":["https:\/\/www.facebook.com\/notibras\/","https:\/\/x.com\/Notibras","https:\/\/www.instagram.com\/notibras\/"]},{"@type":"Person","@id":"https:\/\/www.notibras.com\/site\/#\/schema\/person\/36ab0979449956132d3e5b517ea76ac8","name":"Reda\u00e7\u00e3o","image":{"@type":"ImageObject","inLanguage":"pt-BR","@id":"https:\/\/secure.gravatar.com\/avatar\/e0a867bdedb85fd243eadf09663511f96fc81e0720a4a42581f334ad4303aa6b?s=96&d=mm&r=g","url":"https:\/\/secure.gravatar.com\/avatar\/e0a867bdedb85fd243eadf09663511f96fc81e0720a4a42581f334ad4303aa6b?s=96&d=mm&r=g","contentUrl":"https:\/\/secure.gravatar.com\/avatar\/e0a867bdedb85fd243eadf09663511f96fc81e0720a4a42581f334ad4303aa6b?s=96&d=mm&r=g","caption":"Reda\u00e7\u00e3o"}}]}},"amp_enabled":true,"_links":{"self":[{"href":"https:\/\/www.notibras.com\/site\/wp-json\/wp\/v2\/posts\/313611","targetHints":{"allow":["GET"]}}],"collection":[{"href":"https:\/\/www.notibras.com\/site\/wp-json\/wp\/v2\/posts"}],"about":[{"href":"https:\/\/www.notibras.com\/site\/wp-json\/wp\/v2\/types\/post"}],"author":[{"embeddable":true,"href":"https:\/\/www.notibras.com\/site\/wp-json\/wp\/v2\/users\/2"}],"replies":[{"embeddable":true,"href":"https:\/\/www.notibras.com\/site\/wp-json\/wp\/v2\/comments?post=313611"}],"version-history":[{"count":1,"href":"https:\/\/www.notibras.com\/site\/wp-json\/wp\/v2\/posts\/313611\/revisions"}],"predecessor-version":[{"id":313614,"href":"https:\/\/www.notibras.com\/site\/wp-json\/wp\/v2\/posts\/313611\/revisions\/313614"}],"wp:featuredmedia":[{"embeddable":true,"href":"https:\/\/www.notibras.com\/site\/wp-json\/wp\/v2\/media\/313613"}],"wp:attachment":[{"href":"https:\/\/www.notibras.com\/site\/wp-json\/wp\/v2\/media?parent=313611"}],"wp:term":[{"taxonomy":"category","embeddable":true,"href":"https:\/\/www.notibras.com\/site\/wp-json\/wp\/v2\/categories?post=313611"},{"taxonomy":"post_tag","embeddable":true,"href":"https:\/\/www.notibras.com\/site\/wp-json\/wp\/v2\/tags?post=313611"}],"curies":[{"name":"wp","href":"https:\/\/api.w.org\/{rel}","templated":true}]}}