{"id":313618,"date":"2023-09-28T00:20:52","date_gmt":"2023-09-28T03:20:52","guid":{"rendered":"https:\/\/www.notibras.com\/site\/?p=313618"},"modified":"2023-09-28T10:22:54","modified_gmt":"2023-09-28T13:22:54","slug":"acao-solidaria-arrecada-brinquedos-para-o-dia-das-criancas","status":"publish","type":"post","link":"https:\/\/www.notibras.com\/site\/acao-solidaria-arrecada-brinquedos-para-o-dia-das-criancas\/","title":{"rendered":"A\u00e7\u00e3o solid\u00e1ria arrecada brinquedos para o Dia das Crian\u00e7as"},"content":{"rendered":"<p>Outubro \u00e9 um m\u00eas muito esperado pela crian\u00e7ada e para que todos tenham a chance de ganhar aquele presente especial no Dia das Crian\u00e7as, comemorado todo dia 12, o Terra\u00e7o Shopping est\u00e1 realizando o Dia das Crian\u00e7as Solid\u00e1rio. Os clientes poder\u00e3o colaborar doando brinquedos, que podem ser deixados em uma caixa de arrecada\u00e7\u00e3o posicionada em frente a Torre A, piso L1, at\u00e9 o dia 9 de outubro.<\/p>\n<p>Os clientes que puderem contribuir com as doa\u00e7\u00f5es, presentear\u00e3o as crian\u00e7as da creche Alecrim, localizada no setor de oficinas da Cidade Estrutural. O espa\u00e7o atende crian\u00e7as de zero a cinco anos, de m\u00e3es que trabalham como catadoras no lix\u00e3o local. Os pequenos pa<\/p>\n<p>ssam o dia todo l\u00e1, muitas vezes ficam at\u00e9 a noite, e recebem alimento, orienta\u00e7\u00f5es, cuidado e carinho de volunt\u00e1rios.<\/p>\n<p>Al\u00e9m desta a\u00e7\u00e3o, no dia 7 de outubro, \u00e0s 16h, a programa\u00e7\u00e3o infantil do Terra\u00e7o ser\u00e1 especial, com uma Feira de Troca de Brinquedos.<\/p>\n<p>A contadora de hist\u00f3rias Nyedja Gennari far\u00e1 a intermedia\u00e7\u00e3o com as crian\u00e7as, que poder\u00e3o trazer os brinquedos que n\u00e3o gostam mais para trocar por outro.<\/p>\n<p>Neste momento, a caixa de doa\u00e7\u00e3o para a creche Alecrim tamb\u00e9m estar\u00e1 na pra\u00e7a central para aqueles que quiserem aproveitar para doar.<\/p>\n<p><strong>Servi\u00e7o:<\/strong><br \/>\nDia das Crian\u00e7as Solid\u00e1rio<br \/>\nArrecada\u00e7\u00e3o de brinquedos<br \/>\nData: at\u00e9 9 de outubro<br \/>\nHor\u00e1rio: Segunda a s\u00e1bado 10h \u00e0s 22h<br \/>\nDomingo 12h \u00e0s 22h<br \/>\nLocal de entrega: Torre A, piso L1<\/p>\n<p>Feira de Troca de Brinquedos<br \/>\nCom Nyedja Gennari<br \/>\nData: 7 de outubro<br \/>\nHor\u00e1rio: S\u00e1bado, \u00e0s 16h<br \/>\nLocal: Pra\u00e7a Central<\/p>\n","protected":false},"excerpt":{"rendered":"<p>Outubro \u00e9 um m\u00eas muito esperado pela crian\u00e7ada e para que todos tenham a chance de ganhar aquele presente especial no Dia das Crian\u00e7as, comemorado todo dia 12, o Terra\u00e7o Shopping est\u00e1 realizando o Dia das Crian\u00e7as Solid\u00e1rio. Os clientes poder\u00e3o colaborar doando brinquedos, que podem ser deixados em uma caixa de arrecada\u00e7\u00e3o posicionada em [&hellip;]<\/p>\n","protected":false},"author":2,"featured_media":313619,"comment_status":"closed","ping_status":"closed","sticky":false,"template":"","format":"standard","meta":{"_acf_changed":false,"footnotes":""},"categories":[161],"tags":[],"class_list":["post-313618","post","type-post","status-publish","format-standard","has-post-thumbnail","hentry","category-quadradinho-em-foco"],"acf":[],"yoast_head":"<!-- This site is optimized with the Yoast SEO plugin v27.2 - https:\/\/yoast.com\/product\/yoast-seo-wordpress\/ -->\n<title>A\u00e7\u00e3o solid\u00e1ria arrecada brinquedos para o Dia das Crian\u00e7as - Notibras<\/title>\n<meta name=\"robots\" content=\"index, follow, max-snippet:-1, max-image-preview:large, max-video-preview:-1\" \/>\n<link rel=\"canonical\" href=\"https:\/\/www.notibras.com\/site\/acao-solidaria-arrecada-brinquedos-para-o-dia-das-criancas\/\" \/>\n<meta property=\"og:locale\" content=\"pt_BR\" \/>\n<meta property=\"og:type\" content=\"article\" \/>\n<meta property=\"og:title\" content=\"A\u00e7\u00e3o solid\u00e1ria arrecada brinquedos para o Dia das Crian\u00e7as - Notibras\" \/>\n<meta property=\"og:description\" content=\"Outubro \u00e9 um m\u00eas muito esperado pela crian\u00e7ada e para que todos tenham a chance de ganhar aquele presente especial no Dia das Crian\u00e7as, comemorado todo dia 12, o Terra\u00e7o Shopping est\u00e1 realizando o Dia das Crian\u00e7as Solid\u00e1rio. Os clientes poder\u00e3o colaborar doando brinquedos, que podem ser deixados em uma caixa de arrecada\u00e7\u00e3o posicionada em [&hellip;]\" \/>\n<meta property=\"og:url\" content=\"https:\/\/www.notibras.com\/site\/acao-solidaria-arrecada-brinquedos-para-o-dia-das-criancas\/\" \/>\n<meta property=\"og:site_name\" content=\"Notibras\" \/>\n<meta property=\"article:publisher\" content=\"https:\/\/www.facebook.com\/notibras\/\" \/>\n<meta property=\"article:published_time\" content=\"2023-09-28T03:20:52+00:00\" \/>\n<meta property=\"article:modified_time\" content=\"2023-09-28T13:22:54+00:00\" \/>\n<meta property=\"og:image\" content=\"https:\/\/www.notibras.com\/site\/wp-content\/uploads\/2023\/09\/dia-da-crianca-solidario-terraco-shopping.jpg\" \/>\n\t<meta property=\"og:image:width\" content=\"1200\" \/>\n\t<meta property=\"og:image:height\" content=\"1600\" \/>\n\t<meta property=\"og:image:type\" content=\"image\/jpeg\" \/>\n<meta name=\"author\" content=\"Reda\u00e7\u00e3o\" \/>\n<meta name=\"twitter:card\" content=\"summary_large_image\" \/>\n<meta name=\"twitter:creator\" content=\"@Notibras\" \/>\n<meta name=\"twitter:site\" content=\"@Notibras\" \/>\n<meta name=\"twitter:label1\" content=\"Escrito por\" \/>\n\t<meta name=\"twitter:data1\" content=\"Reda\u00e7\u00e3o\" \/>\n\t<meta name=\"twitter:label2\" content=\"Est. tempo de leitura\" \/>\n\t<meta name=\"twitter:data2\" content=\"2 minutos\" \/>\n<script type=\"application\/ld+json\" class=\"yoast-schema-graph\">{\"@context\":\"https:\/\/schema.org\",\"@graph\":[{\"@type\":\"Article\",\"@id\":\"https:\/\/www.notibras.com\/site\/acao-solidaria-arrecada-brinquedos-para-o-dia-das-criancas\/#article\",\"isPartOf\":{\"@id\":\"https:\/\/www.notibras.com\/site\/acao-solidaria-arrecada-brinquedos-para-o-dia-das-criancas\/\"},\"author\":{\"name\":\"Reda\u00e7\u00e3o\",\"@id\":\"https:\/\/www.notibras.com\/site\/#\/schema\/person\/36ab0979449956132d3e5b517ea76ac8\"},\"headline\":\"A\u00e7\u00e3o solid\u00e1ria arrecada brinquedos para o Dia das Crian\u00e7as\",\"datePublished\":\"2023-09-28T03:20:52+00:00\",\"dateModified\":\"2023-09-28T13:22:54+00:00\",\"mainEntityOfPage\":{\"@id\":\"https:\/\/www.notibras.com\/site\/acao-solidaria-arrecada-brinquedos-para-o-dia-das-criancas\/\"},\"wordCount\":295,\"publisher\":{\"@id\":\"https:\/\/www.notibras.com\/site\/#organization\"},\"image\":{\"@id\":\"https:\/\/www.notibras.com\/site\/acao-solidaria-arrecada-brinquedos-para-o-dia-das-criancas\/#primaryimage\"},\"thumbnailUrl\":\"https:\/\/www.notibras.com\/site\/wp-content\/uploads\/2023\/09\/dia-da-crianca-solidario-terraco-shopping.jpg\",\"articleSection\":[\"Quadradinho em Foco\"],\"inLanguage\":\"pt-BR\"},{\"@type\":\"WebPage\",\"@id\":\"https:\/\/www.notibras.com\/site\/acao-solidaria-arrecada-brinquedos-para-o-dia-das-criancas\/\",\"url\":\"https:\/\/www.notibras.com\/site\/acao-solidaria-arrecada-brinquedos-para-o-dia-das-criancas\/\",\"name\":\"A\u00e7\u00e3o solid\u00e1ria arrecada brinquedos para o Dia das Crian\u00e7as - Notibras\",\"isPartOf\":{\"@id\":\"https:\/\/www.notibras.com\/site\/#website\"},\"primaryImageOfPage\":{\"@id\":\"https:\/\/www.notibras.com\/site\/acao-solidaria-arrecada-brinquedos-para-o-dia-das-criancas\/#primaryimage\"},\"image\":{\"@id\":\"https:\/\/www.notibras.com\/site\/acao-solidaria-arrecada-brinquedos-para-o-dia-das-criancas\/#primaryimage\"},\"thumbnailUrl\":\"https:\/\/www.notibras.com\/site\/wp-content\/uploads\/2023\/09\/dia-da-crianca-solidario-terraco-shopping.jpg\",\"datePublished\":\"2023-09-28T03:20:52+00:00\",\"dateModified\":\"2023-09-28T13:22:54+00:00\",\"breadcrumb\":{\"@id\":\"https:\/\/www.notibras.com\/site\/acao-solidaria-arrecada-brinquedos-para-o-dia-das-criancas\/#breadcrumb\"},\"inLanguage\":\"pt-BR\",\"potentialAction\":[{\"@type\":\"ReadAction\",\"target\":[\"https:\/\/www.notibras.com\/site\/acao-solidaria-arrecada-brinquedos-para-o-dia-das-criancas\/\"]}]},{\"@type\":\"ImageObject\",\"inLanguage\":\"pt-BR\",\"@id\":\"https:\/\/www.notibras.com\/site\/acao-solidaria-arrecada-brinquedos-para-o-dia-das-criancas\/#primaryimage\",\"url\":\"https:\/\/www.notibras.com\/site\/wp-content\/uploads\/2023\/09\/dia-da-crianca-solidario-terraco-shopping.jpg\",\"contentUrl\":\"https:\/\/www.notibras.com\/site\/wp-content\/uploads\/2023\/09\/dia-da-crianca-solidario-terraco-shopping.jpg\",\"width\":1200,\"height\":1600},{\"@type\":\"BreadcrumbList\",\"@id\":\"https:\/\/www.notibras.com\/site\/acao-solidaria-arrecada-brinquedos-para-o-dia-das-criancas\/#breadcrumb\",\"itemListElement\":[{\"@type\":\"ListItem\",\"position\":1,\"name\":\"In\u00edcio\",\"item\":\"https:\/\/www.notibras.com\/site\/\"},{\"@type\":\"ListItem\",\"position\":2,\"name\":\"A\u00e7\u00e3o solid\u00e1ria arrecada brinquedos para o Dia das Crian\u00e7as\"}]},{\"@type\":\"WebSite\",\"@id\":\"https:\/\/www.notibras.com\/site\/#website\",\"url\":\"https:\/\/www.notibras.com\/site\/\",\"name\":\"Notibras\",\"description\":\"Not\u00edcias de Bras\u00edlia, do Brasil e do Mundo\",\"publisher\":{\"@id\":\"https:\/\/www.notibras.com\/site\/#organization\"},\"potentialAction\":[{\"@type\":\"SearchAction\",\"target\":{\"@type\":\"EntryPoint\",\"urlTemplate\":\"https:\/\/www.notibras.com\/site\/?s={search_term_string}\"},\"query-input\":{\"@type\":\"PropertyValueSpecification\",\"valueRequired\":true,\"valueName\":\"search_term_string\"}}],\"inLanguage\":\"pt-BR\"},{\"@type\":\"Organization\",\"@id\":\"https:\/\/www.notibras.com\/site\/#organization\",\"name\":\"Grupo Notibras de Comunica\u00e7\u00e3o\",\"url\":\"https:\/\/www.notibras.com\/site\/\",\"logo\":{\"@type\":\"ImageObject\",\"inLanguage\":\"pt-BR\",\"@id\":\"https:\/\/www.notibras.com\/site\/#\/schema\/logo\/image\/\",\"url\":\"https:\/\/www.notibras.com\/site\/wp-content\/uploads\/2023\/01\/notibras23.png\",\"contentUrl\":\"https:\/\/www.notibras.com\/site\/wp-content\/uploads\/2023\/01\/notibras23.png\",\"width\":350,\"height\":87,\"caption\":\"Grupo Notibras de Comunica\u00e7\u00e3o\"},\"image\":{\"@id\":\"https:\/\/www.notibras.com\/site\/#\/schema\/logo\/image\/\"},\"sameAs\":[\"https:\/\/www.facebook.com\/notibras\/\",\"https:\/\/x.com\/Notibras\",\"https:\/\/www.instagram.com\/notibras\/\"]},{\"@type\":\"Person\",\"@id\":\"https:\/\/www.notibras.com\/site\/#\/schema\/person\/36ab0979449956132d3e5b517ea76ac8\",\"name\":\"Reda\u00e7\u00e3o\",\"image\":{\"@type\":\"ImageObject\",\"inLanguage\":\"pt-BR\",\"@id\":\"https:\/\/secure.gravatar.com\/avatar\/e0a867bdedb85fd243eadf09663511f96fc81e0720a4a42581f334ad4303aa6b?s=96&d=mm&r=g\",\"url\":\"https:\/\/secure.gravatar.com\/avatar\/e0a867bdedb85fd243eadf09663511f96fc81e0720a4a42581f334ad4303aa6b?s=96&d=mm&r=g\",\"contentUrl\":\"https:\/\/secure.gravatar.com\/avatar\/e0a867bdedb85fd243eadf09663511f96fc81e0720a4a42581f334ad4303aa6b?s=96&d=mm&r=g\",\"caption\":\"Reda\u00e7\u00e3o\"}}]}<\/script>\n<!-- \/ Yoast SEO plugin. -->","yoast_head_json":{"title":"A\u00e7\u00e3o solid\u00e1ria arrecada brinquedos para o Dia das Crian\u00e7as - Notibras","robots":{"index":"index","follow":"follow","max-snippet":"max-snippet:-1","max-image-preview":"max-image-preview:large","max-video-preview":"max-video-preview:-1"},"canonical":"https:\/\/www.notibras.com\/site\/acao-solidaria-arrecada-brinquedos-para-o-dia-das-criancas\/","og_locale":"pt_BR","og_type":"article","og_title":"A\u00e7\u00e3o solid\u00e1ria arrecada brinquedos para o Dia das Crian\u00e7as - Notibras","og_description":"Outubro \u00e9 um m\u00eas muito esperado pela crian\u00e7ada e para que todos tenham a chance de ganhar aquele presente especial no Dia das Crian\u00e7as, comemorado todo dia 12, o Terra\u00e7o Shopping est\u00e1 realizando o Dia das Crian\u00e7as Solid\u00e1rio. Os clientes poder\u00e3o colaborar doando brinquedos, que podem ser deixados em uma caixa de arrecada\u00e7\u00e3o posicionada em [&hellip;]","og_url":"https:\/\/www.notibras.com\/site\/acao-solidaria-arrecada-brinquedos-para-o-dia-das-criancas\/","og_site_name":"Notibras","article_publisher":"https:\/\/www.facebook.com\/notibras\/","article_published_time":"2023-09-28T03:20:52+00:00","article_modified_time":"2023-09-28T13:22:54+00:00","og_image":[{"width":1200,"height":1600,"url":"https:\/\/www.notibras.com\/site\/wp-content\/uploads\/2023\/09\/dia-da-crianca-solidario-terraco-shopping.jpg","type":"image\/jpeg"}],"author":"Reda\u00e7\u00e3o","twitter_card":"summary_large_image","twitter_creator":"@Notibras","twitter_site":"@Notibras","twitter_misc":{"Escrito por":"Reda\u00e7\u00e3o","Est. tempo de leitura":"2 minutos"},"schema":{"@context":"https:\/\/schema.org","@graph":[{"@type":"Article","@id":"https:\/\/www.notibras.com\/site\/acao-solidaria-arrecada-brinquedos-para-o-dia-das-criancas\/#article","isPartOf":{"@id":"https:\/\/www.notibras.com\/site\/acao-solidaria-arrecada-brinquedos-para-o-dia-das-criancas\/"},"author":{"name":"Reda\u00e7\u00e3o","@id":"https:\/\/www.notibras.com\/site\/#\/schema\/person\/36ab0979449956132d3e5b517ea76ac8"},"headline":"A\u00e7\u00e3o solid\u00e1ria arrecada brinquedos para o Dia das Crian\u00e7as","datePublished":"2023-09-28T03:20:52+00:00","dateModified":"2023-09-28T13:22:54+00:00","mainEntityOfPage":{"@id":"https:\/\/www.notibras.com\/site\/acao-solidaria-arrecada-brinquedos-para-o-dia-das-criancas\/"},"wordCount":295,"publisher":{"@id":"https:\/\/www.notibras.com\/site\/#organization"},"image":{"@id":"https:\/\/www.notibras.com\/site\/acao-solidaria-arrecada-brinquedos-para-o-dia-das-criancas\/#primaryimage"},"thumbnailUrl":"https:\/\/www.notibras.com\/site\/wp-content\/uploads\/2023\/09\/dia-da-crianca-solidario-terraco-shopping.jpg","articleSection":["Quadradinho em Foco"],"inLanguage":"pt-BR"},{"@type":"WebPage","@id":"https:\/\/www.notibras.com\/site\/acao-solidaria-arrecada-brinquedos-para-o-dia-das-criancas\/","url":"https:\/\/www.notibras.com\/site\/acao-solidaria-arrecada-brinquedos-para-o-dia-das-criancas\/","name":"A\u00e7\u00e3o solid\u00e1ria arrecada brinquedos para o Dia das Crian\u00e7as - Notibras","isPartOf":{"@id":"https:\/\/www.notibras.com\/site\/#website"},"primaryImageOfPage":{"@id":"https:\/\/www.notibras.com\/site\/acao-solidaria-arrecada-brinquedos-para-o-dia-das-criancas\/#primaryimage"},"image":{"@id":"https:\/\/www.notibras.com\/site\/acao-solidaria-arrecada-brinquedos-para-o-dia-das-criancas\/#primaryimage"},"thumbnailUrl":"https:\/\/www.notibras.com\/site\/wp-content\/uploads\/2023\/09\/dia-da-crianca-solidario-terraco-shopping.jpg","datePublished":"2023-09-28T03:20:52+00:00","dateModified":"2023-09-28T13:22:54+00:00","breadcrumb":{"@id":"https:\/\/www.notibras.com\/site\/acao-solidaria-arrecada-brinquedos-para-o-dia-das-criancas\/#breadcrumb"},"inLanguage":"pt-BR","potentialAction":[{"@type":"ReadAction","target":["https:\/\/www.notibras.com\/site\/acao-solidaria-arrecada-brinquedos-para-o-dia-das-criancas\/"]}]},{"@type":"ImageObject","inLanguage":"pt-BR","@id":"https:\/\/www.notibras.com\/site\/acao-solidaria-arrecada-brinquedos-para-o-dia-das-criancas\/#primaryimage","url":"https:\/\/www.notibras.com\/site\/wp-content\/uploads\/2023\/09\/dia-da-crianca-solidario-terraco-shopping.jpg","contentUrl":"https:\/\/www.notibras.com\/site\/wp-content\/uploads\/2023\/09\/dia-da-crianca-solidario-terraco-shopping.jpg","width":1200,"height":1600},{"@type":"BreadcrumbList","@id":"https:\/\/www.notibras.com\/site\/acao-solidaria-arrecada-brinquedos-para-o-dia-das-criancas\/#breadcrumb","itemListElement":[{"@type":"ListItem","position":1,"name":"In\u00edcio","item":"https:\/\/www.notibras.com\/site\/"},{"@type":"ListItem","position":2,"name":"A\u00e7\u00e3o solid\u00e1ria arrecada brinquedos para o Dia das Crian\u00e7as"}]},{"@type":"WebSite","@id":"https:\/\/www.notibras.com\/site\/#website","url":"https:\/\/www.notibras.com\/site\/","name":"Notibras","description":"Not\u00edcias de Bras\u00edlia, do Brasil e do Mundo","publisher":{"@id":"https:\/\/www.notibras.com\/site\/#organization"},"potentialAction":[{"@type":"SearchAction","target":{"@type":"EntryPoint","urlTemplate":"https:\/\/www.notibras.com\/site\/?s={search_term_string}"},"query-input":{"@type":"PropertyValueSpecification","valueRequired":true,"valueName":"search_term_string"}}],"inLanguage":"pt-BR"},{"@type":"Organization","@id":"https:\/\/www.notibras.com\/site\/#organization","name":"Grupo Notibras de Comunica\u00e7\u00e3o","url":"https:\/\/www.notibras.com\/site\/","logo":{"@type":"ImageObject","inLanguage":"pt-BR","@id":"https:\/\/www.notibras.com\/site\/#\/schema\/logo\/image\/","url":"https:\/\/www.notibras.com\/site\/wp-content\/uploads\/2023\/01\/notibras23.png","contentUrl":"https:\/\/www.notibras.com\/site\/wp-content\/uploads\/2023\/01\/notibras23.png","width":350,"height":87,"caption":"Grupo Notibras de Comunica\u00e7\u00e3o"},"image":{"@id":"https:\/\/www.notibras.com\/site\/#\/schema\/logo\/image\/"},"sameAs":["https:\/\/www.facebook.com\/notibras\/","https:\/\/x.com\/Notibras","https:\/\/www.instagram.com\/notibras\/"]},{"@type":"Person","@id":"https:\/\/www.notibras.com\/site\/#\/schema\/person\/36ab0979449956132d3e5b517ea76ac8","name":"Reda\u00e7\u00e3o","image":{"@type":"ImageObject","inLanguage":"pt-BR","@id":"https:\/\/secure.gravatar.com\/avatar\/e0a867bdedb85fd243eadf09663511f96fc81e0720a4a42581f334ad4303aa6b?s=96&d=mm&r=g","url":"https:\/\/secure.gravatar.com\/avatar\/e0a867bdedb85fd243eadf09663511f96fc81e0720a4a42581f334ad4303aa6b?s=96&d=mm&r=g","contentUrl":"https:\/\/secure.gravatar.com\/avatar\/e0a867bdedb85fd243eadf09663511f96fc81e0720a4a42581f334ad4303aa6b?s=96&d=mm&r=g","caption":"Reda\u00e7\u00e3o"}}]}},"amp_enabled":true,"_links":{"self":[{"href":"https:\/\/www.notibras.com\/site\/wp-json\/wp\/v2\/posts\/313618","targetHints":{"allow":["GET"]}}],"collection":[{"href":"https:\/\/www.notibras.com\/site\/wp-json\/wp\/v2\/posts"}],"about":[{"href":"https:\/\/www.notibras.com\/site\/wp-json\/wp\/v2\/types\/post"}],"author":[{"embeddable":true,"href":"https:\/\/www.notibras.com\/site\/wp-json\/wp\/v2\/users\/2"}],"replies":[{"embeddable":true,"href":"https:\/\/www.notibras.com\/site\/wp-json\/wp\/v2\/comments?post=313618"}],"version-history":[{"count":1,"href":"https:\/\/www.notibras.com\/site\/wp-json\/wp\/v2\/posts\/313618\/revisions"}],"predecessor-version":[{"id":313620,"href":"https:\/\/www.notibras.com\/site\/wp-json\/wp\/v2\/posts\/313618\/revisions\/313620"}],"wp:featuredmedia":[{"embeddable":true,"href":"https:\/\/www.notibras.com\/site\/wp-json\/wp\/v2\/media\/313619"}],"wp:attachment":[{"href":"https:\/\/www.notibras.com\/site\/wp-json\/wp\/v2\/media?parent=313618"}],"wp:term":[{"taxonomy":"category","embeddable":true,"href":"https:\/\/www.notibras.com\/site\/wp-json\/wp\/v2\/categories?post=313618"},{"taxonomy":"post_tag","embeddable":true,"href":"https:\/\/www.notibras.com\/site\/wp-json\/wp\/v2\/tags?post=313618"}],"curies":[{"name":"wp","href":"https:\/\/api.w.org\/{rel}","templated":true}]}}