{"id":313621,"date":"2023-09-28T16:03:54","date_gmt":"2023-09-28T19:03:54","guid":{"rendered":"https:\/\/www.notibras.com\/site\/?p=313621"},"modified":"2023-09-28T14:04:43","modified_gmt":"2023-09-28T17:04:43","slug":"alvaro-neto-dono-de-arte-exotica-e-muitas-facetas","status":"publish","type":"post","link":"https:\/\/www.notibras.com\/site\/alvaro-neto-dono-de-arte-exotica-e-muitas-facetas\/","title":{"rendered":"\u00c1lvaro Neto, dono de arte ex\u00f3tica e muitas facetas"},"content":{"rendered":"<p>De acordo com o Dicion\u00e1rio Priberam (2022), entende-se por \u201cex\u00f3tico\u201d como algo que \u201c\u00e9 de pa\u00eds ou de clima diferente daquele em que vive ou em que se usa; estrangeiro; importado\u201d. Nesse vi\u00e9s, qualificar algo como bonito ou feio \u00e9 extremamente complexo, mesmo quando certas caracter\u00edsticas fazem o c\u00e9rebro humano, \u00e0 primeira vista, proceder tal a\u00e7\u00e3o.<\/p>\n<p>Com o passar dos tempos, fil\u00f3sofos e artistas, por exemplo, preocuparam-se em definir a beleza. \u00c9 por isso que existem in\u00fameras teorias est\u00e9ticas e hist\u00f3rias da arte. O mesmo, por\u00e9m, n\u00e3o aconteceu com a &#8216;feiura&#8217;.<\/p>\n<p>Nessa toada, a feiura, entre os te\u00f3ricos, tem sido bastante moderada, ao passo que outrem parece \u201cse conformar com a ideia simples de que o feio \u00e9 o oposto do belo\u201d.<\/p>\n<p>Avan\u00e7ando nesse contexto, pode-se afirmar, ainda, que aceitar que a feiura \u00e9 relativa e depende dos tempos e das culturas. O que era inaceit\u00e1vel ontem pode se tornar aceit\u00e1vel amanh\u00e3, o que antes era considerado feio pode se tornar belo. \u201cO belo \u00e9 feio e o feio \u00e9 belo\u201d, disseram as Bruxas de Macbeth (personagens de William Shakespeare).<\/p>\n<p>Tudo isso faz sentido, para apresentar um artista que \u201ctalvez\u201d esteja criando uma nova moda. Atende pelo nome de \u00c1lvaro Neto, que defende uma forma \u201cn\u00e3o comum\u201d de se portar, vestir e pelos seus trabalhos diferenciados no \u00e2mbito das artes.<\/p>\n<p>Quando crian\u00e7a, ele estudou na Escola Parque da 210\/211 Norte, da educa\u00e7\u00e3o infantil e ao ensino fundamental. Ali \u00c1lvaro Neto tomou conhecimento pelas artes. Por\u00e9m, verifica-se, dando um pulo ao passado, que sua carreira iniciou-se no ber\u00e7o, onde muitos de sua fam\u00edlia j\u00e1 traziam refer\u00eancias art\u00edsticas. Assim, \u201cem seu pr\u00f3prio lar\u201d, come\u00e7ou suas primeiras manifesta\u00e7\u00f5es art\u00edsticas.<\/p>\n<p>Para quem passa por ele, tido como esquisito, exc\u00eantrico e extravagante, dificilmente n\u00e3o tem a aten\u00e7\u00e3o voltada pela forma com que \u00c1lvaro se prop\u00f5e com sua forma de se manifestar por meio de suas roupas, que n\u00e3o s\u00e3o t\u00e3o comuns de se encontrarem na correria do dia-a-dia. A esse segmento, a op\u00e7\u00e3o \u00e9 fazer uso de algo mais pr\u00e1tico e r\u00e1pido.<\/p>\n<p>Cinco questionamentos elucidam o lado mais vis\u00edvel do artista. Vamos a eles:<\/p>\n<p>Qual hist\u00f3ria a sua roupa teria para contar? O estranhamento de suas vestes deixa o artista parecer que est\u00e1 em um eterno palco ou parecer um de seus pr\u00f3prios desenhos na maior parte do tempo. Tudo \u00e9 cab\u00edvel ao artista ex\u00f3tico: unhas pintadas, maquiagem no rosto, roupas diferenciadas, adere\u00e7os para completar o look. Tudo isso re\u00fane o que convencionamos chamar de ex\u00f3tico.<\/p>\n<p>Seu estilo \u00e9 original? Com in\u00fameros personagens vividos nas artes, Alvaro j\u00e1 \u00e9 um diferencial devido aos figurinos e aos cen\u00e1rios criados por ele ou por seus alunos do curso de prepara\u00e7\u00e3o para artistas. Entretanto, o que deixa todos abismados \u00e9 a aten\u00e7\u00e3o que ele det\u00e9m no cotidiano, com suas vestimentas dentro de seu pr\u00f3prio mundo interno expandido para o externo.<\/p>\n<p>J\u00e1 no campo da moda, h\u00e1 performance ou estilo? Talvez um personagem em sua vida real. Talvez apenas um estilo novo ou uma forma diferente de se expressar. Quem sabe, um artista perform\u00e1tico a maior parte do dia, quando se considera seu cotidiano e n\u00e3o seus ensaios fotogr\u00e1ficos e suas apari\u00e7\u00f5es teatrais \u2013 uma vez que suas vestimentas s\u00e3o mais not\u00e1veis que muitos de seus ensaios ou (das vestimentas) de seus personagens.<\/p>\n<p>O que se observa \u00e9 que, com caracter\u00edsticas singulares e fora dos padr\u00f5es tradicionais que fazem o diferencial com sua particularidade, \u00c1lvaro torna-se ex\u00f3tico e especial, quebrando tabus e padr\u00f5es que, por vezes, s\u00e3o impostos pela m\u00eddia de massa.<\/p>\n<p>No fundo, depreende-se que ele se torna um destaque no meio da multid\u00e3o. Para quem o observa de longe, mesmo em sil\u00eancio, \u00c1lvaro \u00e9 notado com seu estilo diferenciado e sua ess\u00eancia exc\u00eantrica, em geral com tons mais escuros, com ar de mist\u00e9rio e primor, sem perder o charme e a eleg\u00e2ncia em seu jeito distinto. Um exemplo disso s\u00e3o a textura de suas roupas, o tecido e as cores, at\u00e9 mesmo a sua forma de se portar, ampliando o sensorial de quem o observa, enviando mensagens expressivas de estranhamento e admira\u00e7\u00e3o de todos \u00e0 sua volta. Afinal, como j\u00e1 se disse, &#8220;a beleza est\u00e1 nos olhos de quem a v\u00ea&#8221;.<\/p>\n<p>Dono de um estilo pr\u00f3prio, fora da tend\u00eancia com criatividade, \u00c1lvaro se submete a um jeito peculiar ou \u00e9 poss\u00edvel pensar que ele pode ser a pr\u00f3pria tend\u00eancia ou at\u00e9 mesmo formar a pr\u00f3xima?. Isso n\u00e3o \u00e9 um bicho de sete cabe\u00e7as, sendo, portanto, f\u00e1cil de explicar.<\/p>\n<p>De fato, ele n\u00e3o deixa de ser ousado com sua forma n\u00e3o verbal de se comunicar ou mostrar presen\u00e7a sutil e agressiva ao mesmo tempo, independente dos ju\u00edzos de valor de quem o observa passar com seu estilo, sendo agrad\u00e1vel ou n\u00e3o, aos olhos de quem se depara com o artista de muitos talentos considerado um multifacetado ou um multiartista, mas que tamb\u00e9m chama aten\u00e7\u00e3o pelas indument\u00e1rias.<\/p>\n","protected":false},"excerpt":{"rendered":"<p>De acordo com o Dicion\u00e1rio Priberam (2022), entende-se por \u201cex\u00f3tico\u201d como algo que \u201c\u00e9 de pa\u00eds ou de clima diferente daquele em que vive ou em que se usa; estrangeiro; importado\u201d. Nesse vi\u00e9s, qualificar algo como bonito ou feio \u00e9 extremamente complexo, mesmo quando certas caracter\u00edsticas fazem o c\u00e9rebro humano, \u00e0 primeira vista, proceder tal [&hellip;]<\/p>\n","protected":false},"author":2,"featured_media":313623,"comment_status":"closed","ping_status":"closed","sticky":false,"template":"","format":"standard","meta":{"_acf_changed":false,"footnotes":""},"categories":[161],"tags":[],"class_list":["post-313621","post","type-post","status-publish","format-standard","has-post-thumbnail","hentry","category-quadradinho-em-foco"],"acf":[],"yoast_head":"<!-- This site is optimized with the Yoast SEO plugin v27.2 - https:\/\/yoast.com\/product\/yoast-seo-wordpress\/ -->\n<title>\u00c1lvaro Neto, dono de arte ex\u00f3tica e muitas facetas - Notibras<\/title>\n<meta name=\"robots\" content=\"index, follow, max-snippet:-1, max-image-preview:large, max-video-preview:-1\" \/>\n<link rel=\"canonical\" href=\"https:\/\/www.notibras.com\/site\/alvaro-neto-dono-de-arte-exotica-e-muitas-facetas\/\" \/>\n<meta property=\"og:locale\" content=\"pt_BR\" \/>\n<meta property=\"og:type\" content=\"article\" \/>\n<meta property=\"og:title\" content=\"\u00c1lvaro Neto, dono de arte ex\u00f3tica e muitas facetas - Notibras\" \/>\n<meta property=\"og:description\" content=\"De acordo com o Dicion\u00e1rio Priberam (2022), entende-se por \u201cex\u00f3tico\u201d como algo que \u201c\u00e9 de pa\u00eds ou de clima diferente daquele em que vive ou em que se usa; estrangeiro; importado\u201d. Nesse vi\u00e9s, qualificar algo como bonito ou feio \u00e9 extremamente complexo, mesmo quando certas caracter\u00edsticas fazem o c\u00e9rebro humano, \u00e0 primeira vista, proceder tal [&hellip;]\" \/>\n<meta property=\"og:url\" content=\"https:\/\/www.notibras.com\/site\/alvaro-neto-dono-de-arte-exotica-e-muitas-facetas\/\" \/>\n<meta property=\"og:site_name\" content=\"Notibras\" \/>\n<meta property=\"article:publisher\" content=\"https:\/\/www.facebook.com\/notibras\/\" \/>\n<meta property=\"article:published_time\" content=\"2023-09-28T19:03:54+00:00\" \/>\n<meta property=\"og:image\" content=\"https:\/\/www.notibras.com\/site\/wp-content\/uploads\/2023\/09\/matsoraya.jpg\" \/>\n\t<meta property=\"og:image:width\" content=\"720\" \/>\n\t<meta property=\"og:image:height\" content=\"536\" \/>\n\t<meta property=\"og:image:type\" content=\"image\/jpeg\" \/>\n<meta name=\"author\" content=\"Reda\u00e7\u00e3o\" \/>\n<meta name=\"twitter:card\" content=\"summary_large_image\" \/>\n<meta name=\"twitter:creator\" content=\"@Notibras\" \/>\n<meta name=\"twitter:site\" content=\"@Notibras\" \/>\n<meta name=\"twitter:label1\" content=\"Escrito por\" \/>\n\t<meta name=\"twitter:data1\" content=\"Reda\u00e7\u00e3o\" \/>\n\t<meta name=\"twitter:label2\" content=\"Est. tempo de leitura\" \/>\n\t<meta name=\"twitter:data2\" content=\"5 minutos\" \/>\n<script type=\"application\/ld+json\" class=\"yoast-schema-graph\">{\"@context\":\"https:\/\/schema.org\",\"@graph\":[{\"@type\":\"Article\",\"@id\":\"https:\/\/www.notibras.com\/site\/alvaro-neto-dono-de-arte-exotica-e-muitas-facetas\/#article\",\"isPartOf\":{\"@id\":\"https:\/\/www.notibras.com\/site\/alvaro-neto-dono-de-arte-exotica-e-muitas-facetas\/\"},\"author\":{\"name\":\"Reda\u00e7\u00e3o\",\"@id\":\"https:\/\/www.notibras.com\/site\/#\/schema\/person\/36ab0979449956132d3e5b517ea76ac8\"},\"headline\":\"\u00c1lvaro Neto, dono de arte ex\u00f3tica e muitas facetas\",\"datePublished\":\"2023-09-28T19:03:54+00:00\",\"mainEntityOfPage\":{\"@id\":\"https:\/\/www.notibras.com\/site\/alvaro-neto-dono-de-arte-exotica-e-muitas-facetas\/\"},\"wordCount\":888,\"publisher\":{\"@id\":\"https:\/\/www.notibras.com\/site\/#organization\"},\"image\":{\"@id\":\"https:\/\/www.notibras.com\/site\/alvaro-neto-dono-de-arte-exotica-e-muitas-facetas\/#primaryimage\"},\"thumbnailUrl\":\"https:\/\/www.notibras.com\/site\/wp-content\/uploads\/2023\/09\/matsoraya.jpg\",\"articleSection\":[\"Quadradinho em Foco\"],\"inLanguage\":\"pt-BR\"},{\"@type\":\"WebPage\",\"@id\":\"https:\/\/www.notibras.com\/site\/alvaro-neto-dono-de-arte-exotica-e-muitas-facetas\/\",\"url\":\"https:\/\/www.notibras.com\/site\/alvaro-neto-dono-de-arte-exotica-e-muitas-facetas\/\",\"name\":\"\u00c1lvaro Neto, dono de arte ex\u00f3tica e muitas facetas - Notibras\",\"isPartOf\":{\"@id\":\"https:\/\/www.notibras.com\/site\/#website\"},\"primaryImageOfPage\":{\"@id\":\"https:\/\/www.notibras.com\/site\/alvaro-neto-dono-de-arte-exotica-e-muitas-facetas\/#primaryimage\"},\"image\":{\"@id\":\"https:\/\/www.notibras.com\/site\/alvaro-neto-dono-de-arte-exotica-e-muitas-facetas\/#primaryimage\"},\"thumbnailUrl\":\"https:\/\/www.notibras.com\/site\/wp-content\/uploads\/2023\/09\/matsoraya.jpg\",\"datePublished\":\"2023-09-28T19:03:54+00:00\",\"breadcrumb\":{\"@id\":\"https:\/\/www.notibras.com\/site\/alvaro-neto-dono-de-arte-exotica-e-muitas-facetas\/#breadcrumb\"},\"inLanguage\":\"pt-BR\",\"potentialAction\":[{\"@type\":\"ReadAction\",\"target\":[\"https:\/\/www.notibras.com\/site\/alvaro-neto-dono-de-arte-exotica-e-muitas-facetas\/\"]}]},{\"@type\":\"ImageObject\",\"inLanguage\":\"pt-BR\",\"@id\":\"https:\/\/www.notibras.com\/site\/alvaro-neto-dono-de-arte-exotica-e-muitas-facetas\/#primaryimage\",\"url\":\"https:\/\/www.notibras.com\/site\/wp-content\/uploads\/2023\/09\/matsoraya.jpg\",\"contentUrl\":\"https:\/\/www.notibras.com\/site\/wp-content\/uploads\/2023\/09\/matsoraya.jpg\",\"width\":720,\"height\":536},{\"@type\":\"BreadcrumbList\",\"@id\":\"https:\/\/www.notibras.com\/site\/alvaro-neto-dono-de-arte-exotica-e-muitas-facetas\/#breadcrumb\",\"itemListElement\":[{\"@type\":\"ListItem\",\"position\":1,\"name\":\"In\u00edcio\",\"item\":\"https:\/\/www.notibras.com\/site\/\"},{\"@type\":\"ListItem\",\"position\":2,\"name\":\"\u00c1lvaro Neto, dono de arte ex\u00f3tica e muitas facetas\"}]},{\"@type\":\"WebSite\",\"@id\":\"https:\/\/www.notibras.com\/site\/#website\",\"url\":\"https:\/\/www.notibras.com\/site\/\",\"name\":\"Notibras\",\"description\":\"Not\u00edcias de Bras\u00edlia, do Brasil e do Mundo\",\"publisher\":{\"@id\":\"https:\/\/www.notibras.com\/site\/#organization\"},\"potentialAction\":[{\"@type\":\"SearchAction\",\"target\":{\"@type\":\"EntryPoint\",\"urlTemplate\":\"https:\/\/www.notibras.com\/site\/?s={search_term_string}\"},\"query-input\":{\"@type\":\"PropertyValueSpecification\",\"valueRequired\":true,\"valueName\":\"search_term_string\"}}],\"inLanguage\":\"pt-BR\"},{\"@type\":\"Organization\",\"@id\":\"https:\/\/www.notibras.com\/site\/#organization\",\"name\":\"Grupo Notibras de Comunica\u00e7\u00e3o\",\"url\":\"https:\/\/www.notibras.com\/site\/\",\"logo\":{\"@type\":\"ImageObject\",\"inLanguage\":\"pt-BR\",\"@id\":\"https:\/\/www.notibras.com\/site\/#\/schema\/logo\/image\/\",\"url\":\"https:\/\/www.notibras.com\/site\/wp-content\/uploads\/2023\/01\/notibras23.png\",\"contentUrl\":\"https:\/\/www.notibras.com\/site\/wp-content\/uploads\/2023\/01\/notibras23.png\",\"width\":350,\"height\":87,\"caption\":\"Grupo Notibras de Comunica\u00e7\u00e3o\"},\"image\":{\"@id\":\"https:\/\/www.notibras.com\/site\/#\/schema\/logo\/image\/\"},\"sameAs\":[\"https:\/\/www.facebook.com\/notibras\/\",\"https:\/\/x.com\/Notibras\",\"https:\/\/www.instagram.com\/notibras\/\"]},{\"@type\":\"Person\",\"@id\":\"https:\/\/www.notibras.com\/site\/#\/schema\/person\/36ab0979449956132d3e5b517ea76ac8\",\"name\":\"Reda\u00e7\u00e3o\",\"image\":{\"@type\":\"ImageObject\",\"inLanguage\":\"pt-BR\",\"@id\":\"https:\/\/secure.gravatar.com\/avatar\/e0a867bdedb85fd243eadf09663511f96fc81e0720a4a42581f334ad4303aa6b?s=96&d=mm&r=g\",\"url\":\"https:\/\/secure.gravatar.com\/avatar\/e0a867bdedb85fd243eadf09663511f96fc81e0720a4a42581f334ad4303aa6b?s=96&d=mm&r=g\",\"contentUrl\":\"https:\/\/secure.gravatar.com\/avatar\/e0a867bdedb85fd243eadf09663511f96fc81e0720a4a42581f334ad4303aa6b?s=96&d=mm&r=g\",\"caption\":\"Reda\u00e7\u00e3o\"}}]}<\/script>\n<!-- \/ Yoast SEO plugin. -->","yoast_head_json":{"title":"\u00c1lvaro Neto, dono de arte ex\u00f3tica e muitas facetas - Notibras","robots":{"index":"index","follow":"follow","max-snippet":"max-snippet:-1","max-image-preview":"max-image-preview:large","max-video-preview":"max-video-preview:-1"},"canonical":"https:\/\/www.notibras.com\/site\/alvaro-neto-dono-de-arte-exotica-e-muitas-facetas\/","og_locale":"pt_BR","og_type":"article","og_title":"\u00c1lvaro Neto, dono de arte ex\u00f3tica e muitas facetas - Notibras","og_description":"De acordo com o Dicion\u00e1rio Priberam (2022), entende-se por \u201cex\u00f3tico\u201d como algo que \u201c\u00e9 de pa\u00eds ou de clima diferente daquele em que vive ou em que se usa; estrangeiro; importado\u201d. Nesse vi\u00e9s, qualificar algo como bonito ou feio \u00e9 extremamente complexo, mesmo quando certas caracter\u00edsticas fazem o c\u00e9rebro humano, \u00e0 primeira vista, proceder tal [&hellip;]","og_url":"https:\/\/www.notibras.com\/site\/alvaro-neto-dono-de-arte-exotica-e-muitas-facetas\/","og_site_name":"Notibras","article_publisher":"https:\/\/www.facebook.com\/notibras\/","article_published_time":"2023-09-28T19:03:54+00:00","og_image":[{"width":720,"height":536,"url":"https:\/\/www.notibras.com\/site\/wp-content\/uploads\/2023\/09\/matsoraya.jpg","type":"image\/jpeg"}],"author":"Reda\u00e7\u00e3o","twitter_card":"summary_large_image","twitter_creator":"@Notibras","twitter_site":"@Notibras","twitter_misc":{"Escrito por":"Reda\u00e7\u00e3o","Est. tempo de leitura":"5 minutos"},"schema":{"@context":"https:\/\/schema.org","@graph":[{"@type":"Article","@id":"https:\/\/www.notibras.com\/site\/alvaro-neto-dono-de-arte-exotica-e-muitas-facetas\/#article","isPartOf":{"@id":"https:\/\/www.notibras.com\/site\/alvaro-neto-dono-de-arte-exotica-e-muitas-facetas\/"},"author":{"name":"Reda\u00e7\u00e3o","@id":"https:\/\/www.notibras.com\/site\/#\/schema\/person\/36ab0979449956132d3e5b517ea76ac8"},"headline":"\u00c1lvaro Neto, dono de arte ex\u00f3tica e muitas facetas","datePublished":"2023-09-28T19:03:54+00:00","mainEntityOfPage":{"@id":"https:\/\/www.notibras.com\/site\/alvaro-neto-dono-de-arte-exotica-e-muitas-facetas\/"},"wordCount":888,"publisher":{"@id":"https:\/\/www.notibras.com\/site\/#organization"},"image":{"@id":"https:\/\/www.notibras.com\/site\/alvaro-neto-dono-de-arte-exotica-e-muitas-facetas\/#primaryimage"},"thumbnailUrl":"https:\/\/www.notibras.com\/site\/wp-content\/uploads\/2023\/09\/matsoraya.jpg","articleSection":["Quadradinho em Foco"],"inLanguage":"pt-BR"},{"@type":"WebPage","@id":"https:\/\/www.notibras.com\/site\/alvaro-neto-dono-de-arte-exotica-e-muitas-facetas\/","url":"https:\/\/www.notibras.com\/site\/alvaro-neto-dono-de-arte-exotica-e-muitas-facetas\/","name":"\u00c1lvaro Neto, dono de arte ex\u00f3tica e muitas facetas - Notibras","isPartOf":{"@id":"https:\/\/www.notibras.com\/site\/#website"},"primaryImageOfPage":{"@id":"https:\/\/www.notibras.com\/site\/alvaro-neto-dono-de-arte-exotica-e-muitas-facetas\/#primaryimage"},"image":{"@id":"https:\/\/www.notibras.com\/site\/alvaro-neto-dono-de-arte-exotica-e-muitas-facetas\/#primaryimage"},"thumbnailUrl":"https:\/\/www.notibras.com\/site\/wp-content\/uploads\/2023\/09\/matsoraya.jpg","datePublished":"2023-09-28T19:03:54+00:00","breadcrumb":{"@id":"https:\/\/www.notibras.com\/site\/alvaro-neto-dono-de-arte-exotica-e-muitas-facetas\/#breadcrumb"},"inLanguage":"pt-BR","potentialAction":[{"@type":"ReadAction","target":["https:\/\/www.notibras.com\/site\/alvaro-neto-dono-de-arte-exotica-e-muitas-facetas\/"]}]},{"@type":"ImageObject","inLanguage":"pt-BR","@id":"https:\/\/www.notibras.com\/site\/alvaro-neto-dono-de-arte-exotica-e-muitas-facetas\/#primaryimage","url":"https:\/\/www.notibras.com\/site\/wp-content\/uploads\/2023\/09\/matsoraya.jpg","contentUrl":"https:\/\/www.notibras.com\/site\/wp-content\/uploads\/2023\/09\/matsoraya.jpg","width":720,"height":536},{"@type":"BreadcrumbList","@id":"https:\/\/www.notibras.com\/site\/alvaro-neto-dono-de-arte-exotica-e-muitas-facetas\/#breadcrumb","itemListElement":[{"@type":"ListItem","position":1,"name":"In\u00edcio","item":"https:\/\/www.notibras.com\/site\/"},{"@type":"ListItem","position":2,"name":"\u00c1lvaro Neto, dono de arte ex\u00f3tica e muitas facetas"}]},{"@type":"WebSite","@id":"https:\/\/www.notibras.com\/site\/#website","url":"https:\/\/www.notibras.com\/site\/","name":"Notibras","description":"Not\u00edcias de Bras\u00edlia, do Brasil e do Mundo","publisher":{"@id":"https:\/\/www.notibras.com\/site\/#organization"},"potentialAction":[{"@type":"SearchAction","target":{"@type":"EntryPoint","urlTemplate":"https:\/\/www.notibras.com\/site\/?s={search_term_string}"},"query-input":{"@type":"PropertyValueSpecification","valueRequired":true,"valueName":"search_term_string"}}],"inLanguage":"pt-BR"},{"@type":"Organization","@id":"https:\/\/www.notibras.com\/site\/#organization","name":"Grupo Notibras de Comunica\u00e7\u00e3o","url":"https:\/\/www.notibras.com\/site\/","logo":{"@type":"ImageObject","inLanguage":"pt-BR","@id":"https:\/\/www.notibras.com\/site\/#\/schema\/logo\/image\/","url":"https:\/\/www.notibras.com\/site\/wp-content\/uploads\/2023\/01\/notibras23.png","contentUrl":"https:\/\/www.notibras.com\/site\/wp-content\/uploads\/2023\/01\/notibras23.png","width":350,"height":87,"caption":"Grupo Notibras de Comunica\u00e7\u00e3o"},"image":{"@id":"https:\/\/www.notibras.com\/site\/#\/schema\/logo\/image\/"},"sameAs":["https:\/\/www.facebook.com\/notibras\/","https:\/\/x.com\/Notibras","https:\/\/www.instagram.com\/notibras\/"]},{"@type":"Person","@id":"https:\/\/www.notibras.com\/site\/#\/schema\/person\/36ab0979449956132d3e5b517ea76ac8","name":"Reda\u00e7\u00e3o","image":{"@type":"ImageObject","inLanguage":"pt-BR","@id":"https:\/\/secure.gravatar.com\/avatar\/e0a867bdedb85fd243eadf09663511f96fc81e0720a4a42581f334ad4303aa6b?s=96&d=mm&r=g","url":"https:\/\/secure.gravatar.com\/avatar\/e0a867bdedb85fd243eadf09663511f96fc81e0720a4a42581f334ad4303aa6b?s=96&d=mm&r=g","contentUrl":"https:\/\/secure.gravatar.com\/avatar\/e0a867bdedb85fd243eadf09663511f96fc81e0720a4a42581f334ad4303aa6b?s=96&d=mm&r=g","caption":"Reda\u00e7\u00e3o"}}]}},"amp_enabled":true,"_links":{"self":[{"href":"https:\/\/www.notibras.com\/site\/wp-json\/wp\/v2\/posts\/313621","targetHints":{"allow":["GET"]}}],"collection":[{"href":"https:\/\/www.notibras.com\/site\/wp-json\/wp\/v2\/posts"}],"about":[{"href":"https:\/\/www.notibras.com\/site\/wp-json\/wp\/v2\/types\/post"}],"author":[{"embeddable":true,"href":"https:\/\/www.notibras.com\/site\/wp-json\/wp\/v2\/users\/2"}],"replies":[{"embeddable":true,"href":"https:\/\/www.notibras.com\/site\/wp-json\/wp\/v2\/comments?post=313621"}],"version-history":[{"count":1,"href":"https:\/\/www.notibras.com\/site\/wp-json\/wp\/v2\/posts\/313621\/revisions"}],"predecessor-version":[{"id":313624,"href":"https:\/\/www.notibras.com\/site\/wp-json\/wp\/v2\/posts\/313621\/revisions\/313624"}],"wp:featuredmedia":[{"embeddable":true,"href":"https:\/\/www.notibras.com\/site\/wp-json\/wp\/v2\/media\/313623"}],"wp:attachment":[{"href":"https:\/\/www.notibras.com\/site\/wp-json\/wp\/v2\/media?parent=313621"}],"wp:term":[{"taxonomy":"category","embeddable":true,"href":"https:\/\/www.notibras.com\/site\/wp-json\/wp\/v2\/categories?post=313621"},{"taxonomy":"post_tag","embeddable":true,"href":"https:\/\/www.notibras.com\/site\/wp-json\/wp\/v2\/tags?post=313621"}],"curies":[{"name":"wp","href":"https:\/\/api.w.org\/{rel}","templated":true}]}}