{"id":31363,"date":"2014-12-16T18:58:34","date_gmt":"2014-12-16T21:58:34","guid":{"rendered":"http:\/\/www.notibras.com\/site\/?p=31363"},"modified":"2014-12-17T08:11:39","modified_gmt":"2014-12-17T11:11:39","slug":"novos-extintores-de-incendio-do-tipo-abc-serao-exigidos-a-partir-de-2015","status":"publish","type":"post","link":"https:\/\/www.notibras.com\/site\/novos-extintores-de-incendio-do-tipo-abc-serao-exigidos-a-partir-de-2015\/","title":{"rendered":"Novos extintores de inc\u00eandio ser\u00e3o exigidos a partir de 2015"},"content":{"rendered":"<p>A partir de 1\u00ba de janeiro de 2015, os ve\u00edculos dever\u00e3o estar equipados com extintor de inc\u00eandio do tipo ABC. Os equipamentos permitidos atualmente pela legisla\u00e7\u00e3o federal, do tipo BC, dever\u00e3o ser substitu\u00eddos at\u00e9 31 de dezembro de 2014. O valor m\u00e9dio do extintor \u00e9 de R$ 60.<\/p>\n<p>Extintores com carga de p\u00f3 do tipo ABC tamb\u00e9m s\u00e3o eficazes no combate ao fogo que se propaga por materiais s\u00f3lidos, como bancos, tapetes e pain\u00e9is do carro, por exemplo. Equipamentos do tipo BC servem apenas para eliminar chamas causadas por l\u00edquidos inflam\u00e1veis (gasolina, \u00f3leo diesel, querosene, etc.) e equipamentos el\u00e9tricos (bateria, fia\u00e7\u00e3o, etc.).<\/p>\n<p>O novo extintor tem validade maior, de cinco anos; o do tipo BC vence a cada tr\u00eas anos e pode ser reabastecido uma vez, com validade de um ano ap\u00f3s a nova carga. V\u00e1lida para todo o pa\u00eds, a regra inclui carros de passeio, utilit\u00e1rios, camionetas, caminhonetes, caminh\u00e3o, \u00f4nibus, micro-\u00f4nibus e triciclos de cabine fechada.<\/p>\n<p>A norma foi confirmada em novembro de 2009, quando se fixou o in\u00edcio da obrigatoriedade do novo extintor a partir de 1\u00ba de janeiro de 2015. Ve\u00edculos zero-km j\u00e1 saem de f\u00e1brica com o equipamento do tipo ABC desde que a norma federal foi estabelecida.<\/p>\n<blockquote><p>De acordo com o artigo 230 do C\u00f3digo de Tr\u00e2nsito Brasileiro, conduzir ve\u00edculo sem equipamento obrigat\u00f3rio \u00e9 infra\u00e7\u00e3o grave, com multa de R$ 127,69 e cinco pontos na Carteira Nacional de Habilita\u00e7\u00e3o (CNH) do propriet\u00e1rio do ve\u00edculo, que dever\u00e1 ser retido para regulariza\u00e7\u00e3o. Tamb\u00e9m \u00e9 infra\u00e7\u00e3o de tr\u00e2nsito, com a mesma penalidade, se o extintor estiver fora do prazo de validade, vazio ou com lacre rompido.<\/p><\/blockquote>\n","protected":false},"excerpt":{"rendered":"<p>A partir de 1\u00ba de janeiro de 2015, os ve\u00edculos dever\u00e3o estar equipados com extintor de inc\u00eandio do tipo ABC. Os equipamentos permitidos atualmente pela legisla\u00e7\u00e3o federal, do tipo BC, dever\u00e3o ser substitu\u00eddos at\u00e9 31 de dezembro de 2014. O valor m\u00e9dio do extintor \u00e9 de R$ 60. Extintores com carga de p\u00f3 do tipo [&hellip;]<\/p>\n","protected":false},"author":1,"featured_media":31364,"comment_status":"open","ping_status":"closed","sticky":false,"template":"","format":"standard","meta":{"_acf_changed":false,"footnotes":""},"categories":[16],"tags":[],"class_list":["post-31363","post","type-post","status-publish","format-standard","has-post-thumbnail","hentry","category-brasil"],"acf":[],"yoast_head":"<!-- This site is optimized with the Yoast SEO plugin v27.2 - https:\/\/yoast.com\/product\/yoast-seo-wordpress\/ -->\n<title>Novos extintores de inc\u00eandio ser\u00e3o exigidos a partir de 2015 - Notibras<\/title>\n<meta name=\"robots\" content=\"index, follow, max-snippet:-1, max-image-preview:large, max-video-preview:-1\" \/>\n<link rel=\"canonical\" href=\"https:\/\/www.notibras.com\/site\/novos-extintores-de-incendio-do-tipo-abc-serao-exigidos-a-partir-de-2015\/\" \/>\n<meta property=\"og:locale\" content=\"pt_BR\" \/>\n<meta property=\"og:type\" content=\"article\" \/>\n<meta property=\"og:title\" content=\"Novos extintores de inc\u00eandio ser\u00e3o exigidos a partir de 2015 - Notibras\" \/>\n<meta property=\"og:description\" content=\"A partir de 1\u00ba de janeiro de 2015, os ve\u00edculos dever\u00e3o estar equipados com extintor de inc\u00eandio do tipo ABC. Os equipamentos permitidos atualmente pela legisla\u00e7\u00e3o federal, do tipo BC, dever\u00e3o ser substitu\u00eddos at\u00e9 31 de dezembro de 2014. O valor m\u00e9dio do extintor \u00e9 de R$ 60. Extintores com carga de p\u00f3 do tipo [&hellip;]\" \/>\n<meta property=\"og:url\" content=\"https:\/\/www.notibras.com\/site\/novos-extintores-de-incendio-do-tipo-abc-serao-exigidos-a-partir-de-2015\/\" \/>\n<meta property=\"og:site_name\" content=\"Notibras\" \/>\n<meta property=\"article:publisher\" content=\"https:\/\/www.facebook.com\/notibras\/\" \/>\n<meta property=\"article:published_time\" content=\"2014-12-16T21:58:34+00:00\" \/>\n<meta property=\"article:modified_time\" content=\"2014-12-17T11:11:39+00:00\" \/>\n<meta property=\"og:image\" content=\"https:\/\/www.notibras.com\/site\/wp-content\/uploads\/2014\/12\/Sem-t\u00edtulo-17.jpg\" \/>\n\t<meta property=\"og:image:width\" content=\"670\" \/>\n\t<meta property=\"og:image:height\" content=\"400\" \/>\n\t<meta property=\"og:image:type\" content=\"image\/jpeg\" \/>\n<meta name=\"author\" content=\"Reda\u00e7\u00e3o\" \/>\n<meta name=\"twitter:card\" content=\"summary_large_image\" \/>\n<meta name=\"twitter:creator\" content=\"@Notibras\" \/>\n<meta name=\"twitter:site\" content=\"@Notibras\" \/>\n<meta name=\"twitter:label1\" content=\"Escrito por\" \/>\n\t<meta name=\"twitter:data1\" content=\"Reda\u00e7\u00e3o\" \/>\n\t<meta name=\"twitter:label2\" content=\"Est. tempo de leitura\" \/>\n\t<meta name=\"twitter:data2\" content=\"1 minuto\" \/>\n<script type=\"application\/ld+json\" class=\"yoast-schema-graph\">{\"@context\":\"https:\/\/schema.org\",\"@graph\":[{\"@type\":\"Article\",\"@id\":\"https:\/\/www.notibras.com\/site\/novos-extintores-de-incendio-do-tipo-abc-serao-exigidos-a-partir-de-2015\/#article\",\"isPartOf\":{\"@id\":\"https:\/\/www.notibras.com\/site\/novos-extintores-de-incendio-do-tipo-abc-serao-exigidos-a-partir-de-2015\/\"},\"author\":{\"name\":\"Reda\u00e7\u00e3o\",\"@id\":\"https:\/\/www.notibras.com\/site\/#\/schema\/person\/00b8e1aa08f9ef6563e878c5159d01cf\"},\"headline\":\"Novos extintores de inc\u00eandio ser\u00e3o exigidos a partir de 2015\",\"datePublished\":\"2014-12-16T21:58:34+00:00\",\"dateModified\":\"2014-12-17T11:11:39+00:00\",\"mainEntityOfPage\":{\"@id\":\"https:\/\/www.notibras.com\/site\/novos-extintores-de-incendio-do-tipo-abc-serao-exigidos-a-partir-de-2015\/\"},\"wordCount\":303,\"commentCount\":0,\"publisher\":{\"@id\":\"https:\/\/www.notibras.com\/site\/#organization\"},\"image\":{\"@id\":\"https:\/\/www.notibras.com\/site\/novos-extintores-de-incendio-do-tipo-abc-serao-exigidos-a-partir-de-2015\/#primaryimage\"},\"thumbnailUrl\":\"https:\/\/www.notibras.com\/site\/wp-content\/uploads\/2014\/12\/Sem-t\u00edtulo-17.jpg\",\"articleSection\":[\"Brasil\"],\"inLanguage\":\"pt-BR\",\"potentialAction\":[{\"@type\":\"CommentAction\",\"name\":\"Comment\",\"target\":[\"https:\/\/www.notibras.com\/site\/novos-extintores-de-incendio-do-tipo-abc-serao-exigidos-a-partir-de-2015\/#respond\"]}]},{\"@type\":\"WebPage\",\"@id\":\"https:\/\/www.notibras.com\/site\/novos-extintores-de-incendio-do-tipo-abc-serao-exigidos-a-partir-de-2015\/\",\"url\":\"https:\/\/www.notibras.com\/site\/novos-extintores-de-incendio-do-tipo-abc-serao-exigidos-a-partir-de-2015\/\",\"name\":\"Novos extintores de inc\u00eandio ser\u00e3o exigidos a partir de 2015 - Notibras\",\"isPartOf\":{\"@id\":\"https:\/\/www.notibras.com\/site\/#website\"},\"primaryImageOfPage\":{\"@id\":\"https:\/\/www.notibras.com\/site\/novos-extintores-de-incendio-do-tipo-abc-serao-exigidos-a-partir-de-2015\/#primaryimage\"},\"image\":{\"@id\":\"https:\/\/www.notibras.com\/site\/novos-extintores-de-incendio-do-tipo-abc-serao-exigidos-a-partir-de-2015\/#primaryimage\"},\"thumbnailUrl\":\"https:\/\/www.notibras.com\/site\/wp-content\/uploads\/2014\/12\/Sem-t\u00edtulo-17.jpg\",\"datePublished\":\"2014-12-16T21:58:34+00:00\",\"dateModified\":\"2014-12-17T11:11:39+00:00\",\"breadcrumb\":{\"@id\":\"https:\/\/www.notibras.com\/site\/novos-extintores-de-incendio-do-tipo-abc-serao-exigidos-a-partir-de-2015\/#breadcrumb\"},\"inLanguage\":\"pt-BR\",\"potentialAction\":[{\"@type\":\"ReadAction\",\"target\":[\"https:\/\/www.notibras.com\/site\/novos-extintores-de-incendio-do-tipo-abc-serao-exigidos-a-partir-de-2015\/\"]}]},{\"@type\":\"ImageObject\",\"inLanguage\":\"pt-BR\",\"@id\":\"https:\/\/www.notibras.com\/site\/novos-extintores-de-incendio-do-tipo-abc-serao-exigidos-a-partir-de-2015\/#primaryimage\",\"url\":\"https:\/\/www.notibras.com\/site\/wp-content\/uploads\/2014\/12\/Sem-t\u00edtulo-17.jpg\",\"contentUrl\":\"https:\/\/www.notibras.com\/site\/wp-content\/uploads\/2014\/12\/Sem-t\u00edtulo-17.jpg\",\"width\":670,\"height\":400},{\"@type\":\"BreadcrumbList\",\"@id\":\"https:\/\/www.notibras.com\/site\/novos-extintores-de-incendio-do-tipo-abc-serao-exigidos-a-partir-de-2015\/#breadcrumb\",\"itemListElement\":[{\"@type\":\"ListItem\",\"position\":1,\"name\":\"In\u00edcio\",\"item\":\"https:\/\/www.notibras.com\/site\/\"},{\"@type\":\"ListItem\",\"position\":2,\"name\":\"Novos extintores de inc\u00eandio ser\u00e3o exigidos a partir de 2015\"}]},{\"@type\":\"WebSite\",\"@id\":\"https:\/\/www.notibras.com\/site\/#website\",\"url\":\"https:\/\/www.notibras.com\/site\/\",\"name\":\"Notibras\",\"description\":\"Not\u00edcias de Bras\u00edlia, do Brasil e do Mundo\",\"publisher\":{\"@id\":\"https:\/\/www.notibras.com\/site\/#organization\"},\"potentialAction\":[{\"@type\":\"SearchAction\",\"target\":{\"@type\":\"EntryPoint\",\"urlTemplate\":\"https:\/\/www.notibras.com\/site\/?s={search_term_string}\"},\"query-input\":{\"@type\":\"PropertyValueSpecification\",\"valueRequired\":true,\"valueName\":\"search_term_string\"}}],\"inLanguage\":\"pt-BR\"},{\"@type\":\"Organization\",\"@id\":\"https:\/\/www.notibras.com\/site\/#organization\",\"name\":\"Grupo Notibras de Comunica\u00e7\u00e3o\",\"url\":\"https:\/\/www.notibras.com\/site\/\",\"logo\":{\"@type\":\"ImageObject\",\"inLanguage\":\"pt-BR\",\"@id\":\"https:\/\/www.notibras.com\/site\/#\/schema\/logo\/image\/\",\"url\":\"https:\/\/www.notibras.com\/site\/wp-content\/uploads\/2023\/01\/notibras23.png\",\"contentUrl\":\"https:\/\/www.notibras.com\/site\/wp-content\/uploads\/2023\/01\/notibras23.png\",\"width\":350,\"height\":87,\"caption\":\"Grupo Notibras de Comunica\u00e7\u00e3o\"},\"image\":{\"@id\":\"https:\/\/www.notibras.com\/site\/#\/schema\/logo\/image\/\"},\"sameAs\":[\"https:\/\/www.facebook.com\/notibras\/\",\"https:\/\/x.com\/Notibras\",\"https:\/\/www.instagram.com\/notibras\/\"]},{\"@type\":\"Person\",\"@id\":\"https:\/\/www.notibras.com\/site\/#\/schema\/person\/00b8e1aa08f9ef6563e878c5159d01cf\",\"name\":\"Reda\u00e7\u00e3o\",\"image\":{\"@type\":\"ImageObject\",\"inLanguage\":\"pt-BR\",\"@id\":\"https:\/\/secure.gravatar.com\/avatar\/ac5a707d5b47784a5ed426c6e213e201423c750890f64e4c379114dade67dfb9?s=96&d=mm&r=g\",\"url\":\"https:\/\/secure.gravatar.com\/avatar\/ac5a707d5b47784a5ed426c6e213e201423c750890f64e4c379114dade67dfb9?s=96&d=mm&r=g\",\"contentUrl\":\"https:\/\/secure.gravatar.com\/avatar\/ac5a707d5b47784a5ed426c6e213e201423c750890f64e4c379114dade67dfb9?s=96&d=mm&r=g\",\"caption\":\"Reda\u00e7\u00e3o\"}}]}<\/script>\n<!-- \/ Yoast SEO plugin. -->","yoast_head_json":{"title":"Novos extintores de inc\u00eandio ser\u00e3o exigidos a partir de 2015 - Notibras","robots":{"index":"index","follow":"follow","max-snippet":"max-snippet:-1","max-image-preview":"max-image-preview:large","max-video-preview":"max-video-preview:-1"},"canonical":"https:\/\/www.notibras.com\/site\/novos-extintores-de-incendio-do-tipo-abc-serao-exigidos-a-partir-de-2015\/","og_locale":"pt_BR","og_type":"article","og_title":"Novos extintores de inc\u00eandio ser\u00e3o exigidos a partir de 2015 - Notibras","og_description":"A partir de 1\u00ba de janeiro de 2015, os ve\u00edculos dever\u00e3o estar equipados com extintor de inc\u00eandio do tipo ABC. Os equipamentos permitidos atualmente pela legisla\u00e7\u00e3o federal, do tipo BC, dever\u00e3o ser substitu\u00eddos at\u00e9 31 de dezembro de 2014. O valor m\u00e9dio do extintor \u00e9 de R$ 60. Extintores com carga de p\u00f3 do tipo [&hellip;]","og_url":"https:\/\/www.notibras.com\/site\/novos-extintores-de-incendio-do-tipo-abc-serao-exigidos-a-partir-de-2015\/","og_site_name":"Notibras","article_publisher":"https:\/\/www.facebook.com\/notibras\/","article_published_time":"2014-12-16T21:58:34+00:00","article_modified_time":"2014-12-17T11:11:39+00:00","og_image":[{"width":670,"height":400,"url":"https:\/\/www.notibras.com\/site\/wp-content\/uploads\/2014\/12\/Sem-t\u00edtulo-17.jpg","type":"image\/jpeg"}],"author":"Reda\u00e7\u00e3o","twitter_card":"summary_large_image","twitter_creator":"@Notibras","twitter_site":"@Notibras","twitter_misc":{"Escrito por":"Reda\u00e7\u00e3o","Est. tempo de leitura":"1 minuto"},"schema":{"@context":"https:\/\/schema.org","@graph":[{"@type":"Article","@id":"https:\/\/www.notibras.com\/site\/novos-extintores-de-incendio-do-tipo-abc-serao-exigidos-a-partir-de-2015\/#article","isPartOf":{"@id":"https:\/\/www.notibras.com\/site\/novos-extintores-de-incendio-do-tipo-abc-serao-exigidos-a-partir-de-2015\/"},"author":{"name":"Reda\u00e7\u00e3o","@id":"https:\/\/www.notibras.com\/site\/#\/schema\/person\/00b8e1aa08f9ef6563e878c5159d01cf"},"headline":"Novos extintores de inc\u00eandio ser\u00e3o exigidos a partir de 2015","datePublished":"2014-12-16T21:58:34+00:00","dateModified":"2014-12-17T11:11:39+00:00","mainEntityOfPage":{"@id":"https:\/\/www.notibras.com\/site\/novos-extintores-de-incendio-do-tipo-abc-serao-exigidos-a-partir-de-2015\/"},"wordCount":303,"commentCount":0,"publisher":{"@id":"https:\/\/www.notibras.com\/site\/#organization"},"image":{"@id":"https:\/\/www.notibras.com\/site\/novos-extintores-de-incendio-do-tipo-abc-serao-exigidos-a-partir-de-2015\/#primaryimage"},"thumbnailUrl":"https:\/\/www.notibras.com\/site\/wp-content\/uploads\/2014\/12\/Sem-t\u00edtulo-17.jpg","articleSection":["Brasil"],"inLanguage":"pt-BR","potentialAction":[{"@type":"CommentAction","name":"Comment","target":["https:\/\/www.notibras.com\/site\/novos-extintores-de-incendio-do-tipo-abc-serao-exigidos-a-partir-de-2015\/#respond"]}]},{"@type":"WebPage","@id":"https:\/\/www.notibras.com\/site\/novos-extintores-de-incendio-do-tipo-abc-serao-exigidos-a-partir-de-2015\/","url":"https:\/\/www.notibras.com\/site\/novos-extintores-de-incendio-do-tipo-abc-serao-exigidos-a-partir-de-2015\/","name":"Novos extintores de inc\u00eandio ser\u00e3o exigidos a partir de 2015 - Notibras","isPartOf":{"@id":"https:\/\/www.notibras.com\/site\/#website"},"primaryImageOfPage":{"@id":"https:\/\/www.notibras.com\/site\/novos-extintores-de-incendio-do-tipo-abc-serao-exigidos-a-partir-de-2015\/#primaryimage"},"image":{"@id":"https:\/\/www.notibras.com\/site\/novos-extintores-de-incendio-do-tipo-abc-serao-exigidos-a-partir-de-2015\/#primaryimage"},"thumbnailUrl":"https:\/\/www.notibras.com\/site\/wp-content\/uploads\/2014\/12\/Sem-t\u00edtulo-17.jpg","datePublished":"2014-12-16T21:58:34+00:00","dateModified":"2014-12-17T11:11:39+00:00","breadcrumb":{"@id":"https:\/\/www.notibras.com\/site\/novos-extintores-de-incendio-do-tipo-abc-serao-exigidos-a-partir-de-2015\/#breadcrumb"},"inLanguage":"pt-BR","potentialAction":[{"@type":"ReadAction","target":["https:\/\/www.notibras.com\/site\/novos-extintores-de-incendio-do-tipo-abc-serao-exigidos-a-partir-de-2015\/"]}]},{"@type":"ImageObject","inLanguage":"pt-BR","@id":"https:\/\/www.notibras.com\/site\/novos-extintores-de-incendio-do-tipo-abc-serao-exigidos-a-partir-de-2015\/#primaryimage","url":"https:\/\/www.notibras.com\/site\/wp-content\/uploads\/2014\/12\/Sem-t\u00edtulo-17.jpg","contentUrl":"https:\/\/www.notibras.com\/site\/wp-content\/uploads\/2014\/12\/Sem-t\u00edtulo-17.jpg","width":670,"height":400},{"@type":"BreadcrumbList","@id":"https:\/\/www.notibras.com\/site\/novos-extintores-de-incendio-do-tipo-abc-serao-exigidos-a-partir-de-2015\/#breadcrumb","itemListElement":[{"@type":"ListItem","position":1,"name":"In\u00edcio","item":"https:\/\/www.notibras.com\/site\/"},{"@type":"ListItem","position":2,"name":"Novos extintores de inc\u00eandio ser\u00e3o exigidos a partir de 2015"}]},{"@type":"WebSite","@id":"https:\/\/www.notibras.com\/site\/#website","url":"https:\/\/www.notibras.com\/site\/","name":"Notibras","description":"Not\u00edcias de Bras\u00edlia, do Brasil e do Mundo","publisher":{"@id":"https:\/\/www.notibras.com\/site\/#organization"},"potentialAction":[{"@type":"SearchAction","target":{"@type":"EntryPoint","urlTemplate":"https:\/\/www.notibras.com\/site\/?s={search_term_string}"},"query-input":{"@type":"PropertyValueSpecification","valueRequired":true,"valueName":"search_term_string"}}],"inLanguage":"pt-BR"},{"@type":"Organization","@id":"https:\/\/www.notibras.com\/site\/#organization","name":"Grupo Notibras de Comunica\u00e7\u00e3o","url":"https:\/\/www.notibras.com\/site\/","logo":{"@type":"ImageObject","inLanguage":"pt-BR","@id":"https:\/\/www.notibras.com\/site\/#\/schema\/logo\/image\/","url":"https:\/\/www.notibras.com\/site\/wp-content\/uploads\/2023\/01\/notibras23.png","contentUrl":"https:\/\/www.notibras.com\/site\/wp-content\/uploads\/2023\/01\/notibras23.png","width":350,"height":87,"caption":"Grupo Notibras de Comunica\u00e7\u00e3o"},"image":{"@id":"https:\/\/www.notibras.com\/site\/#\/schema\/logo\/image\/"},"sameAs":["https:\/\/www.facebook.com\/notibras\/","https:\/\/x.com\/Notibras","https:\/\/www.instagram.com\/notibras\/"]},{"@type":"Person","@id":"https:\/\/www.notibras.com\/site\/#\/schema\/person\/00b8e1aa08f9ef6563e878c5159d01cf","name":"Reda\u00e7\u00e3o","image":{"@type":"ImageObject","inLanguage":"pt-BR","@id":"https:\/\/secure.gravatar.com\/avatar\/ac5a707d5b47784a5ed426c6e213e201423c750890f64e4c379114dade67dfb9?s=96&d=mm&r=g","url":"https:\/\/secure.gravatar.com\/avatar\/ac5a707d5b47784a5ed426c6e213e201423c750890f64e4c379114dade67dfb9?s=96&d=mm&r=g","contentUrl":"https:\/\/secure.gravatar.com\/avatar\/ac5a707d5b47784a5ed426c6e213e201423c750890f64e4c379114dade67dfb9?s=96&d=mm&r=g","caption":"Reda\u00e7\u00e3o"}}]}},"amp_enabled":true,"_links":{"self":[{"href":"https:\/\/www.notibras.com\/site\/wp-json\/wp\/v2\/posts\/31363","targetHints":{"allow":["GET"]}}],"collection":[{"href":"https:\/\/www.notibras.com\/site\/wp-json\/wp\/v2\/posts"}],"about":[{"href":"https:\/\/www.notibras.com\/site\/wp-json\/wp\/v2\/types\/post"}],"author":[{"embeddable":true,"href":"https:\/\/www.notibras.com\/site\/wp-json\/wp\/v2\/users\/1"}],"replies":[{"embeddable":true,"href":"https:\/\/www.notibras.com\/site\/wp-json\/wp\/v2\/comments?post=31363"}],"version-history":[{"count":0,"href":"https:\/\/www.notibras.com\/site\/wp-json\/wp\/v2\/posts\/31363\/revisions"}],"wp:featuredmedia":[{"embeddable":true,"href":"https:\/\/www.notibras.com\/site\/wp-json\/wp\/v2\/media\/31364"}],"wp:attachment":[{"href":"https:\/\/www.notibras.com\/site\/wp-json\/wp\/v2\/media?parent=31363"}],"wp:term":[{"taxonomy":"category","embeddable":true,"href":"https:\/\/www.notibras.com\/site\/wp-json\/wp\/v2\/categories?post=31363"},{"taxonomy":"post_tag","embeddable":true,"href":"https:\/\/www.notibras.com\/site\/wp-json\/wp\/v2\/tags?post=31363"}],"curies":[{"name":"wp","href":"https:\/\/api.w.org\/{rel}","templated":true}]}}