{"id":313667,"date":"2023-09-29T08:01:29","date_gmt":"2023-09-29T11:01:29","guid":{"rendered":"https:\/\/www.notibras.com\/site\/?p=313667"},"modified":"2023-09-29T08:12:12","modified_gmt":"2023-09-29T11:12:12","slug":"saiba-com-votar-na-eleicao-para-conselhos-tutelares","status":"publish","type":"post","link":"https:\/\/www.notibras.com\/site\/saiba-com-votar-na-eleicao-para-conselhos-tutelares\/","title":{"rendered":"Saiba como votar na elei\u00e7\u00e3o para conselhos tutelares"},"content":{"rendered":"<p>Eleitores de todos os munic\u00edpios brasileiros podem ir \u00e0s urnas, neste domingo, dia 1\u00ba de outubro, para escolher seus representantes nos 6,1 mil conselhos tutelares. Ao todo, segundo o Minist\u00e9rio dos Direitos Humanos e Cidadania (MDHC), ser\u00e3o escolhidos 30,5 mil conselheiros entre os candidatos para os postos.<\/p>\n<p>Eleitores que est\u00e3o em situa\u00e7\u00e3o regular na Justi\u00e7a Eleitoral podem votar normalmente. Para exercer esse direito, basta se apresentar com CPF, documento original com foto (f\u00edsico ou eletr\u00f4nico) e comprovante de resid\u00eancia. Jovens entre 16 e 17 anos tamb\u00e9m podem votar. Para isso, os mesmos documentos precisam ser apresentados, com o comprovante de resid\u00eancia associado ao nome dos pais ou respons\u00e1veis legais.<\/p>\n<p>Os locais de vota\u00e7\u00e3o para conselheiro tutelar n\u00e3o s\u00e3o todos iguais aos das elei\u00e7\u00f5es gerais. Como se trata de um processo menor, as zonas eleitorais foram agrupadas. As consultas sobre o local de vota\u00e7\u00e3o e os candidatos podem ser feitas junto ao Conselho Municipal dos Direitos da Crian\u00e7a e do Adolescente de sua cidade. Os eleitores tamb\u00e9m podem procurar diretamente a prefeitura de seu munic\u00edpio para obter essas informa\u00e7\u00f5es.<\/p>\n<p>Os conselhos tutelares, que existem h\u00e1 mais de tr\u00eas d\u00e9cadas, foram criados com base na Lei Federal n\u00ba 8.069\/1990, o Estatuto da Crian\u00e7a e do Adolescente (ECA), com a fun\u00e7\u00e3o de garantir o cumprimento dos direitos dos cidad\u00e3os com menos de 18 anos.<\/p>\n<p>Cada Conselho Tutelar \u00e9 formado por cinco membros escolhidos pela popula\u00e7\u00e3o local, que atuam de forma colegiada, de acordo com as atribui\u00e7\u00f5es estabelecidas, principalmente, no Artigo 136 do ECA.<\/p>\n<p>Diferentemente das elei\u00e7\u00f5es municipais, estaduais e federais, a participa\u00e7\u00e3o do eleitor \u00e9 facultativa, o que faz com que, historicamente, esses pleitos tenham um baixo comparecimento de eleitores.<\/p>\n<p>Esta semana, a Secretaria Nacional dos Direitos da Crian\u00e7a e do Adolescente (SNDCA), vinculada ao Minist\u00e9rio dos Direitos Humanos e Cidadania, expediu of\u00edcio recomendando que todos munic\u00edpios disponibilizem transporte p\u00fablico gratuito para a elei\u00e7\u00e3o dos novos conselheiros tutelares. A recomenda\u00e7\u00e3o solicita tamb\u00e9m que o servi\u00e7o seja mantido em n\u00edveis normais, assim como dos dias de semana, na quantidade e frequ\u00eancia necess\u00e1rias ao deslocamento dos eleitores, na data do pleito.<\/p>\n<p>Uma novidade destas elei\u00e7\u00f5es de conselheiros tutelares \u00e9 que, pela primeira vez, ser\u00e3o usadas urnas eletr\u00f4nicas em todo o territ\u00f3rio nacional. Os equipamentos ser\u00e3o emprestados pelos 27 tribunais regionais eleitorais (TREs).<\/p>\n<p>Segundo a legisla\u00e7\u00e3o, os conselhos tutelares s\u00e3o considerados \u00f3rg\u00e3os permanentes e aut\u00f4nomos, n\u00e3o jurisdicionais, e encarregados pela sociedade de zelar pela garantia e defesa dos direitos das crian\u00e7as e adolescentes por parte da fam\u00edlia, da sociedade em geral e, principalmente, do poder p\u00fablico, notadamente em \u00e2mbito municipal, fiscalizando a atua\u00e7\u00e3o dos \u00f3rg\u00e3os p\u00fablicos e entidades governamentais e n\u00e3o governamentais de atendimento a crian\u00e7as, adolescentes e fam\u00edlias.<\/p>\n","protected":false},"excerpt":{"rendered":"<p>Eleitores de todos os munic\u00edpios brasileiros podem ir \u00e0s urnas, neste domingo, dia 1\u00ba de outubro, para escolher seus representantes nos 6,1 mil conselhos tutelares. Ao todo, segundo o Minist\u00e9rio dos Direitos Humanos e Cidadania (MDHC), ser\u00e3o escolhidos 30,5 mil conselheiros entre os candidatos para os postos. Eleitores que est\u00e3o em situa\u00e7\u00e3o regular na Justi\u00e7a [&hellip;]<\/p>\n","protected":false},"author":2,"featured_media":313669,"comment_status":"closed","ping_status":"closed","sticky":false,"template":"","format":"standard","meta":{"_acf_changed":false,"footnotes":""},"categories":[161],"tags":[],"class_list":["post-313667","post","type-post","status-publish","format-standard","has-post-thumbnail","hentry","category-quadradinho-em-foco"],"acf":[],"yoast_head":"<!-- This site is optimized with the Yoast SEO plugin v27.2 - https:\/\/yoast.com\/product\/yoast-seo-wordpress\/ -->\n<title>Saiba como votar na elei\u00e7\u00e3o para conselhos tutelares - Notibras<\/title>\n<meta name=\"robots\" content=\"index, follow, max-snippet:-1, max-image-preview:large, max-video-preview:-1\" \/>\n<link rel=\"canonical\" href=\"https:\/\/www.notibras.com\/site\/saiba-com-votar-na-eleicao-para-conselhos-tutelares\/\" \/>\n<meta property=\"og:locale\" content=\"pt_BR\" \/>\n<meta property=\"og:type\" content=\"article\" \/>\n<meta property=\"og:title\" content=\"Saiba como votar na elei\u00e7\u00e3o para conselhos tutelares - Notibras\" \/>\n<meta property=\"og:description\" content=\"Eleitores de todos os munic\u00edpios brasileiros podem ir \u00e0s urnas, neste domingo, dia 1\u00ba de outubro, para escolher seus representantes nos 6,1 mil conselhos tutelares. Ao todo, segundo o Minist\u00e9rio dos Direitos Humanos e Cidadania (MDHC), ser\u00e3o escolhidos 30,5 mil conselheiros entre os candidatos para os postos. Eleitores que est\u00e3o em situa\u00e7\u00e3o regular na Justi\u00e7a [&hellip;]\" \/>\n<meta property=\"og:url\" content=\"https:\/\/www.notibras.com\/site\/saiba-com-votar-na-eleicao-para-conselhos-tutelares\/\" \/>\n<meta property=\"og:site_name\" content=\"Notibras\" \/>\n<meta property=\"article:publisher\" content=\"https:\/\/www.facebook.com\/notibras\/\" \/>\n<meta property=\"article:published_time\" content=\"2023-09-29T11:01:29+00:00\" \/>\n<meta property=\"article:modified_time\" content=\"2023-09-29T11:12:12+00:00\" \/>\n<meta property=\"og:image\" content=\"https:\/\/www.notibras.com\/site\/wp-content\/uploads\/2023\/09\/mg_0936_0.jpg\" \/>\n\t<meta property=\"og:image:width\" content=\"1170\" \/>\n\t<meta property=\"og:image:height\" content=\"700\" \/>\n\t<meta property=\"og:image:type\" content=\"image\/jpeg\" \/>\n<meta name=\"author\" content=\"Reda\u00e7\u00e3o\" \/>\n<meta name=\"twitter:card\" content=\"summary_large_image\" \/>\n<meta name=\"twitter:creator\" content=\"@Notibras\" \/>\n<meta name=\"twitter:site\" content=\"@Notibras\" \/>\n<meta name=\"twitter:label1\" content=\"Escrito por\" \/>\n\t<meta name=\"twitter:data1\" content=\"Reda\u00e7\u00e3o\" \/>\n\t<meta name=\"twitter:label2\" content=\"Est. tempo de leitura\" \/>\n\t<meta name=\"twitter:data2\" content=\"3 minutos\" \/>\n<script type=\"application\/ld+json\" class=\"yoast-schema-graph\">{\"@context\":\"https:\/\/schema.org\",\"@graph\":[{\"@type\":\"Article\",\"@id\":\"https:\/\/www.notibras.com\/site\/saiba-com-votar-na-eleicao-para-conselhos-tutelares\/#article\",\"isPartOf\":{\"@id\":\"https:\/\/www.notibras.com\/site\/saiba-com-votar-na-eleicao-para-conselhos-tutelares\/\"},\"author\":{\"name\":\"Reda\u00e7\u00e3o\",\"@id\":\"https:\/\/www.notibras.com\/site\/#\/schema\/person\/36ab0979449956132d3e5b517ea76ac8\"},\"headline\":\"Saiba como votar na elei\u00e7\u00e3o para conselhos tutelares\",\"datePublished\":\"2023-09-29T11:01:29+00:00\",\"dateModified\":\"2023-09-29T11:12:12+00:00\",\"mainEntityOfPage\":{\"@id\":\"https:\/\/www.notibras.com\/site\/saiba-com-votar-na-eleicao-para-conselhos-tutelares\/\"},\"wordCount\":501,\"publisher\":{\"@id\":\"https:\/\/www.notibras.com\/site\/#organization\"},\"image\":{\"@id\":\"https:\/\/www.notibras.com\/site\/saiba-com-votar-na-eleicao-para-conselhos-tutelares\/#primaryimage\"},\"thumbnailUrl\":\"https:\/\/www.notibras.com\/site\/wp-content\/uploads\/2023\/09\/mg_0936_0.jpg\",\"articleSection\":[\"Quadradinho em Foco\"],\"inLanguage\":\"pt-BR\"},{\"@type\":\"WebPage\",\"@id\":\"https:\/\/www.notibras.com\/site\/saiba-com-votar-na-eleicao-para-conselhos-tutelares\/\",\"url\":\"https:\/\/www.notibras.com\/site\/saiba-com-votar-na-eleicao-para-conselhos-tutelares\/\",\"name\":\"Saiba como votar na elei\u00e7\u00e3o para conselhos tutelares - Notibras\",\"isPartOf\":{\"@id\":\"https:\/\/www.notibras.com\/site\/#website\"},\"primaryImageOfPage\":{\"@id\":\"https:\/\/www.notibras.com\/site\/saiba-com-votar-na-eleicao-para-conselhos-tutelares\/#primaryimage\"},\"image\":{\"@id\":\"https:\/\/www.notibras.com\/site\/saiba-com-votar-na-eleicao-para-conselhos-tutelares\/#primaryimage\"},\"thumbnailUrl\":\"https:\/\/www.notibras.com\/site\/wp-content\/uploads\/2023\/09\/mg_0936_0.jpg\",\"datePublished\":\"2023-09-29T11:01:29+00:00\",\"dateModified\":\"2023-09-29T11:12:12+00:00\",\"breadcrumb\":{\"@id\":\"https:\/\/www.notibras.com\/site\/saiba-com-votar-na-eleicao-para-conselhos-tutelares\/#breadcrumb\"},\"inLanguage\":\"pt-BR\",\"potentialAction\":[{\"@type\":\"ReadAction\",\"target\":[\"https:\/\/www.notibras.com\/site\/saiba-com-votar-na-eleicao-para-conselhos-tutelares\/\"]}]},{\"@type\":\"ImageObject\",\"inLanguage\":\"pt-BR\",\"@id\":\"https:\/\/www.notibras.com\/site\/saiba-com-votar-na-eleicao-para-conselhos-tutelares\/#primaryimage\",\"url\":\"https:\/\/www.notibras.com\/site\/wp-content\/uploads\/2023\/09\/mg_0936_0.jpg\",\"contentUrl\":\"https:\/\/www.notibras.com\/site\/wp-content\/uploads\/2023\/09\/mg_0936_0.jpg\",\"width\":1170,\"height\":700,\"caption\":\"Rio de Janeiro (RJ), 13\/09\/2023 - Fachada do Conselho Tutelar, que ter\u00e1 elei\u00e7\u00f5es em 1\u00ba de outubro outubro, em Laranjeiras. Foto: Fernando Fraz\u00e3o\/Ag\u00eancia Brasil\"},{\"@type\":\"BreadcrumbList\",\"@id\":\"https:\/\/www.notibras.com\/site\/saiba-com-votar-na-eleicao-para-conselhos-tutelares\/#breadcrumb\",\"itemListElement\":[{\"@type\":\"ListItem\",\"position\":1,\"name\":\"In\u00edcio\",\"item\":\"https:\/\/www.notibras.com\/site\/\"},{\"@type\":\"ListItem\",\"position\":2,\"name\":\"Saiba como votar na elei\u00e7\u00e3o para conselhos tutelares\"}]},{\"@type\":\"WebSite\",\"@id\":\"https:\/\/www.notibras.com\/site\/#website\",\"url\":\"https:\/\/www.notibras.com\/site\/\",\"name\":\"Notibras\",\"description\":\"Not\u00edcias de Bras\u00edlia, do Brasil e do Mundo\",\"publisher\":{\"@id\":\"https:\/\/www.notibras.com\/site\/#organization\"},\"potentialAction\":[{\"@type\":\"SearchAction\",\"target\":{\"@type\":\"EntryPoint\",\"urlTemplate\":\"https:\/\/www.notibras.com\/site\/?s={search_term_string}\"},\"query-input\":{\"@type\":\"PropertyValueSpecification\",\"valueRequired\":true,\"valueName\":\"search_term_string\"}}],\"inLanguage\":\"pt-BR\"},{\"@type\":\"Organization\",\"@id\":\"https:\/\/www.notibras.com\/site\/#organization\",\"name\":\"Grupo Notibras de Comunica\u00e7\u00e3o\",\"url\":\"https:\/\/www.notibras.com\/site\/\",\"logo\":{\"@type\":\"ImageObject\",\"inLanguage\":\"pt-BR\",\"@id\":\"https:\/\/www.notibras.com\/site\/#\/schema\/logo\/image\/\",\"url\":\"https:\/\/www.notibras.com\/site\/wp-content\/uploads\/2023\/01\/notibras23.png\",\"contentUrl\":\"https:\/\/www.notibras.com\/site\/wp-content\/uploads\/2023\/01\/notibras23.png\",\"width\":350,\"height\":87,\"caption\":\"Grupo Notibras de Comunica\u00e7\u00e3o\"},\"image\":{\"@id\":\"https:\/\/www.notibras.com\/site\/#\/schema\/logo\/image\/\"},\"sameAs\":[\"https:\/\/www.facebook.com\/notibras\/\",\"https:\/\/x.com\/Notibras\",\"https:\/\/www.instagram.com\/notibras\/\"]},{\"@type\":\"Person\",\"@id\":\"https:\/\/www.notibras.com\/site\/#\/schema\/person\/36ab0979449956132d3e5b517ea76ac8\",\"name\":\"Reda\u00e7\u00e3o\",\"image\":{\"@type\":\"ImageObject\",\"inLanguage\":\"pt-BR\",\"@id\":\"https:\/\/secure.gravatar.com\/avatar\/e0a867bdedb85fd243eadf09663511f96fc81e0720a4a42581f334ad4303aa6b?s=96&d=mm&r=g\",\"url\":\"https:\/\/secure.gravatar.com\/avatar\/e0a867bdedb85fd243eadf09663511f96fc81e0720a4a42581f334ad4303aa6b?s=96&d=mm&r=g\",\"contentUrl\":\"https:\/\/secure.gravatar.com\/avatar\/e0a867bdedb85fd243eadf09663511f96fc81e0720a4a42581f334ad4303aa6b?s=96&d=mm&r=g\",\"caption\":\"Reda\u00e7\u00e3o\"}}]}<\/script>\n<!-- \/ Yoast SEO plugin. -->","yoast_head_json":{"title":"Saiba como votar na elei\u00e7\u00e3o para conselhos tutelares - Notibras","robots":{"index":"index","follow":"follow","max-snippet":"max-snippet:-1","max-image-preview":"max-image-preview:large","max-video-preview":"max-video-preview:-1"},"canonical":"https:\/\/www.notibras.com\/site\/saiba-com-votar-na-eleicao-para-conselhos-tutelares\/","og_locale":"pt_BR","og_type":"article","og_title":"Saiba como votar na elei\u00e7\u00e3o para conselhos tutelares - Notibras","og_description":"Eleitores de todos os munic\u00edpios brasileiros podem ir \u00e0s urnas, neste domingo, dia 1\u00ba de outubro, para escolher seus representantes nos 6,1 mil conselhos tutelares. Ao todo, segundo o Minist\u00e9rio dos Direitos Humanos e Cidadania (MDHC), ser\u00e3o escolhidos 30,5 mil conselheiros entre os candidatos para os postos. Eleitores que est\u00e3o em situa\u00e7\u00e3o regular na Justi\u00e7a [&hellip;]","og_url":"https:\/\/www.notibras.com\/site\/saiba-com-votar-na-eleicao-para-conselhos-tutelares\/","og_site_name":"Notibras","article_publisher":"https:\/\/www.facebook.com\/notibras\/","article_published_time":"2023-09-29T11:01:29+00:00","article_modified_time":"2023-09-29T11:12:12+00:00","og_image":[{"width":1170,"height":700,"url":"https:\/\/www.notibras.com\/site\/wp-content\/uploads\/2023\/09\/mg_0936_0.jpg","type":"image\/jpeg"}],"author":"Reda\u00e7\u00e3o","twitter_card":"summary_large_image","twitter_creator":"@Notibras","twitter_site":"@Notibras","twitter_misc":{"Escrito por":"Reda\u00e7\u00e3o","Est. tempo de leitura":"3 minutos"},"schema":{"@context":"https:\/\/schema.org","@graph":[{"@type":"Article","@id":"https:\/\/www.notibras.com\/site\/saiba-com-votar-na-eleicao-para-conselhos-tutelares\/#article","isPartOf":{"@id":"https:\/\/www.notibras.com\/site\/saiba-com-votar-na-eleicao-para-conselhos-tutelares\/"},"author":{"name":"Reda\u00e7\u00e3o","@id":"https:\/\/www.notibras.com\/site\/#\/schema\/person\/36ab0979449956132d3e5b517ea76ac8"},"headline":"Saiba como votar na elei\u00e7\u00e3o para conselhos tutelares","datePublished":"2023-09-29T11:01:29+00:00","dateModified":"2023-09-29T11:12:12+00:00","mainEntityOfPage":{"@id":"https:\/\/www.notibras.com\/site\/saiba-com-votar-na-eleicao-para-conselhos-tutelares\/"},"wordCount":501,"publisher":{"@id":"https:\/\/www.notibras.com\/site\/#organization"},"image":{"@id":"https:\/\/www.notibras.com\/site\/saiba-com-votar-na-eleicao-para-conselhos-tutelares\/#primaryimage"},"thumbnailUrl":"https:\/\/www.notibras.com\/site\/wp-content\/uploads\/2023\/09\/mg_0936_0.jpg","articleSection":["Quadradinho em Foco"],"inLanguage":"pt-BR"},{"@type":"WebPage","@id":"https:\/\/www.notibras.com\/site\/saiba-com-votar-na-eleicao-para-conselhos-tutelares\/","url":"https:\/\/www.notibras.com\/site\/saiba-com-votar-na-eleicao-para-conselhos-tutelares\/","name":"Saiba como votar na elei\u00e7\u00e3o para conselhos tutelares - Notibras","isPartOf":{"@id":"https:\/\/www.notibras.com\/site\/#website"},"primaryImageOfPage":{"@id":"https:\/\/www.notibras.com\/site\/saiba-com-votar-na-eleicao-para-conselhos-tutelares\/#primaryimage"},"image":{"@id":"https:\/\/www.notibras.com\/site\/saiba-com-votar-na-eleicao-para-conselhos-tutelares\/#primaryimage"},"thumbnailUrl":"https:\/\/www.notibras.com\/site\/wp-content\/uploads\/2023\/09\/mg_0936_0.jpg","datePublished":"2023-09-29T11:01:29+00:00","dateModified":"2023-09-29T11:12:12+00:00","breadcrumb":{"@id":"https:\/\/www.notibras.com\/site\/saiba-com-votar-na-eleicao-para-conselhos-tutelares\/#breadcrumb"},"inLanguage":"pt-BR","potentialAction":[{"@type":"ReadAction","target":["https:\/\/www.notibras.com\/site\/saiba-com-votar-na-eleicao-para-conselhos-tutelares\/"]}]},{"@type":"ImageObject","inLanguage":"pt-BR","@id":"https:\/\/www.notibras.com\/site\/saiba-com-votar-na-eleicao-para-conselhos-tutelares\/#primaryimage","url":"https:\/\/www.notibras.com\/site\/wp-content\/uploads\/2023\/09\/mg_0936_0.jpg","contentUrl":"https:\/\/www.notibras.com\/site\/wp-content\/uploads\/2023\/09\/mg_0936_0.jpg","width":1170,"height":700,"caption":"Rio de Janeiro (RJ), 13\/09\/2023 - Fachada do Conselho Tutelar, que ter\u00e1 elei\u00e7\u00f5es em 1\u00ba de outubro outubro, em Laranjeiras. Foto: Fernando Fraz\u00e3o\/Ag\u00eancia Brasil"},{"@type":"BreadcrumbList","@id":"https:\/\/www.notibras.com\/site\/saiba-com-votar-na-eleicao-para-conselhos-tutelares\/#breadcrumb","itemListElement":[{"@type":"ListItem","position":1,"name":"In\u00edcio","item":"https:\/\/www.notibras.com\/site\/"},{"@type":"ListItem","position":2,"name":"Saiba como votar na elei\u00e7\u00e3o para conselhos tutelares"}]},{"@type":"WebSite","@id":"https:\/\/www.notibras.com\/site\/#website","url":"https:\/\/www.notibras.com\/site\/","name":"Notibras","description":"Not\u00edcias de Bras\u00edlia, do Brasil e do Mundo","publisher":{"@id":"https:\/\/www.notibras.com\/site\/#organization"},"potentialAction":[{"@type":"SearchAction","target":{"@type":"EntryPoint","urlTemplate":"https:\/\/www.notibras.com\/site\/?s={search_term_string}"},"query-input":{"@type":"PropertyValueSpecification","valueRequired":true,"valueName":"search_term_string"}}],"inLanguage":"pt-BR"},{"@type":"Organization","@id":"https:\/\/www.notibras.com\/site\/#organization","name":"Grupo Notibras de Comunica\u00e7\u00e3o","url":"https:\/\/www.notibras.com\/site\/","logo":{"@type":"ImageObject","inLanguage":"pt-BR","@id":"https:\/\/www.notibras.com\/site\/#\/schema\/logo\/image\/","url":"https:\/\/www.notibras.com\/site\/wp-content\/uploads\/2023\/01\/notibras23.png","contentUrl":"https:\/\/www.notibras.com\/site\/wp-content\/uploads\/2023\/01\/notibras23.png","width":350,"height":87,"caption":"Grupo Notibras de Comunica\u00e7\u00e3o"},"image":{"@id":"https:\/\/www.notibras.com\/site\/#\/schema\/logo\/image\/"},"sameAs":["https:\/\/www.facebook.com\/notibras\/","https:\/\/x.com\/Notibras","https:\/\/www.instagram.com\/notibras\/"]},{"@type":"Person","@id":"https:\/\/www.notibras.com\/site\/#\/schema\/person\/36ab0979449956132d3e5b517ea76ac8","name":"Reda\u00e7\u00e3o","image":{"@type":"ImageObject","inLanguage":"pt-BR","@id":"https:\/\/secure.gravatar.com\/avatar\/e0a867bdedb85fd243eadf09663511f96fc81e0720a4a42581f334ad4303aa6b?s=96&d=mm&r=g","url":"https:\/\/secure.gravatar.com\/avatar\/e0a867bdedb85fd243eadf09663511f96fc81e0720a4a42581f334ad4303aa6b?s=96&d=mm&r=g","contentUrl":"https:\/\/secure.gravatar.com\/avatar\/e0a867bdedb85fd243eadf09663511f96fc81e0720a4a42581f334ad4303aa6b?s=96&d=mm&r=g","caption":"Reda\u00e7\u00e3o"}}]}},"amp_enabled":true,"_links":{"self":[{"href":"https:\/\/www.notibras.com\/site\/wp-json\/wp\/v2\/posts\/313667","targetHints":{"allow":["GET"]}}],"collection":[{"href":"https:\/\/www.notibras.com\/site\/wp-json\/wp\/v2\/posts"}],"about":[{"href":"https:\/\/www.notibras.com\/site\/wp-json\/wp\/v2\/types\/post"}],"author":[{"embeddable":true,"href":"https:\/\/www.notibras.com\/site\/wp-json\/wp\/v2\/users\/2"}],"replies":[{"embeddable":true,"href":"https:\/\/www.notibras.com\/site\/wp-json\/wp\/v2\/comments?post=313667"}],"version-history":[{"count":2,"href":"https:\/\/www.notibras.com\/site\/wp-json\/wp\/v2\/posts\/313667\/revisions"}],"predecessor-version":[{"id":313677,"href":"https:\/\/www.notibras.com\/site\/wp-json\/wp\/v2\/posts\/313667\/revisions\/313677"}],"wp:featuredmedia":[{"embeddable":true,"href":"https:\/\/www.notibras.com\/site\/wp-json\/wp\/v2\/media\/313669"}],"wp:attachment":[{"href":"https:\/\/www.notibras.com\/site\/wp-json\/wp\/v2\/media?parent=313667"}],"wp:term":[{"taxonomy":"category","embeddable":true,"href":"https:\/\/www.notibras.com\/site\/wp-json\/wp\/v2\/categories?post=313667"},{"taxonomy":"post_tag","embeddable":true,"href":"https:\/\/www.notibras.com\/site\/wp-json\/wp\/v2\/tags?post=313667"}],"curies":[{"name":"wp","href":"https:\/\/api.w.org\/{rel}","templated":true}]}}