{"id":313671,"date":"2023-09-29T00:03:51","date_gmt":"2023-09-29T03:03:51","guid":{"rendered":"https:\/\/www.notibras.com\/site\/?p=313671"},"modified":"2023-09-29T08:06:22","modified_gmt":"2023-09-29T11:06:22","slug":"secretaria-de-saude-descarta-caso-de-febre-maculosa","status":"publish","type":"post","link":"https:\/\/www.notibras.com\/site\/secretaria-de-saude-descarta-caso-de-febre-maculosa\/","title":{"rendered":"Secretaria de Sa\u00fade descarta caso de febre maculosa"},"content":{"rendered":"<p>A Secretaria de Sa\u00fade informou que um caso suspeito de febre maculosa em uma crian\u00e7a n\u00e3o foi confirmado. Foram realizadas tr\u00eas coletas de sangue nos dias 31 de agosto, 11 de setembro e 15 de setembro, todas com resultado negativo.<\/p>\n<p>As amostras foram encaminhadas ao Laborat\u00f3rio da Funda\u00e7\u00e3o Ezequiel Dias (Funed), localizado em Minas Gerais, unidade de refer\u00eancia nacional para a testagem de febre maculosa. Com os resultados negativos, somados \u00e0s a\u00e7\u00f5es da vigil\u00e2ncia epidemiol\u00f3gica e ambiental, a secretaria encerrou a investiga\u00e7\u00e3o do caso.<\/p>\n<p>Em 13 de setembro, a Diretoria de Vigil\u00e2ncia Ambiental (Dival), da SES-DF, realizou uma varredura no Pont\u00e3o do Lago Sul para investigar poss\u00edveis carrapatos (foto) contaminados pela bact\u00e9ria Rickettsia rickettsii, causadora da febre maculosa, mas n\u00e3o foram identificados carrapatos. At\u00e9 hoje, tanto no Lago Sul quanto em outras partes da capital federal, n\u00e3o foram identificados carrapatos contaminados com a bact\u00e9ria.<\/p>\n<p>A febre maculosa \u00e9 uma doen\u00e7a infecciosa, febril aguda e de gravidade vari\u00e1vel. Ela pode variar desde as formas cl\u00ednicas leves e at\u00edpicas at\u00e9 as mais graves, com elevada taxa de letalidade. A doen\u00e7a \u00e9 causada por uma bact\u00e9ria do g\u00eanero Rickettsia, transmitida pela picada do carrapato estrela.<\/p>\n<p>Entre os principais sintomas est\u00e3o febre s\u00fabita; dor de cabe\u00e7a intensa; n\u00e1useas e v\u00f4mitos; diarreia e dor abdominal; dor muscular constante; incha\u00e7o e vermelhid\u00e3o nas palmas das m\u00e3os e sola dos p\u00e9s; gangrena nos dedos e orelhas; e paralisia dos membros que se inicia nas pernas e vai subindo at\u00e9 os pulm\u00f5es causando parada respirat\u00f3ria.<\/p>\n<p><strong>Recomenda\u00e7\u00f5es<\/strong><br \/>\nA recomenda\u00e7\u00e3o da Secretaria de Sa\u00fade \u00e9 para que, assim que perceber a picada ou sentir os primeiros sintomas, a pessoa procure uma unidade de sa\u00fade para avalia\u00e7\u00e3o m\u00e9dica. O tratamento \u00e9 feito com antibi\u00f3tico espec\u00edfico e, em determinados casos, pode ser necess\u00e1ria a interna\u00e7\u00e3o do paciente. A falta ou a demora no tratamento da febre maculosa pode agravar o caso, podendo levar a \u00f3bito.<\/p>\n<p>Para preven\u00e7\u00e3o da doen\u00e7a, \u00e9 recomendado o uso de roupas claras, para ajudar a identificar o carrapato, uma vez que ele \u00e9 escuro; o uso de cal\u00e7as, botas e blusas com mangas compridas ao caminhar em \u00e1reas arborizadas e gramadas; evitar andar em locais com grama ou vegeta\u00e7\u00e3o alta; o uso de repelentes contra insetos; e verificar se voc\u00ea e seus animais de estima\u00e7\u00e3o est\u00e3o com carrapatos.<\/p>\n<p>Caso encontre um carrapato aderido ao corpo, ele deve ser removido com uma pin\u00e7a e o local da mordida deve ser lavado com \u00e1lcool ou sab\u00e3o e \u00e1gua.<\/p>\n","protected":false},"excerpt":{"rendered":"<p>A Secretaria de Sa\u00fade informou que um caso suspeito de febre maculosa em uma crian\u00e7a n\u00e3o foi confirmado. Foram realizadas tr\u00eas coletas de sangue nos dias 31 de agosto, 11 de setembro e 15 de setembro, todas com resultado negativo. As amostras foram encaminhadas ao Laborat\u00f3rio da Funda\u00e7\u00e3o Ezequiel Dias (Funed), localizado em Minas Gerais, [&hellip;]<\/p>\n","protected":false},"author":2,"featured_media":313672,"comment_status":"closed","ping_status":"closed","sticky":false,"template":"","format":"standard","meta":{"_acf_changed":false,"footnotes":""},"categories":[161],"tags":[],"class_list":["post-313671","post","type-post","status-publish","format-standard","has-post-thumbnail","hentry","category-quadradinho-em-foco"],"acf":[],"yoast_head":"<!-- This site is optimized with the Yoast SEO plugin v27.2 - https:\/\/yoast.com\/product\/yoast-seo-wordpress\/ -->\n<title>Secretaria de Sa\u00fade descarta caso de febre maculosa - Notibras<\/title>\n<meta name=\"robots\" content=\"index, follow, max-snippet:-1, max-image-preview:large, max-video-preview:-1\" \/>\n<link rel=\"canonical\" href=\"https:\/\/www.notibras.com\/site\/secretaria-de-saude-descarta-caso-de-febre-maculosa\/\" \/>\n<meta property=\"og:locale\" content=\"pt_BR\" \/>\n<meta property=\"og:type\" content=\"article\" \/>\n<meta property=\"og:title\" content=\"Secretaria de Sa\u00fade descarta caso de febre maculosa - Notibras\" \/>\n<meta property=\"og:description\" content=\"A Secretaria de Sa\u00fade informou que um caso suspeito de febre maculosa em uma crian\u00e7a n\u00e3o foi confirmado. Foram realizadas tr\u00eas coletas de sangue nos dias 31 de agosto, 11 de setembro e 15 de setembro, todas com resultado negativo. As amostras foram encaminhadas ao Laborat\u00f3rio da Funda\u00e7\u00e3o Ezequiel Dias (Funed), localizado em Minas Gerais, [&hellip;]\" \/>\n<meta property=\"og:url\" content=\"https:\/\/www.notibras.com\/site\/secretaria-de-saude-descarta-caso-de-febre-maculosa\/\" \/>\n<meta property=\"og:site_name\" content=\"Notibras\" \/>\n<meta property=\"article:publisher\" content=\"https:\/\/www.facebook.com\/notibras\/\" \/>\n<meta property=\"article:published_time\" content=\"2023-09-29T03:03:51+00:00\" \/>\n<meta property=\"article:modified_time\" content=\"2023-09-29T11:06:22+00:00\" \/>\n<meta property=\"og:image\" content=\"https:\/\/www.notibras.com\/site\/wp-content\/uploads\/2023\/09\/carrapato-aa-1-compressed-1.jpg\" \/>\n\t<meta property=\"og:image:width\" content=\"1170\" \/>\n\t<meta property=\"og:image:height\" content=\"700\" \/>\n\t<meta property=\"og:image:type\" content=\"image\/jpeg\" \/>\n<meta name=\"author\" content=\"Reda\u00e7\u00e3o\" \/>\n<meta name=\"twitter:card\" content=\"summary_large_image\" \/>\n<meta name=\"twitter:creator\" content=\"@Notibras\" \/>\n<meta name=\"twitter:site\" content=\"@Notibras\" \/>\n<meta name=\"twitter:label1\" content=\"Escrito por\" \/>\n\t<meta name=\"twitter:data1\" content=\"Reda\u00e7\u00e3o\" \/>\n\t<meta name=\"twitter:label2\" content=\"Est. tempo de leitura\" \/>\n\t<meta name=\"twitter:data2\" content=\"3 minutos\" \/>\n<script type=\"application\/ld+json\" class=\"yoast-schema-graph\">{\"@context\":\"https:\/\/schema.org\",\"@graph\":[{\"@type\":\"Article\",\"@id\":\"https:\/\/www.notibras.com\/site\/secretaria-de-saude-descarta-caso-de-febre-maculosa\/#article\",\"isPartOf\":{\"@id\":\"https:\/\/www.notibras.com\/site\/secretaria-de-saude-descarta-caso-de-febre-maculosa\/\"},\"author\":{\"name\":\"Reda\u00e7\u00e3o\",\"@id\":\"https:\/\/www.notibras.com\/site\/#\/schema\/person\/36ab0979449956132d3e5b517ea76ac8\"},\"headline\":\"Secretaria de Sa\u00fade descarta caso de febre maculosa\",\"datePublished\":\"2023-09-29T03:03:51+00:00\",\"dateModified\":\"2023-09-29T11:06:22+00:00\",\"mainEntityOfPage\":{\"@id\":\"https:\/\/www.notibras.com\/site\/secretaria-de-saude-descarta-caso-de-febre-maculosa\/\"},\"wordCount\":461,\"publisher\":{\"@id\":\"https:\/\/www.notibras.com\/site\/#organization\"},\"image\":{\"@id\":\"https:\/\/www.notibras.com\/site\/secretaria-de-saude-descarta-caso-de-febre-maculosa\/#primaryimage\"},\"thumbnailUrl\":\"https:\/\/www.notibras.com\/site\/wp-content\/uploads\/2023\/09\/carrapato-aa-1-compressed-1.jpg\",\"articleSection\":[\"Quadradinho em Foco\"],\"inLanguage\":\"pt-BR\"},{\"@type\":\"WebPage\",\"@id\":\"https:\/\/www.notibras.com\/site\/secretaria-de-saude-descarta-caso-de-febre-maculosa\/\",\"url\":\"https:\/\/www.notibras.com\/site\/secretaria-de-saude-descarta-caso-de-febre-maculosa\/\",\"name\":\"Secretaria de Sa\u00fade descarta caso de febre maculosa - Notibras\",\"isPartOf\":{\"@id\":\"https:\/\/www.notibras.com\/site\/#website\"},\"primaryImageOfPage\":{\"@id\":\"https:\/\/www.notibras.com\/site\/secretaria-de-saude-descarta-caso-de-febre-maculosa\/#primaryimage\"},\"image\":{\"@id\":\"https:\/\/www.notibras.com\/site\/secretaria-de-saude-descarta-caso-de-febre-maculosa\/#primaryimage\"},\"thumbnailUrl\":\"https:\/\/www.notibras.com\/site\/wp-content\/uploads\/2023\/09\/carrapato-aa-1-compressed-1.jpg\",\"datePublished\":\"2023-09-29T03:03:51+00:00\",\"dateModified\":\"2023-09-29T11:06:22+00:00\",\"breadcrumb\":{\"@id\":\"https:\/\/www.notibras.com\/site\/secretaria-de-saude-descarta-caso-de-febre-maculosa\/#breadcrumb\"},\"inLanguage\":\"pt-BR\",\"potentialAction\":[{\"@type\":\"ReadAction\",\"target\":[\"https:\/\/www.notibras.com\/site\/secretaria-de-saude-descarta-caso-de-febre-maculosa\/\"]}]},{\"@type\":\"ImageObject\",\"inLanguage\":\"pt-BR\",\"@id\":\"https:\/\/www.notibras.com\/site\/secretaria-de-saude-descarta-caso-de-febre-maculosa\/#primaryimage\",\"url\":\"https:\/\/www.notibras.com\/site\/wp-content\/uploads\/2023\/09\/carrapato-aa-1-compressed-1.jpg\",\"contentUrl\":\"https:\/\/www.notibras.com\/site\/wp-content\/uploads\/2023\/09\/carrapato-aa-1-compressed-1.jpg\",\"width\":1170,\"height\":700,\"caption\":\"Carrapato-estrela, principal vetor da Febre Maculosa. Foto: Prefeitura de Jundia\u00ed\"},{\"@type\":\"BreadcrumbList\",\"@id\":\"https:\/\/www.notibras.com\/site\/secretaria-de-saude-descarta-caso-de-febre-maculosa\/#breadcrumb\",\"itemListElement\":[{\"@type\":\"ListItem\",\"position\":1,\"name\":\"In\u00edcio\",\"item\":\"https:\/\/www.notibras.com\/site\/\"},{\"@type\":\"ListItem\",\"position\":2,\"name\":\"Secretaria de Sa\u00fade descarta caso de febre maculosa\"}]},{\"@type\":\"WebSite\",\"@id\":\"https:\/\/www.notibras.com\/site\/#website\",\"url\":\"https:\/\/www.notibras.com\/site\/\",\"name\":\"Notibras\",\"description\":\"Not\u00edcias de Bras\u00edlia, do Brasil e do Mundo\",\"publisher\":{\"@id\":\"https:\/\/www.notibras.com\/site\/#organization\"},\"potentialAction\":[{\"@type\":\"SearchAction\",\"target\":{\"@type\":\"EntryPoint\",\"urlTemplate\":\"https:\/\/www.notibras.com\/site\/?s={search_term_string}\"},\"query-input\":{\"@type\":\"PropertyValueSpecification\",\"valueRequired\":true,\"valueName\":\"search_term_string\"}}],\"inLanguage\":\"pt-BR\"},{\"@type\":\"Organization\",\"@id\":\"https:\/\/www.notibras.com\/site\/#organization\",\"name\":\"Grupo Notibras de Comunica\u00e7\u00e3o\",\"url\":\"https:\/\/www.notibras.com\/site\/\",\"logo\":{\"@type\":\"ImageObject\",\"inLanguage\":\"pt-BR\",\"@id\":\"https:\/\/www.notibras.com\/site\/#\/schema\/logo\/image\/\",\"url\":\"https:\/\/www.notibras.com\/site\/wp-content\/uploads\/2023\/01\/notibras23.png\",\"contentUrl\":\"https:\/\/www.notibras.com\/site\/wp-content\/uploads\/2023\/01\/notibras23.png\",\"width\":350,\"height\":87,\"caption\":\"Grupo Notibras de Comunica\u00e7\u00e3o\"},\"image\":{\"@id\":\"https:\/\/www.notibras.com\/site\/#\/schema\/logo\/image\/\"},\"sameAs\":[\"https:\/\/www.facebook.com\/notibras\/\",\"https:\/\/x.com\/Notibras\",\"https:\/\/www.instagram.com\/notibras\/\"]},{\"@type\":\"Person\",\"@id\":\"https:\/\/www.notibras.com\/site\/#\/schema\/person\/36ab0979449956132d3e5b517ea76ac8\",\"name\":\"Reda\u00e7\u00e3o\",\"image\":{\"@type\":\"ImageObject\",\"inLanguage\":\"pt-BR\",\"@id\":\"https:\/\/secure.gravatar.com\/avatar\/e0a867bdedb85fd243eadf09663511f96fc81e0720a4a42581f334ad4303aa6b?s=96&d=mm&r=g\",\"url\":\"https:\/\/secure.gravatar.com\/avatar\/e0a867bdedb85fd243eadf09663511f96fc81e0720a4a42581f334ad4303aa6b?s=96&d=mm&r=g\",\"contentUrl\":\"https:\/\/secure.gravatar.com\/avatar\/e0a867bdedb85fd243eadf09663511f96fc81e0720a4a42581f334ad4303aa6b?s=96&d=mm&r=g\",\"caption\":\"Reda\u00e7\u00e3o\"}}]}<\/script>\n<!-- \/ Yoast SEO plugin. -->","yoast_head_json":{"title":"Secretaria de Sa\u00fade descarta caso de febre maculosa - Notibras","robots":{"index":"index","follow":"follow","max-snippet":"max-snippet:-1","max-image-preview":"max-image-preview:large","max-video-preview":"max-video-preview:-1"},"canonical":"https:\/\/www.notibras.com\/site\/secretaria-de-saude-descarta-caso-de-febre-maculosa\/","og_locale":"pt_BR","og_type":"article","og_title":"Secretaria de Sa\u00fade descarta caso de febre maculosa - Notibras","og_description":"A Secretaria de Sa\u00fade informou que um caso suspeito de febre maculosa em uma crian\u00e7a n\u00e3o foi confirmado. Foram realizadas tr\u00eas coletas de sangue nos dias 31 de agosto, 11 de setembro e 15 de setembro, todas com resultado negativo. As amostras foram encaminhadas ao Laborat\u00f3rio da Funda\u00e7\u00e3o Ezequiel Dias (Funed), localizado em Minas Gerais, [&hellip;]","og_url":"https:\/\/www.notibras.com\/site\/secretaria-de-saude-descarta-caso-de-febre-maculosa\/","og_site_name":"Notibras","article_publisher":"https:\/\/www.facebook.com\/notibras\/","article_published_time":"2023-09-29T03:03:51+00:00","article_modified_time":"2023-09-29T11:06:22+00:00","og_image":[{"width":1170,"height":700,"url":"https:\/\/www.notibras.com\/site\/wp-content\/uploads\/2023\/09\/carrapato-aa-1-compressed-1.jpg","type":"image\/jpeg"}],"author":"Reda\u00e7\u00e3o","twitter_card":"summary_large_image","twitter_creator":"@Notibras","twitter_site":"@Notibras","twitter_misc":{"Escrito por":"Reda\u00e7\u00e3o","Est. tempo de leitura":"3 minutos"},"schema":{"@context":"https:\/\/schema.org","@graph":[{"@type":"Article","@id":"https:\/\/www.notibras.com\/site\/secretaria-de-saude-descarta-caso-de-febre-maculosa\/#article","isPartOf":{"@id":"https:\/\/www.notibras.com\/site\/secretaria-de-saude-descarta-caso-de-febre-maculosa\/"},"author":{"name":"Reda\u00e7\u00e3o","@id":"https:\/\/www.notibras.com\/site\/#\/schema\/person\/36ab0979449956132d3e5b517ea76ac8"},"headline":"Secretaria de Sa\u00fade descarta caso de febre maculosa","datePublished":"2023-09-29T03:03:51+00:00","dateModified":"2023-09-29T11:06:22+00:00","mainEntityOfPage":{"@id":"https:\/\/www.notibras.com\/site\/secretaria-de-saude-descarta-caso-de-febre-maculosa\/"},"wordCount":461,"publisher":{"@id":"https:\/\/www.notibras.com\/site\/#organization"},"image":{"@id":"https:\/\/www.notibras.com\/site\/secretaria-de-saude-descarta-caso-de-febre-maculosa\/#primaryimage"},"thumbnailUrl":"https:\/\/www.notibras.com\/site\/wp-content\/uploads\/2023\/09\/carrapato-aa-1-compressed-1.jpg","articleSection":["Quadradinho em Foco"],"inLanguage":"pt-BR"},{"@type":"WebPage","@id":"https:\/\/www.notibras.com\/site\/secretaria-de-saude-descarta-caso-de-febre-maculosa\/","url":"https:\/\/www.notibras.com\/site\/secretaria-de-saude-descarta-caso-de-febre-maculosa\/","name":"Secretaria de Sa\u00fade descarta caso de febre maculosa - Notibras","isPartOf":{"@id":"https:\/\/www.notibras.com\/site\/#website"},"primaryImageOfPage":{"@id":"https:\/\/www.notibras.com\/site\/secretaria-de-saude-descarta-caso-de-febre-maculosa\/#primaryimage"},"image":{"@id":"https:\/\/www.notibras.com\/site\/secretaria-de-saude-descarta-caso-de-febre-maculosa\/#primaryimage"},"thumbnailUrl":"https:\/\/www.notibras.com\/site\/wp-content\/uploads\/2023\/09\/carrapato-aa-1-compressed-1.jpg","datePublished":"2023-09-29T03:03:51+00:00","dateModified":"2023-09-29T11:06:22+00:00","breadcrumb":{"@id":"https:\/\/www.notibras.com\/site\/secretaria-de-saude-descarta-caso-de-febre-maculosa\/#breadcrumb"},"inLanguage":"pt-BR","potentialAction":[{"@type":"ReadAction","target":["https:\/\/www.notibras.com\/site\/secretaria-de-saude-descarta-caso-de-febre-maculosa\/"]}]},{"@type":"ImageObject","inLanguage":"pt-BR","@id":"https:\/\/www.notibras.com\/site\/secretaria-de-saude-descarta-caso-de-febre-maculosa\/#primaryimage","url":"https:\/\/www.notibras.com\/site\/wp-content\/uploads\/2023\/09\/carrapato-aa-1-compressed-1.jpg","contentUrl":"https:\/\/www.notibras.com\/site\/wp-content\/uploads\/2023\/09\/carrapato-aa-1-compressed-1.jpg","width":1170,"height":700,"caption":"Carrapato-estrela, principal vetor da Febre Maculosa. Foto: Prefeitura de Jundia\u00ed"},{"@type":"BreadcrumbList","@id":"https:\/\/www.notibras.com\/site\/secretaria-de-saude-descarta-caso-de-febre-maculosa\/#breadcrumb","itemListElement":[{"@type":"ListItem","position":1,"name":"In\u00edcio","item":"https:\/\/www.notibras.com\/site\/"},{"@type":"ListItem","position":2,"name":"Secretaria de Sa\u00fade descarta caso de febre maculosa"}]},{"@type":"WebSite","@id":"https:\/\/www.notibras.com\/site\/#website","url":"https:\/\/www.notibras.com\/site\/","name":"Notibras","description":"Not\u00edcias de Bras\u00edlia, do Brasil e do Mundo","publisher":{"@id":"https:\/\/www.notibras.com\/site\/#organization"},"potentialAction":[{"@type":"SearchAction","target":{"@type":"EntryPoint","urlTemplate":"https:\/\/www.notibras.com\/site\/?s={search_term_string}"},"query-input":{"@type":"PropertyValueSpecification","valueRequired":true,"valueName":"search_term_string"}}],"inLanguage":"pt-BR"},{"@type":"Organization","@id":"https:\/\/www.notibras.com\/site\/#organization","name":"Grupo Notibras de Comunica\u00e7\u00e3o","url":"https:\/\/www.notibras.com\/site\/","logo":{"@type":"ImageObject","inLanguage":"pt-BR","@id":"https:\/\/www.notibras.com\/site\/#\/schema\/logo\/image\/","url":"https:\/\/www.notibras.com\/site\/wp-content\/uploads\/2023\/01\/notibras23.png","contentUrl":"https:\/\/www.notibras.com\/site\/wp-content\/uploads\/2023\/01\/notibras23.png","width":350,"height":87,"caption":"Grupo Notibras de Comunica\u00e7\u00e3o"},"image":{"@id":"https:\/\/www.notibras.com\/site\/#\/schema\/logo\/image\/"},"sameAs":["https:\/\/www.facebook.com\/notibras\/","https:\/\/x.com\/Notibras","https:\/\/www.instagram.com\/notibras\/"]},{"@type":"Person","@id":"https:\/\/www.notibras.com\/site\/#\/schema\/person\/36ab0979449956132d3e5b517ea76ac8","name":"Reda\u00e7\u00e3o","image":{"@type":"ImageObject","inLanguage":"pt-BR","@id":"https:\/\/secure.gravatar.com\/avatar\/e0a867bdedb85fd243eadf09663511f96fc81e0720a4a42581f334ad4303aa6b?s=96&d=mm&r=g","url":"https:\/\/secure.gravatar.com\/avatar\/e0a867bdedb85fd243eadf09663511f96fc81e0720a4a42581f334ad4303aa6b?s=96&d=mm&r=g","contentUrl":"https:\/\/secure.gravatar.com\/avatar\/e0a867bdedb85fd243eadf09663511f96fc81e0720a4a42581f334ad4303aa6b?s=96&d=mm&r=g","caption":"Reda\u00e7\u00e3o"}}]}},"amp_enabled":true,"_links":{"self":[{"href":"https:\/\/www.notibras.com\/site\/wp-json\/wp\/v2\/posts\/313671","targetHints":{"allow":["GET"]}}],"collection":[{"href":"https:\/\/www.notibras.com\/site\/wp-json\/wp\/v2\/posts"}],"about":[{"href":"https:\/\/www.notibras.com\/site\/wp-json\/wp\/v2\/types\/post"}],"author":[{"embeddable":true,"href":"https:\/\/www.notibras.com\/site\/wp-json\/wp\/v2\/users\/2"}],"replies":[{"embeddable":true,"href":"https:\/\/www.notibras.com\/site\/wp-json\/wp\/v2\/comments?post=313671"}],"version-history":[{"count":1,"href":"https:\/\/www.notibras.com\/site\/wp-json\/wp\/v2\/posts\/313671\/revisions"}],"predecessor-version":[{"id":313673,"href":"https:\/\/www.notibras.com\/site\/wp-json\/wp\/v2\/posts\/313671\/revisions\/313673"}],"wp:featuredmedia":[{"embeddable":true,"href":"https:\/\/www.notibras.com\/site\/wp-json\/wp\/v2\/media\/313672"}],"wp:attachment":[{"href":"https:\/\/www.notibras.com\/site\/wp-json\/wp\/v2\/media?parent=313671"}],"wp:term":[{"taxonomy":"category","embeddable":true,"href":"https:\/\/www.notibras.com\/site\/wp-json\/wp\/v2\/categories?post=313671"},{"taxonomy":"post_tag","embeddable":true,"href":"https:\/\/www.notibras.com\/site\/wp-json\/wp\/v2\/tags?post=313671"}],"curies":[{"name":"wp","href":"https:\/\/api.w.org\/{rel}","templated":true}]}}