{"id":313674,"date":"2023-09-29T00:00:29","date_gmt":"2023-09-29T03:00:29","guid":{"rendered":"https:\/\/www.notibras.com\/site\/?p=313674"},"modified":"2023-09-29T08:11:12","modified_gmt":"2023-09-29T11:11:12","slug":"programacao-cultural-agita-outubro-mes-das-criancas","status":"publish","type":"post","link":"https:\/\/www.notibras.com\/site\/programacao-cultural-agita-outubro-mes-das-criancas\/","title":{"rendered":"Programa\u00e7\u00e3o cultural agita outubro, m\u00eas das crian\u00e7as"},"content":{"rendered":"<p>A Pra\u00e7a Central se torna o cora\u00e7\u00e3o de uma enorme comunidade quando entram em cena os artistas e seus personagens, todos imbu\u00eddos do objetivo de levar cultura e muita divers\u00e3o ao palco do Terra\u00e7o Shopping. Pe\u00e7as de teatro emocionantes e educativas, espet\u00e1culos de magia e conta\u00e7\u00e3o de hist\u00f3rias para toda a fam\u00edlia est\u00e3o programados para os s\u00e1bados e domingos de outubro, sempre \u00e0s 16h.<\/p>\n<p>No primeiro dia do m\u00eas de outubro, um domingo, o espet\u00e1culo &#8220;Aranhaverso&#8221;, com a Cia Starte, mostrar\u00e1 ao p\u00fablico uma aventura aracn\u00eddea que vai fazer todos se sentirem como um verdadeiro her\u00f3i.<\/p>\n<p>J\u00e1 no final de semana seguinte, s\u00e1bado, dia 7, ser\u00e1 a vez da amada contadora de hist\u00f3rias do Distrito Federal, Nyedja Gennari, que convidar\u00e1 a todos para a emocionante Feira de Troca de Brinquedos. Uma oportunidade incr\u00edvel para as crian\u00e7as explorarem sua criatividade enquanto compartilham brinquedos. No dia 8 de outubro, domingo, as crian\u00e7as se transportar\u00e3o para um mundo m\u00e1gico em &#8220;Uma Aventura no Mar&#8221;, espet\u00e1culo cativante que mergulhar\u00e1 o p\u00fablico em um mundo subaqu\u00e1tico repleto de personagens fascinantes.<\/p>\n<p>Em 14 de outubro, s\u00e1bado, ser\u00e1 a vez de uma aventura de tirar o f\u00f4lego com &#8220;Piratas&#8221;, uma produ\u00e7\u00e3o especial da Oja Lai\u00f3 Produ\u00e7\u00f5es que promete levar o p\u00fablico para os mares agitados e emocionantes do Caribe. J\u00e1 no domingo, dia 15, a Cia Starte nos surpreender\u00e1 com &#8220;O Menino Bruxo&#8221;, uma hist\u00f3ria m\u00e1gica e envolvente que encantar\u00e1 todas as idades.<\/p>\n<p>A Pra\u00e7a Central do Terra\u00e7o Shopping receber\u00e1 uma convidada especial, a pequena Wandinha cover, em uma apresenta\u00e7\u00e3o encantadora e cheia de surpresas, com os artistas da Oja Lai\u00f3 Produ\u00e7\u00f5es, no dia 21 de outubro, s\u00e1bado.<\/p>\n<p>E para fechar o m\u00eas em grande estilo, no s\u00e1bado, dia 28 de outubro, o ilusionista Tio Andr\u00e9 nos trar\u00e1 um espet\u00e1culo de m\u00e1gica que desafiar\u00e1 a l\u00f3gica e despertar\u00e1 a imagina\u00e7\u00e3o de jovens e adultos. J\u00e1 no domingo, ser\u00e1 a vez da Cia Starte apresentar &#8220;O M\u00e1gico de Oz&#8221;, no dia 29, um dos cl\u00e1ssicos infantis mais amados do planeta, que continua encantando gera\u00e7\u00f5es.<\/p>\n","protected":false},"excerpt":{"rendered":"<p>A Pra\u00e7a Central se torna o cora\u00e7\u00e3o de uma enorme comunidade quando entram em cena os artistas e seus personagens, todos imbu\u00eddos do objetivo de levar cultura e muita divers\u00e3o ao palco do Terra\u00e7o Shopping. Pe\u00e7as de teatro emocionantes e educativas, espet\u00e1culos de magia e conta\u00e7\u00e3o de hist\u00f3rias para toda a fam\u00edlia est\u00e3o programados para [&hellip;]<\/p>\n","protected":false},"author":2,"featured_media":313675,"comment_status":"closed","ping_status":"closed","sticky":false,"template":"","format":"standard","meta":{"_acf_changed":false,"footnotes":""},"categories":[161],"tags":[],"class_list":["post-313674","post","type-post","status-publish","format-standard","has-post-thumbnail","hentry","category-quadradinho-em-foco"],"acf":[],"yoast_head":"<!-- This site is optimized with the Yoast SEO plugin v27.2 - https:\/\/yoast.com\/product\/yoast-seo-wordpress\/ -->\n<title>Programa\u00e7\u00e3o cultural agita outubro, m\u00eas das crian\u00e7as - Notibras<\/title>\n<meta name=\"robots\" content=\"index, follow, max-snippet:-1, max-image-preview:large, max-video-preview:-1\" \/>\n<link rel=\"canonical\" href=\"https:\/\/www.notibras.com\/site\/programacao-cultural-agita-outubro-mes-das-criancas\/\" \/>\n<meta property=\"og:locale\" content=\"pt_BR\" \/>\n<meta property=\"og:type\" content=\"article\" \/>\n<meta property=\"og:title\" content=\"Programa\u00e7\u00e3o cultural agita outubro, m\u00eas das crian\u00e7as - Notibras\" \/>\n<meta property=\"og:description\" content=\"A Pra\u00e7a Central se torna o cora\u00e7\u00e3o de uma enorme comunidade quando entram em cena os artistas e seus personagens, todos imbu\u00eddos do objetivo de levar cultura e muita divers\u00e3o ao palco do Terra\u00e7o Shopping. Pe\u00e7as de teatro emocionantes e educativas, espet\u00e1culos de magia e conta\u00e7\u00e3o de hist\u00f3rias para toda a fam\u00edlia est\u00e3o programados para [&hellip;]\" \/>\n<meta property=\"og:url\" content=\"https:\/\/www.notibras.com\/site\/programacao-cultural-agita-outubro-mes-das-criancas\/\" \/>\n<meta property=\"og:site_name\" content=\"Notibras\" \/>\n<meta property=\"article:publisher\" content=\"https:\/\/www.facebook.com\/notibras\/\" \/>\n<meta property=\"article:published_time\" content=\"2023-09-29T03:00:29+00:00\" \/>\n<meta property=\"article:modified_time\" content=\"2023-09-29T11:11:12+00:00\" \/>\n<meta property=\"og:image\" content=\"https:\/\/www.notibras.com\/site\/wp-content\/uploads\/2023\/09\/Nyedja-1.jpeg\" \/>\n\t<meta property=\"og:image:width\" content=\"1600\" \/>\n\t<meta property=\"og:image:height\" content=\"747\" \/>\n\t<meta property=\"og:image:type\" content=\"image\/jpeg\" \/>\n<meta name=\"author\" content=\"Reda\u00e7\u00e3o\" \/>\n<meta name=\"twitter:card\" content=\"summary_large_image\" \/>\n<meta name=\"twitter:creator\" content=\"@Notibras\" \/>\n<meta name=\"twitter:site\" content=\"@Notibras\" \/>\n<meta name=\"twitter:label1\" content=\"Escrito por\" \/>\n\t<meta name=\"twitter:data1\" content=\"Reda\u00e7\u00e3o\" \/>\n\t<meta name=\"twitter:label2\" content=\"Est. tempo de leitura\" \/>\n\t<meta name=\"twitter:data2\" content=\"2 minutos\" \/>\n<script type=\"application\/ld+json\" class=\"yoast-schema-graph\">{\"@context\":\"https:\/\/schema.org\",\"@graph\":[{\"@type\":\"Article\",\"@id\":\"https:\/\/www.notibras.com\/site\/programacao-cultural-agita-outubro-mes-das-criancas\/#article\",\"isPartOf\":{\"@id\":\"https:\/\/www.notibras.com\/site\/programacao-cultural-agita-outubro-mes-das-criancas\/\"},\"author\":{\"name\":\"Reda\u00e7\u00e3o\",\"@id\":\"https:\/\/www.notibras.com\/site\/#\/schema\/person\/36ab0979449956132d3e5b517ea76ac8\"},\"headline\":\"Programa\u00e7\u00e3o cultural agita outubro, m\u00eas das crian\u00e7as\",\"datePublished\":\"2023-09-29T03:00:29+00:00\",\"dateModified\":\"2023-09-29T11:11:12+00:00\",\"mainEntityOfPage\":{\"@id\":\"https:\/\/www.notibras.com\/site\/programacao-cultural-agita-outubro-mes-das-criancas\/\"},\"wordCount\":387,\"publisher\":{\"@id\":\"https:\/\/www.notibras.com\/site\/#organization\"},\"image\":{\"@id\":\"https:\/\/www.notibras.com\/site\/programacao-cultural-agita-outubro-mes-das-criancas\/#primaryimage\"},\"thumbnailUrl\":\"https:\/\/www.notibras.com\/site\/wp-content\/uploads\/2023\/09\/Nyedja-1.jpeg\",\"articleSection\":[\"Quadradinho em Foco\"],\"inLanguage\":\"pt-BR\"},{\"@type\":\"WebPage\",\"@id\":\"https:\/\/www.notibras.com\/site\/programacao-cultural-agita-outubro-mes-das-criancas\/\",\"url\":\"https:\/\/www.notibras.com\/site\/programacao-cultural-agita-outubro-mes-das-criancas\/\",\"name\":\"Programa\u00e7\u00e3o cultural agita outubro, m\u00eas das crian\u00e7as - Notibras\",\"isPartOf\":{\"@id\":\"https:\/\/www.notibras.com\/site\/#website\"},\"primaryImageOfPage\":{\"@id\":\"https:\/\/www.notibras.com\/site\/programacao-cultural-agita-outubro-mes-das-criancas\/#primaryimage\"},\"image\":{\"@id\":\"https:\/\/www.notibras.com\/site\/programacao-cultural-agita-outubro-mes-das-criancas\/#primaryimage\"},\"thumbnailUrl\":\"https:\/\/www.notibras.com\/site\/wp-content\/uploads\/2023\/09\/Nyedja-1.jpeg\",\"datePublished\":\"2023-09-29T03:00:29+00:00\",\"dateModified\":\"2023-09-29T11:11:12+00:00\",\"breadcrumb\":{\"@id\":\"https:\/\/www.notibras.com\/site\/programacao-cultural-agita-outubro-mes-das-criancas\/#breadcrumb\"},\"inLanguage\":\"pt-BR\",\"potentialAction\":[{\"@type\":\"ReadAction\",\"target\":[\"https:\/\/www.notibras.com\/site\/programacao-cultural-agita-outubro-mes-das-criancas\/\"]}]},{\"@type\":\"ImageObject\",\"inLanguage\":\"pt-BR\",\"@id\":\"https:\/\/www.notibras.com\/site\/programacao-cultural-agita-outubro-mes-das-criancas\/#primaryimage\",\"url\":\"https:\/\/www.notibras.com\/site\/wp-content\/uploads\/2023\/09\/Nyedja-1.jpeg\",\"contentUrl\":\"https:\/\/www.notibras.com\/site\/wp-content\/uploads\/2023\/09\/Nyedja-1.jpeg\",\"width\":1600,\"height\":747},{\"@type\":\"BreadcrumbList\",\"@id\":\"https:\/\/www.notibras.com\/site\/programacao-cultural-agita-outubro-mes-das-criancas\/#breadcrumb\",\"itemListElement\":[{\"@type\":\"ListItem\",\"position\":1,\"name\":\"In\u00edcio\",\"item\":\"https:\/\/www.notibras.com\/site\/\"},{\"@type\":\"ListItem\",\"position\":2,\"name\":\"Programa\u00e7\u00e3o cultural agita outubro, m\u00eas das crian\u00e7as\"}]},{\"@type\":\"WebSite\",\"@id\":\"https:\/\/www.notibras.com\/site\/#website\",\"url\":\"https:\/\/www.notibras.com\/site\/\",\"name\":\"Notibras\",\"description\":\"Not\u00edcias de Bras\u00edlia, do Brasil e do Mundo\",\"publisher\":{\"@id\":\"https:\/\/www.notibras.com\/site\/#organization\"},\"potentialAction\":[{\"@type\":\"SearchAction\",\"target\":{\"@type\":\"EntryPoint\",\"urlTemplate\":\"https:\/\/www.notibras.com\/site\/?s={search_term_string}\"},\"query-input\":{\"@type\":\"PropertyValueSpecification\",\"valueRequired\":true,\"valueName\":\"search_term_string\"}}],\"inLanguage\":\"pt-BR\"},{\"@type\":\"Organization\",\"@id\":\"https:\/\/www.notibras.com\/site\/#organization\",\"name\":\"Grupo Notibras de Comunica\u00e7\u00e3o\",\"url\":\"https:\/\/www.notibras.com\/site\/\",\"logo\":{\"@type\":\"ImageObject\",\"inLanguage\":\"pt-BR\",\"@id\":\"https:\/\/www.notibras.com\/site\/#\/schema\/logo\/image\/\",\"url\":\"https:\/\/www.notibras.com\/site\/wp-content\/uploads\/2023\/01\/notibras23.png\",\"contentUrl\":\"https:\/\/www.notibras.com\/site\/wp-content\/uploads\/2023\/01\/notibras23.png\",\"width\":350,\"height\":87,\"caption\":\"Grupo Notibras de Comunica\u00e7\u00e3o\"},\"image\":{\"@id\":\"https:\/\/www.notibras.com\/site\/#\/schema\/logo\/image\/\"},\"sameAs\":[\"https:\/\/www.facebook.com\/notibras\/\",\"https:\/\/x.com\/Notibras\",\"https:\/\/www.instagram.com\/notibras\/\"]},{\"@type\":\"Person\",\"@id\":\"https:\/\/www.notibras.com\/site\/#\/schema\/person\/36ab0979449956132d3e5b517ea76ac8\",\"name\":\"Reda\u00e7\u00e3o\",\"image\":{\"@type\":\"ImageObject\",\"inLanguage\":\"pt-BR\",\"@id\":\"https:\/\/secure.gravatar.com\/avatar\/e0a867bdedb85fd243eadf09663511f96fc81e0720a4a42581f334ad4303aa6b?s=96&d=mm&r=g\",\"url\":\"https:\/\/secure.gravatar.com\/avatar\/e0a867bdedb85fd243eadf09663511f96fc81e0720a4a42581f334ad4303aa6b?s=96&d=mm&r=g\",\"contentUrl\":\"https:\/\/secure.gravatar.com\/avatar\/e0a867bdedb85fd243eadf09663511f96fc81e0720a4a42581f334ad4303aa6b?s=96&d=mm&r=g\",\"caption\":\"Reda\u00e7\u00e3o\"}}]}<\/script>\n<!-- \/ Yoast SEO plugin. -->","yoast_head_json":{"title":"Programa\u00e7\u00e3o cultural agita outubro, m\u00eas das crian\u00e7as - Notibras","robots":{"index":"index","follow":"follow","max-snippet":"max-snippet:-1","max-image-preview":"max-image-preview:large","max-video-preview":"max-video-preview:-1"},"canonical":"https:\/\/www.notibras.com\/site\/programacao-cultural-agita-outubro-mes-das-criancas\/","og_locale":"pt_BR","og_type":"article","og_title":"Programa\u00e7\u00e3o cultural agita outubro, m\u00eas das crian\u00e7as - Notibras","og_description":"A Pra\u00e7a Central se torna o cora\u00e7\u00e3o de uma enorme comunidade quando entram em cena os artistas e seus personagens, todos imbu\u00eddos do objetivo de levar cultura e muita divers\u00e3o ao palco do Terra\u00e7o Shopping. Pe\u00e7as de teatro emocionantes e educativas, espet\u00e1culos de magia e conta\u00e7\u00e3o de hist\u00f3rias para toda a fam\u00edlia est\u00e3o programados para [&hellip;]","og_url":"https:\/\/www.notibras.com\/site\/programacao-cultural-agita-outubro-mes-das-criancas\/","og_site_name":"Notibras","article_publisher":"https:\/\/www.facebook.com\/notibras\/","article_published_time":"2023-09-29T03:00:29+00:00","article_modified_time":"2023-09-29T11:11:12+00:00","og_image":[{"width":1600,"height":747,"url":"https:\/\/www.notibras.com\/site\/wp-content\/uploads\/2023\/09\/Nyedja-1.jpeg","type":"image\/jpeg"}],"author":"Reda\u00e7\u00e3o","twitter_card":"summary_large_image","twitter_creator":"@Notibras","twitter_site":"@Notibras","twitter_misc":{"Escrito por":"Reda\u00e7\u00e3o","Est. tempo de leitura":"2 minutos"},"schema":{"@context":"https:\/\/schema.org","@graph":[{"@type":"Article","@id":"https:\/\/www.notibras.com\/site\/programacao-cultural-agita-outubro-mes-das-criancas\/#article","isPartOf":{"@id":"https:\/\/www.notibras.com\/site\/programacao-cultural-agita-outubro-mes-das-criancas\/"},"author":{"name":"Reda\u00e7\u00e3o","@id":"https:\/\/www.notibras.com\/site\/#\/schema\/person\/36ab0979449956132d3e5b517ea76ac8"},"headline":"Programa\u00e7\u00e3o cultural agita outubro, m\u00eas das crian\u00e7as","datePublished":"2023-09-29T03:00:29+00:00","dateModified":"2023-09-29T11:11:12+00:00","mainEntityOfPage":{"@id":"https:\/\/www.notibras.com\/site\/programacao-cultural-agita-outubro-mes-das-criancas\/"},"wordCount":387,"publisher":{"@id":"https:\/\/www.notibras.com\/site\/#organization"},"image":{"@id":"https:\/\/www.notibras.com\/site\/programacao-cultural-agita-outubro-mes-das-criancas\/#primaryimage"},"thumbnailUrl":"https:\/\/www.notibras.com\/site\/wp-content\/uploads\/2023\/09\/Nyedja-1.jpeg","articleSection":["Quadradinho em Foco"],"inLanguage":"pt-BR"},{"@type":"WebPage","@id":"https:\/\/www.notibras.com\/site\/programacao-cultural-agita-outubro-mes-das-criancas\/","url":"https:\/\/www.notibras.com\/site\/programacao-cultural-agita-outubro-mes-das-criancas\/","name":"Programa\u00e7\u00e3o cultural agita outubro, m\u00eas das crian\u00e7as - Notibras","isPartOf":{"@id":"https:\/\/www.notibras.com\/site\/#website"},"primaryImageOfPage":{"@id":"https:\/\/www.notibras.com\/site\/programacao-cultural-agita-outubro-mes-das-criancas\/#primaryimage"},"image":{"@id":"https:\/\/www.notibras.com\/site\/programacao-cultural-agita-outubro-mes-das-criancas\/#primaryimage"},"thumbnailUrl":"https:\/\/www.notibras.com\/site\/wp-content\/uploads\/2023\/09\/Nyedja-1.jpeg","datePublished":"2023-09-29T03:00:29+00:00","dateModified":"2023-09-29T11:11:12+00:00","breadcrumb":{"@id":"https:\/\/www.notibras.com\/site\/programacao-cultural-agita-outubro-mes-das-criancas\/#breadcrumb"},"inLanguage":"pt-BR","potentialAction":[{"@type":"ReadAction","target":["https:\/\/www.notibras.com\/site\/programacao-cultural-agita-outubro-mes-das-criancas\/"]}]},{"@type":"ImageObject","inLanguage":"pt-BR","@id":"https:\/\/www.notibras.com\/site\/programacao-cultural-agita-outubro-mes-das-criancas\/#primaryimage","url":"https:\/\/www.notibras.com\/site\/wp-content\/uploads\/2023\/09\/Nyedja-1.jpeg","contentUrl":"https:\/\/www.notibras.com\/site\/wp-content\/uploads\/2023\/09\/Nyedja-1.jpeg","width":1600,"height":747},{"@type":"BreadcrumbList","@id":"https:\/\/www.notibras.com\/site\/programacao-cultural-agita-outubro-mes-das-criancas\/#breadcrumb","itemListElement":[{"@type":"ListItem","position":1,"name":"In\u00edcio","item":"https:\/\/www.notibras.com\/site\/"},{"@type":"ListItem","position":2,"name":"Programa\u00e7\u00e3o cultural agita outubro, m\u00eas das crian\u00e7as"}]},{"@type":"WebSite","@id":"https:\/\/www.notibras.com\/site\/#website","url":"https:\/\/www.notibras.com\/site\/","name":"Notibras","description":"Not\u00edcias de Bras\u00edlia, do Brasil e do Mundo","publisher":{"@id":"https:\/\/www.notibras.com\/site\/#organization"},"potentialAction":[{"@type":"SearchAction","target":{"@type":"EntryPoint","urlTemplate":"https:\/\/www.notibras.com\/site\/?s={search_term_string}"},"query-input":{"@type":"PropertyValueSpecification","valueRequired":true,"valueName":"search_term_string"}}],"inLanguage":"pt-BR"},{"@type":"Organization","@id":"https:\/\/www.notibras.com\/site\/#organization","name":"Grupo Notibras de Comunica\u00e7\u00e3o","url":"https:\/\/www.notibras.com\/site\/","logo":{"@type":"ImageObject","inLanguage":"pt-BR","@id":"https:\/\/www.notibras.com\/site\/#\/schema\/logo\/image\/","url":"https:\/\/www.notibras.com\/site\/wp-content\/uploads\/2023\/01\/notibras23.png","contentUrl":"https:\/\/www.notibras.com\/site\/wp-content\/uploads\/2023\/01\/notibras23.png","width":350,"height":87,"caption":"Grupo Notibras de Comunica\u00e7\u00e3o"},"image":{"@id":"https:\/\/www.notibras.com\/site\/#\/schema\/logo\/image\/"},"sameAs":["https:\/\/www.facebook.com\/notibras\/","https:\/\/x.com\/Notibras","https:\/\/www.instagram.com\/notibras\/"]},{"@type":"Person","@id":"https:\/\/www.notibras.com\/site\/#\/schema\/person\/36ab0979449956132d3e5b517ea76ac8","name":"Reda\u00e7\u00e3o","image":{"@type":"ImageObject","inLanguage":"pt-BR","@id":"https:\/\/secure.gravatar.com\/avatar\/e0a867bdedb85fd243eadf09663511f96fc81e0720a4a42581f334ad4303aa6b?s=96&d=mm&r=g","url":"https:\/\/secure.gravatar.com\/avatar\/e0a867bdedb85fd243eadf09663511f96fc81e0720a4a42581f334ad4303aa6b?s=96&d=mm&r=g","contentUrl":"https:\/\/secure.gravatar.com\/avatar\/e0a867bdedb85fd243eadf09663511f96fc81e0720a4a42581f334ad4303aa6b?s=96&d=mm&r=g","caption":"Reda\u00e7\u00e3o"}}]}},"amp_enabled":true,"_links":{"self":[{"href":"https:\/\/www.notibras.com\/site\/wp-json\/wp\/v2\/posts\/313674","targetHints":{"allow":["GET"]}}],"collection":[{"href":"https:\/\/www.notibras.com\/site\/wp-json\/wp\/v2\/posts"}],"about":[{"href":"https:\/\/www.notibras.com\/site\/wp-json\/wp\/v2\/types\/post"}],"author":[{"embeddable":true,"href":"https:\/\/www.notibras.com\/site\/wp-json\/wp\/v2\/users\/2"}],"replies":[{"embeddable":true,"href":"https:\/\/www.notibras.com\/site\/wp-json\/wp\/v2\/comments?post=313674"}],"version-history":[{"count":1,"href":"https:\/\/www.notibras.com\/site\/wp-json\/wp\/v2\/posts\/313674\/revisions"}],"predecessor-version":[{"id":313676,"href":"https:\/\/www.notibras.com\/site\/wp-json\/wp\/v2\/posts\/313674\/revisions\/313676"}],"wp:featuredmedia":[{"embeddable":true,"href":"https:\/\/www.notibras.com\/site\/wp-json\/wp\/v2\/media\/313675"}],"wp:attachment":[{"href":"https:\/\/www.notibras.com\/site\/wp-json\/wp\/v2\/media?parent=313674"}],"wp:term":[{"taxonomy":"category","embeddable":true,"href":"https:\/\/www.notibras.com\/site\/wp-json\/wp\/v2\/categories?post=313674"},{"taxonomy":"post_tag","embeddable":true,"href":"https:\/\/www.notibras.com\/site\/wp-json\/wp\/v2\/tags?post=313674"}],"curies":[{"name":"wp","href":"https:\/\/api.w.org\/{rel}","templated":true}]}}