{"id":313714,"date":"2023-09-29T14:31:39","date_gmt":"2023-09-29T17:31:39","guid":{"rendered":"https:\/\/www.notibras.com\/site\/?p=313714"},"modified":"2023-09-29T14:31:39","modified_gmt":"2023-09-29T17:31:39","slug":"governo-unifica-concursos-para-dar-chances-iguais-a-candidatos","status":"publish","type":"post","link":"https:\/\/www.notibras.com\/site\/governo-unifica-concursos-para-dar-chances-iguais-a-candidatos\/","title":{"rendered":"Governo unifica concursos para dar chances iguais a candidatos"},"content":{"rendered":"<p>O governo federal publicou nesta sexta-feira (29), no Di\u00e1rio Oficial da Uni\u00e3o (DOU) o decreto que institui o concurso p\u00fablico unificado. O documento traz as novas regras para a sele\u00e7\u00e3o de servidores p\u00fablicos no \u00e2mbito dos \u00f3rg\u00e3os e das entidades da administra\u00e7\u00e3o p\u00fablica federal direta, aut\u00e1rquica e fundacional, de forma conjunta.<\/p>\n<p>O modelo de concurso unificado, desenvolvido pelo Minist\u00e9rio da Gest\u00e3o e da Inova\u00e7\u00e3o em Servi\u00e7os P\u00fablicos (MGI), prev\u00ea a realiza\u00e7\u00e3o simult\u00e2nea das provas em todos os estados e no Distrito Federal.<\/p>\n<p>O objetivo, segundo o decreto, \u00e9 promover igualdade de oportunidades de acesso aos cargos p\u00fablicos efetivos, por meio da padroniza\u00e7\u00e3o de procedimentos na aplica\u00e7\u00e3o das provas. A iniciativa tamb\u00e9m visa aprimorar os m\u00e9todos de sele\u00e7\u00e3o de servidores p\u00fablicos, \u201cde modo a priorizar as qualifica\u00e7\u00f5es necess\u00e1rias para o desempenho das atividades inerentes ao setor p\u00fablico; e zelar pelo princ\u00edpio da impessoalidade na sele\u00e7\u00e3o dos candidatos em todas as fases e etapas do certame.\u201d<\/p>\n<p>A ades\u00e3o ao Concurso P\u00fablico Nacional Unificado ser\u00e1 realizada mediante assinatura de termo entre o \u00f3rg\u00e3o ou a entidade interessada e o MGI. Os custos com a realiza\u00e7\u00e3o do certame ser\u00e3o rateados entre os \u00f3rg\u00e3os que aderirem \u00e0 proposta.<\/p>\n<p>O documento tamb\u00e9m prev\u00ea a cria\u00e7\u00e3o de uma Comiss\u00e3o de Governan\u00e7a e de um Comit\u00ea Consultivo e Deliberativo. A primeira vai estabelecer as diretrizes e regras gerais para a realiza\u00e7\u00e3o do concurso unificado, definindo prazos e metas para a sua implementa\u00e7\u00e3o.<\/p>\n<p>A comiss\u00e3o ser\u00e1 composta por representantes do MGI, respons\u00e1vel pela coordena\u00e7\u00e3o das atividades; da Advocacia-Geral da Uni\u00e3o (AGU); da Secretaria de Comunica\u00e7\u00e3o Social da Presid\u00eancia da Rep\u00fablica (Secom); do Instituto Nacional de Estudos e Pesquisas Educacionais An\u00edsio Teixeira (Inep); do Instituto de Pesquisa Econ\u00f4mica Aplicada (Ipea) e da Escola Nacional de Administra\u00e7\u00e3o P\u00fablica (Enap). A participa\u00e7\u00e3o na comiss\u00e3o ser\u00e1 considerada presta\u00e7\u00e3o de servi\u00e7o p\u00fablico relevante, n\u00e3o remunerada.<\/p>\n<p>J\u00e1 o comit\u00ea ser\u00e1 respons\u00e1vel por exercer a fun\u00e7\u00e3o de comiss\u00e3o organizadora do concurso unificado e por validar e aprovar os agrupamentos de cargos e os editais. O grupo ser\u00e1 composto por um representante de cada um dos \u00f3rg\u00e3os e das entidades que comp\u00f5em a Comiss\u00e3o de Governan\u00e7a e dos \u00f3rg\u00e3os e das entidades que aderirem ao concurso nacional. O documento diz ainda que o MGI vai editar normas complementares ao disposto no decreto.<\/p>\n","protected":false},"excerpt":{"rendered":"<p>O governo federal publicou nesta sexta-feira (29), no Di\u00e1rio Oficial da Uni\u00e3o (DOU) o decreto que institui o concurso p\u00fablico unificado. O documento traz as novas regras para a sele\u00e7\u00e3o de servidores p\u00fablicos no \u00e2mbito dos \u00f3rg\u00e3os e das entidades da administra\u00e7\u00e3o p\u00fablica federal direta, aut\u00e1rquica e fundacional, de forma conjunta. O modelo de concurso [&hellip;]<\/p>\n","protected":false},"author":2,"featured_media":313715,"comment_status":"closed","ping_status":"closed","sticky":false,"template":"","format":"standard","meta":{"_acf_changed":false,"footnotes":""},"categories":[161],"tags":[95],"class_list":["post-313714","post","type-post","status-publish","format-standard","has-post-thumbnail","hentry","category-quadradinho-em-foco","tag-capa"],"acf":[],"yoast_head":"<!-- This site is optimized with the Yoast SEO plugin v27.2 - https:\/\/yoast.com\/product\/yoast-seo-wordpress\/ -->\n<title>Governo unifica concursos para dar chances iguais a candidatos - Notibras<\/title>\n<meta name=\"robots\" content=\"index, follow, max-snippet:-1, max-image-preview:large, max-video-preview:-1\" \/>\n<link rel=\"canonical\" href=\"https:\/\/www.notibras.com\/site\/governo-unifica-concursos-para-dar-chances-iguais-a-candidatos\/\" \/>\n<meta property=\"og:locale\" content=\"pt_BR\" \/>\n<meta property=\"og:type\" content=\"article\" \/>\n<meta property=\"og:title\" content=\"Governo unifica concursos para dar chances iguais a candidatos - Notibras\" \/>\n<meta property=\"og:description\" content=\"O governo federal publicou nesta sexta-feira (29), no Di\u00e1rio Oficial da Uni\u00e3o (DOU) o decreto que institui o concurso p\u00fablico unificado. O documento traz as novas regras para a sele\u00e7\u00e3o de servidores p\u00fablicos no \u00e2mbito dos \u00f3rg\u00e3os e das entidades da administra\u00e7\u00e3o p\u00fablica federal direta, aut\u00e1rquica e fundacional, de forma conjunta. O modelo de concurso [&hellip;]\" \/>\n<meta property=\"og:url\" content=\"https:\/\/www.notibras.com\/site\/governo-unifica-concursos-para-dar-chances-iguais-a-candidatos\/\" \/>\n<meta property=\"og:site_name\" content=\"Notibras\" \/>\n<meta property=\"article:publisher\" content=\"https:\/\/www.facebook.com\/notibras\/\" \/>\n<meta property=\"article:published_time\" content=\"2023-09-29T17:31:39+00:00\" \/>\n<meta property=\"og:image\" content=\"https:\/\/www.notibras.com\/site\/wp-content\/uploads\/2023\/09\/pzzb0193-3.jpg\" \/>\n\t<meta property=\"og:image:width\" content=\"1170\" \/>\n\t<meta property=\"og:image:height\" content=\"700\" \/>\n\t<meta property=\"og:image:type\" content=\"image\/jpeg\" \/>\n<meta name=\"author\" content=\"Reda\u00e7\u00e3o\" \/>\n<meta name=\"twitter:card\" content=\"summary_large_image\" \/>\n<meta name=\"twitter:creator\" content=\"@Notibras\" \/>\n<meta name=\"twitter:site\" content=\"@Notibras\" \/>\n<meta name=\"twitter:label1\" content=\"Escrito por\" \/>\n\t<meta name=\"twitter:data1\" content=\"Reda\u00e7\u00e3o\" \/>\n\t<meta name=\"twitter:label2\" content=\"Est. tempo de leitura\" \/>\n\t<meta name=\"twitter:data2\" content=\"3 minutos\" \/>\n<script type=\"application\/ld+json\" class=\"yoast-schema-graph\">{\"@context\":\"https:\/\/schema.org\",\"@graph\":[{\"@type\":\"Article\",\"@id\":\"https:\/\/www.notibras.com\/site\/governo-unifica-concursos-para-dar-chances-iguais-a-candidatos\/#article\",\"isPartOf\":{\"@id\":\"https:\/\/www.notibras.com\/site\/governo-unifica-concursos-para-dar-chances-iguais-a-candidatos\/\"},\"author\":{\"name\":\"Reda\u00e7\u00e3o\",\"@id\":\"https:\/\/www.notibras.com\/site\/#\/schema\/person\/36ab0979449956132d3e5b517ea76ac8\"},\"headline\":\"Governo unifica concursos para dar chances iguais a candidatos\",\"datePublished\":\"2023-09-29T17:31:39+00:00\",\"mainEntityOfPage\":{\"@id\":\"https:\/\/www.notibras.com\/site\/governo-unifica-concursos-para-dar-chances-iguais-a-candidatos\/\"},\"wordCount\":446,\"publisher\":{\"@id\":\"https:\/\/www.notibras.com\/site\/#organization\"},\"image\":{\"@id\":\"https:\/\/www.notibras.com\/site\/governo-unifica-concursos-para-dar-chances-iguais-a-candidatos\/#primaryimage\"},\"thumbnailUrl\":\"https:\/\/www.notibras.com\/site\/wp-content\/uploads\/2023\/09\/pzzb0193-3.jpg\",\"keywords\":[\"capa\"],\"articleSection\":[\"Quadradinho em Foco\"],\"inLanguage\":\"pt-BR\"},{\"@type\":\"WebPage\",\"@id\":\"https:\/\/www.notibras.com\/site\/governo-unifica-concursos-para-dar-chances-iguais-a-candidatos\/\",\"url\":\"https:\/\/www.notibras.com\/site\/governo-unifica-concursos-para-dar-chances-iguais-a-candidatos\/\",\"name\":\"Governo unifica concursos para dar chances iguais a candidatos - Notibras\",\"isPartOf\":{\"@id\":\"https:\/\/www.notibras.com\/site\/#website\"},\"primaryImageOfPage\":{\"@id\":\"https:\/\/www.notibras.com\/site\/governo-unifica-concursos-para-dar-chances-iguais-a-candidatos\/#primaryimage\"},\"image\":{\"@id\":\"https:\/\/www.notibras.com\/site\/governo-unifica-concursos-para-dar-chances-iguais-a-candidatos\/#primaryimage\"},\"thumbnailUrl\":\"https:\/\/www.notibras.com\/site\/wp-content\/uploads\/2023\/09\/pzzb0193-3.jpg\",\"datePublished\":\"2023-09-29T17:31:39+00:00\",\"breadcrumb\":{\"@id\":\"https:\/\/www.notibras.com\/site\/governo-unifica-concursos-para-dar-chances-iguais-a-candidatos\/#breadcrumb\"},\"inLanguage\":\"pt-BR\",\"potentialAction\":[{\"@type\":\"ReadAction\",\"target\":[\"https:\/\/www.notibras.com\/site\/governo-unifica-concursos-para-dar-chances-iguais-a-candidatos\/\"]}]},{\"@type\":\"ImageObject\",\"inLanguage\":\"pt-BR\",\"@id\":\"https:\/\/www.notibras.com\/site\/governo-unifica-concursos-para-dar-chances-iguais-a-candidatos\/#primaryimage\",\"url\":\"https:\/\/www.notibras.com\/site\/wp-content\/uploads\/2023\/09\/pzzb0193-3.jpg\",\"contentUrl\":\"https:\/\/www.notibras.com\/site\/wp-content\/uploads\/2023\/09\/pzzb0193-3.jpg\",\"width\":1170,\"height\":700,\"caption\":\"Bras\u00edlia - 22.05.2023 - Foto Esplanada dos Minist\u00e9rios, em Bras\u00edlia. Foto: Ant\u00f4nio Cruz\/ Ag\u00eancia Brasil\"},{\"@type\":\"BreadcrumbList\",\"@id\":\"https:\/\/www.notibras.com\/site\/governo-unifica-concursos-para-dar-chances-iguais-a-candidatos\/#breadcrumb\",\"itemListElement\":[{\"@type\":\"ListItem\",\"position\":1,\"name\":\"In\u00edcio\",\"item\":\"https:\/\/www.notibras.com\/site\/\"},{\"@type\":\"ListItem\",\"position\":2,\"name\":\"Governo unifica concursos para dar chances iguais a candidatos\"}]},{\"@type\":\"WebSite\",\"@id\":\"https:\/\/www.notibras.com\/site\/#website\",\"url\":\"https:\/\/www.notibras.com\/site\/\",\"name\":\"Notibras\",\"description\":\"Not\u00edcias de Bras\u00edlia, do Brasil e do Mundo\",\"publisher\":{\"@id\":\"https:\/\/www.notibras.com\/site\/#organization\"},\"potentialAction\":[{\"@type\":\"SearchAction\",\"target\":{\"@type\":\"EntryPoint\",\"urlTemplate\":\"https:\/\/www.notibras.com\/site\/?s={search_term_string}\"},\"query-input\":{\"@type\":\"PropertyValueSpecification\",\"valueRequired\":true,\"valueName\":\"search_term_string\"}}],\"inLanguage\":\"pt-BR\"},{\"@type\":\"Organization\",\"@id\":\"https:\/\/www.notibras.com\/site\/#organization\",\"name\":\"Grupo Notibras de Comunica\u00e7\u00e3o\",\"url\":\"https:\/\/www.notibras.com\/site\/\",\"logo\":{\"@type\":\"ImageObject\",\"inLanguage\":\"pt-BR\",\"@id\":\"https:\/\/www.notibras.com\/site\/#\/schema\/logo\/image\/\",\"url\":\"https:\/\/www.notibras.com\/site\/wp-content\/uploads\/2023\/01\/notibras23.png\",\"contentUrl\":\"https:\/\/www.notibras.com\/site\/wp-content\/uploads\/2023\/01\/notibras23.png\",\"width\":350,\"height\":87,\"caption\":\"Grupo Notibras de Comunica\u00e7\u00e3o\"},\"image\":{\"@id\":\"https:\/\/www.notibras.com\/site\/#\/schema\/logo\/image\/\"},\"sameAs\":[\"https:\/\/www.facebook.com\/notibras\/\",\"https:\/\/x.com\/Notibras\",\"https:\/\/www.instagram.com\/notibras\/\"]},{\"@type\":\"Person\",\"@id\":\"https:\/\/www.notibras.com\/site\/#\/schema\/person\/36ab0979449956132d3e5b517ea76ac8\",\"name\":\"Reda\u00e7\u00e3o\",\"image\":{\"@type\":\"ImageObject\",\"inLanguage\":\"pt-BR\",\"@id\":\"https:\/\/secure.gravatar.com\/avatar\/e0a867bdedb85fd243eadf09663511f96fc81e0720a4a42581f334ad4303aa6b?s=96&d=mm&r=g\",\"url\":\"https:\/\/secure.gravatar.com\/avatar\/e0a867bdedb85fd243eadf09663511f96fc81e0720a4a42581f334ad4303aa6b?s=96&d=mm&r=g\",\"contentUrl\":\"https:\/\/secure.gravatar.com\/avatar\/e0a867bdedb85fd243eadf09663511f96fc81e0720a4a42581f334ad4303aa6b?s=96&d=mm&r=g\",\"caption\":\"Reda\u00e7\u00e3o\"}}]}<\/script>\n<!-- \/ Yoast SEO plugin. -->","yoast_head_json":{"title":"Governo unifica concursos para dar chances iguais a candidatos - Notibras","robots":{"index":"index","follow":"follow","max-snippet":"max-snippet:-1","max-image-preview":"max-image-preview:large","max-video-preview":"max-video-preview:-1"},"canonical":"https:\/\/www.notibras.com\/site\/governo-unifica-concursos-para-dar-chances-iguais-a-candidatos\/","og_locale":"pt_BR","og_type":"article","og_title":"Governo unifica concursos para dar chances iguais a candidatos - Notibras","og_description":"O governo federal publicou nesta sexta-feira (29), no Di\u00e1rio Oficial da Uni\u00e3o (DOU) o decreto que institui o concurso p\u00fablico unificado. O documento traz as novas regras para a sele\u00e7\u00e3o de servidores p\u00fablicos no \u00e2mbito dos \u00f3rg\u00e3os e das entidades da administra\u00e7\u00e3o p\u00fablica federal direta, aut\u00e1rquica e fundacional, de forma conjunta. O modelo de concurso [&hellip;]","og_url":"https:\/\/www.notibras.com\/site\/governo-unifica-concursos-para-dar-chances-iguais-a-candidatos\/","og_site_name":"Notibras","article_publisher":"https:\/\/www.facebook.com\/notibras\/","article_published_time":"2023-09-29T17:31:39+00:00","og_image":[{"width":1170,"height":700,"url":"https:\/\/www.notibras.com\/site\/wp-content\/uploads\/2023\/09\/pzzb0193-3.jpg","type":"image\/jpeg"}],"author":"Reda\u00e7\u00e3o","twitter_card":"summary_large_image","twitter_creator":"@Notibras","twitter_site":"@Notibras","twitter_misc":{"Escrito por":"Reda\u00e7\u00e3o","Est. tempo de leitura":"3 minutos"},"schema":{"@context":"https:\/\/schema.org","@graph":[{"@type":"Article","@id":"https:\/\/www.notibras.com\/site\/governo-unifica-concursos-para-dar-chances-iguais-a-candidatos\/#article","isPartOf":{"@id":"https:\/\/www.notibras.com\/site\/governo-unifica-concursos-para-dar-chances-iguais-a-candidatos\/"},"author":{"name":"Reda\u00e7\u00e3o","@id":"https:\/\/www.notibras.com\/site\/#\/schema\/person\/36ab0979449956132d3e5b517ea76ac8"},"headline":"Governo unifica concursos para dar chances iguais a candidatos","datePublished":"2023-09-29T17:31:39+00:00","mainEntityOfPage":{"@id":"https:\/\/www.notibras.com\/site\/governo-unifica-concursos-para-dar-chances-iguais-a-candidatos\/"},"wordCount":446,"publisher":{"@id":"https:\/\/www.notibras.com\/site\/#organization"},"image":{"@id":"https:\/\/www.notibras.com\/site\/governo-unifica-concursos-para-dar-chances-iguais-a-candidatos\/#primaryimage"},"thumbnailUrl":"https:\/\/www.notibras.com\/site\/wp-content\/uploads\/2023\/09\/pzzb0193-3.jpg","keywords":["capa"],"articleSection":["Quadradinho em Foco"],"inLanguage":"pt-BR"},{"@type":"WebPage","@id":"https:\/\/www.notibras.com\/site\/governo-unifica-concursos-para-dar-chances-iguais-a-candidatos\/","url":"https:\/\/www.notibras.com\/site\/governo-unifica-concursos-para-dar-chances-iguais-a-candidatos\/","name":"Governo unifica concursos para dar chances iguais a candidatos - Notibras","isPartOf":{"@id":"https:\/\/www.notibras.com\/site\/#website"},"primaryImageOfPage":{"@id":"https:\/\/www.notibras.com\/site\/governo-unifica-concursos-para-dar-chances-iguais-a-candidatos\/#primaryimage"},"image":{"@id":"https:\/\/www.notibras.com\/site\/governo-unifica-concursos-para-dar-chances-iguais-a-candidatos\/#primaryimage"},"thumbnailUrl":"https:\/\/www.notibras.com\/site\/wp-content\/uploads\/2023\/09\/pzzb0193-3.jpg","datePublished":"2023-09-29T17:31:39+00:00","breadcrumb":{"@id":"https:\/\/www.notibras.com\/site\/governo-unifica-concursos-para-dar-chances-iguais-a-candidatos\/#breadcrumb"},"inLanguage":"pt-BR","potentialAction":[{"@type":"ReadAction","target":["https:\/\/www.notibras.com\/site\/governo-unifica-concursos-para-dar-chances-iguais-a-candidatos\/"]}]},{"@type":"ImageObject","inLanguage":"pt-BR","@id":"https:\/\/www.notibras.com\/site\/governo-unifica-concursos-para-dar-chances-iguais-a-candidatos\/#primaryimage","url":"https:\/\/www.notibras.com\/site\/wp-content\/uploads\/2023\/09\/pzzb0193-3.jpg","contentUrl":"https:\/\/www.notibras.com\/site\/wp-content\/uploads\/2023\/09\/pzzb0193-3.jpg","width":1170,"height":700,"caption":"Bras\u00edlia - 22.05.2023 - Foto Esplanada dos Minist\u00e9rios, em Bras\u00edlia. Foto: Ant\u00f4nio Cruz\/ Ag\u00eancia Brasil"},{"@type":"BreadcrumbList","@id":"https:\/\/www.notibras.com\/site\/governo-unifica-concursos-para-dar-chances-iguais-a-candidatos\/#breadcrumb","itemListElement":[{"@type":"ListItem","position":1,"name":"In\u00edcio","item":"https:\/\/www.notibras.com\/site\/"},{"@type":"ListItem","position":2,"name":"Governo unifica concursos para dar chances iguais a candidatos"}]},{"@type":"WebSite","@id":"https:\/\/www.notibras.com\/site\/#website","url":"https:\/\/www.notibras.com\/site\/","name":"Notibras","description":"Not\u00edcias de Bras\u00edlia, do Brasil e do Mundo","publisher":{"@id":"https:\/\/www.notibras.com\/site\/#organization"},"potentialAction":[{"@type":"SearchAction","target":{"@type":"EntryPoint","urlTemplate":"https:\/\/www.notibras.com\/site\/?s={search_term_string}"},"query-input":{"@type":"PropertyValueSpecification","valueRequired":true,"valueName":"search_term_string"}}],"inLanguage":"pt-BR"},{"@type":"Organization","@id":"https:\/\/www.notibras.com\/site\/#organization","name":"Grupo Notibras de Comunica\u00e7\u00e3o","url":"https:\/\/www.notibras.com\/site\/","logo":{"@type":"ImageObject","inLanguage":"pt-BR","@id":"https:\/\/www.notibras.com\/site\/#\/schema\/logo\/image\/","url":"https:\/\/www.notibras.com\/site\/wp-content\/uploads\/2023\/01\/notibras23.png","contentUrl":"https:\/\/www.notibras.com\/site\/wp-content\/uploads\/2023\/01\/notibras23.png","width":350,"height":87,"caption":"Grupo Notibras de Comunica\u00e7\u00e3o"},"image":{"@id":"https:\/\/www.notibras.com\/site\/#\/schema\/logo\/image\/"},"sameAs":["https:\/\/www.facebook.com\/notibras\/","https:\/\/x.com\/Notibras","https:\/\/www.instagram.com\/notibras\/"]},{"@type":"Person","@id":"https:\/\/www.notibras.com\/site\/#\/schema\/person\/36ab0979449956132d3e5b517ea76ac8","name":"Reda\u00e7\u00e3o","image":{"@type":"ImageObject","inLanguage":"pt-BR","@id":"https:\/\/secure.gravatar.com\/avatar\/e0a867bdedb85fd243eadf09663511f96fc81e0720a4a42581f334ad4303aa6b?s=96&d=mm&r=g","url":"https:\/\/secure.gravatar.com\/avatar\/e0a867bdedb85fd243eadf09663511f96fc81e0720a4a42581f334ad4303aa6b?s=96&d=mm&r=g","contentUrl":"https:\/\/secure.gravatar.com\/avatar\/e0a867bdedb85fd243eadf09663511f96fc81e0720a4a42581f334ad4303aa6b?s=96&d=mm&r=g","caption":"Reda\u00e7\u00e3o"}}]}},"amp_enabled":true,"_links":{"self":[{"href":"https:\/\/www.notibras.com\/site\/wp-json\/wp\/v2\/posts\/313714","targetHints":{"allow":["GET"]}}],"collection":[{"href":"https:\/\/www.notibras.com\/site\/wp-json\/wp\/v2\/posts"}],"about":[{"href":"https:\/\/www.notibras.com\/site\/wp-json\/wp\/v2\/types\/post"}],"author":[{"embeddable":true,"href":"https:\/\/www.notibras.com\/site\/wp-json\/wp\/v2\/users\/2"}],"replies":[{"embeddable":true,"href":"https:\/\/www.notibras.com\/site\/wp-json\/wp\/v2\/comments?post=313714"}],"version-history":[{"count":1,"href":"https:\/\/www.notibras.com\/site\/wp-json\/wp\/v2\/posts\/313714\/revisions"}],"predecessor-version":[{"id":313716,"href":"https:\/\/www.notibras.com\/site\/wp-json\/wp\/v2\/posts\/313714\/revisions\/313716"}],"wp:featuredmedia":[{"embeddable":true,"href":"https:\/\/www.notibras.com\/site\/wp-json\/wp\/v2\/media\/313715"}],"wp:attachment":[{"href":"https:\/\/www.notibras.com\/site\/wp-json\/wp\/v2\/media?parent=313714"}],"wp:term":[{"taxonomy":"category","embeddable":true,"href":"https:\/\/www.notibras.com\/site\/wp-json\/wp\/v2\/categories?post=313714"},{"taxonomy":"post_tag","embeddable":true,"href":"https:\/\/www.notibras.com\/site\/wp-json\/wp\/v2\/tags?post=313714"}],"curies":[{"name":"wp","href":"https:\/\/api.w.org\/{rel}","templated":true}]}}