{"id":313739,"date":"2023-09-30T09:11:08","date_gmt":"2023-09-30T12:11:08","guid":{"rendered":"https:\/\/www.notibras.com\/site\/?p=313739"},"modified":"2023-09-30T09:14:21","modified_gmt":"2023-09-30T12:14:21","slug":"pernas-de-pau-batiam-mas-rei-nunca-parava","status":"publish","type":"post","link":"https:\/\/www.notibras.com\/site\/pernas-de-pau-batiam-mas-rei-nunca-parava\/","title":{"rendered":"Pernas-de-pau batiam, mas Rei nunca parava"},"content":{"rendered":"<p>Nestes tempos em que o Atl\u00e9tico Mineiro voltou a ser protagonista, nada mais justo do que recordar o maior craque da sua hist\u00f3ria. Ali\u00e1s, recordar \u00e9 modo de se falar, pois o pa\u00eds e o mundo, especialmente os atleticanos, jamais se esqueceram daquele camisa 9 que desconcertava qualquer zagueiro.<\/p>\n<p>Reinaldo, ou simplesmente Rei, como a torcida berrava para quem quisesse ou n\u00e3o ouvir, j\u00e1 n\u00e3o tinha meniscos, j\u00e1 n\u00e3o tinha joelhos, talvez j\u00e1 nem tivesse mais pernas, que foram brutalmente agredidas por tantos e tantos pernas de pau.<\/p>\n<p>No entanto, ele n\u00e3o precisava de pernas, pois a sua intelig\u00eancia parecia dominar a bola, que, serva total, atendia aos desejos do Rei, que reinava absoluto dentro na grande \u00e1rea como ningu\u00e9m jamais o fez.<\/p>\n<p>N\u00e3o conhe\u00e7o outro centroavante t\u00e3o habilidoso, t\u00e3o genial, t\u00e3o bom de bola como o Rei. Algu\u00e9m poderia apontar um ou outro em virtude do f\u00edsico mais robusto, das arrancadas que deixavam os advers\u00e1rios comendo poeira, do sucesso em clubes pela Europa. Mas nenhum deles, nenhum deles mesmo, teve a genialidade do Rei.<\/p>\n<p>Um torcedor mais afoito poderia citar um grande artilheiro, famoso por dribles num espa\u00e7o de um metro quadrado. Pois eu lhe digo que isso \u00e9 um latif\u00fandio quando se pensa no Rei, que n\u00e3o precisava nada al\u00e9m do que a circunfer\u00eancia da bola para surpreender a todos, inclusive os apaixonados sentados na arquibancada, com mais uma jogada incr\u00edvel.<\/p>\n<p>A cada gol marcado, l\u00e1 estava o Rei parado, bra\u00e7o erguido, em plena Ditadura Militar. Pois \u00e9, para ele, que tamb\u00e9m tinha que encarar o pessoal da farda, fazer aquelas diabruras em campo era at\u00e9 f\u00e1cil. \u00c9 \u00f3bvio que ele tamb\u00e9m teve pela frente ju\u00edzes pouco confi\u00e1veis, que apitavam para o time do governo. Mas nada disso importa, pois as imagens est\u00e3o a\u00ed para serem vistas e revistas.<\/p>\n<p>Ele saiu bonito na fita. Ficou feio mesmo para quem tentou burlar as regras em campo e fora dele. N\u00e3o h\u00e1 d\u00favida de que o Reinaldo \u00e9 o maior centroavante da Terra. Se bem que, para muitos, ele veio de outro planeta, pois o Rei tinha poderes de fazer a bola levitar, de cair repentinamente ao seu comando, de colar como um \u00edm\u00e3 no seu p\u00e9, toda aos seus p\u00e9s. A redonda sabia, claro que sabia, que ele era o Rei. E vida longa ao Rei!<\/p>\n","protected":false},"excerpt":{"rendered":"<p>Nestes tempos em que o Atl\u00e9tico Mineiro voltou a ser protagonista, nada mais justo do que recordar o maior craque da sua hist\u00f3ria. Ali\u00e1s, recordar \u00e9 modo de se falar, pois o pa\u00eds e o mundo, especialmente os atleticanos, jamais se esqueceram daquele camisa 9 que desconcertava qualquer zagueiro. Reinaldo, ou simplesmente Rei, como a [&hellip;]<\/p>\n","protected":false},"author":2,"featured_media":313741,"comment_status":"closed","ping_status":"closed","sticky":false,"template":"","format":"standard","meta":{"_acf_changed":false,"footnotes":""},"categories":[161],"tags":[],"class_list":["post-313739","post","type-post","status-publish","format-standard","has-post-thumbnail","hentry","category-quadradinho-em-foco"],"acf":[],"yoast_head":"<!-- This site is optimized with the Yoast SEO plugin v27.2 - https:\/\/yoast.com\/product\/yoast-seo-wordpress\/ -->\n<title>Pernas-de-pau batiam, mas Rei nunca parava - Notibras<\/title>\n<meta name=\"robots\" content=\"index, follow, max-snippet:-1, max-image-preview:large, max-video-preview:-1\" \/>\n<link rel=\"canonical\" href=\"https:\/\/www.notibras.com\/site\/pernas-de-pau-batiam-mas-rei-nunca-parava\/\" \/>\n<meta property=\"og:locale\" content=\"pt_BR\" \/>\n<meta property=\"og:type\" content=\"article\" \/>\n<meta property=\"og:title\" content=\"Pernas-de-pau batiam, mas Rei nunca parava - Notibras\" \/>\n<meta property=\"og:description\" content=\"Nestes tempos em que o Atl\u00e9tico Mineiro voltou a ser protagonista, nada mais justo do que recordar o maior craque da sua hist\u00f3ria. Ali\u00e1s, recordar \u00e9 modo de se falar, pois o pa\u00eds e o mundo, especialmente os atleticanos, jamais se esqueceram daquele camisa 9 que desconcertava qualquer zagueiro. Reinaldo, ou simplesmente Rei, como a [&hellip;]\" \/>\n<meta property=\"og:url\" content=\"https:\/\/www.notibras.com\/site\/pernas-de-pau-batiam-mas-rei-nunca-parava\/\" \/>\n<meta property=\"og:site_name\" content=\"Notibras\" \/>\n<meta property=\"article:publisher\" content=\"https:\/\/www.facebook.com\/notibras\/\" \/>\n<meta property=\"article:published_time\" content=\"2023-09-30T12:11:08+00:00\" \/>\n<meta property=\"article:modified_time\" content=\"2023-09-30T12:14:21+00:00\" \/>\n<meta property=\"og:image\" content=\"https:\/\/www.notibras.com\/site\/wp-content\/uploads\/2023\/09\/da601bb9-7e85-42dc-9412-89047782a866.jpg\" \/>\n\t<meta property=\"og:image:width\" content=\"620\" \/>\n\t<meta property=\"og:image:height\" content=\"413\" \/>\n\t<meta property=\"og:image:type\" content=\"image\/jpeg\" \/>\n<meta name=\"author\" content=\"Reda\u00e7\u00e3o\" \/>\n<meta name=\"twitter:card\" content=\"summary_large_image\" \/>\n<meta name=\"twitter:creator\" content=\"@Notibras\" \/>\n<meta name=\"twitter:site\" content=\"@Notibras\" \/>\n<meta name=\"twitter:label1\" content=\"Escrito por\" \/>\n\t<meta name=\"twitter:data1\" content=\"Reda\u00e7\u00e3o\" \/>\n\t<meta name=\"twitter:label2\" content=\"Est. tempo de leitura\" \/>\n\t<meta name=\"twitter:data2\" content=\"3 minutos\" \/>\n<script type=\"application\/ld+json\" class=\"yoast-schema-graph\">{\"@context\":\"https:\/\/schema.org\",\"@graph\":[{\"@type\":\"Article\",\"@id\":\"https:\/\/www.notibras.com\/site\/pernas-de-pau-batiam-mas-rei-nunca-parava\/#article\",\"isPartOf\":{\"@id\":\"https:\/\/www.notibras.com\/site\/pernas-de-pau-batiam-mas-rei-nunca-parava\/\"},\"author\":{\"name\":\"Reda\u00e7\u00e3o\",\"@id\":\"https:\/\/www.notibras.com\/site\/#\/schema\/person\/36ab0979449956132d3e5b517ea76ac8\"},\"headline\":\"Pernas-de-pau batiam, mas Rei nunca parava\",\"datePublished\":\"2023-09-30T12:11:08+00:00\",\"dateModified\":\"2023-09-30T12:14:21+00:00\",\"mainEntityOfPage\":{\"@id\":\"https:\/\/www.notibras.com\/site\/pernas-de-pau-batiam-mas-rei-nunca-parava\/\"},\"wordCount\":421,\"publisher\":{\"@id\":\"https:\/\/www.notibras.com\/site\/#organization\"},\"image\":{\"@id\":\"https:\/\/www.notibras.com\/site\/pernas-de-pau-batiam-mas-rei-nunca-parava\/#primaryimage\"},\"thumbnailUrl\":\"https:\/\/www.notibras.com\/site\/wp-content\/uploads\/2023\/09\/da601bb9-7e85-42dc-9412-89047782a866.jpg\",\"articleSection\":[\"Quadradinho em Foco\"],\"inLanguage\":\"pt-BR\"},{\"@type\":\"WebPage\",\"@id\":\"https:\/\/www.notibras.com\/site\/pernas-de-pau-batiam-mas-rei-nunca-parava\/\",\"url\":\"https:\/\/www.notibras.com\/site\/pernas-de-pau-batiam-mas-rei-nunca-parava\/\",\"name\":\"Pernas-de-pau batiam, mas Rei nunca parava - Notibras\",\"isPartOf\":{\"@id\":\"https:\/\/www.notibras.com\/site\/#website\"},\"primaryImageOfPage\":{\"@id\":\"https:\/\/www.notibras.com\/site\/pernas-de-pau-batiam-mas-rei-nunca-parava\/#primaryimage\"},\"image\":{\"@id\":\"https:\/\/www.notibras.com\/site\/pernas-de-pau-batiam-mas-rei-nunca-parava\/#primaryimage\"},\"thumbnailUrl\":\"https:\/\/www.notibras.com\/site\/wp-content\/uploads\/2023\/09\/da601bb9-7e85-42dc-9412-89047782a866.jpg\",\"datePublished\":\"2023-09-30T12:11:08+00:00\",\"dateModified\":\"2023-09-30T12:14:21+00:00\",\"breadcrumb\":{\"@id\":\"https:\/\/www.notibras.com\/site\/pernas-de-pau-batiam-mas-rei-nunca-parava\/#breadcrumb\"},\"inLanguage\":\"pt-BR\",\"potentialAction\":[{\"@type\":\"ReadAction\",\"target\":[\"https:\/\/www.notibras.com\/site\/pernas-de-pau-batiam-mas-rei-nunca-parava\/\"]}]},{\"@type\":\"ImageObject\",\"inLanguage\":\"pt-BR\",\"@id\":\"https:\/\/www.notibras.com\/site\/pernas-de-pau-batiam-mas-rei-nunca-parava\/#primaryimage\",\"url\":\"https:\/\/www.notibras.com\/site\/wp-content\/uploads\/2023\/09\/da601bb9-7e85-42dc-9412-89047782a866.jpg\",\"contentUrl\":\"https:\/\/www.notibras.com\/site\/wp-content\/uploads\/2023\/09\/da601bb9-7e85-42dc-9412-89047782a866.jpg\",\"width\":620,\"height\":413},{\"@type\":\"BreadcrumbList\",\"@id\":\"https:\/\/www.notibras.com\/site\/pernas-de-pau-batiam-mas-rei-nunca-parava\/#breadcrumb\",\"itemListElement\":[{\"@type\":\"ListItem\",\"position\":1,\"name\":\"In\u00edcio\",\"item\":\"https:\/\/www.notibras.com\/site\/\"},{\"@type\":\"ListItem\",\"position\":2,\"name\":\"Pernas-de-pau batiam, mas Rei nunca parava\"}]},{\"@type\":\"WebSite\",\"@id\":\"https:\/\/www.notibras.com\/site\/#website\",\"url\":\"https:\/\/www.notibras.com\/site\/\",\"name\":\"Notibras\",\"description\":\"Not\u00edcias de Bras\u00edlia, do Brasil e do Mundo\",\"publisher\":{\"@id\":\"https:\/\/www.notibras.com\/site\/#organization\"},\"potentialAction\":[{\"@type\":\"SearchAction\",\"target\":{\"@type\":\"EntryPoint\",\"urlTemplate\":\"https:\/\/www.notibras.com\/site\/?s={search_term_string}\"},\"query-input\":{\"@type\":\"PropertyValueSpecification\",\"valueRequired\":true,\"valueName\":\"search_term_string\"}}],\"inLanguage\":\"pt-BR\"},{\"@type\":\"Organization\",\"@id\":\"https:\/\/www.notibras.com\/site\/#organization\",\"name\":\"Grupo Notibras de Comunica\u00e7\u00e3o\",\"url\":\"https:\/\/www.notibras.com\/site\/\",\"logo\":{\"@type\":\"ImageObject\",\"inLanguage\":\"pt-BR\",\"@id\":\"https:\/\/www.notibras.com\/site\/#\/schema\/logo\/image\/\",\"url\":\"https:\/\/www.notibras.com\/site\/wp-content\/uploads\/2023\/01\/notibras23.png\",\"contentUrl\":\"https:\/\/www.notibras.com\/site\/wp-content\/uploads\/2023\/01\/notibras23.png\",\"width\":350,\"height\":87,\"caption\":\"Grupo Notibras de Comunica\u00e7\u00e3o\"},\"image\":{\"@id\":\"https:\/\/www.notibras.com\/site\/#\/schema\/logo\/image\/\"},\"sameAs\":[\"https:\/\/www.facebook.com\/notibras\/\",\"https:\/\/x.com\/Notibras\",\"https:\/\/www.instagram.com\/notibras\/\"]},{\"@type\":\"Person\",\"@id\":\"https:\/\/www.notibras.com\/site\/#\/schema\/person\/36ab0979449956132d3e5b517ea76ac8\",\"name\":\"Reda\u00e7\u00e3o\",\"image\":{\"@type\":\"ImageObject\",\"inLanguage\":\"pt-BR\",\"@id\":\"https:\/\/secure.gravatar.com\/avatar\/e0a867bdedb85fd243eadf09663511f96fc81e0720a4a42581f334ad4303aa6b?s=96&d=mm&r=g\",\"url\":\"https:\/\/secure.gravatar.com\/avatar\/e0a867bdedb85fd243eadf09663511f96fc81e0720a4a42581f334ad4303aa6b?s=96&d=mm&r=g\",\"contentUrl\":\"https:\/\/secure.gravatar.com\/avatar\/e0a867bdedb85fd243eadf09663511f96fc81e0720a4a42581f334ad4303aa6b?s=96&d=mm&r=g\",\"caption\":\"Reda\u00e7\u00e3o\"}}]}<\/script>\n<!-- \/ Yoast SEO plugin. -->","yoast_head_json":{"title":"Pernas-de-pau batiam, mas Rei nunca parava - Notibras","robots":{"index":"index","follow":"follow","max-snippet":"max-snippet:-1","max-image-preview":"max-image-preview:large","max-video-preview":"max-video-preview:-1"},"canonical":"https:\/\/www.notibras.com\/site\/pernas-de-pau-batiam-mas-rei-nunca-parava\/","og_locale":"pt_BR","og_type":"article","og_title":"Pernas-de-pau batiam, mas Rei nunca parava - Notibras","og_description":"Nestes tempos em que o Atl\u00e9tico Mineiro voltou a ser protagonista, nada mais justo do que recordar o maior craque da sua hist\u00f3ria. Ali\u00e1s, recordar \u00e9 modo de se falar, pois o pa\u00eds e o mundo, especialmente os atleticanos, jamais se esqueceram daquele camisa 9 que desconcertava qualquer zagueiro. Reinaldo, ou simplesmente Rei, como a [&hellip;]","og_url":"https:\/\/www.notibras.com\/site\/pernas-de-pau-batiam-mas-rei-nunca-parava\/","og_site_name":"Notibras","article_publisher":"https:\/\/www.facebook.com\/notibras\/","article_published_time":"2023-09-30T12:11:08+00:00","article_modified_time":"2023-09-30T12:14:21+00:00","og_image":[{"width":620,"height":413,"url":"https:\/\/www.notibras.com\/site\/wp-content\/uploads\/2023\/09\/da601bb9-7e85-42dc-9412-89047782a866.jpg","type":"image\/jpeg"}],"author":"Reda\u00e7\u00e3o","twitter_card":"summary_large_image","twitter_creator":"@Notibras","twitter_site":"@Notibras","twitter_misc":{"Escrito por":"Reda\u00e7\u00e3o","Est. tempo de leitura":"3 minutos"},"schema":{"@context":"https:\/\/schema.org","@graph":[{"@type":"Article","@id":"https:\/\/www.notibras.com\/site\/pernas-de-pau-batiam-mas-rei-nunca-parava\/#article","isPartOf":{"@id":"https:\/\/www.notibras.com\/site\/pernas-de-pau-batiam-mas-rei-nunca-parava\/"},"author":{"name":"Reda\u00e7\u00e3o","@id":"https:\/\/www.notibras.com\/site\/#\/schema\/person\/36ab0979449956132d3e5b517ea76ac8"},"headline":"Pernas-de-pau batiam, mas Rei nunca parava","datePublished":"2023-09-30T12:11:08+00:00","dateModified":"2023-09-30T12:14:21+00:00","mainEntityOfPage":{"@id":"https:\/\/www.notibras.com\/site\/pernas-de-pau-batiam-mas-rei-nunca-parava\/"},"wordCount":421,"publisher":{"@id":"https:\/\/www.notibras.com\/site\/#organization"},"image":{"@id":"https:\/\/www.notibras.com\/site\/pernas-de-pau-batiam-mas-rei-nunca-parava\/#primaryimage"},"thumbnailUrl":"https:\/\/www.notibras.com\/site\/wp-content\/uploads\/2023\/09\/da601bb9-7e85-42dc-9412-89047782a866.jpg","articleSection":["Quadradinho em Foco"],"inLanguage":"pt-BR"},{"@type":"WebPage","@id":"https:\/\/www.notibras.com\/site\/pernas-de-pau-batiam-mas-rei-nunca-parava\/","url":"https:\/\/www.notibras.com\/site\/pernas-de-pau-batiam-mas-rei-nunca-parava\/","name":"Pernas-de-pau batiam, mas Rei nunca parava - Notibras","isPartOf":{"@id":"https:\/\/www.notibras.com\/site\/#website"},"primaryImageOfPage":{"@id":"https:\/\/www.notibras.com\/site\/pernas-de-pau-batiam-mas-rei-nunca-parava\/#primaryimage"},"image":{"@id":"https:\/\/www.notibras.com\/site\/pernas-de-pau-batiam-mas-rei-nunca-parava\/#primaryimage"},"thumbnailUrl":"https:\/\/www.notibras.com\/site\/wp-content\/uploads\/2023\/09\/da601bb9-7e85-42dc-9412-89047782a866.jpg","datePublished":"2023-09-30T12:11:08+00:00","dateModified":"2023-09-30T12:14:21+00:00","breadcrumb":{"@id":"https:\/\/www.notibras.com\/site\/pernas-de-pau-batiam-mas-rei-nunca-parava\/#breadcrumb"},"inLanguage":"pt-BR","potentialAction":[{"@type":"ReadAction","target":["https:\/\/www.notibras.com\/site\/pernas-de-pau-batiam-mas-rei-nunca-parava\/"]}]},{"@type":"ImageObject","inLanguage":"pt-BR","@id":"https:\/\/www.notibras.com\/site\/pernas-de-pau-batiam-mas-rei-nunca-parava\/#primaryimage","url":"https:\/\/www.notibras.com\/site\/wp-content\/uploads\/2023\/09\/da601bb9-7e85-42dc-9412-89047782a866.jpg","contentUrl":"https:\/\/www.notibras.com\/site\/wp-content\/uploads\/2023\/09\/da601bb9-7e85-42dc-9412-89047782a866.jpg","width":620,"height":413},{"@type":"BreadcrumbList","@id":"https:\/\/www.notibras.com\/site\/pernas-de-pau-batiam-mas-rei-nunca-parava\/#breadcrumb","itemListElement":[{"@type":"ListItem","position":1,"name":"In\u00edcio","item":"https:\/\/www.notibras.com\/site\/"},{"@type":"ListItem","position":2,"name":"Pernas-de-pau batiam, mas Rei nunca parava"}]},{"@type":"WebSite","@id":"https:\/\/www.notibras.com\/site\/#website","url":"https:\/\/www.notibras.com\/site\/","name":"Notibras","description":"Not\u00edcias de Bras\u00edlia, do Brasil e do Mundo","publisher":{"@id":"https:\/\/www.notibras.com\/site\/#organization"},"potentialAction":[{"@type":"SearchAction","target":{"@type":"EntryPoint","urlTemplate":"https:\/\/www.notibras.com\/site\/?s={search_term_string}"},"query-input":{"@type":"PropertyValueSpecification","valueRequired":true,"valueName":"search_term_string"}}],"inLanguage":"pt-BR"},{"@type":"Organization","@id":"https:\/\/www.notibras.com\/site\/#organization","name":"Grupo Notibras de Comunica\u00e7\u00e3o","url":"https:\/\/www.notibras.com\/site\/","logo":{"@type":"ImageObject","inLanguage":"pt-BR","@id":"https:\/\/www.notibras.com\/site\/#\/schema\/logo\/image\/","url":"https:\/\/www.notibras.com\/site\/wp-content\/uploads\/2023\/01\/notibras23.png","contentUrl":"https:\/\/www.notibras.com\/site\/wp-content\/uploads\/2023\/01\/notibras23.png","width":350,"height":87,"caption":"Grupo Notibras de Comunica\u00e7\u00e3o"},"image":{"@id":"https:\/\/www.notibras.com\/site\/#\/schema\/logo\/image\/"},"sameAs":["https:\/\/www.facebook.com\/notibras\/","https:\/\/x.com\/Notibras","https:\/\/www.instagram.com\/notibras\/"]},{"@type":"Person","@id":"https:\/\/www.notibras.com\/site\/#\/schema\/person\/36ab0979449956132d3e5b517ea76ac8","name":"Reda\u00e7\u00e3o","image":{"@type":"ImageObject","inLanguage":"pt-BR","@id":"https:\/\/secure.gravatar.com\/avatar\/e0a867bdedb85fd243eadf09663511f96fc81e0720a4a42581f334ad4303aa6b?s=96&d=mm&r=g","url":"https:\/\/secure.gravatar.com\/avatar\/e0a867bdedb85fd243eadf09663511f96fc81e0720a4a42581f334ad4303aa6b?s=96&d=mm&r=g","contentUrl":"https:\/\/secure.gravatar.com\/avatar\/e0a867bdedb85fd243eadf09663511f96fc81e0720a4a42581f334ad4303aa6b?s=96&d=mm&r=g","caption":"Reda\u00e7\u00e3o"}}]}},"amp_enabled":true,"_links":{"self":[{"href":"https:\/\/www.notibras.com\/site\/wp-json\/wp\/v2\/posts\/313739","targetHints":{"allow":["GET"]}}],"collection":[{"href":"https:\/\/www.notibras.com\/site\/wp-json\/wp\/v2\/posts"}],"about":[{"href":"https:\/\/www.notibras.com\/site\/wp-json\/wp\/v2\/types\/post"}],"author":[{"embeddable":true,"href":"https:\/\/www.notibras.com\/site\/wp-json\/wp\/v2\/users\/2"}],"replies":[{"embeddable":true,"href":"https:\/\/www.notibras.com\/site\/wp-json\/wp\/v2\/comments?post=313739"}],"version-history":[{"count":3,"href":"https:\/\/www.notibras.com\/site\/wp-json\/wp\/v2\/posts\/313739\/revisions"}],"predecessor-version":[{"id":313744,"href":"https:\/\/www.notibras.com\/site\/wp-json\/wp\/v2\/posts\/313739\/revisions\/313744"}],"wp:featuredmedia":[{"embeddable":true,"href":"https:\/\/www.notibras.com\/site\/wp-json\/wp\/v2\/media\/313741"}],"wp:attachment":[{"href":"https:\/\/www.notibras.com\/site\/wp-json\/wp\/v2\/media?parent=313739"}],"wp:term":[{"taxonomy":"category","embeddable":true,"href":"https:\/\/www.notibras.com\/site\/wp-json\/wp\/v2\/categories?post=313739"},{"taxonomy":"post_tag","embeddable":true,"href":"https:\/\/www.notibras.com\/site\/wp-json\/wp\/v2\/tags?post=313739"}],"curies":[{"name":"wp","href":"https:\/\/api.w.org\/{rel}","templated":true}]}}