{"id":313776,"date":"2023-10-01T00:59:16","date_gmt":"2023-10-01T03:59:16","guid":{"rendered":"https:\/\/www.notibras.com\/site\/?p=313776"},"modified":"2023-10-01T08:59:32","modified_gmt":"2023-10-01T11:59:32","slug":"outubro-comeca-sem-aumento-na-bandeira-da-conta-de-luz","status":"publish","type":"post","link":"https:\/\/www.notibras.com\/site\/outubro-comeca-sem-aumento-na-bandeira-da-conta-de-luz\/","title":{"rendered":"Outubro come\u00e7a sem aumento na bandeira da conta de luz"},"content":{"rendered":"<p>A bandeira tarif\u00e1ria para o m\u00eas de outubro continuar\u00e1 verde, o que significa que n\u00e3o haver\u00e1 cobran\u00e7a extra na conta de luz dos consumidores brasileiros. De acordo com a Ag\u00eancia Nacional de Energia El\u00e9trica (Aneel), a energia mais barata reflete a melhoria nos n\u00edveis dos reservat\u00f3rios das hidrel\u00e9tricas.<\/p>\n<p>As condi\u00e7\u00f5es favor\u00e1veis de gera\u00e7\u00e3o hidrel\u00e9trica, que possui um custo mais baixo do que outras fontes de energia, t\u00eam mantido a sinaliza\u00e7\u00e3o verde desde abril de 2022.<\/p>\n<p>Com os dados apurados at\u00e9 o momento, a expectativa da Aneel \u00e9 de que a tarifa n\u00e3o sofra nenhum acr\u00e9scimo at\u00e9 o final do ano.<\/p>\n<p>A bandeira verde \u00e9 v\u00e1lida para todos os consumidores do Sistema Interligado Nacional (SIN), malha de linhas de transmiss\u00e3o de energia el\u00e9trica que conecta as usinas aos consumidores.<\/p>\n","protected":false},"excerpt":{"rendered":"<p>A bandeira tarif\u00e1ria para o m\u00eas de outubro continuar\u00e1 verde, o que significa que n\u00e3o haver\u00e1 cobran\u00e7a extra na conta de luz dos consumidores brasileiros. De acordo com a Ag\u00eancia Nacional de Energia El\u00e9trica (Aneel), a energia mais barata reflete a melhoria nos n\u00edveis dos reservat\u00f3rios das hidrel\u00e9tricas. As condi\u00e7\u00f5es favor\u00e1veis de gera\u00e7\u00e3o hidrel\u00e9trica, que [&hellip;]<\/p>\n","protected":false},"author":2,"featured_media":313777,"comment_status":"closed","ping_status":"closed","sticky":false,"template":"","format":"standard","meta":{"_acf_changed":false,"footnotes":""},"categories":[161],"tags":[95],"class_list":["post-313776","post","type-post","status-publish","format-standard","has-post-thumbnail","hentry","category-quadradinho-em-foco","tag-capa"],"acf":[],"yoast_head":"<!-- This site is optimized with the Yoast SEO plugin v27.2 - https:\/\/yoast.com\/product\/yoast-seo-wordpress\/ -->\n<title>Outubro come\u00e7a sem aumento na bandeira da conta de luz - Notibras<\/title>\n<meta name=\"robots\" content=\"index, follow, max-snippet:-1, max-image-preview:large, max-video-preview:-1\" \/>\n<link rel=\"canonical\" href=\"https:\/\/www.notibras.com\/site\/outubro-comeca-sem-aumento-na-bandeira-da-conta-de-luz\/\" \/>\n<meta property=\"og:locale\" content=\"pt_BR\" \/>\n<meta property=\"og:type\" content=\"article\" \/>\n<meta property=\"og:title\" content=\"Outubro come\u00e7a sem aumento na bandeira da conta de luz - Notibras\" \/>\n<meta property=\"og:description\" content=\"A bandeira tarif\u00e1ria para o m\u00eas de outubro continuar\u00e1 verde, o que significa que n\u00e3o haver\u00e1 cobran\u00e7a extra na conta de luz dos consumidores brasileiros. De acordo com a Ag\u00eancia Nacional de Energia El\u00e9trica (Aneel), a energia mais barata reflete a melhoria nos n\u00edveis dos reservat\u00f3rios das hidrel\u00e9tricas. As condi\u00e7\u00f5es favor\u00e1veis de gera\u00e7\u00e3o hidrel\u00e9trica, que [&hellip;]\" \/>\n<meta property=\"og:url\" content=\"https:\/\/www.notibras.com\/site\/outubro-comeca-sem-aumento-na-bandeira-da-conta-de-luz\/\" \/>\n<meta property=\"og:site_name\" content=\"Notibras\" \/>\n<meta property=\"article:publisher\" content=\"https:\/\/www.facebook.com\/notibras\/\" \/>\n<meta property=\"article:published_time\" content=\"2023-10-01T03:59:16+00:00\" \/>\n<meta property=\"article:modified_time\" content=\"2023-10-01T11:59:32+00:00\" \/>\n<meta property=\"og:image\" content=\"https:\/\/www.notibras.com\/site\/wp-content\/uploads\/2023\/10\/conta_de_energia_mcajr_abr2907221111-1.jpg\" \/>\n\t<meta property=\"og:image:width\" content=\"1170\" \/>\n\t<meta property=\"og:image:height\" content=\"700\" \/>\n\t<meta property=\"og:image:type\" content=\"image\/jpeg\" \/>\n<meta name=\"author\" content=\"Reda\u00e7\u00e3o\" \/>\n<meta name=\"twitter:card\" content=\"summary_large_image\" \/>\n<meta name=\"twitter:creator\" content=\"@Notibras\" \/>\n<meta name=\"twitter:site\" content=\"@Notibras\" \/>\n<meta name=\"twitter:label1\" content=\"Escrito por\" \/>\n\t<meta name=\"twitter:data1\" content=\"Reda\u00e7\u00e3o\" \/>\n\t<meta name=\"twitter:label2\" content=\"Est. tempo de leitura\" \/>\n\t<meta name=\"twitter:data2\" content=\"1 minuto\" \/>\n<script type=\"application\/ld+json\" class=\"yoast-schema-graph\">{\"@context\":\"https:\/\/schema.org\",\"@graph\":[{\"@type\":\"Article\",\"@id\":\"https:\/\/www.notibras.com\/site\/outubro-comeca-sem-aumento-na-bandeira-da-conta-de-luz\/#article\",\"isPartOf\":{\"@id\":\"https:\/\/www.notibras.com\/site\/outubro-comeca-sem-aumento-na-bandeira-da-conta-de-luz\/\"},\"author\":{\"name\":\"Reda\u00e7\u00e3o\",\"@id\":\"https:\/\/www.notibras.com\/site\/#\/schema\/person\/36ab0979449956132d3e5b517ea76ac8\"},\"headline\":\"Outubro come\u00e7a sem aumento na bandeira da conta de luz\",\"datePublished\":\"2023-10-01T03:59:16+00:00\",\"dateModified\":\"2023-10-01T11:59:32+00:00\",\"mainEntityOfPage\":{\"@id\":\"https:\/\/www.notibras.com\/site\/outubro-comeca-sem-aumento-na-bandeira-da-conta-de-luz\/\"},\"wordCount\":156,\"publisher\":{\"@id\":\"https:\/\/www.notibras.com\/site\/#organization\"},\"image\":{\"@id\":\"https:\/\/www.notibras.com\/site\/outubro-comeca-sem-aumento-na-bandeira-da-conta-de-luz\/#primaryimage\"},\"thumbnailUrl\":\"https:\/\/www.notibras.com\/site\/wp-content\/uploads\/2023\/10\/conta_de_energia_mcajr_abr2907221111-1.jpg\",\"keywords\":[\"capa\"],\"articleSection\":[\"Quadradinho em Foco\"],\"inLanguage\":\"pt-BR\"},{\"@type\":\"WebPage\",\"@id\":\"https:\/\/www.notibras.com\/site\/outubro-comeca-sem-aumento-na-bandeira-da-conta-de-luz\/\",\"url\":\"https:\/\/www.notibras.com\/site\/outubro-comeca-sem-aumento-na-bandeira-da-conta-de-luz\/\",\"name\":\"Outubro come\u00e7a sem aumento na bandeira da conta de luz - Notibras\",\"isPartOf\":{\"@id\":\"https:\/\/www.notibras.com\/site\/#website\"},\"primaryImageOfPage\":{\"@id\":\"https:\/\/www.notibras.com\/site\/outubro-comeca-sem-aumento-na-bandeira-da-conta-de-luz\/#primaryimage\"},\"image\":{\"@id\":\"https:\/\/www.notibras.com\/site\/outubro-comeca-sem-aumento-na-bandeira-da-conta-de-luz\/#primaryimage\"},\"thumbnailUrl\":\"https:\/\/www.notibras.com\/site\/wp-content\/uploads\/2023\/10\/conta_de_energia_mcajr_abr2907221111-1.jpg\",\"datePublished\":\"2023-10-01T03:59:16+00:00\",\"dateModified\":\"2023-10-01T11:59:32+00:00\",\"breadcrumb\":{\"@id\":\"https:\/\/www.notibras.com\/site\/outubro-comeca-sem-aumento-na-bandeira-da-conta-de-luz\/#breadcrumb\"},\"inLanguage\":\"pt-BR\",\"potentialAction\":[{\"@type\":\"ReadAction\",\"target\":[\"https:\/\/www.notibras.com\/site\/outubro-comeca-sem-aumento-na-bandeira-da-conta-de-luz\/\"]}]},{\"@type\":\"ImageObject\",\"inLanguage\":\"pt-BR\",\"@id\":\"https:\/\/www.notibras.com\/site\/outubro-comeca-sem-aumento-na-bandeira-da-conta-de-luz\/#primaryimage\",\"url\":\"https:\/\/www.notibras.com\/site\/wp-content\/uploads\/2023\/10\/conta_de_energia_mcajr_abr2907221111-1.jpg\",\"contentUrl\":\"https:\/\/www.notibras.com\/site\/wp-content\/uploads\/2023\/10\/conta_de_energia_mcajr_abr2907221111-1.jpg\",\"width\":1170,\"height\":700,\"caption\":\"Conta de energia el\u00e9trica\"},{\"@type\":\"BreadcrumbList\",\"@id\":\"https:\/\/www.notibras.com\/site\/outubro-comeca-sem-aumento-na-bandeira-da-conta-de-luz\/#breadcrumb\",\"itemListElement\":[{\"@type\":\"ListItem\",\"position\":1,\"name\":\"In\u00edcio\",\"item\":\"https:\/\/www.notibras.com\/site\/\"},{\"@type\":\"ListItem\",\"position\":2,\"name\":\"Outubro come\u00e7a sem aumento na bandeira da conta de luz\"}]},{\"@type\":\"WebSite\",\"@id\":\"https:\/\/www.notibras.com\/site\/#website\",\"url\":\"https:\/\/www.notibras.com\/site\/\",\"name\":\"Notibras\",\"description\":\"Not\u00edcias de Bras\u00edlia, do Brasil e do Mundo\",\"publisher\":{\"@id\":\"https:\/\/www.notibras.com\/site\/#organization\"},\"potentialAction\":[{\"@type\":\"SearchAction\",\"target\":{\"@type\":\"EntryPoint\",\"urlTemplate\":\"https:\/\/www.notibras.com\/site\/?s={search_term_string}\"},\"query-input\":{\"@type\":\"PropertyValueSpecification\",\"valueRequired\":true,\"valueName\":\"search_term_string\"}}],\"inLanguage\":\"pt-BR\"},{\"@type\":\"Organization\",\"@id\":\"https:\/\/www.notibras.com\/site\/#organization\",\"name\":\"Grupo Notibras de Comunica\u00e7\u00e3o\",\"url\":\"https:\/\/www.notibras.com\/site\/\",\"logo\":{\"@type\":\"ImageObject\",\"inLanguage\":\"pt-BR\",\"@id\":\"https:\/\/www.notibras.com\/site\/#\/schema\/logo\/image\/\",\"url\":\"https:\/\/www.notibras.com\/site\/wp-content\/uploads\/2023\/01\/notibras23.png\",\"contentUrl\":\"https:\/\/www.notibras.com\/site\/wp-content\/uploads\/2023\/01\/notibras23.png\",\"width\":350,\"height\":87,\"caption\":\"Grupo Notibras de Comunica\u00e7\u00e3o\"},\"image\":{\"@id\":\"https:\/\/www.notibras.com\/site\/#\/schema\/logo\/image\/\"},\"sameAs\":[\"https:\/\/www.facebook.com\/notibras\/\",\"https:\/\/x.com\/Notibras\",\"https:\/\/www.instagram.com\/notibras\/\"]},{\"@type\":\"Person\",\"@id\":\"https:\/\/www.notibras.com\/site\/#\/schema\/person\/36ab0979449956132d3e5b517ea76ac8\",\"name\":\"Reda\u00e7\u00e3o\",\"image\":{\"@type\":\"ImageObject\",\"inLanguage\":\"pt-BR\",\"@id\":\"https:\/\/secure.gravatar.com\/avatar\/e0a867bdedb85fd243eadf09663511f96fc81e0720a4a42581f334ad4303aa6b?s=96&d=mm&r=g\",\"url\":\"https:\/\/secure.gravatar.com\/avatar\/e0a867bdedb85fd243eadf09663511f96fc81e0720a4a42581f334ad4303aa6b?s=96&d=mm&r=g\",\"contentUrl\":\"https:\/\/secure.gravatar.com\/avatar\/e0a867bdedb85fd243eadf09663511f96fc81e0720a4a42581f334ad4303aa6b?s=96&d=mm&r=g\",\"caption\":\"Reda\u00e7\u00e3o\"}}]}<\/script>\n<!-- \/ Yoast SEO plugin. -->","yoast_head_json":{"title":"Outubro come\u00e7a sem aumento na bandeira da conta de luz - Notibras","robots":{"index":"index","follow":"follow","max-snippet":"max-snippet:-1","max-image-preview":"max-image-preview:large","max-video-preview":"max-video-preview:-1"},"canonical":"https:\/\/www.notibras.com\/site\/outubro-comeca-sem-aumento-na-bandeira-da-conta-de-luz\/","og_locale":"pt_BR","og_type":"article","og_title":"Outubro come\u00e7a sem aumento na bandeira da conta de luz - Notibras","og_description":"A bandeira tarif\u00e1ria para o m\u00eas de outubro continuar\u00e1 verde, o que significa que n\u00e3o haver\u00e1 cobran\u00e7a extra na conta de luz dos consumidores brasileiros. De acordo com a Ag\u00eancia Nacional de Energia El\u00e9trica (Aneel), a energia mais barata reflete a melhoria nos n\u00edveis dos reservat\u00f3rios das hidrel\u00e9tricas. As condi\u00e7\u00f5es favor\u00e1veis de gera\u00e7\u00e3o hidrel\u00e9trica, que [&hellip;]","og_url":"https:\/\/www.notibras.com\/site\/outubro-comeca-sem-aumento-na-bandeira-da-conta-de-luz\/","og_site_name":"Notibras","article_publisher":"https:\/\/www.facebook.com\/notibras\/","article_published_time":"2023-10-01T03:59:16+00:00","article_modified_time":"2023-10-01T11:59:32+00:00","og_image":[{"width":1170,"height":700,"url":"https:\/\/www.notibras.com\/site\/wp-content\/uploads\/2023\/10\/conta_de_energia_mcajr_abr2907221111-1.jpg","type":"image\/jpeg"}],"author":"Reda\u00e7\u00e3o","twitter_card":"summary_large_image","twitter_creator":"@Notibras","twitter_site":"@Notibras","twitter_misc":{"Escrito por":"Reda\u00e7\u00e3o","Est. tempo de leitura":"1 minuto"},"schema":{"@context":"https:\/\/schema.org","@graph":[{"@type":"Article","@id":"https:\/\/www.notibras.com\/site\/outubro-comeca-sem-aumento-na-bandeira-da-conta-de-luz\/#article","isPartOf":{"@id":"https:\/\/www.notibras.com\/site\/outubro-comeca-sem-aumento-na-bandeira-da-conta-de-luz\/"},"author":{"name":"Reda\u00e7\u00e3o","@id":"https:\/\/www.notibras.com\/site\/#\/schema\/person\/36ab0979449956132d3e5b517ea76ac8"},"headline":"Outubro come\u00e7a sem aumento na bandeira da conta de luz","datePublished":"2023-10-01T03:59:16+00:00","dateModified":"2023-10-01T11:59:32+00:00","mainEntityOfPage":{"@id":"https:\/\/www.notibras.com\/site\/outubro-comeca-sem-aumento-na-bandeira-da-conta-de-luz\/"},"wordCount":156,"publisher":{"@id":"https:\/\/www.notibras.com\/site\/#organization"},"image":{"@id":"https:\/\/www.notibras.com\/site\/outubro-comeca-sem-aumento-na-bandeira-da-conta-de-luz\/#primaryimage"},"thumbnailUrl":"https:\/\/www.notibras.com\/site\/wp-content\/uploads\/2023\/10\/conta_de_energia_mcajr_abr2907221111-1.jpg","keywords":["capa"],"articleSection":["Quadradinho em Foco"],"inLanguage":"pt-BR"},{"@type":"WebPage","@id":"https:\/\/www.notibras.com\/site\/outubro-comeca-sem-aumento-na-bandeira-da-conta-de-luz\/","url":"https:\/\/www.notibras.com\/site\/outubro-comeca-sem-aumento-na-bandeira-da-conta-de-luz\/","name":"Outubro come\u00e7a sem aumento na bandeira da conta de luz - Notibras","isPartOf":{"@id":"https:\/\/www.notibras.com\/site\/#website"},"primaryImageOfPage":{"@id":"https:\/\/www.notibras.com\/site\/outubro-comeca-sem-aumento-na-bandeira-da-conta-de-luz\/#primaryimage"},"image":{"@id":"https:\/\/www.notibras.com\/site\/outubro-comeca-sem-aumento-na-bandeira-da-conta-de-luz\/#primaryimage"},"thumbnailUrl":"https:\/\/www.notibras.com\/site\/wp-content\/uploads\/2023\/10\/conta_de_energia_mcajr_abr2907221111-1.jpg","datePublished":"2023-10-01T03:59:16+00:00","dateModified":"2023-10-01T11:59:32+00:00","breadcrumb":{"@id":"https:\/\/www.notibras.com\/site\/outubro-comeca-sem-aumento-na-bandeira-da-conta-de-luz\/#breadcrumb"},"inLanguage":"pt-BR","potentialAction":[{"@type":"ReadAction","target":["https:\/\/www.notibras.com\/site\/outubro-comeca-sem-aumento-na-bandeira-da-conta-de-luz\/"]}]},{"@type":"ImageObject","inLanguage":"pt-BR","@id":"https:\/\/www.notibras.com\/site\/outubro-comeca-sem-aumento-na-bandeira-da-conta-de-luz\/#primaryimage","url":"https:\/\/www.notibras.com\/site\/wp-content\/uploads\/2023\/10\/conta_de_energia_mcajr_abr2907221111-1.jpg","contentUrl":"https:\/\/www.notibras.com\/site\/wp-content\/uploads\/2023\/10\/conta_de_energia_mcajr_abr2907221111-1.jpg","width":1170,"height":700,"caption":"Conta de energia el\u00e9trica"},{"@type":"BreadcrumbList","@id":"https:\/\/www.notibras.com\/site\/outubro-comeca-sem-aumento-na-bandeira-da-conta-de-luz\/#breadcrumb","itemListElement":[{"@type":"ListItem","position":1,"name":"In\u00edcio","item":"https:\/\/www.notibras.com\/site\/"},{"@type":"ListItem","position":2,"name":"Outubro come\u00e7a sem aumento na bandeira da conta de luz"}]},{"@type":"WebSite","@id":"https:\/\/www.notibras.com\/site\/#website","url":"https:\/\/www.notibras.com\/site\/","name":"Notibras","description":"Not\u00edcias de Bras\u00edlia, do Brasil e do Mundo","publisher":{"@id":"https:\/\/www.notibras.com\/site\/#organization"},"potentialAction":[{"@type":"SearchAction","target":{"@type":"EntryPoint","urlTemplate":"https:\/\/www.notibras.com\/site\/?s={search_term_string}"},"query-input":{"@type":"PropertyValueSpecification","valueRequired":true,"valueName":"search_term_string"}}],"inLanguage":"pt-BR"},{"@type":"Organization","@id":"https:\/\/www.notibras.com\/site\/#organization","name":"Grupo Notibras de Comunica\u00e7\u00e3o","url":"https:\/\/www.notibras.com\/site\/","logo":{"@type":"ImageObject","inLanguage":"pt-BR","@id":"https:\/\/www.notibras.com\/site\/#\/schema\/logo\/image\/","url":"https:\/\/www.notibras.com\/site\/wp-content\/uploads\/2023\/01\/notibras23.png","contentUrl":"https:\/\/www.notibras.com\/site\/wp-content\/uploads\/2023\/01\/notibras23.png","width":350,"height":87,"caption":"Grupo Notibras de Comunica\u00e7\u00e3o"},"image":{"@id":"https:\/\/www.notibras.com\/site\/#\/schema\/logo\/image\/"},"sameAs":["https:\/\/www.facebook.com\/notibras\/","https:\/\/x.com\/Notibras","https:\/\/www.instagram.com\/notibras\/"]},{"@type":"Person","@id":"https:\/\/www.notibras.com\/site\/#\/schema\/person\/36ab0979449956132d3e5b517ea76ac8","name":"Reda\u00e7\u00e3o","image":{"@type":"ImageObject","inLanguage":"pt-BR","@id":"https:\/\/secure.gravatar.com\/avatar\/e0a867bdedb85fd243eadf09663511f96fc81e0720a4a42581f334ad4303aa6b?s=96&d=mm&r=g","url":"https:\/\/secure.gravatar.com\/avatar\/e0a867bdedb85fd243eadf09663511f96fc81e0720a4a42581f334ad4303aa6b?s=96&d=mm&r=g","contentUrl":"https:\/\/secure.gravatar.com\/avatar\/e0a867bdedb85fd243eadf09663511f96fc81e0720a4a42581f334ad4303aa6b?s=96&d=mm&r=g","caption":"Reda\u00e7\u00e3o"}}]}},"amp_enabled":true,"_links":{"self":[{"href":"https:\/\/www.notibras.com\/site\/wp-json\/wp\/v2\/posts\/313776","targetHints":{"allow":["GET"]}}],"collection":[{"href":"https:\/\/www.notibras.com\/site\/wp-json\/wp\/v2\/posts"}],"about":[{"href":"https:\/\/www.notibras.com\/site\/wp-json\/wp\/v2\/types\/post"}],"author":[{"embeddable":true,"href":"https:\/\/www.notibras.com\/site\/wp-json\/wp\/v2\/users\/2"}],"replies":[{"embeddable":true,"href":"https:\/\/www.notibras.com\/site\/wp-json\/wp\/v2\/comments?post=313776"}],"version-history":[{"count":1,"href":"https:\/\/www.notibras.com\/site\/wp-json\/wp\/v2\/posts\/313776\/revisions"}],"predecessor-version":[{"id":313778,"href":"https:\/\/www.notibras.com\/site\/wp-json\/wp\/v2\/posts\/313776\/revisions\/313778"}],"wp:featuredmedia":[{"embeddable":true,"href":"https:\/\/www.notibras.com\/site\/wp-json\/wp\/v2\/media\/313777"}],"wp:attachment":[{"href":"https:\/\/www.notibras.com\/site\/wp-json\/wp\/v2\/media?parent=313776"}],"wp:term":[{"taxonomy":"category","embeddable":true,"href":"https:\/\/www.notibras.com\/site\/wp-json\/wp\/v2\/categories?post=313776"},{"taxonomy":"post_tag","embeddable":true,"href":"https:\/\/www.notibras.com\/site\/wp-json\/wp\/v2\/tags?post=313776"}],"curies":[{"name":"wp","href":"https:\/\/api.w.org\/{rel}","templated":true}]}}