{"id":313779,"date":"2023-10-01T00:50:54","date_gmt":"2023-10-01T03:50:54","guid":{"rendered":"https:\/\/www.notibras.com\/site\/?p=313779"},"modified":"2023-10-01T09:06:04","modified_gmt":"2023-10-01T12:06:04","slug":"pensao-alimenticia-vira-o-x-da-questao-para-os-idosos","status":"publish","type":"post","link":"https:\/\/www.notibras.com\/site\/pensao-alimenticia-vira-o-x-da-questao-para-os-idosos\/","title":{"rendered":"Pens\u00e3o aliment\u00edcia vira o X da quest\u00e3o para os idosos"},"content":{"rendered":"<p>O direito a pens\u00e3o aliment\u00edcia para idosos foi uma das novidades que veio com o Estatuto do Idoso, sancionado em 2003. Assim, filhos e at\u00e9 netos passaram a poder ser acionados judicialmente para garantir o pagamento de pens\u00e3o aliment\u00edcia a pessoas idosas. No entanto, duas d\u00e9cadas ap\u00f3s a legisla\u00e7\u00e3o entrar em vigor, esses pedidos n\u00e3o se tornaram comuns e s\u00e3o apenas uma pequena parte das solicita\u00e7\u00f5es de pens\u00e3o aliment\u00edcia, na maior parte requeridas pelos filhos em rela\u00e7\u00e3o aos pais e as ex-esposas aos antigos companheiros.<\/p>\n<p>\u201cO que \u00e9 mais comum e recorrente na sociedade s\u00e3o os filhos dos casais e eventualmente as esposas. Porque na nossa sociedade ainda predomina o poder econ\u00f4mico na m\u00e3o do homem\u201d, enfatiza a presidente da Comiss\u00e3o de Estudos de Direito de Fam\u00edlia e Sucess\u00f5es do Instituto dos Advogados de S\u00e3o Paulo, Clarissa Campos Bernardo. Ela ressalta que, em anos trabalhando com direito de fam\u00edlia, nunca foi solicitada a fazer um pedido do tipo.<\/p>\n<p>A advogada explica que a pessoa idosa que n\u00e3o tiver condi\u00e7\u00f5es de se sustentar sozinha pode pedir pens\u00e3o a um dos filhos judicialmente. Caso nenhum dos filhos tiver condi\u00e7\u00f5es de arcar com a despesa, h\u00e1 ainda a possibilidade de requisitar a pens\u00e3o aos netos. Mas a regra, segundo Clarissa, \u00e9 \u201cbuscar o descendente mais pr\u00f3ximo\u201d.<\/p>\n<p>O Conselho Nacional de Justi\u00e7a n\u00e3o tem dados espec\u00edficos sobre a quantidade de pedidos de pens\u00e3o aliment\u00edcia por idosos. Os dados disponibilizados pelo conselho englobam todos dos pedidos de pens\u00e3o, sem discrimina\u00e7\u00e3o se por filhos ou ex-companheiras.<\/p>\n<p>A coordenadora do N\u00facleo Especializado dos Direitos da Pessoa Idosa e da Pessoa com Defici\u00eancia da Defensoria P\u00fablica de S\u00e3o Paulo, Renata Flores Tibyri\u00e7\u00e1, confirma que os casos do tipo s\u00e3o pouco comuns, apesar da defensoria atuar em alguns casos de pedidos de pens\u00e3o em favor de pessoas idosas. \u201cAcontece, mas n\u00e3o \u00e9 comum\u201d, disse a defensora.<\/p>\n<p>Em parte, Renata atribui a baixa demanda ao perfil das fam\u00edlias atendidas pela defensoria, que s\u00e3o pessoas com poucos recursos, em que os idosos acabam dividindo a resid\u00eancia com outras gera\u00e7\u00f5es. \u201cDe fato, \u00e9 dif\u00edcil para as fam\u00edlias, que n\u00e3o t\u00eam condi\u00e7\u00f5es financeiras, vivem juntas, e acabam fazendo alguma organiza\u00e7\u00e3o familiar\u201d, explica.<\/p>\n<p><strong>Media\u00e7\u00e3o<\/strong><br \/>\nMesmo nos casos em que o benef\u00edcio \u00e9 requerido, a coordenadora explica que as equipes da defensoria, que incluem psic\u00f3logos e assistentes sociais, buscam uma media\u00e7\u00e3o em vez da judicializa\u00e7\u00e3o. \u201cA gente tenta resolver com apoio do centro multidisciplinar, com assistente social e psic\u00f3logo pensando em uma media\u00e7\u00e3o com a fam\u00edlia. At\u00e9 para organizar melhor como seria esse apoio a essa pessoa idosa\u201d, acrescenta.<\/p>\n<p>\u00c9 por esse caminho que a defensoria busca atuar, segundo Renata, mesmo em casos mais complexos, como os que envolvem neglig\u00eancia ou at\u00e9 viol\u00eancia contra as pessoas idosas. \u201cA viol\u00eancia contra a pessoa idosa, normalmente, acontece dentro da casa dela, por uma pessoa pr\u00f3xima a ela. \u00c9 uma viol\u00eancia praticada por meio da neglig\u00eancia. Ou seja, a pessoa tinha algum dever de cuidado da pessoa idosa. Por exemplo, deixou de dar um rem\u00e9dio, de trocar uma fralda\u201d, detalha a defensora sobre o perfil das viol\u00eancias que atingem de forma mais comum essa popula\u00e7\u00e3o.<\/p>\n<p>Por isso, de acordo com a coordenadora, ao agir em um caso de viol\u00eancia \u00e9 preciso \u201cpensar em alternativas de atendimento dessa pessoa idosa\u201d.<\/p>\n","protected":false},"excerpt":{"rendered":"<p>O direito a pens\u00e3o aliment\u00edcia para idosos foi uma das novidades que veio com o Estatuto do Idoso, sancionado em 2003. Assim, filhos e at\u00e9 netos passaram a poder ser acionados judicialmente para garantir o pagamento de pens\u00e3o aliment\u00edcia a pessoas idosas. No entanto, duas d\u00e9cadas ap\u00f3s a legisla\u00e7\u00e3o entrar em vigor, esses pedidos n\u00e3o [&hellip;]<\/p>\n","protected":false},"author":2,"featured_media":313780,"comment_status":"closed","ping_status":"closed","sticky":false,"template":"","format":"standard","meta":{"_acf_changed":false,"footnotes":""},"categories":[161],"tags":[95],"class_list":["post-313779","post","type-post","status-publish","format-standard","has-post-thumbnail","hentry","category-quadradinho-em-foco","tag-capa"],"acf":[],"yoast_head":"<!-- This site is optimized with the Yoast SEO plugin v27.2 - https:\/\/yoast.com\/product\/yoast-seo-wordpress\/ -->\n<title>Pens\u00e3o aliment\u00edcia vira o X da quest\u00e3o para os idosos - Notibras<\/title>\n<meta name=\"robots\" content=\"index, follow, max-snippet:-1, max-image-preview:large, max-video-preview:-1\" \/>\n<link rel=\"canonical\" href=\"https:\/\/www.notibras.com\/site\/pensao-alimenticia-vira-o-x-da-questao-para-os-idosos\/\" \/>\n<meta property=\"og:locale\" content=\"pt_BR\" \/>\n<meta property=\"og:type\" content=\"article\" \/>\n<meta property=\"og:title\" content=\"Pens\u00e3o aliment\u00edcia vira o X da quest\u00e3o para os idosos - Notibras\" \/>\n<meta property=\"og:description\" content=\"O direito a pens\u00e3o aliment\u00edcia para idosos foi uma das novidades que veio com o Estatuto do Idoso, sancionado em 2003. Assim, filhos e at\u00e9 netos passaram a poder ser acionados judicialmente para garantir o pagamento de pens\u00e3o aliment\u00edcia a pessoas idosas. No entanto, duas d\u00e9cadas ap\u00f3s a legisla\u00e7\u00e3o entrar em vigor, esses pedidos n\u00e3o [&hellip;]\" \/>\n<meta property=\"og:url\" content=\"https:\/\/www.notibras.com\/site\/pensao-alimenticia-vira-o-x-da-questao-para-os-idosos\/\" \/>\n<meta property=\"og:site_name\" content=\"Notibras\" \/>\n<meta property=\"article:publisher\" content=\"https:\/\/www.facebook.com\/notibras\/\" \/>\n<meta property=\"article:published_time\" content=\"2023-10-01T03:50:54+00:00\" \/>\n<meta property=\"article:modified_time\" content=\"2023-10-01T12:06:04+00:00\" \/>\n<meta property=\"og:image\" content=\"https:\/\/www.notibras.com\/site\/wp-content\/uploads\/2023\/10\/idosos_caminhos_da_reportagem.png\" \/>\n\t<meta property=\"og:image:width\" content=\"1170\" \/>\n\t<meta property=\"og:image:height\" content=\"700\" \/>\n\t<meta property=\"og:image:type\" content=\"image\/png\" \/>\n<meta name=\"author\" content=\"Reda\u00e7\u00e3o\" \/>\n<meta name=\"twitter:card\" content=\"summary_large_image\" \/>\n<meta name=\"twitter:creator\" content=\"@Notibras\" \/>\n<meta name=\"twitter:site\" content=\"@Notibras\" \/>\n<meta name=\"twitter:label1\" content=\"Escrito por\" \/>\n\t<meta name=\"twitter:data1\" content=\"Reda\u00e7\u00e3o\" \/>\n\t<meta name=\"twitter:label2\" content=\"Est. tempo de leitura\" \/>\n\t<meta name=\"twitter:data2\" content=\"3 minutos\" \/>\n<script type=\"application\/ld+json\" class=\"yoast-schema-graph\">{\"@context\":\"https:\/\/schema.org\",\"@graph\":[{\"@type\":\"Article\",\"@id\":\"https:\/\/www.notibras.com\/site\/pensao-alimenticia-vira-o-x-da-questao-para-os-idosos\/#article\",\"isPartOf\":{\"@id\":\"https:\/\/www.notibras.com\/site\/pensao-alimenticia-vira-o-x-da-questao-para-os-idosos\/\"},\"author\":{\"name\":\"Reda\u00e7\u00e3o\",\"@id\":\"https:\/\/www.notibras.com\/site\/#\/schema\/person\/36ab0979449956132d3e5b517ea76ac8\"},\"headline\":\"Pens\u00e3o aliment\u00edcia vira o X da quest\u00e3o para os idosos\",\"datePublished\":\"2023-10-01T03:50:54+00:00\",\"dateModified\":\"2023-10-01T12:06:04+00:00\",\"mainEntityOfPage\":{\"@id\":\"https:\/\/www.notibras.com\/site\/pensao-alimenticia-vira-o-x-da-questao-para-os-idosos\/\"},\"wordCount\":614,\"publisher\":{\"@id\":\"https:\/\/www.notibras.com\/site\/#organization\"},\"image\":{\"@id\":\"https:\/\/www.notibras.com\/site\/pensao-alimenticia-vira-o-x-da-questao-para-os-idosos\/#primaryimage\"},\"thumbnailUrl\":\"https:\/\/www.notibras.com\/site\/wp-content\/uploads\/2023\/10\/idosos_caminhos_da_reportagem.png\",\"keywords\":[\"capa\"],\"articleSection\":[\"Quadradinho em Foco\"],\"inLanguage\":\"pt-BR\"},{\"@type\":\"WebPage\",\"@id\":\"https:\/\/www.notibras.com\/site\/pensao-alimenticia-vira-o-x-da-questao-para-os-idosos\/\",\"url\":\"https:\/\/www.notibras.com\/site\/pensao-alimenticia-vira-o-x-da-questao-para-os-idosos\/\",\"name\":\"Pens\u00e3o aliment\u00edcia vira o X da quest\u00e3o para os idosos - Notibras\",\"isPartOf\":{\"@id\":\"https:\/\/www.notibras.com\/site\/#website\"},\"primaryImageOfPage\":{\"@id\":\"https:\/\/www.notibras.com\/site\/pensao-alimenticia-vira-o-x-da-questao-para-os-idosos\/#primaryimage\"},\"image\":{\"@id\":\"https:\/\/www.notibras.com\/site\/pensao-alimenticia-vira-o-x-da-questao-para-os-idosos\/#primaryimage\"},\"thumbnailUrl\":\"https:\/\/www.notibras.com\/site\/wp-content\/uploads\/2023\/10\/idosos_caminhos_da_reportagem.png\",\"datePublished\":\"2023-10-01T03:50:54+00:00\",\"dateModified\":\"2023-10-01T12:06:04+00:00\",\"breadcrumb\":{\"@id\":\"https:\/\/www.notibras.com\/site\/pensao-alimenticia-vira-o-x-da-questao-para-os-idosos\/#breadcrumb\"},\"inLanguage\":\"pt-BR\",\"potentialAction\":[{\"@type\":\"ReadAction\",\"target\":[\"https:\/\/www.notibras.com\/site\/pensao-alimenticia-vira-o-x-da-questao-para-os-idosos\/\"]}]},{\"@type\":\"ImageObject\",\"inLanguage\":\"pt-BR\",\"@id\":\"https:\/\/www.notibras.com\/site\/pensao-alimenticia-vira-o-x-da-questao-para-os-idosos\/#primaryimage\",\"url\":\"https:\/\/www.notibras.com\/site\/wp-content\/uploads\/2023\/10\/idosos_caminhos_da_reportagem.png\",\"contentUrl\":\"https:\/\/www.notibras.com\/site\/wp-content\/uploads\/2023\/10\/idosos_caminhos_da_reportagem.png\",\"width\":1170,\"height\":700},{\"@type\":\"BreadcrumbList\",\"@id\":\"https:\/\/www.notibras.com\/site\/pensao-alimenticia-vira-o-x-da-questao-para-os-idosos\/#breadcrumb\",\"itemListElement\":[{\"@type\":\"ListItem\",\"position\":1,\"name\":\"In\u00edcio\",\"item\":\"https:\/\/www.notibras.com\/site\/\"},{\"@type\":\"ListItem\",\"position\":2,\"name\":\"Pens\u00e3o aliment\u00edcia vira o X da quest\u00e3o para os idosos\"}]},{\"@type\":\"WebSite\",\"@id\":\"https:\/\/www.notibras.com\/site\/#website\",\"url\":\"https:\/\/www.notibras.com\/site\/\",\"name\":\"Notibras\",\"description\":\"Not\u00edcias de Bras\u00edlia, do Brasil e do Mundo\",\"publisher\":{\"@id\":\"https:\/\/www.notibras.com\/site\/#organization\"},\"potentialAction\":[{\"@type\":\"SearchAction\",\"target\":{\"@type\":\"EntryPoint\",\"urlTemplate\":\"https:\/\/www.notibras.com\/site\/?s={search_term_string}\"},\"query-input\":{\"@type\":\"PropertyValueSpecification\",\"valueRequired\":true,\"valueName\":\"search_term_string\"}}],\"inLanguage\":\"pt-BR\"},{\"@type\":\"Organization\",\"@id\":\"https:\/\/www.notibras.com\/site\/#organization\",\"name\":\"Grupo Notibras de Comunica\u00e7\u00e3o\",\"url\":\"https:\/\/www.notibras.com\/site\/\",\"logo\":{\"@type\":\"ImageObject\",\"inLanguage\":\"pt-BR\",\"@id\":\"https:\/\/www.notibras.com\/site\/#\/schema\/logo\/image\/\",\"url\":\"https:\/\/www.notibras.com\/site\/wp-content\/uploads\/2023\/01\/notibras23.png\",\"contentUrl\":\"https:\/\/www.notibras.com\/site\/wp-content\/uploads\/2023\/01\/notibras23.png\",\"width\":350,\"height\":87,\"caption\":\"Grupo Notibras de Comunica\u00e7\u00e3o\"},\"image\":{\"@id\":\"https:\/\/www.notibras.com\/site\/#\/schema\/logo\/image\/\"},\"sameAs\":[\"https:\/\/www.facebook.com\/notibras\/\",\"https:\/\/x.com\/Notibras\",\"https:\/\/www.instagram.com\/notibras\/\"]},{\"@type\":\"Person\",\"@id\":\"https:\/\/www.notibras.com\/site\/#\/schema\/person\/36ab0979449956132d3e5b517ea76ac8\",\"name\":\"Reda\u00e7\u00e3o\",\"image\":{\"@type\":\"ImageObject\",\"inLanguage\":\"pt-BR\",\"@id\":\"https:\/\/secure.gravatar.com\/avatar\/e0a867bdedb85fd243eadf09663511f96fc81e0720a4a42581f334ad4303aa6b?s=96&d=mm&r=g\",\"url\":\"https:\/\/secure.gravatar.com\/avatar\/e0a867bdedb85fd243eadf09663511f96fc81e0720a4a42581f334ad4303aa6b?s=96&d=mm&r=g\",\"contentUrl\":\"https:\/\/secure.gravatar.com\/avatar\/e0a867bdedb85fd243eadf09663511f96fc81e0720a4a42581f334ad4303aa6b?s=96&d=mm&r=g\",\"caption\":\"Reda\u00e7\u00e3o\"}}]}<\/script>\n<!-- \/ Yoast SEO plugin. -->","yoast_head_json":{"title":"Pens\u00e3o aliment\u00edcia vira o X da quest\u00e3o para os idosos - Notibras","robots":{"index":"index","follow":"follow","max-snippet":"max-snippet:-1","max-image-preview":"max-image-preview:large","max-video-preview":"max-video-preview:-1"},"canonical":"https:\/\/www.notibras.com\/site\/pensao-alimenticia-vira-o-x-da-questao-para-os-idosos\/","og_locale":"pt_BR","og_type":"article","og_title":"Pens\u00e3o aliment\u00edcia vira o X da quest\u00e3o para os idosos - Notibras","og_description":"O direito a pens\u00e3o aliment\u00edcia para idosos foi uma das novidades que veio com o Estatuto do Idoso, sancionado em 2003. Assim, filhos e at\u00e9 netos passaram a poder ser acionados judicialmente para garantir o pagamento de pens\u00e3o aliment\u00edcia a pessoas idosas. No entanto, duas d\u00e9cadas ap\u00f3s a legisla\u00e7\u00e3o entrar em vigor, esses pedidos n\u00e3o [&hellip;]","og_url":"https:\/\/www.notibras.com\/site\/pensao-alimenticia-vira-o-x-da-questao-para-os-idosos\/","og_site_name":"Notibras","article_publisher":"https:\/\/www.facebook.com\/notibras\/","article_published_time":"2023-10-01T03:50:54+00:00","article_modified_time":"2023-10-01T12:06:04+00:00","og_image":[{"width":1170,"height":700,"url":"https:\/\/www.notibras.com\/site\/wp-content\/uploads\/2023\/10\/idosos_caminhos_da_reportagem.png","type":"image\/png"}],"author":"Reda\u00e7\u00e3o","twitter_card":"summary_large_image","twitter_creator":"@Notibras","twitter_site":"@Notibras","twitter_misc":{"Escrito por":"Reda\u00e7\u00e3o","Est. tempo de leitura":"3 minutos"},"schema":{"@context":"https:\/\/schema.org","@graph":[{"@type":"Article","@id":"https:\/\/www.notibras.com\/site\/pensao-alimenticia-vira-o-x-da-questao-para-os-idosos\/#article","isPartOf":{"@id":"https:\/\/www.notibras.com\/site\/pensao-alimenticia-vira-o-x-da-questao-para-os-idosos\/"},"author":{"name":"Reda\u00e7\u00e3o","@id":"https:\/\/www.notibras.com\/site\/#\/schema\/person\/36ab0979449956132d3e5b517ea76ac8"},"headline":"Pens\u00e3o aliment\u00edcia vira o X da quest\u00e3o para os idosos","datePublished":"2023-10-01T03:50:54+00:00","dateModified":"2023-10-01T12:06:04+00:00","mainEntityOfPage":{"@id":"https:\/\/www.notibras.com\/site\/pensao-alimenticia-vira-o-x-da-questao-para-os-idosos\/"},"wordCount":614,"publisher":{"@id":"https:\/\/www.notibras.com\/site\/#organization"},"image":{"@id":"https:\/\/www.notibras.com\/site\/pensao-alimenticia-vira-o-x-da-questao-para-os-idosos\/#primaryimage"},"thumbnailUrl":"https:\/\/www.notibras.com\/site\/wp-content\/uploads\/2023\/10\/idosos_caminhos_da_reportagem.png","keywords":["capa"],"articleSection":["Quadradinho em Foco"],"inLanguage":"pt-BR"},{"@type":"WebPage","@id":"https:\/\/www.notibras.com\/site\/pensao-alimenticia-vira-o-x-da-questao-para-os-idosos\/","url":"https:\/\/www.notibras.com\/site\/pensao-alimenticia-vira-o-x-da-questao-para-os-idosos\/","name":"Pens\u00e3o aliment\u00edcia vira o X da quest\u00e3o para os idosos - Notibras","isPartOf":{"@id":"https:\/\/www.notibras.com\/site\/#website"},"primaryImageOfPage":{"@id":"https:\/\/www.notibras.com\/site\/pensao-alimenticia-vira-o-x-da-questao-para-os-idosos\/#primaryimage"},"image":{"@id":"https:\/\/www.notibras.com\/site\/pensao-alimenticia-vira-o-x-da-questao-para-os-idosos\/#primaryimage"},"thumbnailUrl":"https:\/\/www.notibras.com\/site\/wp-content\/uploads\/2023\/10\/idosos_caminhos_da_reportagem.png","datePublished":"2023-10-01T03:50:54+00:00","dateModified":"2023-10-01T12:06:04+00:00","breadcrumb":{"@id":"https:\/\/www.notibras.com\/site\/pensao-alimenticia-vira-o-x-da-questao-para-os-idosos\/#breadcrumb"},"inLanguage":"pt-BR","potentialAction":[{"@type":"ReadAction","target":["https:\/\/www.notibras.com\/site\/pensao-alimenticia-vira-o-x-da-questao-para-os-idosos\/"]}]},{"@type":"ImageObject","inLanguage":"pt-BR","@id":"https:\/\/www.notibras.com\/site\/pensao-alimenticia-vira-o-x-da-questao-para-os-idosos\/#primaryimage","url":"https:\/\/www.notibras.com\/site\/wp-content\/uploads\/2023\/10\/idosos_caminhos_da_reportagem.png","contentUrl":"https:\/\/www.notibras.com\/site\/wp-content\/uploads\/2023\/10\/idosos_caminhos_da_reportagem.png","width":1170,"height":700},{"@type":"BreadcrumbList","@id":"https:\/\/www.notibras.com\/site\/pensao-alimenticia-vira-o-x-da-questao-para-os-idosos\/#breadcrumb","itemListElement":[{"@type":"ListItem","position":1,"name":"In\u00edcio","item":"https:\/\/www.notibras.com\/site\/"},{"@type":"ListItem","position":2,"name":"Pens\u00e3o aliment\u00edcia vira o X da quest\u00e3o para os idosos"}]},{"@type":"WebSite","@id":"https:\/\/www.notibras.com\/site\/#website","url":"https:\/\/www.notibras.com\/site\/","name":"Notibras","description":"Not\u00edcias de Bras\u00edlia, do Brasil e do Mundo","publisher":{"@id":"https:\/\/www.notibras.com\/site\/#organization"},"potentialAction":[{"@type":"SearchAction","target":{"@type":"EntryPoint","urlTemplate":"https:\/\/www.notibras.com\/site\/?s={search_term_string}"},"query-input":{"@type":"PropertyValueSpecification","valueRequired":true,"valueName":"search_term_string"}}],"inLanguage":"pt-BR"},{"@type":"Organization","@id":"https:\/\/www.notibras.com\/site\/#organization","name":"Grupo Notibras de Comunica\u00e7\u00e3o","url":"https:\/\/www.notibras.com\/site\/","logo":{"@type":"ImageObject","inLanguage":"pt-BR","@id":"https:\/\/www.notibras.com\/site\/#\/schema\/logo\/image\/","url":"https:\/\/www.notibras.com\/site\/wp-content\/uploads\/2023\/01\/notibras23.png","contentUrl":"https:\/\/www.notibras.com\/site\/wp-content\/uploads\/2023\/01\/notibras23.png","width":350,"height":87,"caption":"Grupo Notibras de Comunica\u00e7\u00e3o"},"image":{"@id":"https:\/\/www.notibras.com\/site\/#\/schema\/logo\/image\/"},"sameAs":["https:\/\/www.facebook.com\/notibras\/","https:\/\/x.com\/Notibras","https:\/\/www.instagram.com\/notibras\/"]},{"@type":"Person","@id":"https:\/\/www.notibras.com\/site\/#\/schema\/person\/36ab0979449956132d3e5b517ea76ac8","name":"Reda\u00e7\u00e3o","image":{"@type":"ImageObject","inLanguage":"pt-BR","@id":"https:\/\/secure.gravatar.com\/avatar\/e0a867bdedb85fd243eadf09663511f96fc81e0720a4a42581f334ad4303aa6b?s=96&d=mm&r=g","url":"https:\/\/secure.gravatar.com\/avatar\/e0a867bdedb85fd243eadf09663511f96fc81e0720a4a42581f334ad4303aa6b?s=96&d=mm&r=g","contentUrl":"https:\/\/secure.gravatar.com\/avatar\/e0a867bdedb85fd243eadf09663511f96fc81e0720a4a42581f334ad4303aa6b?s=96&d=mm&r=g","caption":"Reda\u00e7\u00e3o"}}]}},"amp_enabled":true,"_links":{"self":[{"href":"https:\/\/www.notibras.com\/site\/wp-json\/wp\/v2\/posts\/313779","targetHints":{"allow":["GET"]}}],"collection":[{"href":"https:\/\/www.notibras.com\/site\/wp-json\/wp\/v2\/posts"}],"about":[{"href":"https:\/\/www.notibras.com\/site\/wp-json\/wp\/v2\/types\/post"}],"author":[{"embeddable":true,"href":"https:\/\/www.notibras.com\/site\/wp-json\/wp\/v2\/users\/2"}],"replies":[{"embeddable":true,"href":"https:\/\/www.notibras.com\/site\/wp-json\/wp\/v2\/comments?post=313779"}],"version-history":[{"count":2,"href":"https:\/\/www.notibras.com\/site\/wp-json\/wp\/v2\/posts\/313779\/revisions"}],"predecessor-version":[{"id":313782,"href":"https:\/\/www.notibras.com\/site\/wp-json\/wp\/v2\/posts\/313779\/revisions\/313782"}],"wp:featuredmedia":[{"embeddable":true,"href":"https:\/\/www.notibras.com\/site\/wp-json\/wp\/v2\/media\/313780"}],"wp:attachment":[{"href":"https:\/\/www.notibras.com\/site\/wp-json\/wp\/v2\/media?parent=313779"}],"wp:term":[{"taxonomy":"category","embeddable":true,"href":"https:\/\/www.notibras.com\/site\/wp-json\/wp\/v2\/categories?post=313779"},{"taxonomy":"post_tag","embeddable":true,"href":"https:\/\/www.notibras.com\/site\/wp-json\/wp\/v2\/tags?post=313779"}],"curies":[{"name":"wp","href":"https:\/\/api.w.org\/{rel}","templated":true}]}}