{"id":313783,"date":"2023-10-01T00:46:49","date_gmt":"2023-10-01T03:46:49","guid":{"rendered":"https:\/\/www.notibras.com\/site\/?p=313783"},"modified":"2023-10-01T09:13:52","modified_gmt":"2023-10-01T12:13:52","slug":"beneficio-de-prestacao-continuada-piora-vida-de-idosos","status":"publish","type":"post","link":"https:\/\/www.notibras.com\/site\/beneficio-de-prestacao-continuada-piora-vida-de-idosos\/","title":{"rendered":"Benef\u00edcio de Presta\u00e7\u00e3o Continuada piora vida de idosos"},"content":{"rendered":"<p>As pessoas idosas t\u00eam direito a uma garantia m\u00ednima de renda, prevista tanto no Estatuto do Idoso, de 2003, quanto na Lei Org\u00e2nica da Assist\u00eancia Social, de 1993. Esse direito \u00e9 assegurado pelo Benef\u00edcio de Presta\u00e7\u00e3o Continuada (BPC), pago a quem tem mais de 65 anos e comprove ter renda de at\u00e9 um quarto de sal\u00e1rio m\u00ednimo.<\/p>\n<p>No valor de um sal\u00e1rio m\u00ednimo, o BPC \u00e9 pago mensalmente. Atualmente, segundo dados disponibilizados pelo Minist\u00e9rio da Previd\u00eancia Social, 2,4 milh\u00f5es de idosos recebem o benef\u00edcio. Em 2021, eram pouco mais de 2 milh\u00f5es.<\/p>\n<p>Profissionais e entidades que atuam com essa popula\u00e7\u00e3o relatam, no entanto, que, muitas vezes, as pessoas t\u00eam dificuldade em acessar o benef\u00edcio.<\/p>\n<p>\u201cNa gest\u00e3o do governo federal passado, houve um corte muito grande no or\u00e7amento destinado ao SUAS [Sistema \u00danico de Assist\u00eancia Social], de uma forma geral \u00e0 pol\u00edtica de assist\u00eancia social, o que fez precarizar muito o atendimento nos equipamentos dessa pol\u00edtica, ao mesmo tempo em que houve tamb\u00e9m, o que j\u00e1 \u00e9 p\u00fablico, um empobrecimento muito grande da popula\u00e7\u00e3o. Ou seja, h\u00e1 uma maior busca pelos servi\u00e7os e, ao mesmo tempo, uma fragilidade desses equipamentos\u201d, avalia a diretora do Conselho Federal de Servi\u00e7o Social, Angelita Rangel.<\/p>\n<p>Angelita diz que houve redu\u00e7\u00e3o no atendimento presencial, o que levou as solicita\u00e7\u00f5es de benef\u00edcios a serem feitas cada vez mais por canais remotos. Por\u00e9m, muitos idosos n\u00e3o t\u00eam acesso a computadores ou celulares para fazer os pedidos, ou n\u00e3o t\u00eam os conhecimentos necess\u00e1rios para isso, destaca a assistente social. \u201cIsso faz recorrer a intermedia\u00e7\u00f5es, que cobram por esse servi\u00e7o, que antes era ofertado gratuitamente\u201d, ressalta.<\/p>\n<p>A diretora do Conselho Federal de Servi\u00e7o Social v\u00ea, no entanto, um esfor\u00e7o do atual governo em tentar melhorar a situa\u00e7\u00e3o. \u201cO governo, no nosso entendimento, vem fazendo esfor\u00e7os para destinar mais recursos, mas ainda n\u00e3o conseguiu recuperar [a qualidade do atendimento].\u201d Ela chama a aten\u00e7\u00e3o para a precariza\u00e7\u00e3o do atendimento nas ag\u00eancias do Instituto Nacional do Seguro Social (INSS), que est\u00e1 com quadro muito reduzido para o atendimento presencial, com os servidores sendo destinados basicamente ao atendimento remoto\u201d, acrescenta.<\/p>\n<p>O coordenador de projetos da ONG Rede Rua, Alderon Costa, enfatiza que as informa\u00e7\u00f5es sobre o direito ao benef\u00edcio e como ter acesso a ele precisam ser mais bem divulgadas. \u201cAinda falta muita informa\u00e7\u00e3o. Essas informa\u00e7\u00f5es ainda precisam ser mais publicizadas.\u201d<\/p>\n<p>Na cidade de S\u00e3o Paulo, Costa diz que h\u00e1 uma situa\u00e7\u00e3o semelhante \u00e0 descrita por Angelita, com a redu\u00e7\u00e3o da oferta de atendimento presencial. \u201cH\u00e1 um desmonte do servi\u00e7o social\u201d, afirma.<\/p>\n<p>O coordenador da organiza\u00e7\u00e3o n\u00e3o governamental lembra ainda a desatualiza\u00e7\u00e3o do do Cadastro \u00danico de Programas Sociais (Cad\u00danico). O sistema \u00e9 usado para acessar o BPC e diversos outros programas sociais. \u201cS\u00e3o programas de uma import\u00e2ncia absurda para a sobreviv\u00eancia de milhares de pessoas\u201d, destaca sobre o impacto do BPC, do Bolsa Fam\u00edlia e de outros benef\u00edcios nas fam\u00edlias menos protegidas socialmente.<\/p>\n<p>O Minist\u00e9rio P\u00fablico de S\u00e3o Paulo ingressou com a\u00e7\u00e3o civil p\u00fablica para que a prefeitura de S\u00e3o Paulo atualize o Cad\u00danico. A partir dos dados do Observat\u00f3rio Brasileiro de Pol\u00edticas P\u00fablicas com a Popula\u00e7\u00e3o em Situa\u00e7\u00e3o de Rua, a promotoria aponta que o \u00edndice de atualiza\u00e7\u00e3o do cadastro na capital paulista est\u00e1 abaixo da m\u00e9dia nacional.<\/p>\n<p>A Secretaria Municipal de Assist\u00eancia e Desenvolvimento Social afirma que tem avan\u00e7ado com a taxa de atualiza\u00e7\u00e3o do Cad\u00danico na cidade de S\u00e3o Paulo. Segundo a pasta, foram contratados novos funcion\u00e1rios e ampliou-se o n\u00famero de unidades m\u00f3veis para fazer esse atendimento.<\/p>\n","protected":false},"excerpt":{"rendered":"<p>As pessoas idosas t\u00eam direito a uma garantia m\u00ednima de renda, prevista tanto no Estatuto do Idoso, de 2003, quanto na Lei Org\u00e2nica da Assist\u00eancia Social, de 1993. Esse direito \u00e9 assegurado pelo Benef\u00edcio de Presta\u00e7\u00e3o Continuada (BPC), pago a quem tem mais de 65 anos e comprove ter renda de at\u00e9 um quarto de [&hellip;]<\/p>\n","protected":false},"author":2,"featured_media":313784,"comment_status":"closed","ping_status":"closed","sticky":false,"template":"","format":"standard","meta":{"_acf_changed":false,"footnotes":""},"categories":[161],"tags":[95],"class_list":["post-313783","post","type-post","status-publish","format-standard","has-post-thumbnail","hentry","category-quadradinho-em-foco","tag-capa"],"acf":[],"yoast_head":"<!-- This site is optimized with the Yoast SEO plugin v27.2 - https:\/\/yoast.com\/product\/yoast-seo-wordpress\/ -->\n<title>Benef\u00edcio de Presta\u00e7\u00e3o Continuada piora vida de idosos - Notibras<\/title>\n<meta name=\"robots\" content=\"index, follow, max-snippet:-1, max-image-preview:large, max-video-preview:-1\" \/>\n<link rel=\"canonical\" href=\"https:\/\/www.notibras.com\/site\/beneficio-de-prestacao-continuada-piora-vida-de-idosos\/\" \/>\n<meta property=\"og:locale\" content=\"pt_BR\" \/>\n<meta property=\"og:type\" content=\"article\" \/>\n<meta property=\"og:title\" content=\"Benef\u00edcio de Presta\u00e7\u00e3o Continuada piora vida de idosos - Notibras\" \/>\n<meta property=\"og:description\" content=\"As pessoas idosas t\u00eam direito a uma garantia m\u00ednima de renda, prevista tanto no Estatuto do Idoso, de 2003, quanto na Lei Org\u00e2nica da Assist\u00eancia Social, de 1993. Esse direito \u00e9 assegurado pelo Benef\u00edcio de Presta\u00e7\u00e3o Continuada (BPC), pago a quem tem mais de 65 anos e comprove ter renda de at\u00e9 um quarto de [&hellip;]\" \/>\n<meta property=\"og:url\" content=\"https:\/\/www.notibras.com\/site\/beneficio-de-prestacao-continuada-piora-vida-de-idosos\/\" \/>\n<meta property=\"og:site_name\" content=\"Notibras\" \/>\n<meta property=\"article:publisher\" content=\"https:\/\/www.facebook.com\/notibras\/\" \/>\n<meta property=\"article:published_time\" content=\"2023-10-01T03:46:49+00:00\" \/>\n<meta property=\"article:modified_time\" content=\"2023-10-01T12:13:52+00:00\" \/>\n<meta property=\"og:image\" content=\"https:\/\/www.notibras.com\/site\/wp-content\/uploads\/2023\/10\/natalia-duarte-alzheimer_mcamgo_abr_22092023-7-1.jpg\" \/>\n\t<meta property=\"og:image:width\" content=\"770\" \/>\n\t<meta property=\"og:image:height\" content=\"513\" \/>\n\t<meta property=\"og:image:type\" content=\"image\/jpeg\" \/>\n<meta name=\"author\" content=\"Reda\u00e7\u00e3o\" \/>\n<meta name=\"twitter:card\" content=\"summary_large_image\" \/>\n<meta name=\"twitter:creator\" content=\"@Notibras\" \/>\n<meta name=\"twitter:site\" content=\"@Notibras\" \/>\n<meta name=\"twitter:label1\" content=\"Escrito por\" \/>\n\t<meta name=\"twitter:data1\" content=\"Reda\u00e7\u00e3o\" \/>\n\t<meta name=\"twitter:label2\" content=\"Est. tempo de leitura\" \/>\n\t<meta name=\"twitter:data2\" content=\"4 minutos\" \/>\n<script type=\"application\/ld+json\" class=\"yoast-schema-graph\">{\"@context\":\"https:\/\/schema.org\",\"@graph\":[{\"@type\":\"Article\",\"@id\":\"https:\/\/www.notibras.com\/site\/beneficio-de-prestacao-continuada-piora-vida-de-idosos\/#article\",\"isPartOf\":{\"@id\":\"https:\/\/www.notibras.com\/site\/beneficio-de-prestacao-continuada-piora-vida-de-idosos\/\"},\"author\":{\"name\":\"Reda\u00e7\u00e3o\",\"@id\":\"https:\/\/www.notibras.com\/site\/#\/schema\/person\/36ab0979449956132d3e5b517ea76ac8\"},\"headline\":\"Benef\u00edcio de Presta\u00e7\u00e3o Continuada piora vida de idosos\",\"datePublished\":\"2023-10-01T03:46:49+00:00\",\"dateModified\":\"2023-10-01T12:13:52+00:00\",\"mainEntityOfPage\":{\"@id\":\"https:\/\/www.notibras.com\/site\/beneficio-de-prestacao-continuada-piora-vida-de-idosos\/\"},\"wordCount\":664,\"publisher\":{\"@id\":\"https:\/\/www.notibras.com\/site\/#organization\"},\"image\":{\"@id\":\"https:\/\/www.notibras.com\/site\/beneficio-de-prestacao-continuada-piora-vida-de-idosos\/#primaryimage\"},\"thumbnailUrl\":\"https:\/\/www.notibras.com\/site\/wp-content\/uploads\/2023\/10\/natalia-duarte-alzheimer_mcamgo_abr_22092023-7-1.jpg\",\"keywords\":[\"capa\"],\"articleSection\":[\"Quadradinho em Foco\"],\"inLanguage\":\"pt-BR\"},{\"@type\":\"WebPage\",\"@id\":\"https:\/\/www.notibras.com\/site\/beneficio-de-prestacao-continuada-piora-vida-de-idosos\/\",\"url\":\"https:\/\/www.notibras.com\/site\/beneficio-de-prestacao-continuada-piora-vida-de-idosos\/\",\"name\":\"Benef\u00edcio de Presta\u00e7\u00e3o Continuada piora vida de idosos - Notibras\",\"isPartOf\":{\"@id\":\"https:\/\/www.notibras.com\/site\/#website\"},\"primaryImageOfPage\":{\"@id\":\"https:\/\/www.notibras.com\/site\/beneficio-de-prestacao-continuada-piora-vida-de-idosos\/#primaryimage\"},\"image\":{\"@id\":\"https:\/\/www.notibras.com\/site\/beneficio-de-prestacao-continuada-piora-vida-de-idosos\/#primaryimage\"},\"thumbnailUrl\":\"https:\/\/www.notibras.com\/site\/wp-content\/uploads\/2023\/10\/natalia-duarte-alzheimer_mcamgo_abr_22092023-7-1.jpg\",\"datePublished\":\"2023-10-01T03:46:49+00:00\",\"dateModified\":\"2023-10-01T12:13:52+00:00\",\"breadcrumb\":{\"@id\":\"https:\/\/www.notibras.com\/site\/beneficio-de-prestacao-continuada-piora-vida-de-idosos\/#breadcrumb\"},\"inLanguage\":\"pt-BR\",\"potentialAction\":[{\"@type\":\"ReadAction\",\"target\":[\"https:\/\/www.notibras.com\/site\/beneficio-de-prestacao-continuada-piora-vida-de-idosos\/\"]}]},{\"@type\":\"ImageObject\",\"inLanguage\":\"pt-BR\",\"@id\":\"https:\/\/www.notibras.com\/site\/beneficio-de-prestacao-continuada-piora-vida-de-idosos\/#primaryimage\",\"url\":\"https:\/\/www.notibras.com\/site\/wp-content\/uploads\/2023\/10\/natalia-duarte-alzheimer_mcamgo_abr_22092023-7-1.jpg\",\"contentUrl\":\"https:\/\/www.notibras.com\/site\/wp-content\/uploads\/2023\/10\/natalia-duarte-alzheimer_mcamgo_abr_22092023-7-1.jpg\",\"width\":770,\"height\":513,\"caption\":\"Bras\u00edlia (DF), 22\/09\/2023 - Nat\u00e1lia Duarte e seu pai, \u00cdtalo, que tem a doen\u00e7a de Alzheimer. Foto: Marcelo Camargo\/Ag\u00eancia Brasil\"},{\"@type\":\"BreadcrumbList\",\"@id\":\"https:\/\/www.notibras.com\/site\/beneficio-de-prestacao-continuada-piora-vida-de-idosos\/#breadcrumb\",\"itemListElement\":[{\"@type\":\"ListItem\",\"position\":1,\"name\":\"In\u00edcio\",\"item\":\"https:\/\/www.notibras.com\/site\/\"},{\"@type\":\"ListItem\",\"position\":2,\"name\":\"Benef\u00edcio de Presta\u00e7\u00e3o Continuada piora vida de idosos\"}]},{\"@type\":\"WebSite\",\"@id\":\"https:\/\/www.notibras.com\/site\/#website\",\"url\":\"https:\/\/www.notibras.com\/site\/\",\"name\":\"Notibras\",\"description\":\"Not\u00edcias de Bras\u00edlia, do Brasil e do Mundo\",\"publisher\":{\"@id\":\"https:\/\/www.notibras.com\/site\/#organization\"},\"potentialAction\":[{\"@type\":\"SearchAction\",\"target\":{\"@type\":\"EntryPoint\",\"urlTemplate\":\"https:\/\/www.notibras.com\/site\/?s={search_term_string}\"},\"query-input\":{\"@type\":\"PropertyValueSpecification\",\"valueRequired\":true,\"valueName\":\"search_term_string\"}}],\"inLanguage\":\"pt-BR\"},{\"@type\":\"Organization\",\"@id\":\"https:\/\/www.notibras.com\/site\/#organization\",\"name\":\"Grupo Notibras de Comunica\u00e7\u00e3o\",\"url\":\"https:\/\/www.notibras.com\/site\/\",\"logo\":{\"@type\":\"ImageObject\",\"inLanguage\":\"pt-BR\",\"@id\":\"https:\/\/www.notibras.com\/site\/#\/schema\/logo\/image\/\",\"url\":\"https:\/\/www.notibras.com\/site\/wp-content\/uploads\/2023\/01\/notibras23.png\",\"contentUrl\":\"https:\/\/www.notibras.com\/site\/wp-content\/uploads\/2023\/01\/notibras23.png\",\"width\":350,\"height\":87,\"caption\":\"Grupo Notibras de Comunica\u00e7\u00e3o\"},\"image\":{\"@id\":\"https:\/\/www.notibras.com\/site\/#\/schema\/logo\/image\/\"},\"sameAs\":[\"https:\/\/www.facebook.com\/notibras\/\",\"https:\/\/x.com\/Notibras\",\"https:\/\/www.instagram.com\/notibras\/\"]},{\"@type\":\"Person\",\"@id\":\"https:\/\/www.notibras.com\/site\/#\/schema\/person\/36ab0979449956132d3e5b517ea76ac8\",\"name\":\"Reda\u00e7\u00e3o\",\"image\":{\"@type\":\"ImageObject\",\"inLanguage\":\"pt-BR\",\"@id\":\"https:\/\/secure.gravatar.com\/avatar\/e0a867bdedb85fd243eadf09663511f96fc81e0720a4a42581f334ad4303aa6b?s=96&d=mm&r=g\",\"url\":\"https:\/\/secure.gravatar.com\/avatar\/e0a867bdedb85fd243eadf09663511f96fc81e0720a4a42581f334ad4303aa6b?s=96&d=mm&r=g\",\"contentUrl\":\"https:\/\/secure.gravatar.com\/avatar\/e0a867bdedb85fd243eadf09663511f96fc81e0720a4a42581f334ad4303aa6b?s=96&d=mm&r=g\",\"caption\":\"Reda\u00e7\u00e3o\"}}]}<\/script>\n<!-- \/ Yoast SEO plugin. -->","yoast_head_json":{"title":"Benef\u00edcio de Presta\u00e7\u00e3o Continuada piora vida de idosos - Notibras","robots":{"index":"index","follow":"follow","max-snippet":"max-snippet:-1","max-image-preview":"max-image-preview:large","max-video-preview":"max-video-preview:-1"},"canonical":"https:\/\/www.notibras.com\/site\/beneficio-de-prestacao-continuada-piora-vida-de-idosos\/","og_locale":"pt_BR","og_type":"article","og_title":"Benef\u00edcio de Presta\u00e7\u00e3o Continuada piora vida de idosos - Notibras","og_description":"As pessoas idosas t\u00eam direito a uma garantia m\u00ednima de renda, prevista tanto no Estatuto do Idoso, de 2003, quanto na Lei Org\u00e2nica da Assist\u00eancia Social, de 1993. Esse direito \u00e9 assegurado pelo Benef\u00edcio de Presta\u00e7\u00e3o Continuada (BPC), pago a quem tem mais de 65 anos e comprove ter renda de at\u00e9 um quarto de [&hellip;]","og_url":"https:\/\/www.notibras.com\/site\/beneficio-de-prestacao-continuada-piora-vida-de-idosos\/","og_site_name":"Notibras","article_publisher":"https:\/\/www.facebook.com\/notibras\/","article_published_time":"2023-10-01T03:46:49+00:00","article_modified_time":"2023-10-01T12:13:52+00:00","og_image":[{"width":770,"height":513,"url":"https:\/\/www.notibras.com\/site\/wp-content\/uploads\/2023\/10\/natalia-duarte-alzheimer_mcamgo_abr_22092023-7-1.jpg","type":"image\/jpeg"}],"author":"Reda\u00e7\u00e3o","twitter_card":"summary_large_image","twitter_creator":"@Notibras","twitter_site":"@Notibras","twitter_misc":{"Escrito por":"Reda\u00e7\u00e3o","Est. tempo de leitura":"4 minutos"},"schema":{"@context":"https:\/\/schema.org","@graph":[{"@type":"Article","@id":"https:\/\/www.notibras.com\/site\/beneficio-de-prestacao-continuada-piora-vida-de-idosos\/#article","isPartOf":{"@id":"https:\/\/www.notibras.com\/site\/beneficio-de-prestacao-continuada-piora-vida-de-idosos\/"},"author":{"name":"Reda\u00e7\u00e3o","@id":"https:\/\/www.notibras.com\/site\/#\/schema\/person\/36ab0979449956132d3e5b517ea76ac8"},"headline":"Benef\u00edcio de Presta\u00e7\u00e3o Continuada piora vida de idosos","datePublished":"2023-10-01T03:46:49+00:00","dateModified":"2023-10-01T12:13:52+00:00","mainEntityOfPage":{"@id":"https:\/\/www.notibras.com\/site\/beneficio-de-prestacao-continuada-piora-vida-de-idosos\/"},"wordCount":664,"publisher":{"@id":"https:\/\/www.notibras.com\/site\/#organization"},"image":{"@id":"https:\/\/www.notibras.com\/site\/beneficio-de-prestacao-continuada-piora-vida-de-idosos\/#primaryimage"},"thumbnailUrl":"https:\/\/www.notibras.com\/site\/wp-content\/uploads\/2023\/10\/natalia-duarte-alzheimer_mcamgo_abr_22092023-7-1.jpg","keywords":["capa"],"articleSection":["Quadradinho em Foco"],"inLanguage":"pt-BR"},{"@type":"WebPage","@id":"https:\/\/www.notibras.com\/site\/beneficio-de-prestacao-continuada-piora-vida-de-idosos\/","url":"https:\/\/www.notibras.com\/site\/beneficio-de-prestacao-continuada-piora-vida-de-idosos\/","name":"Benef\u00edcio de Presta\u00e7\u00e3o Continuada piora vida de idosos - Notibras","isPartOf":{"@id":"https:\/\/www.notibras.com\/site\/#website"},"primaryImageOfPage":{"@id":"https:\/\/www.notibras.com\/site\/beneficio-de-prestacao-continuada-piora-vida-de-idosos\/#primaryimage"},"image":{"@id":"https:\/\/www.notibras.com\/site\/beneficio-de-prestacao-continuada-piora-vida-de-idosos\/#primaryimage"},"thumbnailUrl":"https:\/\/www.notibras.com\/site\/wp-content\/uploads\/2023\/10\/natalia-duarte-alzheimer_mcamgo_abr_22092023-7-1.jpg","datePublished":"2023-10-01T03:46:49+00:00","dateModified":"2023-10-01T12:13:52+00:00","breadcrumb":{"@id":"https:\/\/www.notibras.com\/site\/beneficio-de-prestacao-continuada-piora-vida-de-idosos\/#breadcrumb"},"inLanguage":"pt-BR","potentialAction":[{"@type":"ReadAction","target":["https:\/\/www.notibras.com\/site\/beneficio-de-prestacao-continuada-piora-vida-de-idosos\/"]}]},{"@type":"ImageObject","inLanguage":"pt-BR","@id":"https:\/\/www.notibras.com\/site\/beneficio-de-prestacao-continuada-piora-vida-de-idosos\/#primaryimage","url":"https:\/\/www.notibras.com\/site\/wp-content\/uploads\/2023\/10\/natalia-duarte-alzheimer_mcamgo_abr_22092023-7-1.jpg","contentUrl":"https:\/\/www.notibras.com\/site\/wp-content\/uploads\/2023\/10\/natalia-duarte-alzheimer_mcamgo_abr_22092023-7-1.jpg","width":770,"height":513,"caption":"Bras\u00edlia (DF), 22\/09\/2023 - Nat\u00e1lia Duarte e seu pai, \u00cdtalo, que tem a doen\u00e7a de Alzheimer. Foto: Marcelo Camargo\/Ag\u00eancia Brasil"},{"@type":"BreadcrumbList","@id":"https:\/\/www.notibras.com\/site\/beneficio-de-prestacao-continuada-piora-vida-de-idosos\/#breadcrumb","itemListElement":[{"@type":"ListItem","position":1,"name":"In\u00edcio","item":"https:\/\/www.notibras.com\/site\/"},{"@type":"ListItem","position":2,"name":"Benef\u00edcio de Presta\u00e7\u00e3o Continuada piora vida de idosos"}]},{"@type":"WebSite","@id":"https:\/\/www.notibras.com\/site\/#website","url":"https:\/\/www.notibras.com\/site\/","name":"Notibras","description":"Not\u00edcias de Bras\u00edlia, do Brasil e do Mundo","publisher":{"@id":"https:\/\/www.notibras.com\/site\/#organization"},"potentialAction":[{"@type":"SearchAction","target":{"@type":"EntryPoint","urlTemplate":"https:\/\/www.notibras.com\/site\/?s={search_term_string}"},"query-input":{"@type":"PropertyValueSpecification","valueRequired":true,"valueName":"search_term_string"}}],"inLanguage":"pt-BR"},{"@type":"Organization","@id":"https:\/\/www.notibras.com\/site\/#organization","name":"Grupo Notibras de Comunica\u00e7\u00e3o","url":"https:\/\/www.notibras.com\/site\/","logo":{"@type":"ImageObject","inLanguage":"pt-BR","@id":"https:\/\/www.notibras.com\/site\/#\/schema\/logo\/image\/","url":"https:\/\/www.notibras.com\/site\/wp-content\/uploads\/2023\/01\/notibras23.png","contentUrl":"https:\/\/www.notibras.com\/site\/wp-content\/uploads\/2023\/01\/notibras23.png","width":350,"height":87,"caption":"Grupo Notibras de Comunica\u00e7\u00e3o"},"image":{"@id":"https:\/\/www.notibras.com\/site\/#\/schema\/logo\/image\/"},"sameAs":["https:\/\/www.facebook.com\/notibras\/","https:\/\/x.com\/Notibras","https:\/\/www.instagram.com\/notibras\/"]},{"@type":"Person","@id":"https:\/\/www.notibras.com\/site\/#\/schema\/person\/36ab0979449956132d3e5b517ea76ac8","name":"Reda\u00e7\u00e3o","image":{"@type":"ImageObject","inLanguage":"pt-BR","@id":"https:\/\/secure.gravatar.com\/avatar\/e0a867bdedb85fd243eadf09663511f96fc81e0720a4a42581f334ad4303aa6b?s=96&d=mm&r=g","url":"https:\/\/secure.gravatar.com\/avatar\/e0a867bdedb85fd243eadf09663511f96fc81e0720a4a42581f334ad4303aa6b?s=96&d=mm&r=g","contentUrl":"https:\/\/secure.gravatar.com\/avatar\/e0a867bdedb85fd243eadf09663511f96fc81e0720a4a42581f334ad4303aa6b?s=96&d=mm&r=g","caption":"Reda\u00e7\u00e3o"}}]}},"amp_enabled":true,"_links":{"self":[{"href":"https:\/\/www.notibras.com\/site\/wp-json\/wp\/v2\/posts\/313783","targetHints":{"allow":["GET"]}}],"collection":[{"href":"https:\/\/www.notibras.com\/site\/wp-json\/wp\/v2\/posts"}],"about":[{"href":"https:\/\/www.notibras.com\/site\/wp-json\/wp\/v2\/types\/post"}],"author":[{"embeddable":true,"href":"https:\/\/www.notibras.com\/site\/wp-json\/wp\/v2\/users\/2"}],"replies":[{"embeddable":true,"href":"https:\/\/www.notibras.com\/site\/wp-json\/wp\/v2\/comments?post=313783"}],"version-history":[{"count":1,"href":"https:\/\/www.notibras.com\/site\/wp-json\/wp\/v2\/posts\/313783\/revisions"}],"predecessor-version":[{"id":313785,"href":"https:\/\/www.notibras.com\/site\/wp-json\/wp\/v2\/posts\/313783\/revisions\/313785"}],"wp:featuredmedia":[{"embeddable":true,"href":"https:\/\/www.notibras.com\/site\/wp-json\/wp\/v2\/media\/313784"}],"wp:attachment":[{"href":"https:\/\/www.notibras.com\/site\/wp-json\/wp\/v2\/media?parent=313783"}],"wp:term":[{"taxonomy":"category","embeddable":true,"href":"https:\/\/www.notibras.com\/site\/wp-json\/wp\/v2\/categories?post=313783"},{"taxonomy":"post_tag","embeddable":true,"href":"https:\/\/www.notibras.com\/site\/wp-json\/wp\/v2\/tags?post=313783"}],"curies":[{"name":"wp","href":"https:\/\/api.w.org\/{rel}","templated":true}]}}