{"id":313786,"date":"2023-10-01T00:36:21","date_gmt":"2023-10-01T03:36:21","guid":{"rendered":"https:\/\/www.notibras.com\/site\/?p=313786"},"modified":"2023-10-01T09:21:29","modified_gmt":"2023-10-01T12:21:29","slug":"terceira-idade-sofre-ate-com-atos-de-violencia-domestica","status":"publish","type":"post","link":"https:\/\/www.notibras.com\/site\/terceira-idade-sofre-ate-com-atos-de-violencia-domestica\/","title":{"rendered":"Terceira idade sofre at\u00e9 com atos de viol\u00eancia dom\u00e9stica"},"content":{"rendered":"<p>\u201cVou falar minha rotina. Levantei hoje \u00e0s 5h, coei caf\u00e9, lavei as vasilhas sujas, cuidei das galinhas. Ai, depois, eu passo para a cozinha, cuido do caf\u00e9 da manh\u00e3. Sempre observando tudo, porque mulher \u00e9 mais observadora, observa onde a galinha est\u00e1 cantando, onde est\u00e1 botando o ovo, qual bicho amea\u00e7a a cria\u00e7\u00e3o. Mulher faz n\u00e3o sei quantas utilidades por dia\u201d.<\/p>\n<p>Eram 11h da manh\u00e3 quando Maria das Gra\u00e7as Galv\u00e3o contava o que tinha feito at\u00e9 aquele momento. Ela detalhava o dia enquanto preparava o almo\u00e7o para ela e o marido. A trabalhadora rural aposentada, de 71 anos de idade, conta que nunca deixou de trabalhar. Ela mora no assentamento Bananal, na zona rural do munic\u00edpio de Peixe (TO) e \u00e9 presidente do Sindicato dos Trabalhadores e Trabalhadoras Rurais da cidade.<\/p>\n<p>\u201cEm todos os lugares que a gente chega, eu ainda vejo uma grande falta de respeito com o idoso. \u00c0s vezes, at\u00e9 um olhar que a pessoa direciona a um idoso \u00e9 discriminando\u201d, diz. \u201cEu tenho 71 anos e eu realmente posso falar. N\u00f3s, idosos, somos carentes. O que aprendemos, o que temos de sabedoria, \u00e9 realmente em cima das pancadas que a gente recebeu durante essa vida, criando fam\u00edlia\u201d.<\/p>\n<p>Maria Galv\u00e3o est\u00e1 entre as mais de 4,5 milh\u00f5es de pessoas com 60 anos de idade ou mais que vivem nas \u00e1reas rurais do pa\u00eds, de acordo com o Anu\u00e1rio Estat\u00edstico da Agricultura Familiar 2023, da Confedera\u00e7\u00e3o Nacional dos Trabalhadores na Agricultura (Contag), com dados do Departamento Intersindical de Estat\u00edstica e Estudos Socioecon\u00f4micos (Dieese) e do Instituto Brasileiro de Geografia e Estat\u00edstica (IBGE).<\/p>\n<p>Assim como ela, 6,6 milh\u00f5es de pessoas idosas est\u00e3o aposentadas no campo por conta da idade. Pelas regras da aposentadoria rural, os homens podem se aposentar aos 60 anos de idade e as mulheres, aos 55 anos de idade. Mais de um quarto dessa popula\u00e7\u00e3o, 1,4 milh\u00e3o, n\u00e3o t\u00eam nenhuma instru\u00e7\u00e3o ou t\u00eam menos de 1 ano de estudo e, a maioria, 2,6 milh\u00f5es, s\u00e3o negras.<\/p>\n<p>Considerada a popula\u00e7\u00e3o rural ativa, com 14 anos ou mais, a maioria, 87%, ganha at\u00e9 dois sal\u00e1rios m\u00ednimos, o que equivale a R$ 2.640. Desses, 27% recebem menos de meio sal\u00e1rio m\u00ednimo, ou seja, at\u00e9 R$ 660.<\/p>\n<p>A palavra mais repetida entre as pessoas idosas do campo e especialistas entrevistados pela Ag\u00eancia Brasil \u00e9 respeito. Respeito que falta a essa popula\u00e7\u00e3o e que est\u00e1 garantido em lei, no Estatuto da Pessoa Idosa, que completa neste dia 1\u00ba, 20 anos. Com 118 artigos, o estatuto visa regulamentar os direitos assegurados \u00e0s pessoas com idade igual ou superior a 60 anos. Ele amplia os direitos j\u00e1 previstos na Lei Federal 8.842, de 4 janeiro de 1994 e na Constitui\u00e7\u00e3o Federal de 1988.<\/p>\n<p>\u201cO estatuto nos ajudou bastante, muito mesmo, mas ainda hoje temos pessoas no campo que n\u00e3o t\u00eam conhecimento de cobrar o seu direito. J\u00e1 aconteceu de eu chegar no banco e ter idoso na fila com n\u00e3o sei quantas pessoas na frente. Eu pergunto por que est\u00e3o ali, e dizem que n\u00e3o querem passar na frente. As pessoas n\u00e3o se preocupam muito em convencer os idosos de seus direitos\u201d, disse Maria Galv\u00e3o.<\/p>\n<p><strong>Falta de cuidado<\/strong><br \/>\nO estatuto prev\u00ea uma s\u00e9rie de garantias \u00e0s pessoas idosas, desde as prioridades nos servi\u00e7os ao direito \u00e0 liberdade, educa\u00e7\u00e3o, cultura, esporte e lazer, direito \u00e0 sa\u00fade, ao Sistema \u00danico de Sa\u00fade (SUS), garantia de alimento, previd\u00eancia social e prote\u00e7\u00e3o.<\/p>\n<p>\u201cAs pessoas idosas precisam ser bem cuidadas e n\u00e3o desrespeitadas. Tem gente que abra\u00e7a essa causa e tem outras que n\u00e3o est\u00e3o nem a\u00ed para eles mesmos, quanto mais para a pessoa idosa\u201d, defende o secret\u00e1rio da Terceira Idade da Contag, Ant\u00f4nio Oliveira. Oliveira, de 66 anos de idade, produtor rural em Nossa Senhora Aparecida (SE), aposentado e, mesmo assim, como Maria Galv\u00e3o, segue trabalhando na ro\u00e7a.<\/p>\n<p>\u201cVou lhe dizer, voc\u00ea pega e l\u00ea o estatuto, v\u00ea que tem muita defesa no estatuto. Voc\u00ea v\u00ea um monte de prote\u00e7\u00e3o, mas quando vai at\u00e9 o banco receber o dinheiro, tem que enfrentar aquela fila, tem transporte que n\u00e3o para porque a pessoa idosa n\u00e3o vai pagar ou vai pagar menos. Eu acho que melhorou, mas tem muita discrimina\u00e7\u00e3o, o estatuto precisaria ser mais divulgado\u201d, defende.<\/p>\n<p>A assessora da Contag Adriana Souza, que representa a entidade no Conselho Nacional dos Direitos da Pessoa Idosa, reclama que falta fiscaliza\u00e7\u00e3o para que a lei seja cumprida. \u201c\u00c9 uma pauta que a gente reivindicou bastante, para que o estatuto alcance as pessoas que est\u00e3o na zona rural. A gente sabe das dificuldades das pol\u00edticas p\u00fablicas chegarem [\u00e0s pessoas] e na zona rural \u00e9 ainda mais dif\u00edcil que na zona urbana. Apesar da lei ser muito festejada, ainda h\u00e1 muito que melhorar na implementa\u00e7\u00e3o. O estatuto trouxe a previs\u00e3o de fiscaliza\u00e7\u00e3o, que nem sempre \u00e9 cumprida\u201d.<\/p>\n<p><strong>Viola\u00e7\u00f5es em casa<\/strong><br \/>\nAl\u00e9m de n\u00e3o serem priorizadas nos atendimentos e nos servi\u00e7os, Ant\u00f4nio Oliveira conta que muitas das viola\u00e7\u00f5es que ocorrem contra os direitos das pessoas idosas no campo s\u00e3o praticadas pela pr\u00f3pria fam\u00edlia e que isso torna mais dif\u00edcil ainda as den\u00fancias.<\/p>\n<p>\u201c\u00c9 um problema, a gente pede para eles irem na delegacia ou na promotoria p\u00fablica ou liguem para o Disque 100 e digam o que est\u00e1 acontecendo. Mas quando \u00e9 familiar, eles n\u00e3o t\u00eam coragem de fazer isso, sabe\u201d, revela o secret\u00e1rio. \u201cEles n\u00e3o querem fazer essas den\u00fancias porque dizem que \u00e9 da fam\u00edlia, que \u00e9 feio fazer isso, mas a gente sempre diz que feio \u00e9 a fam\u00edlia estar amea\u00e7ando voc\u00eas, dizendo que quer dinheiro, que quer isso ou aquilo outro\u201d.<\/p>\n<p>Dados do Disque 100 mostram que cerca da metade das viol\u00eancias cometidas contra pessoas idosas s\u00e3o cometidas pelos pr\u00f3prios filhos. Al\u00e9m disso, grande parte ocorre na casa da pr\u00f3pria v\u00edtima, onde mora ou n\u00e3o com o autor das viol\u00eancias. Entre as viol\u00eancias mais cometidas est\u00e3o a viol\u00eancia f\u00edsica, ps\u00edquica e patrimonial.<\/p>\n<p>O Disque Direitos Humanos &#8211; Disque 100 \u00e9 um servi\u00e7o de utilidade p\u00fablica do Minist\u00e9rio dos Direitos Humanos e da Cidadania. Para acion\u00e1-lo, basta discar o n\u00famero 100 no telefone ou celular. Qualquer pessoa pode reportar alguma not\u00edcia de fato relacionada a viola\u00e7\u00f5es de direitos humanos, da qual seja v\u00edtima ou que tenha conhecimento.<\/p>\n<p>Em 2022, foram feitas 96 mil den\u00fancias de viol\u00eancia contra pessoas idosas. N\u00e3o \u00e9 poss\u00edvel distinguir quais delas foram cometidas em \u00e1reas urbanas ou rurais. Os filhos est\u00e3o o topo dos agressores. Desse total, 48 mil, ou seja, a metade, foram cometidas por eles. Quase a metade, 43 mil, ocorreram nas casas onde moram as pessoas idosas e os agressores, e 42 mil, na casa onde moram apenas as pessoas idosas.<\/p>\n<p>As viol\u00eancias mais comuns s\u00e3o f\u00edsicas, que envolvem exposi\u00e7\u00e3o de risco \u00e0 sa\u00fade, maus tratos, abandono e insubsist\u00eancia material; e ps\u00edquicas, como tortura ps\u00edquica, insubsist\u00eancia afetiva e constrangimento. Em seguida, est\u00e3o as viol\u00eancias patrimoniais. Apenas no primeiro semestre deste ano, j\u00e1 foram feitas 65 mil den\u00fancias, que seguem o mesmo padr\u00e3o dos anos anteriores.<\/p>\n<p>\u201cTemos a rede de prote\u00e7\u00e3o \u00e0 pessoa idosa, criada em 2006, uma rede nacional composta por Promotoria do Idoso, Vara do Idoso, Defensoria do Idoso, Conselho de Direitos do Idoso, delegacias, entre outros. O Brasil \u00e9 muito extenso e a atua\u00e7\u00e3o n\u00e3o chega a essas pessoas, tem que ter atua\u00e7\u00e3o mais efetiva\u201d, defende a assessora da Contag, Adriana Souza.<\/p>\n<p><strong>Acesso aos servi\u00e7os<\/strong><br \/>\nA representante da Pastoral da Pessoa Idosa no Conselho Nacional dos Direitos da Pessoa Idosa, Bernadete Dal Molin Schenatto, ressalta que, no Brasil, as pessoas envelhecem de forma desigual, dependendo da situa\u00e7\u00e3o socioecon\u00f4mica, e que falta a universaliza\u00e7\u00e3o do acesso a servi\u00e7os p\u00fablicos, sobretudo para popula\u00e7\u00f5es rurais.<\/p>\n<p>\u201cEstamos diante de um pa\u00eds enorme, com muita desigualdade no envelhecimento. As pessoas que nasceram de 1945 a 1964 j\u00e1 chegaram aos 60 anos ou est\u00e3o chegando l\u00e1. A realidade do campo \u00e9 um pouco mais cruel se a gente considerar as quest\u00f5es de g\u00eanero, de renda, de escolaridade as quest\u00f5es econ\u00f4micas\u201d.<\/p>\n<p>Em rela\u00e7\u00e3o \u00e0 sa\u00fade, segundo Bernadete Schenatto, a pastoral presta atendimento a pessoas idosas em situa\u00e7\u00e3o de vulnerabilidade, e \u201cuma quest\u00e3o recorrente \u00e9 o fato de precisarem se deslocar de suas comunidades para receberem atendimento. Muitos acabam n\u00e3o voltando dos hospitais\u201d.<\/p>\n<p>O estatuto prev\u00ea que as pessoas idosas t\u00eam direito ao atendimento domiciliar, incluindo a interna\u00e7\u00e3o, para a popula\u00e7\u00e3o que dele necessitar e esteja impossibilitada de se locomover, inclusive para as pessoas idosas abrigadas e acolhidas por institui\u00e7\u00f5es p\u00fablicas, filantr\u00f3picas ou sem fins lucrativos e eventualmente conveniadas com o poder p\u00fablico, nos meios urbano e rural.<\/p>\n<p>\u201cA pessoa idosa, nos momentos cruciais da vida, tem que se deslocar para hospitais de alta ou media complexidade que est\u00e3o localizados, muitas vezes, a 200 km, 300 km de onde moram. Para acessar o tratamento, a pessoa idosa, no final da vida, est\u00e1 longe dos familiares, dos amigos e da comunidade. \u00c9 preciso que se humanize esse atendimento\u201d, defende Bernadete Schenatto.<\/p>\n<p>Outro desafio apontado pela conselheira \u00e9 a garantia do acesso \u00e0 seguridade social. \u201cO que as pessoas reportam para n\u00f3s \u00e9 que \u00e9 muito dif\u00edcil inclusive agendar o atendimento. A\u00ed, tem outra quest\u00e3o que precisamos nos atentar. A gera\u00e7\u00e3o que nasceu nessa fase n\u00e3o \u00e9 tecnol\u00f3gica. Ela tem extrema dificuldade de fazer agendamento e isso tamb\u00e9m depende se \u00e9 analfabeta ou analfabeta funcional, se tem ou n\u00e3o tem acesso a dispositivos e sinal 4G, se n\u00e3o tem alfabetiza\u00e7\u00e3o tecnol\u00f3gica. A pessoa vai uma vez e n\u00e3o resolve, porque o processo \u00e9 burocr\u00e1tico, tem que levar documentos, n\u00e3o \u00e9 f\u00e1cil\u201d.<\/p>\n<p>De acordo com ela, \u00e9 preciso que o servi\u00e7o de seguridade ajude mais as pessoas, oriente, fa\u00e7a poss\u00edvel para evitar os reagendamentos.<\/p>\n<p>Outra demanda importante, de acordo com Bernadete Schenatto, \u00e9 a defini\u00e7\u00e3o de uma Pol\u00edtica Nacional de Cuidados, atualmente, em discuss\u00e3o pelo governo federal. A pol\u00edtica dever\u00e1 elaborar iniciativas para garantir direitos \u00e0s pessoas que exercem fun\u00e7\u00e3o de cuidador &#8211; seja um membro da fam\u00edlia ou um trabalhador remunerado.<\/p>\n<p>As medidas voltadas para as pessoas idosas, no entanto, precisam de celeridade, como ressalta a conselheira. \u201cPrecisamos que seja r\u00e1pido, j\u00e1 est\u00e3o na situa\u00e7\u00e3o de vulnerabilidade do envelhecimento. A prioridade para quem envelheceu \u00e9 ontem. N\u00e3o se sabe quanto tempo vive, nem se pode avaliar a dimens\u00e3o da dor de cada um, da solid\u00e3o de cada um, da falta de aten\u00e7\u00e3o, da falta de tudo. Isso tem que ser acelerado\u201d.<\/p>\n","protected":false},"excerpt":{"rendered":"<p>\u201cVou falar minha rotina. Levantei hoje \u00e0s 5h, coei caf\u00e9, lavei as vasilhas sujas, cuidei das galinhas. Ai, depois, eu passo para a cozinha, cuido do caf\u00e9 da manh\u00e3. Sempre observando tudo, porque mulher \u00e9 mais observadora, observa onde a galinha est\u00e1 cantando, onde est\u00e1 botando o ovo, qual bicho amea\u00e7a a cria\u00e7\u00e3o. Mulher faz [&hellip;]<\/p>\n","protected":false},"author":2,"featured_media":313787,"comment_status":"closed","ping_status":"closed","sticky":false,"template":"","format":"standard","meta":{"_acf_changed":false,"footnotes":""},"categories":[161],"tags":[95],"class_list":["post-313786","post","type-post","status-publish","format-standard","has-post-thumbnail","hentry","category-quadradinho-em-foco","tag-capa"],"acf":[],"yoast_head":"<!-- This site is optimized with the Yoast SEO plugin v27.2 - https:\/\/yoast.com\/product\/yoast-seo-wordpress\/ -->\n<title>Terceira idade sofre at\u00e9 com atos de viol\u00eancia dom\u00e9stica - Notibras<\/title>\n<meta name=\"robots\" content=\"index, follow, max-snippet:-1, max-image-preview:large, max-video-preview:-1\" \/>\n<link rel=\"canonical\" href=\"https:\/\/www.notibras.com\/site\/terceira-idade-sofre-ate-com-atos-de-violencia-domestica\/\" \/>\n<meta property=\"og:locale\" content=\"pt_BR\" \/>\n<meta property=\"og:type\" content=\"article\" \/>\n<meta property=\"og:title\" content=\"Terceira idade sofre at\u00e9 com atos de viol\u00eancia dom\u00e9stica - Notibras\" \/>\n<meta property=\"og:description\" content=\"\u201cVou falar minha rotina. Levantei hoje \u00e0s 5h, coei caf\u00e9, lavei as vasilhas sujas, cuidei das galinhas. Ai, depois, eu passo para a cozinha, cuido do caf\u00e9 da manh\u00e3. Sempre observando tudo, porque mulher \u00e9 mais observadora, observa onde a galinha est\u00e1 cantando, onde est\u00e1 botando o ovo, qual bicho amea\u00e7a a cria\u00e7\u00e3o. Mulher faz [&hellip;]\" \/>\n<meta property=\"og:url\" content=\"https:\/\/www.notibras.com\/site\/terceira-idade-sofre-ate-com-atos-de-violencia-domestica\/\" \/>\n<meta property=\"og:site_name\" content=\"Notibras\" \/>\n<meta property=\"article:publisher\" content=\"https:\/\/www.facebook.com\/notibras\/\" \/>\n<meta property=\"article:published_time\" content=\"2023-10-01T03:36:21+00:00\" \/>\n<meta property=\"article:modified_time\" content=\"2023-10-01T12:21:29+00:00\" \/>\n<meta property=\"og:image\" content=\"https:\/\/www.notibras.com\/site\/wp-content\/uploads\/2023\/10\/mcamg_abr_06092018_9648_1.jpg\" \/>\n\t<meta property=\"og:image:width\" content=\"1170\" \/>\n\t<meta property=\"og:image:height\" content=\"700\" \/>\n\t<meta property=\"og:image:type\" content=\"image\/jpeg\" \/>\n<meta name=\"author\" content=\"Reda\u00e7\u00e3o\" \/>\n<meta name=\"twitter:card\" content=\"summary_large_image\" \/>\n<meta name=\"twitter:creator\" content=\"@Notibras\" \/>\n<meta name=\"twitter:site\" content=\"@Notibras\" \/>\n<meta name=\"twitter:label1\" content=\"Escrito por\" \/>\n\t<meta name=\"twitter:data1\" content=\"Reda\u00e7\u00e3o\" \/>\n\t<meta name=\"twitter:label2\" content=\"Est. tempo de leitura\" \/>\n\t<meta name=\"twitter:data2\" content=\"10 minutos\" \/>\n<script type=\"application\/ld+json\" class=\"yoast-schema-graph\">{\"@context\":\"https:\/\/schema.org\",\"@graph\":[{\"@type\":\"Article\",\"@id\":\"https:\/\/www.notibras.com\/site\/terceira-idade-sofre-ate-com-atos-de-violencia-domestica\/#article\",\"isPartOf\":{\"@id\":\"https:\/\/www.notibras.com\/site\/terceira-idade-sofre-ate-com-atos-de-violencia-domestica\/\"},\"author\":{\"name\":\"Reda\u00e7\u00e3o\",\"@id\":\"https:\/\/www.notibras.com\/site\/#\/schema\/person\/36ab0979449956132d3e5b517ea76ac8\"},\"headline\":\"Terceira idade sofre at\u00e9 com atos de viol\u00eancia dom\u00e9stica\",\"datePublished\":\"2023-10-01T03:36:21+00:00\",\"dateModified\":\"2023-10-01T12:21:29+00:00\",\"mainEntityOfPage\":{\"@id\":\"https:\/\/www.notibras.com\/site\/terceira-idade-sofre-ate-com-atos-de-violencia-domestica\/\"},\"wordCount\":1835,\"publisher\":{\"@id\":\"https:\/\/www.notibras.com\/site\/#organization\"},\"image\":{\"@id\":\"https:\/\/www.notibras.com\/site\/terceira-idade-sofre-ate-com-atos-de-violencia-domestica\/#primaryimage\"},\"thumbnailUrl\":\"https:\/\/www.notibras.com\/site\/wp-content\/uploads\/2023\/10\/mcamg_abr_06092018_9648_1.jpg\",\"keywords\":[\"capa\"],\"articleSection\":[\"Quadradinho em Foco\"],\"inLanguage\":\"pt-BR\"},{\"@type\":\"WebPage\",\"@id\":\"https:\/\/www.notibras.com\/site\/terceira-idade-sofre-ate-com-atos-de-violencia-domestica\/\",\"url\":\"https:\/\/www.notibras.com\/site\/terceira-idade-sofre-ate-com-atos-de-violencia-domestica\/\",\"name\":\"Terceira idade sofre at\u00e9 com atos de viol\u00eancia dom\u00e9stica - Notibras\",\"isPartOf\":{\"@id\":\"https:\/\/www.notibras.com\/site\/#website\"},\"primaryImageOfPage\":{\"@id\":\"https:\/\/www.notibras.com\/site\/terceira-idade-sofre-ate-com-atos-de-violencia-domestica\/#primaryimage\"},\"image\":{\"@id\":\"https:\/\/www.notibras.com\/site\/terceira-idade-sofre-ate-com-atos-de-violencia-domestica\/#primaryimage\"},\"thumbnailUrl\":\"https:\/\/www.notibras.com\/site\/wp-content\/uploads\/2023\/10\/mcamg_abr_06092018_9648_1.jpg\",\"datePublished\":\"2023-10-01T03:36:21+00:00\",\"dateModified\":\"2023-10-01T12:21:29+00:00\",\"breadcrumb\":{\"@id\":\"https:\/\/www.notibras.com\/site\/terceira-idade-sofre-ate-com-atos-de-violencia-domestica\/#breadcrumb\"},\"inLanguage\":\"pt-BR\",\"potentialAction\":[{\"@type\":\"ReadAction\",\"target\":[\"https:\/\/www.notibras.com\/site\/terceira-idade-sofre-ate-com-atos-de-violencia-domestica\/\"]}]},{\"@type\":\"ImageObject\",\"inLanguage\":\"pt-BR\",\"@id\":\"https:\/\/www.notibras.com\/site\/terceira-idade-sofre-ate-com-atos-de-violencia-domestica\/#primaryimage\",\"url\":\"https:\/\/www.notibras.com\/site\/wp-content\/uploads\/2023\/10\/mcamg_abr_06092018_9648_1.jpg\",\"contentUrl\":\"https:\/\/www.notibras.com\/site\/wp-content\/uploads\/2023\/10\/mcamg_abr_06092018_9648_1.jpg\",\"width\":1170,\"height\":700,\"caption\":\"Idosos s\u00e3o atendidos na Central Judicial do Idoso do Tribunal de Justi\u00e7a do Distrito Federal.\"},{\"@type\":\"BreadcrumbList\",\"@id\":\"https:\/\/www.notibras.com\/site\/terceira-idade-sofre-ate-com-atos-de-violencia-domestica\/#breadcrumb\",\"itemListElement\":[{\"@type\":\"ListItem\",\"position\":1,\"name\":\"In\u00edcio\",\"item\":\"https:\/\/www.notibras.com\/site\/\"},{\"@type\":\"ListItem\",\"position\":2,\"name\":\"Terceira idade sofre at\u00e9 com atos de viol\u00eancia dom\u00e9stica\"}]},{\"@type\":\"WebSite\",\"@id\":\"https:\/\/www.notibras.com\/site\/#website\",\"url\":\"https:\/\/www.notibras.com\/site\/\",\"name\":\"Notibras\",\"description\":\"Not\u00edcias de Bras\u00edlia, do Brasil e do Mundo\",\"publisher\":{\"@id\":\"https:\/\/www.notibras.com\/site\/#organization\"},\"potentialAction\":[{\"@type\":\"SearchAction\",\"target\":{\"@type\":\"EntryPoint\",\"urlTemplate\":\"https:\/\/www.notibras.com\/site\/?s={search_term_string}\"},\"query-input\":{\"@type\":\"PropertyValueSpecification\",\"valueRequired\":true,\"valueName\":\"search_term_string\"}}],\"inLanguage\":\"pt-BR\"},{\"@type\":\"Organization\",\"@id\":\"https:\/\/www.notibras.com\/site\/#organization\",\"name\":\"Grupo Notibras de Comunica\u00e7\u00e3o\",\"url\":\"https:\/\/www.notibras.com\/site\/\",\"logo\":{\"@type\":\"ImageObject\",\"inLanguage\":\"pt-BR\",\"@id\":\"https:\/\/www.notibras.com\/site\/#\/schema\/logo\/image\/\",\"url\":\"https:\/\/www.notibras.com\/site\/wp-content\/uploads\/2023\/01\/notibras23.png\",\"contentUrl\":\"https:\/\/www.notibras.com\/site\/wp-content\/uploads\/2023\/01\/notibras23.png\",\"width\":350,\"height\":87,\"caption\":\"Grupo Notibras de Comunica\u00e7\u00e3o\"},\"image\":{\"@id\":\"https:\/\/www.notibras.com\/site\/#\/schema\/logo\/image\/\"},\"sameAs\":[\"https:\/\/www.facebook.com\/notibras\/\",\"https:\/\/x.com\/Notibras\",\"https:\/\/www.instagram.com\/notibras\/\"]},{\"@type\":\"Person\",\"@id\":\"https:\/\/www.notibras.com\/site\/#\/schema\/person\/36ab0979449956132d3e5b517ea76ac8\",\"name\":\"Reda\u00e7\u00e3o\",\"image\":{\"@type\":\"ImageObject\",\"inLanguage\":\"pt-BR\",\"@id\":\"https:\/\/secure.gravatar.com\/avatar\/e0a867bdedb85fd243eadf09663511f96fc81e0720a4a42581f334ad4303aa6b?s=96&d=mm&r=g\",\"url\":\"https:\/\/secure.gravatar.com\/avatar\/e0a867bdedb85fd243eadf09663511f96fc81e0720a4a42581f334ad4303aa6b?s=96&d=mm&r=g\",\"contentUrl\":\"https:\/\/secure.gravatar.com\/avatar\/e0a867bdedb85fd243eadf09663511f96fc81e0720a4a42581f334ad4303aa6b?s=96&d=mm&r=g\",\"caption\":\"Reda\u00e7\u00e3o\"}}]}<\/script>\n<!-- \/ Yoast SEO plugin. -->","yoast_head_json":{"title":"Terceira idade sofre at\u00e9 com atos de viol\u00eancia dom\u00e9stica - Notibras","robots":{"index":"index","follow":"follow","max-snippet":"max-snippet:-1","max-image-preview":"max-image-preview:large","max-video-preview":"max-video-preview:-1"},"canonical":"https:\/\/www.notibras.com\/site\/terceira-idade-sofre-ate-com-atos-de-violencia-domestica\/","og_locale":"pt_BR","og_type":"article","og_title":"Terceira idade sofre at\u00e9 com atos de viol\u00eancia dom\u00e9stica - Notibras","og_description":"\u201cVou falar minha rotina. Levantei hoje \u00e0s 5h, coei caf\u00e9, lavei as vasilhas sujas, cuidei das galinhas. Ai, depois, eu passo para a cozinha, cuido do caf\u00e9 da manh\u00e3. Sempre observando tudo, porque mulher \u00e9 mais observadora, observa onde a galinha est\u00e1 cantando, onde est\u00e1 botando o ovo, qual bicho amea\u00e7a a cria\u00e7\u00e3o. Mulher faz [&hellip;]","og_url":"https:\/\/www.notibras.com\/site\/terceira-idade-sofre-ate-com-atos-de-violencia-domestica\/","og_site_name":"Notibras","article_publisher":"https:\/\/www.facebook.com\/notibras\/","article_published_time":"2023-10-01T03:36:21+00:00","article_modified_time":"2023-10-01T12:21:29+00:00","og_image":[{"width":1170,"height":700,"url":"https:\/\/www.notibras.com\/site\/wp-content\/uploads\/2023\/10\/mcamg_abr_06092018_9648_1.jpg","type":"image\/jpeg"}],"author":"Reda\u00e7\u00e3o","twitter_card":"summary_large_image","twitter_creator":"@Notibras","twitter_site":"@Notibras","twitter_misc":{"Escrito por":"Reda\u00e7\u00e3o","Est. tempo de leitura":"10 minutos"},"schema":{"@context":"https:\/\/schema.org","@graph":[{"@type":"Article","@id":"https:\/\/www.notibras.com\/site\/terceira-idade-sofre-ate-com-atos-de-violencia-domestica\/#article","isPartOf":{"@id":"https:\/\/www.notibras.com\/site\/terceira-idade-sofre-ate-com-atos-de-violencia-domestica\/"},"author":{"name":"Reda\u00e7\u00e3o","@id":"https:\/\/www.notibras.com\/site\/#\/schema\/person\/36ab0979449956132d3e5b517ea76ac8"},"headline":"Terceira idade sofre at\u00e9 com atos de viol\u00eancia dom\u00e9stica","datePublished":"2023-10-01T03:36:21+00:00","dateModified":"2023-10-01T12:21:29+00:00","mainEntityOfPage":{"@id":"https:\/\/www.notibras.com\/site\/terceira-idade-sofre-ate-com-atos-de-violencia-domestica\/"},"wordCount":1835,"publisher":{"@id":"https:\/\/www.notibras.com\/site\/#organization"},"image":{"@id":"https:\/\/www.notibras.com\/site\/terceira-idade-sofre-ate-com-atos-de-violencia-domestica\/#primaryimage"},"thumbnailUrl":"https:\/\/www.notibras.com\/site\/wp-content\/uploads\/2023\/10\/mcamg_abr_06092018_9648_1.jpg","keywords":["capa"],"articleSection":["Quadradinho em Foco"],"inLanguage":"pt-BR"},{"@type":"WebPage","@id":"https:\/\/www.notibras.com\/site\/terceira-idade-sofre-ate-com-atos-de-violencia-domestica\/","url":"https:\/\/www.notibras.com\/site\/terceira-idade-sofre-ate-com-atos-de-violencia-domestica\/","name":"Terceira idade sofre at\u00e9 com atos de viol\u00eancia dom\u00e9stica - Notibras","isPartOf":{"@id":"https:\/\/www.notibras.com\/site\/#website"},"primaryImageOfPage":{"@id":"https:\/\/www.notibras.com\/site\/terceira-idade-sofre-ate-com-atos-de-violencia-domestica\/#primaryimage"},"image":{"@id":"https:\/\/www.notibras.com\/site\/terceira-idade-sofre-ate-com-atos-de-violencia-domestica\/#primaryimage"},"thumbnailUrl":"https:\/\/www.notibras.com\/site\/wp-content\/uploads\/2023\/10\/mcamg_abr_06092018_9648_1.jpg","datePublished":"2023-10-01T03:36:21+00:00","dateModified":"2023-10-01T12:21:29+00:00","breadcrumb":{"@id":"https:\/\/www.notibras.com\/site\/terceira-idade-sofre-ate-com-atos-de-violencia-domestica\/#breadcrumb"},"inLanguage":"pt-BR","potentialAction":[{"@type":"ReadAction","target":["https:\/\/www.notibras.com\/site\/terceira-idade-sofre-ate-com-atos-de-violencia-domestica\/"]}]},{"@type":"ImageObject","inLanguage":"pt-BR","@id":"https:\/\/www.notibras.com\/site\/terceira-idade-sofre-ate-com-atos-de-violencia-domestica\/#primaryimage","url":"https:\/\/www.notibras.com\/site\/wp-content\/uploads\/2023\/10\/mcamg_abr_06092018_9648_1.jpg","contentUrl":"https:\/\/www.notibras.com\/site\/wp-content\/uploads\/2023\/10\/mcamg_abr_06092018_9648_1.jpg","width":1170,"height":700,"caption":"Idosos s\u00e3o atendidos na Central Judicial do Idoso do Tribunal de Justi\u00e7a do Distrito Federal."},{"@type":"BreadcrumbList","@id":"https:\/\/www.notibras.com\/site\/terceira-idade-sofre-ate-com-atos-de-violencia-domestica\/#breadcrumb","itemListElement":[{"@type":"ListItem","position":1,"name":"In\u00edcio","item":"https:\/\/www.notibras.com\/site\/"},{"@type":"ListItem","position":2,"name":"Terceira idade sofre at\u00e9 com atos de viol\u00eancia dom\u00e9stica"}]},{"@type":"WebSite","@id":"https:\/\/www.notibras.com\/site\/#website","url":"https:\/\/www.notibras.com\/site\/","name":"Notibras","description":"Not\u00edcias de Bras\u00edlia, do Brasil e do Mundo","publisher":{"@id":"https:\/\/www.notibras.com\/site\/#organization"},"potentialAction":[{"@type":"SearchAction","target":{"@type":"EntryPoint","urlTemplate":"https:\/\/www.notibras.com\/site\/?s={search_term_string}"},"query-input":{"@type":"PropertyValueSpecification","valueRequired":true,"valueName":"search_term_string"}}],"inLanguage":"pt-BR"},{"@type":"Organization","@id":"https:\/\/www.notibras.com\/site\/#organization","name":"Grupo Notibras de Comunica\u00e7\u00e3o","url":"https:\/\/www.notibras.com\/site\/","logo":{"@type":"ImageObject","inLanguage":"pt-BR","@id":"https:\/\/www.notibras.com\/site\/#\/schema\/logo\/image\/","url":"https:\/\/www.notibras.com\/site\/wp-content\/uploads\/2023\/01\/notibras23.png","contentUrl":"https:\/\/www.notibras.com\/site\/wp-content\/uploads\/2023\/01\/notibras23.png","width":350,"height":87,"caption":"Grupo Notibras de Comunica\u00e7\u00e3o"},"image":{"@id":"https:\/\/www.notibras.com\/site\/#\/schema\/logo\/image\/"},"sameAs":["https:\/\/www.facebook.com\/notibras\/","https:\/\/x.com\/Notibras","https:\/\/www.instagram.com\/notibras\/"]},{"@type":"Person","@id":"https:\/\/www.notibras.com\/site\/#\/schema\/person\/36ab0979449956132d3e5b517ea76ac8","name":"Reda\u00e7\u00e3o","image":{"@type":"ImageObject","inLanguage":"pt-BR","@id":"https:\/\/secure.gravatar.com\/avatar\/e0a867bdedb85fd243eadf09663511f96fc81e0720a4a42581f334ad4303aa6b?s=96&d=mm&r=g","url":"https:\/\/secure.gravatar.com\/avatar\/e0a867bdedb85fd243eadf09663511f96fc81e0720a4a42581f334ad4303aa6b?s=96&d=mm&r=g","contentUrl":"https:\/\/secure.gravatar.com\/avatar\/e0a867bdedb85fd243eadf09663511f96fc81e0720a4a42581f334ad4303aa6b?s=96&d=mm&r=g","caption":"Reda\u00e7\u00e3o"}}]}},"amp_enabled":true,"_links":{"self":[{"href":"https:\/\/www.notibras.com\/site\/wp-json\/wp\/v2\/posts\/313786","targetHints":{"allow":["GET"]}}],"collection":[{"href":"https:\/\/www.notibras.com\/site\/wp-json\/wp\/v2\/posts"}],"about":[{"href":"https:\/\/www.notibras.com\/site\/wp-json\/wp\/v2\/types\/post"}],"author":[{"embeddable":true,"href":"https:\/\/www.notibras.com\/site\/wp-json\/wp\/v2\/users\/2"}],"replies":[{"embeddable":true,"href":"https:\/\/www.notibras.com\/site\/wp-json\/wp\/v2\/comments?post=313786"}],"version-history":[{"count":1,"href":"https:\/\/www.notibras.com\/site\/wp-json\/wp\/v2\/posts\/313786\/revisions"}],"predecessor-version":[{"id":313788,"href":"https:\/\/www.notibras.com\/site\/wp-json\/wp\/v2\/posts\/313786\/revisions\/313788"}],"wp:featuredmedia":[{"embeddable":true,"href":"https:\/\/www.notibras.com\/site\/wp-json\/wp\/v2\/media\/313787"}],"wp:attachment":[{"href":"https:\/\/www.notibras.com\/site\/wp-json\/wp\/v2\/media?parent=313786"}],"wp:term":[{"taxonomy":"category","embeddable":true,"href":"https:\/\/www.notibras.com\/site\/wp-json\/wp\/v2\/categories?post=313786"},{"taxonomy":"post_tag","embeddable":true,"href":"https:\/\/www.notibras.com\/site\/wp-json\/wp\/v2\/tags?post=313786"}],"curies":[{"name":"wp","href":"https:\/\/api.w.org\/{rel}","templated":true}]}}